{"id":182943,"date":"2025-03-05T05:35:37","date_gmt":"2025-03-05T04:35:37","guid":{"rendered":"https:\/\/graziamagazine.com\/es\/?post_type=articles&#038;p=182943"},"modified":"2025-03-05T05:35:37","modified_gmt":"2025-03-05T04:35:37","slug":"onitsuka-tiger-abre-en-barcelona-su-primera-tienda-en-espana","status":"publish","type":"articles","link":"https:\/\/graziamagazine.com\/es\/articles\/onitsuka-tiger-abre-en-barcelona-su-primera-tienda-en-espana\/","title":{"rendered":"Onitsuka Tiger abre en Barcelona su primera tienda en Espa\u00f1a"},"content":{"rendered":"<p>La marca de moda Japonesa Onitsuka Tiger acaba de abrir las puertas de su primera tienda en Espa\u00f1a. Ubicada en el coraz\u00f3n de Barcelona, en un edificio emblem\u00e1tico de Passeig de Gr\u00e0cia, el dise\u00f1o de esta tienda de dos plantas es obra de STUDIODINICATALDI, un reconocido estudio de arquitectura italiano dirigido por Filippo Dini y Gianluca Cataldi. El concepto fusiona a la perfecci\u00f3n la est\u00e9tica vanguardista de Tokio con la elegancia arquitect\u00f3nica atemporal del edificio hist\u00f3rico que alberga la tienda.<\/p>\n<p>La planta a pie de calle de la boutique presenta los caracter\u00edsticos tonos amarillos y superficies brillantes de Onitsuka Tiger, que evocan la energ\u00eda vibrante y moderna de Tokio. Las paredes reflectantes y los suelos pulidos crean un espacio abierto y din\u00e1mico, mientras que el elegante techo con dise\u00f1o de cuadr\u00edcula y los paneles iluminados a\u00f1aden un toque de futurismo. La luz natural fluye a trav\u00e9s del espacio, rindiendo homenaje a la gran arquitectura del Passeig de Gr\u00e0cia.<\/p>\n<p><img decoding=\"async\" src=\"https:\/\/uc4c7862f356c9e1048984e2f81a.previews.dropboxusercontent.com\/p\/thumb\/ACmIDV_HJ5UVSxsIrL-kCeyxefzVkiFXaF-NnjgWTv8Nj1joFvBYWqq2Iaf3OuHfjQ0BGRYXxqT4z58SC6Q54rrKvDyZcW-R8TAj9VYZG0Xt-vrz5JFupeS2CEl2mrLgokfWsP9OPBebLwgysimjKqwzNaR6B0RLvJ-YjsK4rIboI3crW6ZGz2njwlh1_4XYyC9DVWHBcZmNgYpQgHELMJQKHyNYS94SqvUNUQmR6UAiTHiyK8_3xaMV54aRmBPA3KsF7L5shKPeQcYWFufvNijr9FO9iA_2uMNUyj9LDumFDLG8fcNuFjY2c08e1K42w3QurtzeudcvCzy9i6HW3-AGDBPvX1PGXhe8OcnPjIAKFZX_0AnRYVMMgkE6xYe2F69nOvm9jRoZz75pBt1khJgLj5eL8TAYDIxNk_L66TzhFDZBNizn7lvCHfWgs-1gQRkIyvgl97Bv_K1sbtLwVwNeOkyUJ9Lh7jJ_oZhqQBlMNDDCmtVoZeGhjNkQ4kAXvWq3pmjY_p1v2gP00wbkkXG58aEqxHwa2QbV9EKdLks9vw\/p.jpeg\" alt=\"OT_BARCELONA_1321.jpg\" \/><\/p>\n<p>Las colecciones de Onitsuka Tiger se exponen en unas estanter\u00edas realizadas a medida, con una mezcla de amarillo y tonos oscuros en contraste, reflejando los ic\u00f3nicos colores de la marca.<\/p>\n<p><img decoding=\"async\" src=\"https:\/\/uc137f93cd286077c56c9ba0a0e9.previews.dropboxusercontent.com\/p\/thumb\/AClTwSf0yxYFKbifv5vElUVwfOD2I3StaABNhztaTsnuPoEpRiCN9zwCBmG-32tk1QBUj9k-pxuyh-RMvxsKjsNM7vwD931FAgRLmBHzGj7YnoBo11-7_ZHRUxY6QJBhO4hKeOVq3f5sHzlKndCYBHoFtydtIm0E3NefrvgtZsjxBwt1e44LigeIzExK6jz7RB16xr1uATWGK14Dnxzo4s6fcig1uUvM8XGJ9sQL7gxcxpdHLv7SMEdDarbkKN6g3JiJgxoOJUTTMurkmja6pTTB8S43wA5jqe9M5ipoyxzFdfcWcsxu4UQ3rhoW0lNn_1YxlRMwVHp-Uwspg8pEXcw09WG00FPvrhHfEx-wt6dnjw\/p.jpeg\" alt=\"OT_BARCELONA_1117.jpg\" \/><\/p>\n<p>En el s\u00f3tano cobra vida un espacio-galer\u00eda, donde se exhibir\u00e1 una colecci\u00f3n de archivo de los zapatos ic\u00f3nicos de Onitsuka Tiger para celebrar la apertura de la tienda.<\/p>\n<p>La boutique de Onitsuka Tiger Barcelona invita a los clientes a adentrarse en un mundo donde la tradici\u00f3n y la innovaci\u00f3n conviven armoniosamente, ofreciendo una experiencia de compra excepcional que refleja el esp\u00edritu de la marca.<\/p>\n<p><span data-olk-copy-source=\"MessageBody\">\u00abEn Barcelona, \u200b\u200bdonde conviven tradici\u00f3n e innovaci\u00f3n, la apertura de nuestra boutique en Passeig de Gr\u00e0cia, uno de los principales destinos de compras del mundo, marca un hito importante en nuestra estrategia de expansi\u00f3n en toda Europa\u00bb, afirm\u00f3 Ryoji Shoda, CEO de Onitsuka Tiger, sobre la apertura de este nuevo espacio. \u00abAspiramos a encarnar el esp\u00edritu de nuestra marca, que continuamente se desaf\u00eda a s\u00ed misma respetando la tradici\u00f3n. Nuestro objetivo es contribuir a la preservaci\u00f3n del patrimonio cultural vital, poner en valor el arte y fomentar el desarrollo de la ciudad, todo ello en sinergia con Passeig de Gr\u00e0cia\u00bb.<\/span><\/p>\n<p><img decoding=\"async\" src=\"https:\/\/uc567447811a66e89c7283abaa1f.previews.dropboxusercontent.com\/p\/thumb\/ACmSwhUmF1GhOwrgLJrgE-P3U_TelBlvxG4ZUGJrwT8g4D0BYhOFqwgb8lnQUec3MeYlnea2MMrhECsGf5zk-u9R2vPjq1bGDAm1KU3d7w3V6JKsbXyVhOO0zFxBjKC0g33YU0tkBRSNFhWx__aLBgb006RrjB-6PRH-_E3t58TyzeYWFzXBJ2ftxQUwpLsAl9-6xhYu1SoyK5CE9hfAzUrGZqEWBnWeT_IatW6RRUwRvRSUskcgHIW9Y7rpG7joeo6bricsBygOuqO5nv4o8uPQFMXf6-gdifsUCq3T9ltREX-OkPOwRpdYqovxo02pmZeVk2XGfOydIy2xhV30GlUEmnvuyBUdQoiKa0hARptTnhglDm6prpX7p2U0oLk3L_0V26wi6kAk4Hzn5hRmfgutINM9U8N6OclAvJKXAB7qvt_yOHs7HaicoTEFdyDMga4wPNbgYYeQI5RCtdj-wIyZF29ib5Z1gudnvQHZd1WPKBf3rQ7Nf6PgF33yttTrrebLc10diXSuJzZrKoJ2HMxoYCZYhihvclM1gVSBaGfvzQ\/p.jpeg\" alt=\"OT_BARCELONA_1159.jpg\" \/><\/p>\n<p><span data-olk-copy-source=\"MessageBody\">Para celebrar la inauguraci\u00f3n de la boutique, la marca ha presentado una edici\u00f3n especial de su ic\u00f3nica zapatilla MEXICO 66<sup>TM<\/sup>\u00a0NM (Hecho en Jap\u00f3n), disponible en exclusiva en la boutique de Barcelona.<\/span><\/p>\n<p><img loading=\"lazy\" decoding=\"async\" class=\"aligncenter size-full wp-image-182947\" src=\"https:\/\/graziamagazine.com\/es\/wp-content\/uploads\/sites\/12\/2025\/03\/Captura-de-pantalla-2025-03-04-a-las-22.31.00.png\" alt=\"\" width=\"1208\" height=\"728\" srcset=\"https:\/\/graziamagazine.com\/es\/wp-content\/uploads\/sites\/12\/2025\/03\/Captura-de-pantalla-2025-03-04-a-las-22.31.00.png 1208w, https:\/\/graziamagazine.com\/es\/wp-content\/uploads\/sites\/12\/2025\/03\/Captura-de-pantalla-2025-03-04-a-las-22.31.00-300x181.png 300w, https:\/\/graziamagazine.com\/es\/wp-content\/uploads\/sites\/12\/2025\/03\/Captura-de-pantalla-2025-03-04-a-las-22.31.00-1024x617.png 1024w, https:\/\/graziamagazine.com\/es\/wp-content\/uploads\/sites\/12\/2025\/03\/Captura-de-pantalla-2025-03-04-a-las-22.31.00-768x463.png 768w, https:\/\/graziamagazine.com\/es\/wp-content\/uploads\/sites\/12\/2025\/03\/Captura-de-pantalla-2025-03-04-a-las-22.31.00-400x241.png 400w, https:\/\/graziamagazine.com\/es\/wp-content\/uploads\/sites\/12\/2025\/03\/Captura-de-pantalla-2025-03-04-a-las-22.31.00-155x93.png 155w\" sizes=\"(max-width: 1208px) 100vw, 1208px\" \/><\/p>\n<p><em data-olk-copy-source=\"MessageBody\">Barcelona special edition of the MEXICO 66<sup>TM\u00a0<\/sup>NM : 310 euros<\/em><\/p>\n<p>\u00bfD\u00f3nde? <span data-olk-copy-source=\"MessageBody\">Passeig de Gr\u00e0cia, 27, L\u2019Eixample, Barcelona, Spain<\/span><\/p>\n<p><em>*Im\u00e1genes: cortes\u00eda<\/em><\/p>\n<p>&nbsp;<\/p>\n","protected":false},"author":11653,"featured_media":182948,"template":"","format":"standard","categories":[1],"acf":[],"yoast_head":"<!-- This site is optimized with the Yoast SEO Premium plugin v18.5 (Yoast SEO v20.4) - https:\/\/yoast.com\/wordpress\/plugins\/seo\/ -->\n<title>Onitsuka Tiger abre en Barcelona su primera tienda en Espa\u00f1a<\/title>\n<meta name=\"description\" content=\"La nueva boutique invita a los clientes a adentrarse en un mundo donde la tradici\u00f3n y la innovaci\u00f3n conviven armoniosamente.\" \/>\n<meta name=\"robots\" content=\"index, follow, max-snippet:-1, max-image-preview:large, max-video-preview:-1\" \/>\n<link rel=\"canonical\" href=\"https:\/\/graziamagazine.com\/es\/articles\/onitsuka-tiger-abre-en-barcelona-su-primera-tienda-en-espana\/\" \/>\n<meta property=\"og:locale\" content=\"es_ES\" \/>\n<meta property=\"og:type\" content=\"article\" \/>\n<meta property=\"og:title\" content=\"Onitsuka Tiger abre en Barcelona su primera tienda en Espa\u00f1a\" \/>\n<meta property=\"og:description\" content=\"La nueva boutique invita a los clientes a adentrarse en un mundo donde la tradici\u00f3n y la innovaci\u00f3n conviven armoniosamente.\" \/>\n<meta property=\"og:url\" content=\"https:\/\/graziamagazine.com\/es\/articles\/onitsuka-tiger-abre-en-barcelona-su-primera-tienda-en-espana\/\" \/>\n<meta property=\"og:site_name\" content=\"Grazia\" \/>\n<meta property=\"og:image\" content=\"https:\/\/graziamagazine.com\/es\/wp-content\/uploads\/sites\/12\/2025\/03\/6a1de16f-b0d8-a1e3-3807-fc21109c7e00-copia-scaled.jpeg\" \/>\n\t<meta property=\"og:image:width\" content=\"2560\" \/>\n\t<meta property=\"og:image:height\" content=\"2048\" \/>\n\t<meta property=\"og:image:type\" content=\"image\/jpeg\" \/>\n<meta name=\"twitter:card\" content=\"summary_large_image\" \/>\n<meta name=\"twitter:label1\" content=\"Est. reading time\" \/>\n\t<meta name=\"twitter:data1\" content=\"3 minutos\" \/>\n<script type=\"application\/ld+json\" class=\"yoast-schema-graph\">{\"@context\":\"https:\/\/schema.org\",\"@graph\":[{\"@type\":\"WebPage\",\"@id\":\"https:\/\/graziamagazine.com\/es\/articles\/onitsuka-tiger-abre-en-barcelona-su-primera-tienda-en-espana\/\",\"url\":\"https:\/\/graziamagazine.com\/es\/articles\/onitsuka-tiger-abre-en-barcelona-su-primera-tienda-en-espana\/\",\"name\":\"Onitsuka Tiger abre en Barcelona su primera tienda en Espa\u00f1a\",\"isPartOf\":{\"@id\":\"https:\/\/graziamagazine.com\/es\/#website\"},\"datePublished\":\"2025-03-05T04:35:37+00:00\",\"dateModified\":\"2025-03-05T04:35:37+00:00\",\"description\":\"La nueva boutique invita a los clientes a adentrarse en un mundo donde la tradici\u00f3n y la innovaci\u00f3n conviven armoniosamente.\",\"breadcrumb\":{\"@id\":\"https:\/\/graziamagazine.com\/es\/articles\/onitsuka-tiger-abre-en-barcelona-su-primera-tienda-en-espana\/#breadcrumb\"},\"inLanguage\":\"es\",\"potentialAction\":[{\"@type\":\"ReadAction\",\"target\":[\"https:\/\/graziamagazine.com\/es\/articles\/onitsuka-tiger-abre-en-barcelona-su-primera-tienda-en-espana\/\"]}]},{\"@type\":\"BreadcrumbList\",\"@id\":\"https:\/\/graziamagazine.com\/es\/articles\/onitsuka-tiger-abre-en-barcelona-su-primera-tienda-en-espana\/#breadcrumb\",\"itemListElement\":[{\"@type\":\"ListItem\",\"position\":1,\"name\":\"Portada\",\"item\":\"https:\/\/graziamagazine.com\/es\/\"},{\"@type\":\"ListItem\",\"position\":2,\"name\":\"Onitsuka Tiger abre en Barcelona su primera tienda en Espa\u00f1a\"}]},{\"@type\":\"WebSite\",\"@id\":\"https:\/\/graziamagazine.com\/es\/#website\",\"url\":\"https:\/\/graziamagazine.com\/es\/\",\"name\":\"Grazia\",\"description\":\"Moda, belleza, celebrities, estilo de vida...\",\"potentialAction\":[{\"@type\":\"SearchAction\",\"target\":{\"@type\":\"EntryPoint\",\"urlTemplate\":\"https:\/\/graziamagazine.com\/es\/?s={search_term_string}\"},\"query-input\":\"required name=search_term_string\"}],\"inLanguage\":\"es\"}]}<\/script>\n<!-- \/ Yoast SEO Premium plugin. -->","yoast_head_json":{"title":"Onitsuka Tiger abre en Barcelona su primera tienda en Espa\u00f1a","description":"La nueva boutique invita a los clientes a adentrarse en un mundo donde la tradici\u00f3n y la innovaci\u00f3n conviven armoniosamente.","robots":{"index":"index","follow":"follow","max-snippet":"max-snippet:-1","max-image-preview":"max-image-preview:large","max-video-preview":"max-video-preview:-1"},"canonical":"https:\/\/graziamagazine.com\/es\/articles\/onitsuka-tiger-abre-en-barcelona-su-primera-tienda-en-espana\/","og_locale":"es_ES","og_type":"article","og_title":"Onitsuka Tiger abre en Barcelona su primera tienda en Espa\u00f1a","og_description":"La nueva boutique invita a los clientes a adentrarse en un mundo donde la tradici\u00f3n y la innovaci\u00f3n conviven armoniosamente.","og_url":"https:\/\/graziamagazine.com\/es\/articles\/onitsuka-tiger-abre-en-barcelona-su-primera-tienda-en-espana\/","og_site_name":"Grazia","og_image":[{"width":2560,"height":2048,"url":"https:\/\/graziamagazine.com\/es\/wp-content\/uploads\/sites\/12\/2025\/03\/6a1de16f-b0d8-a1e3-3807-fc21109c7e00-copia-scaled.jpeg","type":"image\/jpeg"}],"twitter_card":"summary_large_image","twitter_misc":{"Est. reading time":"3 minutos"},"schema":{"@context":"https:\/\/schema.org","@graph":[{"@type":"WebPage","@id":"https:\/\/graziamagazine.com\/es\/articles\/onitsuka-tiger-abre-en-barcelona-su-primera-tienda-en-espana\/","url":"https:\/\/graziamagazine.com\/es\/articles\/onitsuka-tiger-abre-en-barcelona-su-primera-tienda-en-espana\/","name":"Onitsuka Tiger abre en Barcelona su primera tienda en Espa\u00f1a","isPartOf":{"@id":"https:\/\/graziamagazine.com\/es\/#website"},"datePublished":"2025-03-05T04:35:37+00:00","dateModified":"2025-03-05T04:35:37+00:00","description":"La nueva boutique invita a los clientes a adentrarse en un mundo donde la tradici\u00f3n y la innovaci\u00f3n conviven armoniosamente.","breadcrumb":{"@id":"https:\/\/graziamagazine.com\/es\/articles\/onitsuka-tiger-abre-en-barcelona-su-primera-tienda-en-espana\/#breadcrumb"},"inLanguage":"es","potentialAction":[{"@type":"ReadAction","target":["https:\/\/graziamagazine.com\/es\/articles\/onitsuka-tiger-abre-en-barcelona-su-primera-tienda-en-espana\/"]}]},{"@type":"BreadcrumbList","@id":"https:\/\/graziamagazine.com\/es\/articles\/onitsuka-tiger-abre-en-barcelona-su-primera-tienda-en-espana\/#breadcrumb","itemListElement":[{"@type":"ListItem","position":1,"name":"Portada","item":"https:\/\/graziamagazine.com\/es\/"},{"@type":"ListItem","position":2,"name":"Onitsuka Tiger abre en Barcelona su primera tienda en Espa\u00f1a"}]},{"@type":"WebSite","@id":"https:\/\/graziamagazine.com\/es\/#website","url":"https:\/\/graziamagazine.com\/es\/","name":"Grazia","description":"Moda, belleza, celebrities, estilo de vida...","potentialAction":[{"@type":"SearchAction","target":{"@type":"EntryPoint","urlTemplate":"https:\/\/graziamagazine.com\/es\/?s={search_term_string}"},"query-input":"required name=search_term_string"}],"inLanguage":"es"}]}},"jetpack_sharing_enabled":true,"distributor_meta":false,"distributor_terms":false,"distributor_media":false,"distributor_original_site_name":"Grazia","distributor_original_site_url":"https:\/\/graziamagazine.com\/es","push-errors":false,"_links":{"self":[{"href":"https:\/\/graziamagazine.com\/es\/wp-json\/wp\/v2\/articles\/182943"}],"collection":[{"href":"https:\/\/graziamagazine.com\/es\/wp-json\/wp\/v2\/articles"}],"about":[{"href":"https:\/\/graziamagazine.com\/es\/wp-json\/wp\/v2\/types\/articles"}],"author":[{"embeddable":true,"href":"https:\/\/graziamagazine.com\/es\/wp-json\/wp\/v2\/users\/11653"}],"wp:featuredmedia":[{"embeddable":true,"href":"https:\/\/graziamagazine.com\/es\/wp-json\/wp\/v2\/media\/182948"}],"wp:attachment":[{"href":"https:\/\/graziamagazine.com\/es\/wp-json\/wp\/v2\/media?parent=182943"}],"wp:term":[{"taxonomy":"category","embeddable":true,"href":"https:\/\/graziamagazine.com\/es\/wp-json\/wp\/v2\/categories?post=182943"}],"curies":[{"name":"wp","href":"https:\/\/api.w.org\/{rel}","templated":true}]}}