{"id":182800,"date":"2025-02-26T08:00:55","date_gmt":"2025-02-26T07:00:55","guid":{"rendered":"https:\/\/graziamagazine.com\/es\/?post_type=articles&#038;p=182800"},"modified":"2025-02-26T08:23:42","modified_gmt":"2025-02-26T07:23:42","slug":"el-desfile-crucero-de-max-mara-sera-en-reggia-di-caserta","status":"publish","type":"articles","link":"https:\/\/graziamagazine.com\/es\/articles\/el-desfile-crucero-de-max-mara-sera-en-reggia-di-caserta\/","title":{"rendered":"El desfile crucero de Max Mara ser\u00e1 en Reggia di Caserta"},"content":{"rendered":"<p><span>La casa de moda de lujo Max Mara ha revelado oficialmente la impresionante ubicaci\u00f3n para su tan esperada colecci\u00f3n Crucero 2026: el Palacio Real de Caserta.\u00a0<\/span><span>Enclavada a las afueras de N\u00e1poles<\/span><span>\u00a0, esta maravilla arquitect\u00f3nica del siglo XVIII, a menudo comparada con el Palacio de Versalles de Francia, promete ser el escenario perfecto para la \u00faltima visi\u00f3n de elegancia refinada de la marca. Con una historia impregnada de grandeza y brillantez art\u00edstica, este sitio declarado Patrimonio de la Humanidad por la UNESCO ser\u00e1 el escenario de un espect\u00e1culo que combina la artesan\u00eda italiana atemporal con la sofisticaci\u00f3n moderna.<\/span><\/p>\n<p><span>Tras el desfile del a\u00f1o pasado en el Palazzo Ducale, en la Piazza San Marco de Venecia, Max Mara contin\u00faa con su tradici\u00f3n de presentar colecciones de resort en lugares de gran riqueza cultural e importancia hist\u00f3rica. Esta vez, la casa italiana centra su atenci\u00f3n en Caserta, una finca que Carlos VII de N\u00e1poles encarg\u00f3 originalmente en 1752 como residencia real oficial. Dise\u00f1ado por el legendario arquitecto Luigi Vanvitelli, el palacio cuenta con 1.200 habitaciones repartidas en cinco plantas, un opulento teatro inspirado en el Teatro di San Carlo de N\u00e1poles y amplios jardines barrocos que se extienden a lo largo de 4,5 hect\u00e1reas.<\/span><\/p>\n<p><img loading=\"lazy\" decoding=\"async\" class=\"aligncenter size-full wp-image-182801\" src=\"https:\/\/graziamagazine.com\/es\/wp-content\/uploads\/sites\/12\/2025\/02\/descarga-3.png\" alt=\"\" width=\"854\" height=\"569\" srcset=\"https:\/\/graziamagazine.com\/es\/wp-content\/uploads\/sites\/12\/2025\/02\/descarga-3.png 854w, https:\/\/graziamagazine.com\/es\/wp-content\/uploads\/sites\/12\/2025\/02\/descarga-3-300x200.png 300w, https:\/\/graziamagazine.com\/es\/wp-content\/uploads\/sites\/12\/2025\/02\/descarga-3-768x512.png 768w, https:\/\/graziamagazine.com\/es\/wp-content\/uploads\/sites\/12\/2025\/02\/descarga-3-400x267.png 400w, https:\/\/graziamagazine.com\/es\/wp-content\/uploads\/sites\/12\/2025\/02\/descarga-3-155x103.png 155w\" sizes=\"(max-width: 854px) 100vw, 854px\" \/><\/p>\n<p><span>Para Max Mara,\u00a0<\/span><span>una marca sin\u00f3nimo de sastrer\u00eda refinada y lujo sobrio<\/span><span> , esta ubicaci\u00f3n hist\u00f3rica es una elecci\u00f3n perfecta. La combinaci\u00f3n de dise\u00f1o barroco y neocl\u00e1sico del palacio refleja el compromiso de la marca con la elegancia atemporal, donde la tradici\u00f3n se encuentra con la modernidad en perfecta armon\u00eda. L<\/span>a presentaci\u00f3n de su colecci\u00f3n Crucero 2026 en Caserta es m\u00e1s que un simple desfile: es una declaraci\u00f3n de intenciones. La majestuosidad del Palacio Real se alinea con la dedicaci\u00f3n duradera de la marca a la artesan\u00eda, la tradici\u00f3n y el arte de la sastrer\u00eda. Se espera que el desfile, programado para el 17 de junio, destaque las elegantes siluetas caracter\u00edsticas de Max Mara, los lujosos tejidos y la est\u00e9tica chic y desenfadada que ha definido a la marca durante d\u00e9cadas.<\/p>\n<p><span>M\u00e1s all\u00e1 de la pasarela, la decisi\u00f3n de Max Mara de exhibir su colecci\u00f3n en Caserta subraya la creciente tendencia de la moda a combinarse con la preservaci\u00f3n cultural. En los \u00faltimos a\u00f1os, las marcas de lujo han buscado cada vez m\u00e1s lugares con importancia hist\u00f3rica, no solo para ofrecer im\u00e1genes impactantes, sino tambi\u00e9n para celebrar el arte que se esconde en estas obras maestras arquitect\u00f3nicas.<\/span><\/p>\n<p><img loading=\"lazy\" decoding=\"async\" class=\"aligncenter size-full wp-image-182805\" src=\"https:\/\/graziamagazine.com\/es\/wp-content\/uploads\/sites\/12\/2025\/02\/20210308163955-caserta-reggia-di-caserta-shutterstock-122914231-2-copia.jpg\" alt=\"\" width=\"1500\" height=\"1000\" srcset=\"https:\/\/graziamagazine.com\/es\/wp-content\/uploads\/sites\/12\/2025\/02\/20210308163955-caserta-reggia-di-caserta-shutterstock-122914231-2-copia.jpg 1500w, https:\/\/graziamagazine.com\/es\/wp-content\/uploads\/sites\/12\/2025\/02\/20210308163955-caserta-reggia-di-caserta-shutterstock-122914231-2-copia-300x200.jpg 300w, https:\/\/graziamagazine.com\/es\/wp-content\/uploads\/sites\/12\/2025\/02\/20210308163955-caserta-reggia-di-caserta-shutterstock-122914231-2-copia-1024x683.jpg 1024w, https:\/\/graziamagazine.com\/es\/wp-content\/uploads\/sites\/12\/2025\/02\/20210308163955-caserta-reggia-di-caserta-shutterstock-122914231-2-copia-768x512.jpg 768w, https:\/\/graziamagazine.com\/es\/wp-content\/uploads\/sites\/12\/2025\/02\/20210308163955-caserta-reggia-di-caserta-shutterstock-122914231-2-copia-400x267.jpg 400w, https:\/\/graziamagazine.com\/es\/wp-content\/uploads\/sites\/12\/2025\/02\/20210308163955-caserta-reggia-di-caserta-shutterstock-122914231-2-copia-155x103.jpg 155w\" sizes=\"(max-width: 1500px) 100vw, 1500px\" \/><\/p>\n<p><span>El Palacio Real de Caserta, considerado a menudo como uno de los palacios m\u00e1s ambiciosos y grandiosos de Europa, es un s\u00edmbolo del ingenio italiano. Los amplios jardines, las espectaculares escaleras y los salones intrincadamente decorados de la propiedad servir\u00e1n como un escenario cautivador, que fusionar\u00e1 moda e historia de una manera que resuena con el consumidor de lujo moderno.<\/span><\/p>\n<p><span>Apunta en tu calendario la fecha: el 17 de junio y no te pierdas uno de los desfiles Resort que promete ser inolvidable.\u00a0<\/span><\/p>\n<p><em>*Im\u00e1genes: cortes\u00eda<\/em><\/p>\n<div class=\"check-footer\"><\/div>\n<div class=\"clearfix\"><\/div>\n<div class=\"article-tags\"><\/div>\n","protected":false},"author":11653,"featured_media":182804,"template":"","format":"standard","categories":[1],"acf":[],"yoast_head":"<!-- This site is optimized with the Yoast SEO Premium plugin v18.5 (Yoast SEO v20.4) - https:\/\/yoast.com\/wordpress\/plugins\/seo\/ -->\n<title>El desfile crucero de Max Mara ser\u00e1 en Reggia di Caserta<\/title>\n<meta name=\"description\" content=\"La firma ha elegido una obra maestra barroca y neocl\u00e1sica, antigua residencia real y Patrimonio de la Humanidad por la UNESCO.\" \/>\n<meta name=\"robots\" content=\"index, follow, max-snippet:-1, max-image-preview:large, max-video-preview:-1\" \/>\n<link rel=\"canonical\" href=\"https:\/\/graziamagazine.com\/es\/articles\/el-desfile-crucero-de-max-mara-sera-en-reggia-di-caserta\/\" \/>\n<meta property=\"og:locale\" content=\"es_ES\" \/>\n<meta property=\"og:type\" content=\"article\" \/>\n<meta property=\"og:title\" content=\"El desfile crucero de Max Mara ser\u00e1 en Reggia di Caserta\" \/>\n<meta property=\"og:description\" content=\"La firma ha elegido una obra maestra barroca y neocl\u00e1sica, antigua residencia real y Patrimonio de la Humanidad por la UNESCO.\" \/>\n<meta property=\"og:url\" content=\"https:\/\/graziamagazine.com\/es\/articles\/el-desfile-crucero-de-max-mara-sera-en-reggia-di-caserta\/\" \/>\n<meta property=\"og:site_name\" content=\"Grazia\" \/>\n<meta property=\"article:modified_time\" content=\"2025-02-26T07:23:42+00:00\" \/>\n<meta property=\"og:image\" content=\"https:\/\/graziamagazine.com\/es\/wp-content\/uploads\/sites\/12\/2025\/02\/20210308164011-caserta-reggia-di-caserta-shutterstock-1811137636-2-copia.jpg\" \/>\n\t<meta property=\"og:image:width\" content=\"1946\" \/>\n\t<meta property=\"og:image:height\" content=\"1320\" \/>\n\t<meta property=\"og:image:type\" content=\"image\/jpeg\" \/>\n<meta name=\"twitter:card\" content=\"summary_large_image\" \/>\n<meta name=\"twitter:label1\" content=\"Est. reading time\" \/>\n\t<meta name=\"twitter:data1\" content=\"3 minutos\" \/>\n<script type=\"application\/ld+json\" class=\"yoast-schema-graph\">{\"@context\":\"https:\/\/schema.org\",\"@graph\":[{\"@type\":\"WebPage\",\"@id\":\"https:\/\/graziamagazine.com\/es\/articles\/el-desfile-crucero-de-max-mara-sera-en-reggia-di-caserta\/\",\"url\":\"https:\/\/graziamagazine.com\/es\/articles\/el-desfile-crucero-de-max-mara-sera-en-reggia-di-caserta\/\",\"name\":\"El desfile crucero de Max Mara ser\u00e1 en Reggia di Caserta\",\"isPartOf\":{\"@id\":\"https:\/\/graziamagazine.com\/es\/#website\"},\"datePublished\":\"2025-02-26T07:00:55+00:00\",\"dateModified\":\"2025-02-26T07:23:42+00:00\",\"description\":\"La firma ha elegido una obra maestra barroca y neocl\u00e1sica, antigua residencia real y Patrimonio de la Humanidad por la UNESCO.\",\"breadcrumb\":{\"@id\":\"https:\/\/graziamagazine.com\/es\/articles\/el-desfile-crucero-de-max-mara-sera-en-reggia-di-caserta\/#breadcrumb\"},\"inLanguage\":\"es\",\"potentialAction\":[{\"@type\":\"ReadAction\",\"target\":[\"https:\/\/graziamagazine.com\/es\/articles\/el-desfile-crucero-de-max-mara-sera-en-reggia-di-caserta\/\"]}]},{\"@type\":\"BreadcrumbList\",\"@id\":\"https:\/\/graziamagazine.com\/es\/articles\/el-desfile-crucero-de-max-mara-sera-en-reggia-di-caserta\/#breadcrumb\",\"itemListElement\":[{\"@type\":\"ListItem\",\"position\":1,\"name\":\"Portada\",\"item\":\"https:\/\/graziamagazine.com\/es\/\"},{\"@type\":\"ListItem\",\"position\":2,\"name\":\"El desfile crucero de Max Mara ser\u00e1 en Reggia di Caserta\"}]},{\"@type\":\"WebSite\",\"@id\":\"https:\/\/graziamagazine.com\/es\/#website\",\"url\":\"https:\/\/graziamagazine.com\/es\/\",\"name\":\"Grazia\",\"description\":\"Moda, belleza, celebrities, estilo de vida...\",\"potentialAction\":[{\"@type\":\"SearchAction\",\"target\":{\"@type\":\"EntryPoint\",\"urlTemplate\":\"https:\/\/graziamagazine.com\/es\/?s={search_term_string}\"},\"query-input\":\"required name=search_term_string\"}],\"inLanguage\":\"es\"}]}<\/script>\n<!-- \/ Yoast SEO Premium plugin. -->","yoast_head_json":{"title":"El desfile crucero de Max Mara ser\u00e1 en Reggia di Caserta","description":"La firma ha elegido una obra maestra barroca y neocl\u00e1sica, antigua residencia real y Patrimonio de la Humanidad por la UNESCO.","robots":{"index":"index","follow":"follow","max-snippet":"max-snippet:-1","max-image-preview":"max-image-preview:large","max-video-preview":"max-video-preview:-1"},"canonical":"https:\/\/graziamagazine.com\/es\/articles\/el-desfile-crucero-de-max-mara-sera-en-reggia-di-caserta\/","og_locale":"es_ES","og_type":"article","og_title":"El desfile crucero de Max Mara ser\u00e1 en Reggia di Caserta","og_description":"La firma ha elegido una obra maestra barroca y neocl\u00e1sica, antigua residencia real y Patrimonio de la Humanidad por la UNESCO.","og_url":"https:\/\/graziamagazine.com\/es\/articles\/el-desfile-crucero-de-max-mara-sera-en-reggia-di-caserta\/","og_site_name":"Grazia","article_modified_time":"2025-02-26T07:23:42+00:00","og_image":[{"width":1946,"height":1320,"url":"https:\/\/graziamagazine.com\/es\/wp-content\/uploads\/sites\/12\/2025\/02\/20210308164011-caserta-reggia-di-caserta-shutterstock-1811137636-2-copia.jpg","type":"image\/jpeg"}],"twitter_card":"summary_large_image","twitter_misc":{"Est. reading time":"3 minutos"},"schema":{"@context":"https:\/\/schema.org","@graph":[{"@type":"WebPage","@id":"https:\/\/graziamagazine.com\/es\/articles\/el-desfile-crucero-de-max-mara-sera-en-reggia-di-caserta\/","url":"https:\/\/graziamagazine.com\/es\/articles\/el-desfile-crucero-de-max-mara-sera-en-reggia-di-caserta\/","name":"El desfile crucero de Max Mara ser\u00e1 en Reggia di Caserta","isPartOf":{"@id":"https:\/\/graziamagazine.com\/es\/#website"},"datePublished":"2025-02-26T07:00:55+00:00","dateModified":"2025-02-26T07:23:42+00:00","description":"La firma ha elegido una obra maestra barroca y neocl\u00e1sica, antigua residencia real y Patrimonio de la Humanidad por la UNESCO.","breadcrumb":{"@id":"https:\/\/graziamagazine.com\/es\/articles\/el-desfile-crucero-de-max-mara-sera-en-reggia-di-caserta\/#breadcrumb"},"inLanguage":"es","potentialAction":[{"@type":"ReadAction","target":["https:\/\/graziamagazine.com\/es\/articles\/el-desfile-crucero-de-max-mara-sera-en-reggia-di-caserta\/"]}]},{"@type":"BreadcrumbList","@id":"https:\/\/graziamagazine.com\/es\/articles\/el-desfile-crucero-de-max-mara-sera-en-reggia-di-caserta\/#breadcrumb","itemListElement":[{"@type":"ListItem","position":1,"name":"Portada","item":"https:\/\/graziamagazine.com\/es\/"},{"@type":"ListItem","position":2,"name":"El desfile crucero de Max Mara ser\u00e1 en Reggia di Caserta"}]},{"@type":"WebSite","@id":"https:\/\/graziamagazine.com\/es\/#website","url":"https:\/\/graziamagazine.com\/es\/","name":"Grazia","description":"Moda, belleza, celebrities, estilo de vida...","potentialAction":[{"@type":"SearchAction","target":{"@type":"EntryPoint","urlTemplate":"https:\/\/graziamagazine.com\/es\/?s={search_term_string}"},"query-input":"required name=search_term_string"}],"inLanguage":"es"}]}},"jetpack_sharing_enabled":true,"distributor_meta":false,"distributor_terms":false,"distributor_media":false,"distributor_original_site_name":"Grazia","distributor_original_site_url":"https:\/\/graziamagazine.com\/es","push-errors":false,"_links":{"self":[{"href":"https:\/\/graziamagazine.com\/es\/wp-json\/wp\/v2\/articles\/182800"}],"collection":[{"href":"https:\/\/graziamagazine.com\/es\/wp-json\/wp\/v2\/articles"}],"about":[{"href":"https:\/\/graziamagazine.com\/es\/wp-json\/wp\/v2\/types\/articles"}],"author":[{"embeddable":true,"href":"https:\/\/graziamagazine.com\/es\/wp-json\/wp\/v2\/users\/11653"}],"wp:featuredmedia":[{"embeddable":true,"href":"https:\/\/graziamagazine.com\/es\/wp-json\/wp\/v2\/media\/182804"}],"wp:attachment":[{"href":"https:\/\/graziamagazine.com\/es\/wp-json\/wp\/v2\/media?parent=182800"}],"wp:term":[{"taxonomy":"category","embeddable":true,"href":"https:\/\/graziamagazine.com\/es\/wp-json\/wp\/v2\/categories?post=182800"}],"curies":[{"name":"wp","href":"https:\/\/api.w.org\/{rel}","templated":true}]}}