{"id":182706,"date":"2025-02-21T08:00:59","date_gmt":"2025-02-21T07:00:59","guid":{"rendered":"https:\/\/graziamagazine.com\/es\/?post_type=articles&#038;p=182706"},"modified":"2025-02-20T23:21:06","modified_gmt":"2025-02-20T22:21:06","slug":"aeterna-el-debut-de-baro-lucas-en-mbfwmadrid","status":"publish","type":"articles","link":"https:\/\/graziamagazine.com\/es\/articles\/aeterna-el-debut-de-baro-lucas-en-mbfwmadrid\/","title":{"rendered":"&#8216;Aeterna&#8217;, el debut de Baro Lucas en MBFWMadrid"},"content":{"rendered":"<p><strong><span data-olk-copy-source=\"MessageBody\">AETERNA<\/span><\/strong>\u00a0del lat\u00edn\u00a0<em>aeternus<\/em>, que significa \u2018eterna\u2019, es el reflejo de un sentimiento de amor y respeto hacia la tierra de\u00a0<strong><span class=\"markzu3eg1zi2\" data-markjs=\"true\" data-ogac=\"\" data-ogab=\"\" data-ogsc=\"\" data-ogsb=\"\">Baro<\/span>\u00a0<span class=\"markwy171aaq5\" data-markjs=\"true\" data-ogac=\"\" data-ogab=\"\" data-ogsc=\"\" data-ogsb=\"\">Lucas<\/span><\/strong>. Como punto de partida, el dise\u00f1ador encuentra en la elegante austeridad de los paisajes castellanos, en la solemnidad de sus castillos y claustros, y en el fr\u00edo y la quietud de los inviernos de Tordesillas, el lienzo perfecto para crear una propuesta para mujer y hombre de car\u00e1cter atemporal, en la que se fusionan la esencia de un lugar marcado por la historia y el lenguaje contempor\u00e1neo y minimalista que caracteriza a la casa.<\/p>\n<p><img decoding=\"async\" src=\"https:\/\/recursoswebs.ifema.es\/ferias\/mbfwm\/disenadores\/baro\/PF25_Baro_Lucas_0059.jpg\" \/><\/p>\n<h3 class=\"x_MsoNormal x_mcePastedContent\"><span data-olk-copy-source=\"MessageBody\">L\u00edneas de la colecci\u00f3n<\/span><\/h3>\n<p class=\"x_MsoNormal x_mcePastedContent\"><span data-olk-copy-source=\"MessageBody\">Siguiendo un patr\u00f3n de pureza y simplicidad, basado en las t\u00e9cnicas de la sastrer\u00eda tradicional, esta colecci\u00f3n aparece en escena declinada en piezas exquisitas, cuyas siluetas se dibujan con cortes limpios y sinuosos, detalles inesperados y un colorido sobrio que fluye entre el arena, el gris, el verde, el oro y el ocre para terminar con negro, se\u00f1a de identidad de la firma.<\/span><\/p>\n<p><img decoding=\"async\" src=\"https:\/\/recursoswebs.ifema.es\/ferias\/mbfwm\/disenadores\/baro\/PF25_Baro_Lucas_0272.jpg\" \/><\/p>\n<p class=\"x_MsoNormal x_mcePastedContent\">En su compromiso con la sostenibilidad y el \u2018<em>slow fashion<\/em>\u00b4,\u00a0<strong><span class=\"markzu3eg1zi2\" data-markjs=\"true\" data-ogac=\"\" data-ogab=\"\" data-ogsc=\"\" data-ogsb=\"\">Baro<\/span>\u00a0<span class=\"markwy171aaq5\" data-markjs=\"true\" data-ogac=\"\" data-ogab=\"\" data-ogsc=\"\" data-ogsb=\"\">Lucas<\/span><\/strong>\u00a0apuesta por tejidos y materiales\u00a0<em>made in Spain<\/em>, como la lana de sastrer\u00eda, la tarlatana, el lino natural con paillettes y el terciopelo de algod\u00f3n.<\/p>\n<p><img decoding=\"async\" src=\"https:\/\/recursoswebs.ifema.es\/ferias\/mbfwm\/disenadores\/baro\/PF25_Baro_Lucas_0468.jpg\" \/><\/p>\n<p><strong><span data-olk-copy-source=\"MessageBody\">AETERNA<\/span><\/strong>\u00a0invita a una reflexi\u00f3n profunda sobre la relaci\u00f3n entre el paisaje y la moda, sobre la pureza de las l\u00edneas y la belleza sutil que se encuentra en la naturalidad. En ella, la firma explora el lujo de la sencillez para demostrar que lo esencial nunca pierde relevancia y perdura en cada pliegue, en cada rinc\u00f3n.<\/p>\n<p><img decoding=\"async\" src=\"https:\/\/recursoswebs.ifema.es\/ferias\/mbfwm\/disenadores\/baro\/PF25_Baro_Lucas_0620.jpg\" \/><\/p>\n<h3 class=\"x_MsoNormal\"><span data-olk-copy-source=\"MessageBody\">accesorios made in spain<\/span><\/h3>\n<p class=\"x_MsoNormal\"><span data-olk-copy-source=\"MessageBody\">Las <\/span><strong>joyas\u00a0<\/strong>son dise\u00f1o del artista\u00a0<strong>Joaqu\u00edn Berao<\/strong>,\u00a0que desde 1975 sus colecciones han adquirido reconocimiento internacional por sus formas esculturales.<\/p>\n<p><img decoding=\"async\" src=\"https:\/\/recursoswebs.ifema.es\/ferias\/mbfwm\/disenadores\/baro\/PF25_Baro_Lucas_0752.jpg\" \/><\/p>\n<p class=\"x_MsoNormal\">Los <strong>guantes <\/strong>de\u00a0<strong>Varad\u00e9 <\/strong>y los\u00a0<strong>bolsos\u00a0<\/strong>son\u00a0<strong>dise\u00f1o de\u00a0<span class=\"markzu3eg1zi2\" data-markjs=\"true\" data-ogac=\"\" data-ogab=\"\" data-ogsc=\"\" data-ogsb=\"\">Baro<\/span>\u00a0<span class=\"markwy171aaq5\" data-markjs=\"true\" data-ogac=\"\" data-ogab=\"\" data-ogsc=\"\" data-ogsb=\"\">Luca<\/span><\/strong><span class=\"markwy171aaq5\" data-markjs=\"true\" data-ogac=\"\" data-ogab=\"\" data-ogsc=\"\" data-ogsb=\"\">s<\/span>\u00a0y confeccionados por la\u00a0<strong>peleter\u00eda Gabriel de Zaragoza<\/strong>.<\/p>\n<p><img loading=\"lazy\" decoding=\"async\" class=\"size-full wp-image-182710\" src=\"https:\/\/graziamagazine.com\/es\/wp-content\/uploads\/sites\/12\/2025\/02\/PF25_Baro_Lucas_0386-copia-scaled.jpeg\" alt=\"\" width=\"1707\" height=\"2560\" srcset=\"https:\/\/graziamagazine.com\/es\/wp-content\/uploads\/sites\/12\/2025\/02\/PF25_Baro_Lucas_0386-copia-scaled.jpeg 1707w, https:\/\/graziamagazine.com\/es\/wp-content\/uploads\/sites\/12\/2025\/02\/PF25_Baro_Lucas_0386-copia-200x300.jpeg 200w, https:\/\/graziamagazine.com\/es\/wp-content\/uploads\/sites\/12\/2025\/02\/PF25_Baro_Lucas_0386-copia-683x1024.jpeg 683w, https:\/\/graziamagazine.com\/es\/wp-content\/uploads\/sites\/12\/2025\/02\/PF25_Baro_Lucas_0386-copia-768x1152.jpeg 768w, https:\/\/graziamagazine.com\/es\/wp-content\/uploads\/sites\/12\/2025\/02\/PF25_Baro_Lucas_0386-copia-1024x1536.jpeg 1024w, https:\/\/graziamagazine.com\/es\/wp-content\/uploads\/sites\/12\/2025\/02\/PF25_Baro_Lucas_0386-copia-1365x2048.jpeg 1365w, https:\/\/graziamagazine.com\/es\/wp-content\/uploads\/sites\/12\/2025\/02\/PF25_Baro_Lucas_0386-copia-400x600.jpeg 400w, https:\/\/graziamagazine.com\/es\/wp-content\/uploads\/sites\/12\/2025\/02\/PF25_Baro_Lucas_0386-copia-143x215.jpeg 143w\" sizes=\"(max-width: 1707px) 100vw, 1707px\" \/><\/p>\n<p><em>*Im\u00e1genes: cortes\u00eda<\/em><\/p>\n","protected":false},"author":11653,"featured_media":182709,"template":"","format":"standard","categories":[1],"acf":[],"yoast_head":"<!-- This site is optimized with the Yoast SEO Premium plugin v18.5 (Yoast SEO v20.4) - https:\/\/yoast.com\/wordpress\/plugins\/seo\/ -->\n<title>&#039;Aeterna&#039;, el debut de Baro Lucas en MBFWMadrid<\/title>\n<meta name=\"description\" content=\"En su compromiso con la sostenibilidad y el \u2018slow fashion\u00b4, Baro Lucas apuesta por tejidos y materiales made in Spain.\" \/>\n<meta name=\"robots\" content=\"index, follow, max-snippet:-1, max-image-preview:large, max-video-preview:-1\" \/>\n<link rel=\"canonical\" href=\"https:\/\/graziamagazine.com\/es\/articles\/aeterna-el-debut-de-baro-lucas-en-mbfwmadrid\/\" \/>\n<meta property=\"og:locale\" content=\"es_ES\" \/>\n<meta property=\"og:type\" content=\"article\" \/>\n<meta property=\"og:title\" content=\"&#039;Aeterna&#039;, el debut de Baro Lucas en MBFWMadrid\" \/>\n<meta property=\"og:description\" content=\"En su compromiso con la sostenibilidad y el \u2018slow fashion\u00b4, Baro Lucas apuesta por tejidos y materiales made in Spain.\" \/>\n<meta property=\"og:url\" content=\"https:\/\/graziamagazine.com\/es\/articles\/aeterna-el-debut-de-baro-lucas-en-mbfwmadrid\/\" \/>\n<meta property=\"og:site_name\" content=\"Grazia\" \/>\n<meta property=\"article:modified_time\" content=\"2025-02-20T22:21:06+00:00\" \/>\n<meta property=\"og:image\" content=\"https:\/\/graziamagazine.com\/es\/wp-content\/uploads\/sites\/12\/2025\/02\/mbfwmadrid-6-e1740089581183.jpg\" \/>\n\t<meta property=\"og:image:width\" content=\"1397\" \/>\n\t<meta property=\"og:image:height\" content=\"1194\" \/>\n\t<meta property=\"og:image:type\" content=\"image\/jpeg\" \/>\n<meta name=\"twitter:card\" content=\"summary_large_image\" \/>\n<meta name=\"twitter:label1\" content=\"Est. reading time\" \/>\n\t<meta name=\"twitter:data1\" content=\"3 minutos\" \/>\n<script type=\"application\/ld+json\" class=\"yoast-schema-graph\">{\"@context\":\"https:\/\/schema.org\",\"@graph\":[{\"@type\":\"WebPage\",\"@id\":\"https:\/\/graziamagazine.com\/es\/articles\/aeterna-el-debut-de-baro-lucas-en-mbfwmadrid\/\",\"url\":\"https:\/\/graziamagazine.com\/es\/articles\/aeterna-el-debut-de-baro-lucas-en-mbfwmadrid\/\",\"name\":\"'Aeterna', el debut de Baro Lucas en MBFWMadrid\",\"isPartOf\":{\"@id\":\"https:\/\/graziamagazine.com\/es\/#website\"},\"datePublished\":\"2025-02-21T07:00:59+00:00\",\"dateModified\":\"2025-02-20T22:21:06+00:00\",\"description\":\"En su compromiso con la sostenibilidad y el \u2018slow fashion\u00b4, Baro Lucas apuesta por tejidos y materiales made in Spain.\",\"breadcrumb\":{\"@id\":\"https:\/\/graziamagazine.com\/es\/articles\/aeterna-el-debut-de-baro-lucas-en-mbfwmadrid\/#breadcrumb\"},\"inLanguage\":\"es\",\"potentialAction\":[{\"@type\":\"ReadAction\",\"target\":[\"https:\/\/graziamagazine.com\/es\/articles\/aeterna-el-debut-de-baro-lucas-en-mbfwmadrid\/\"]}]},{\"@type\":\"BreadcrumbList\",\"@id\":\"https:\/\/graziamagazine.com\/es\/articles\/aeterna-el-debut-de-baro-lucas-en-mbfwmadrid\/#breadcrumb\",\"itemListElement\":[{\"@type\":\"ListItem\",\"position\":1,\"name\":\"Portada\",\"item\":\"https:\/\/graziamagazine.com\/es\/\"},{\"@type\":\"ListItem\",\"position\":2,\"name\":\"&#8216;Aeterna&#8217;, el debut de Baro Lucas en MBFWMadrid\"}]},{\"@type\":\"WebSite\",\"@id\":\"https:\/\/graziamagazine.com\/es\/#website\",\"url\":\"https:\/\/graziamagazine.com\/es\/\",\"name\":\"Grazia\",\"description\":\"Moda, belleza, celebrities, estilo de vida...\",\"potentialAction\":[{\"@type\":\"SearchAction\",\"target\":{\"@type\":\"EntryPoint\",\"urlTemplate\":\"https:\/\/graziamagazine.com\/es\/?s={search_term_string}\"},\"query-input\":\"required name=search_term_string\"}],\"inLanguage\":\"es\"}]}<\/script>\n<!-- \/ Yoast SEO Premium plugin. -->","yoast_head_json":{"title":"'Aeterna', el debut de Baro Lucas en MBFWMadrid","description":"En su compromiso con la sostenibilidad y el \u2018slow fashion\u00b4, Baro Lucas apuesta por tejidos y materiales made in Spain.","robots":{"index":"index","follow":"follow","max-snippet":"max-snippet:-1","max-image-preview":"max-image-preview:large","max-video-preview":"max-video-preview:-1"},"canonical":"https:\/\/graziamagazine.com\/es\/articles\/aeterna-el-debut-de-baro-lucas-en-mbfwmadrid\/","og_locale":"es_ES","og_type":"article","og_title":"'Aeterna', el debut de Baro Lucas en MBFWMadrid","og_description":"En su compromiso con la sostenibilidad y el \u2018slow fashion\u00b4, Baro Lucas apuesta por tejidos y materiales made in Spain.","og_url":"https:\/\/graziamagazine.com\/es\/articles\/aeterna-el-debut-de-baro-lucas-en-mbfwmadrid\/","og_site_name":"Grazia","article_modified_time":"2025-02-20T22:21:06+00:00","og_image":[{"width":1397,"height":1194,"url":"https:\/\/graziamagazine.com\/es\/wp-content\/uploads\/sites\/12\/2025\/02\/mbfwmadrid-6-e1740089581183.jpg","type":"image\/jpeg"}],"twitter_card":"summary_large_image","twitter_misc":{"Est. reading time":"3 minutos"},"schema":{"@context":"https:\/\/schema.org","@graph":[{"@type":"WebPage","@id":"https:\/\/graziamagazine.com\/es\/articles\/aeterna-el-debut-de-baro-lucas-en-mbfwmadrid\/","url":"https:\/\/graziamagazine.com\/es\/articles\/aeterna-el-debut-de-baro-lucas-en-mbfwmadrid\/","name":"'Aeterna', el debut de Baro Lucas en MBFWMadrid","isPartOf":{"@id":"https:\/\/graziamagazine.com\/es\/#website"},"datePublished":"2025-02-21T07:00:59+00:00","dateModified":"2025-02-20T22:21:06+00:00","description":"En su compromiso con la sostenibilidad y el \u2018slow fashion\u00b4, Baro Lucas apuesta por tejidos y materiales made in Spain.","breadcrumb":{"@id":"https:\/\/graziamagazine.com\/es\/articles\/aeterna-el-debut-de-baro-lucas-en-mbfwmadrid\/#breadcrumb"},"inLanguage":"es","potentialAction":[{"@type":"ReadAction","target":["https:\/\/graziamagazine.com\/es\/articles\/aeterna-el-debut-de-baro-lucas-en-mbfwmadrid\/"]}]},{"@type":"BreadcrumbList","@id":"https:\/\/graziamagazine.com\/es\/articles\/aeterna-el-debut-de-baro-lucas-en-mbfwmadrid\/#breadcrumb","itemListElement":[{"@type":"ListItem","position":1,"name":"Portada","item":"https:\/\/graziamagazine.com\/es\/"},{"@type":"ListItem","position":2,"name":"&#8216;Aeterna&#8217;, el debut de Baro Lucas en MBFWMadrid"}]},{"@type":"WebSite","@id":"https:\/\/graziamagazine.com\/es\/#website","url":"https:\/\/graziamagazine.com\/es\/","name":"Grazia","description":"Moda, belleza, celebrities, estilo de vida...","potentialAction":[{"@type":"SearchAction","target":{"@type":"EntryPoint","urlTemplate":"https:\/\/graziamagazine.com\/es\/?s={search_term_string}"},"query-input":"required name=search_term_string"}],"inLanguage":"es"}]}},"jetpack_sharing_enabled":true,"distributor_meta":false,"distributor_terms":false,"distributor_media":false,"distributor_original_site_name":"Grazia","distributor_original_site_url":"https:\/\/graziamagazine.com\/es","push-errors":false,"_links":{"self":[{"href":"https:\/\/graziamagazine.com\/es\/wp-json\/wp\/v2\/articles\/182706"}],"collection":[{"href":"https:\/\/graziamagazine.com\/es\/wp-json\/wp\/v2\/articles"}],"about":[{"href":"https:\/\/graziamagazine.com\/es\/wp-json\/wp\/v2\/types\/articles"}],"author":[{"embeddable":true,"href":"https:\/\/graziamagazine.com\/es\/wp-json\/wp\/v2\/users\/11653"}],"wp:featuredmedia":[{"embeddable":true,"href":"https:\/\/graziamagazine.com\/es\/wp-json\/wp\/v2\/media\/182709"}],"wp:attachment":[{"href":"https:\/\/graziamagazine.com\/es\/wp-json\/wp\/v2\/media?parent=182706"}],"wp:term":[{"taxonomy":"category","embeddable":true,"href":"https:\/\/graziamagazine.com\/es\/wp-json\/wp\/v2\/categories?post=182706"}],"curies":[{"name":"wp","href":"https:\/\/api.w.org\/{rel}","templated":true}]}}