{"id":182678,"date":"2025-02-20T08:00:56","date_gmt":"2025-02-20T07:00:56","guid":{"rendered":"https:\/\/graziamagazine.com\/es\/?post_type=articles&#038;p=182678"},"modified":"2025-02-19T22:36:12","modified_gmt":"2025-02-19T21:36:12","slug":"victoria-beckham-inaugura-una-muestra-de-arte-junto-a-sothebys","status":"publish","type":"articles","link":"https:\/\/graziamagazine.com\/es\/articles\/victoria-beckham-inaugura-una-muestra-de-arte-junto-a-sothebys\/","title":{"rendered":"Victoria Beckham inaugura una muestra de arte junto a Sotheby\u2019s"},"content":{"rendered":"<p><span style=\"font-weight: 400\">Victoria Beckham ha llevado su pasi\u00f3n por el arte un paso m\u00e1s all\u00e1 al colaborar con la casa de subastas Sotheby\u2019s. Su boutique en Dover Street, Londres, se ha convertido en una galer\u00eda donde se exhiben piezas de artistas contempor\u00e1neos como George Condo, Keith Haring y Basquiat.<\/span><\/p>\n<p><span style=\"font-weight: 400\">Para lograr esta colaboraci\u00f3n, Victoria trabaj\u00f3 con los especialistas de Sotheby\u2019s para seleccionar una colecci\u00f3n de 10 obras de arte de nombres famosos como Yoshitomo Nara, Joan Mitchell, Gerhard Richter y Yves Klein. Estas piezas estar\u00e1n en exhibici\u00f3n p\u00fablica en su boutique antes de ser subastadas en Nueva York y Londres o vendidas de manera privada.<\/span><\/p>\n<p><img loading=\"lazy\" decoding=\"async\" class=\"aligncenter size-full wp-image-182689\" src=\"https:\/\/graziamagazine.com\/es\/wp-content\/uploads\/sites\/12\/2025\/02\/highxtar-victoria-beckham-sothebys-2.jpeg\" alt=\"\" width=\"1800\" height=\"1201\" srcset=\"https:\/\/graziamagazine.com\/es\/wp-content\/uploads\/sites\/12\/2025\/02\/highxtar-victoria-beckham-sothebys-2.jpeg 1800w, https:\/\/graziamagazine.com\/es\/wp-content\/uploads\/sites\/12\/2025\/02\/highxtar-victoria-beckham-sothebys-2-300x200.jpeg 300w, https:\/\/graziamagazine.com\/es\/wp-content\/uploads\/sites\/12\/2025\/02\/highxtar-victoria-beckham-sothebys-2-1024x683.jpeg 1024w, https:\/\/graziamagazine.com\/es\/wp-content\/uploads\/sites\/12\/2025\/02\/highxtar-victoria-beckham-sothebys-2-768x512.jpeg 768w, https:\/\/graziamagazine.com\/es\/wp-content\/uploads\/sites\/12\/2025\/02\/highxtar-victoria-beckham-sothebys-2-1536x1025.jpeg 1536w, https:\/\/graziamagazine.com\/es\/wp-content\/uploads\/sites\/12\/2025\/02\/highxtar-victoria-beckham-sothebys-2-400x267.jpeg 400w, https:\/\/graziamagazine.com\/es\/wp-content\/uploads\/sites\/12\/2025\/02\/highxtar-victoria-beckham-sothebys-2-155x103.jpeg 155w\" sizes=\"(max-width: 1800px) 100vw, 1800px\" \/><\/p>\n<p><span style=\"font-weight: 400\">Entre las obras clave de la muestra destacan la obra Cosmic Eyes (in the Milky lake) de Yoshitomo Nara, que presenta una enigm\u00e1tica ni\u00f1a de ojos brillantes, y Artist and Muse de George Condo, una colorida interpretaci\u00f3n que recuerda a Picasso. Tambi\u00e9n figura Untitled de Richard Prince, parte de su serie High Times, con una est\u00e9tica l\u00fadica e infantil.<\/span><\/p>\n<p><span style=\"font-weight: 400\">Victoria Beckham y Sotheby\u2019s han trabajado juntos antes, pero esta exposici\u00f3n reafirma su compromiso con el arte. \u201cPara David y para m\u00ed, coleccionar no es solo una inversi\u00f3n o la adquisici\u00f3n de objetos hermosos, sino encontrar piezas que realmente nos alegren\u201d, expres\u00f3 Beckham.\u00a0<\/span><\/p>\n<p><img loading=\"lazy\" decoding=\"async\" class=\"aligncenter size-full wp-image-182690\" src=\"https:\/\/graziamagazine.com\/es\/wp-content\/uploads\/sites\/12\/2025\/02\/highxtar-victoria-beckham-sothebys-3.jpeg\" alt=\"\" width=\"1800\" height=\"1200\" srcset=\"https:\/\/graziamagazine.com\/es\/wp-content\/uploads\/sites\/12\/2025\/02\/highxtar-victoria-beckham-sothebys-3.jpeg 1800w, https:\/\/graziamagazine.com\/es\/wp-content\/uploads\/sites\/12\/2025\/02\/highxtar-victoria-beckham-sothebys-3-300x200.jpeg 300w, https:\/\/graziamagazine.com\/es\/wp-content\/uploads\/sites\/12\/2025\/02\/highxtar-victoria-beckham-sothebys-3-1024x683.jpeg 1024w, https:\/\/graziamagazine.com\/es\/wp-content\/uploads\/sites\/12\/2025\/02\/highxtar-victoria-beckham-sothebys-3-768x512.jpeg 768w, https:\/\/graziamagazine.com\/es\/wp-content\/uploads\/sites\/12\/2025\/02\/highxtar-victoria-beckham-sothebys-3-1536x1024.jpeg 1536w, https:\/\/graziamagazine.com\/es\/wp-content\/uploads\/sites\/12\/2025\/02\/highxtar-victoria-beckham-sothebys-3-400x267.jpeg 400w, https:\/\/graziamagazine.com\/es\/wp-content\/uploads\/sites\/12\/2025\/02\/highxtar-victoria-beckham-sothebys-3-155x103.jpeg 155w\" sizes=\"(max-width: 1800px) 100vw, 1800px\" \/><\/p>\n<p><span style=\"font-weight: 400\">Esta colaboraci\u00f3n es una prueba de que la moda no solo se trata de ropa y accesorios, sino tambi\u00e9n de cultura, historia y expresi\u00f3n art\u00edstica.\u00a0<\/span><\/p>\n<p><em>*Im\u00e1genes: cortes\u00eda<\/em><\/p>\n","protected":false},"author":16349,"featured_media":182679,"template":"","format":"standard","categories":[2971],"acf":{"banner":""},"yoast_head":"<!-- This site is optimized with the Yoast SEO Premium plugin v18.5 (Yoast SEO v20.4) - https:\/\/yoast.com\/wordpress\/plugins\/seo\/ -->\n<title>Victoria Beckham inaugura una muestra de arte junto a Sotheby\u2019s<\/title>\n<meta name=\"description\" content=\"La dise\u00f1adora, empresaria y coleccionista de arte, se une a la prestigiosa casa de subastas en su boutique de Mayfair, Londres.\" \/>\n<meta name=\"robots\" content=\"index, follow, max-snippet:-1, max-image-preview:large, max-video-preview:-1\" \/>\n<link rel=\"canonical\" href=\"https:\/\/graziamagazine.com\/es\/articles\/victoria-beckham-inaugura-una-muestra-de-arte-junto-a-sothebys\/\" \/>\n<meta property=\"og:locale\" content=\"es_ES\" \/>\n<meta property=\"og:type\" content=\"article\" \/>\n<meta property=\"og:title\" content=\"Victoria Beckham inaugura una muestra de arte junto a Sotheby\u2019s\" \/>\n<meta property=\"og:description\" content=\"La dise\u00f1adora, empresaria y coleccionista de arte, se une a la prestigiosa casa de subastas en su boutique de Mayfair, Londres.\" \/>\n<meta property=\"og:url\" content=\"https:\/\/graziamagazine.com\/es\/articles\/victoria-beckham-inaugura-una-muestra-de-arte-junto-a-sothebys\/\" \/>\n<meta property=\"og:site_name\" content=\"Grazia\" \/>\n<meta property=\"article:modified_time\" content=\"2025-02-19T21:36:12+00:00\" \/>\n<meta property=\"og:image\" content=\"https:\/\/graziamagazine.com\/es\/wp-content\/uploads\/sites\/12\/2025\/02\/Captura-de-Pantalla-2025-02-19-a-las-11.14.22.png\" \/>\n\t<meta property=\"og:image:width\" content=\"682\" \/>\n\t<meta property=\"og:image:height\" content=\"432\" \/>\n\t<meta property=\"og:image:type\" content=\"image\/png\" \/>\n<meta name=\"twitter:card\" content=\"summary_large_image\" \/>\n<meta name=\"twitter:label1\" content=\"Est. reading time\" \/>\n\t<meta name=\"twitter:data1\" content=\"2 minutos\" \/>\n<script type=\"application\/ld+json\" class=\"yoast-schema-graph\">{\"@context\":\"https:\/\/schema.org\",\"@graph\":[{\"@type\":\"WebPage\",\"@id\":\"https:\/\/graziamagazine.com\/es\/articles\/victoria-beckham-inaugura-una-muestra-de-arte-junto-a-sothebys\/\",\"url\":\"https:\/\/graziamagazine.com\/es\/articles\/victoria-beckham-inaugura-una-muestra-de-arte-junto-a-sothebys\/\",\"name\":\"Victoria Beckham inaugura una muestra de arte junto a Sotheby\u2019s\",\"isPartOf\":{\"@id\":\"https:\/\/graziamagazine.com\/es\/#website\"},\"datePublished\":\"2025-02-20T07:00:56+00:00\",\"dateModified\":\"2025-02-19T21:36:12+00:00\",\"description\":\"La dise\u00f1adora, empresaria y coleccionista de arte, se une a la prestigiosa casa de subastas en su boutique de Mayfair, Londres.\",\"breadcrumb\":{\"@id\":\"https:\/\/graziamagazine.com\/es\/articles\/victoria-beckham-inaugura-una-muestra-de-arte-junto-a-sothebys\/#breadcrumb\"},\"inLanguage\":\"es\",\"potentialAction\":[{\"@type\":\"ReadAction\",\"target\":[\"https:\/\/graziamagazine.com\/es\/articles\/victoria-beckham-inaugura-una-muestra-de-arte-junto-a-sothebys\/\"]}]},{\"@type\":\"BreadcrumbList\",\"@id\":\"https:\/\/graziamagazine.com\/es\/articles\/victoria-beckham-inaugura-una-muestra-de-arte-junto-a-sothebys\/#breadcrumb\",\"itemListElement\":[{\"@type\":\"ListItem\",\"position\":1,\"name\":\"Portada\",\"item\":\"https:\/\/graziamagazine.com\/es\/\"},{\"@type\":\"ListItem\",\"position\":2,\"name\":\"Victoria Beckham inaugura una muestra de arte junto a Sotheby\u2019s\"}]},{\"@type\":\"WebSite\",\"@id\":\"https:\/\/graziamagazine.com\/es\/#website\",\"url\":\"https:\/\/graziamagazine.com\/es\/\",\"name\":\"Grazia\",\"description\":\"Moda, belleza, celebrities, estilo de vida...\",\"potentialAction\":[{\"@type\":\"SearchAction\",\"target\":{\"@type\":\"EntryPoint\",\"urlTemplate\":\"https:\/\/graziamagazine.com\/es\/?s={search_term_string}\"},\"query-input\":\"required name=search_term_string\"}],\"inLanguage\":\"es\"}]}<\/script>\n<!-- \/ Yoast SEO Premium plugin. -->","yoast_head_json":{"title":"Victoria Beckham inaugura una muestra de arte junto a Sotheby\u2019s","description":"La dise\u00f1adora, empresaria y coleccionista de arte, se une a la prestigiosa casa de subastas en su boutique de Mayfair, Londres.","robots":{"index":"index","follow":"follow","max-snippet":"max-snippet:-1","max-image-preview":"max-image-preview:large","max-video-preview":"max-video-preview:-1"},"canonical":"https:\/\/graziamagazine.com\/es\/articles\/victoria-beckham-inaugura-una-muestra-de-arte-junto-a-sothebys\/","og_locale":"es_ES","og_type":"article","og_title":"Victoria Beckham inaugura una muestra de arte junto a Sotheby\u2019s","og_description":"La dise\u00f1adora, empresaria y coleccionista de arte, se une a la prestigiosa casa de subastas en su boutique de Mayfair, Londres.","og_url":"https:\/\/graziamagazine.com\/es\/articles\/victoria-beckham-inaugura-una-muestra-de-arte-junto-a-sothebys\/","og_site_name":"Grazia","article_modified_time":"2025-02-19T21:36:12+00:00","og_image":[{"width":682,"height":432,"url":"https:\/\/graziamagazine.com\/es\/wp-content\/uploads\/sites\/12\/2025\/02\/Captura-de-Pantalla-2025-02-19-a-las-11.14.22.png","type":"image\/png"}],"twitter_card":"summary_large_image","twitter_misc":{"Est. reading time":"2 minutos"},"schema":{"@context":"https:\/\/schema.org","@graph":[{"@type":"WebPage","@id":"https:\/\/graziamagazine.com\/es\/articles\/victoria-beckham-inaugura-una-muestra-de-arte-junto-a-sothebys\/","url":"https:\/\/graziamagazine.com\/es\/articles\/victoria-beckham-inaugura-una-muestra-de-arte-junto-a-sothebys\/","name":"Victoria Beckham inaugura una muestra de arte junto a Sotheby\u2019s","isPartOf":{"@id":"https:\/\/graziamagazine.com\/es\/#website"},"datePublished":"2025-02-20T07:00:56+00:00","dateModified":"2025-02-19T21:36:12+00:00","description":"La dise\u00f1adora, empresaria y coleccionista de arte, se une a la prestigiosa casa de subastas en su boutique de Mayfair, Londres.","breadcrumb":{"@id":"https:\/\/graziamagazine.com\/es\/articles\/victoria-beckham-inaugura-una-muestra-de-arte-junto-a-sothebys\/#breadcrumb"},"inLanguage":"es","potentialAction":[{"@type":"ReadAction","target":["https:\/\/graziamagazine.com\/es\/articles\/victoria-beckham-inaugura-una-muestra-de-arte-junto-a-sothebys\/"]}]},{"@type":"BreadcrumbList","@id":"https:\/\/graziamagazine.com\/es\/articles\/victoria-beckham-inaugura-una-muestra-de-arte-junto-a-sothebys\/#breadcrumb","itemListElement":[{"@type":"ListItem","position":1,"name":"Portada","item":"https:\/\/graziamagazine.com\/es\/"},{"@type":"ListItem","position":2,"name":"Victoria Beckham inaugura una muestra de arte junto a Sotheby\u2019s"}]},{"@type":"WebSite","@id":"https:\/\/graziamagazine.com\/es\/#website","url":"https:\/\/graziamagazine.com\/es\/","name":"Grazia","description":"Moda, belleza, celebrities, estilo de vida...","potentialAction":[{"@type":"SearchAction","target":{"@type":"EntryPoint","urlTemplate":"https:\/\/graziamagazine.com\/es\/?s={search_term_string}"},"query-input":"required name=search_term_string"}],"inLanguage":"es"}]}},"jetpack_sharing_enabled":true,"distributor_meta":false,"distributor_terms":false,"distributor_media":false,"distributor_original_site_name":"Grazia","distributor_original_site_url":"https:\/\/graziamagazine.com\/es","push-errors":false,"_links":{"self":[{"href":"https:\/\/graziamagazine.com\/es\/wp-json\/wp\/v2\/articles\/182678"}],"collection":[{"href":"https:\/\/graziamagazine.com\/es\/wp-json\/wp\/v2\/articles"}],"about":[{"href":"https:\/\/graziamagazine.com\/es\/wp-json\/wp\/v2\/types\/articles"}],"author":[{"embeddable":true,"href":"https:\/\/graziamagazine.com\/es\/wp-json\/wp\/v2\/users\/16349"}],"wp:featuredmedia":[{"embeddable":true,"href":"https:\/\/graziamagazine.com\/es\/wp-json\/wp\/v2\/media\/182679"}],"wp:attachment":[{"href":"https:\/\/graziamagazine.com\/es\/wp-json\/wp\/v2\/media?parent=182678"}],"wp:term":[{"taxonomy":"category","embeddable":true,"href":"https:\/\/graziamagazine.com\/es\/wp-json\/wp\/v2\/categories?post=182678"}],"curies":[{"name":"wp","href":"https:\/\/api.w.org\/{rel}","templated":true}]}}