{"id":182667,"date":"2025-02-20T08:00:16","date_gmt":"2025-02-20T07:00:16","guid":{"rendered":"https:\/\/graziamagazine.com\/es\/?post_type=articles&#038;p=182667"},"modified":"2025-02-20T22:55:28","modified_gmt":"2025-02-20T21:55:28","slug":"mo-x-evade-house-las-gafas-vanguardistas-de-mbfwmadrid","status":"publish","type":"articles","link":"https:\/\/graziamagazine.com\/es\/articles\/mo-x-evade-house-las-gafas-vanguardistas-de-mbfwmadrid\/","title":{"rendered":"M\u00d3\u00a0x EVADE HOUSE, las gafas vanguardistas de MBFWMadrid"},"content":{"rendered":"<p>Algo que sucede en el mundo de la moda es que no siempre lo que se presenta en las pasarelas podemos comprarlo en el momento y toca esperar meses para poder tenerlo en nuestras manos. Eso ocurri\u00f3 en la edici\u00f3n pasada de la Mercedes-Bez Fashion Week Madrid cuando conocimos qui\u00e9n fue el ganador en la segunda edici\u00f3n del certamen M\u00f3 x New Talent by Allianz EGO. Una iniciativa de Multi\u00f3pticas que premia a los dise\u00f1adores que participan en Allianz EGO, el \u00faltimo d\u00eda de desfiles en IFEMA, y de la que nace una colecci\u00f3n c\u00e1psula que a\u00fana dise\u00f1o, creatividad y j\u00f3venes talentos.<\/p>\n<p>Si hay alguien experto en crear alianzas con los nombres m\u00e1s destacados de la moda espa\u00f1ola, esa es Multi\u00f3pticas que ya ha lanzado sus colecci\u00f3n <span data-olk-copy-source=\"MessageBody\">M\u00f3 x Avellaneda, M\u00f3 x Teresa Helbig, M\u00f3 x Palomo o M\u00f3 x Oliva, entre otras. Despu\u00e9s de una primera edici\u00f3n en la que la dise\u00f1adora Sabela Juncal fue la ganadora, la nueva colecci\u00f3n c\u00e1psula que se presentar\u00e1 oficialmente en Mercedes-Benz Fashion Week el pr\u00f3ximo viernes 21 en el stand de M\u00f3 en IFEMA se llama <a href=\"https:\/\/www.multiopticas.com\/es\/evadehouse.html\" target=\"_blank\"><strong>M\u00d3 x EVADE HOUSE<\/strong><\/a>.\u00a0<\/span><\/p>\n<p>El jurado eligi\u00f3 esta propuesta por su\u00a0<strong>apuesta por la inteligencia artificial, la innovaci\u00f3n y la sostenibilidad<\/strong>. Un proyecto potente, novedoso y pr\u00e1cticamente pionero en el ecosistema de la moda, seg\u00fan el panel de expertos que ha participado en esta edici\u00f3n. Para ello, la dise\u00f1adora parte de su colecci\u00f3n de micro pl\u00e1sticos y utiliza la inteligencia artificial para conseguir la textura de las gafas.<\/p>\n<p><img loading=\"lazy\" decoding=\"async\" class=\"aligncenter size-full wp-image-182692\" src=\"https:\/\/graziamagazine.com\/es\/wp-content\/uploads\/sites\/12\/2025\/02\/q3i2gAGg-scaled-e1740003851849.jpeg\" alt=\"\" width=\"1971\" height=\"1548\" srcset=\"https:\/\/graziamagazine.com\/es\/wp-content\/uploads\/sites\/12\/2025\/02\/q3i2gAGg-scaled-e1740003851849.jpeg 1971w, https:\/\/graziamagazine.com\/es\/wp-content\/uploads\/sites\/12\/2025\/02\/q3i2gAGg-scaled-e1740003851849-300x236.jpeg 300w, https:\/\/graziamagazine.com\/es\/wp-content\/uploads\/sites\/12\/2025\/02\/q3i2gAGg-scaled-e1740003851849-1024x804.jpeg 1024w, https:\/\/graziamagazine.com\/es\/wp-content\/uploads\/sites\/12\/2025\/02\/q3i2gAGg-scaled-e1740003851849-768x603.jpeg 768w, https:\/\/graziamagazine.com\/es\/wp-content\/uploads\/sites\/12\/2025\/02\/q3i2gAGg-scaled-e1740003851849-1536x1206.jpeg 1536w, https:\/\/graziamagazine.com\/es\/wp-content\/uploads\/sites\/12\/2025\/02\/q3i2gAGg-scaled-e1740003851849-400x314.jpeg 400w, https:\/\/graziamagazine.com\/es\/wp-content\/uploads\/sites\/12\/2025\/02\/q3i2gAGg-scaled-e1740003851849-155x122.jpeg 155w\" sizes=\"(max-width: 1971px) 100vw, 1971px\" \/><\/p>\n<p>La dise\u00f1adora madrile\u00f1a al frente de EVADE HOUSE, <strong>Evangelina Julia, nos explica c\u00f3mo fue el proyecto de creaci\u00f3n de la colecci\u00f3n c\u00e1psula<\/strong>: \u00abFue\u00a0un proceso innovador donde combinamos el desarrollo de biomateriales en el estudio con las posibilidades que ofrece la inteligencia artificial. La idea era explorar c\u00f3mo las formas org\u00e1nicas y los colores que surgen de estos materiales pod\u00edan integrarse en el dise\u00f1o de gafas a trav\u00e9s de nuevas tecnolog\u00edas. Utilizamos IA para transformar estos elementos en estructuras funcionales y ergon\u00f3micas, manteniendo la esencia artesanal y experimental de\u00a0<span class=\"markx5hai0sjc\" data-markjs=\"true\" data-ogac=\"\" data-ogab=\"\" data-ogsc=\"\" data-ogsb=\"\">EVADE<\/span>\u00a0<span class=\"markupz8ctj22\" data-markjs=\"true\" data-ogac=\"\" data-ogab=\"\" data-ogsc=\"\" data-ogsb=\"\">HOUSE<\/span>.\u00bb<\/p>\n<blockquote><p><em>\u201cMi objetivo es que estas gafas no solo os cautiven, seduzcan, sino que tambi\u00e9n os inviten a experimentar una nueva visi\u00f3n social donde el dise\u00f1o, la tecnolog\u00eda y la naturaleza se entrelazan para construir un futuro m\u00e1s consciente y sostenible\u201d<\/em>\u00a0asegura\u00a0EVADE\u00a0HOUSE<\/p><\/blockquote>\n<p><strong>Una colecci\u00f3n que no solo es un homenaje a la exploraci\u00f3n trascendental de las gafas como accesorio, sino tambi\u00e9n un compromiso con un futuro m\u00e1s sostenible.<\/strong> \u00abLa inspiraci\u00f3n naci\u00f3 de la investigaci\u00f3n en biomateriales y la observaci\u00f3n de sus patrones naturales\u00bb, explica la dise\u00f1adora. \u00abQuise trasladar la fluidez, textura y matices de estos materiales a un lenguaje digital, explorando c\u00f3mo la IA pod\u00eda interpretarlos y adaptarlos al dise\u00f1o de gafas. <strong>Fue un proceso de di\u00e1logo entre lo f\u00edsico y lo digital<\/strong>, donde buscamos mantener el equilibrio entre la innovaci\u00f3n tecnol\u00f3gica y la sensibilidad est\u00e9tica\u00bb, contin\u00faa cuando nos da m\u00e1s detalles de en qu\u00e9 se bas\u00f3 para crear esta colecci\u00f3n tan especial.<\/p>\n<p><img loading=\"lazy\" decoding=\"async\" class=\"aligncenter size-full wp-image-182693\" src=\"https:\/\/graziamagazine.com\/es\/wp-content\/uploads\/sites\/12\/2025\/02\/EVADE_MO-F12-1452-copia-scaled.jpeg\" alt=\"\" width=\"2560\" height=\"1920\" srcset=\"https:\/\/graziamagazine.com\/es\/wp-content\/uploads\/sites\/12\/2025\/02\/EVADE_MO-F12-1452-copia-scaled.jpeg 2560w, https:\/\/graziamagazine.com\/es\/wp-content\/uploads\/sites\/12\/2025\/02\/EVADE_MO-F12-1452-copia-300x225.jpeg 300w, https:\/\/graziamagazine.com\/es\/wp-content\/uploads\/sites\/12\/2025\/02\/EVADE_MO-F12-1452-copia-1024x768.jpeg 1024w, https:\/\/graziamagazine.com\/es\/wp-content\/uploads\/sites\/12\/2025\/02\/EVADE_MO-F12-1452-copia-768x576.jpeg 768w, https:\/\/graziamagazine.com\/es\/wp-content\/uploads\/sites\/12\/2025\/02\/EVADE_MO-F12-1452-copia-1536x1152.jpeg 1536w, https:\/\/graziamagazine.com\/es\/wp-content\/uploads\/sites\/12\/2025\/02\/EVADE_MO-F12-1452-copia-2048x1536.jpeg 2048w, https:\/\/graziamagazine.com\/es\/wp-content\/uploads\/sites\/12\/2025\/02\/EVADE_MO-F12-1452-copia-400x300.jpeg 400w, https:\/\/graziamagazine.com\/es\/wp-content\/uploads\/sites\/12\/2025\/02\/EVADE_MO-F12-1452-copia-155x116.jpeg 155w\" sizes=\"(max-width: 2560px) 100vw, 2560px\" \/><\/p>\n<p>El concurso M\u00f3 x New Talent no solo es un compromiso de Multi\u00f3pticas con el dise\u00f1o y la moda espa\u00f1ola, tambi\u00e9n con el talento emergente y con la promoci\u00f3n a nivel nacional de los dise\u00f1adores, convirti\u00e9ndose en un gran escaparate con el que llegar a un mayor p\u00fablico. <strong>\u00bfQu\u00e9 supone para ti crear una colaboraci\u00f3n de este tipo que llega a numerosos puntos de venta?, preguntamos a la dise\u00f1adora<\/strong>:\u00a0\u00abEs un paso importante para demostrar que el dise\u00f1o de accesorios puede evolucionar con materiales innovadores y herramientas digitales sin perder autenticidad. Ver c\u00f3mo esta colecci\u00f3n llega a m\u00e1s personas significa expandir la conversaci\u00f3n sobre la integraci\u00f3n de la tecnolog\u00eda en procesos creativos, sin que estos pierdan su esencia experimental y artesanal. Adem\u00e1s, es emocionante poder llevar este enfoque a un p\u00fablico m\u00e1s amplio y seguir explorando nuevas maneras de dise\u00f1ar en el futuro.\u00bb<\/p>\n<p>La c\u00e1psula se presenta en un solo modelo unisex, con un dise\u00f1o futurista y org\u00e1nico cuyas formas entrelazadas e irregulares evocan lo natural. Podr\u00e1s elegir entre tres colores, negro, transparente y marr\u00f3n degradado.<\/p>\n<div class=\"content-gallery\"><div class=\"gallery-placeholder\"><div class=\"spinner\"><\/div><\/div><span class=\"gallery-pagination\"><\/span><div id=\"gallery-1\" class=\"gallery galleryid-182667 gallery-columns- gallery-size-\"><figure class=\"gallery-item\"><div class=\"gallery-icon landscape\"><img loading=\"lazy\" decoding=\"async\" width=\"1256\" height=\"656\" src=\"https:\/\/graziamagazine.com\/es\/wp-content\/uploads\/sites\/12\/2025\/02\/Captura-de-pantalla-2025-02-19-a-las-23.37.53.png\" class=\"lazy\" alt=\"\" srcset=\"https:\/\/graziamagazine.com\/es\/wp-content\/uploads\/sites\/12\/2025\/02\/Captura-de-pantalla-2025-02-19-a-las-23.37.53.png 1256w, https:\/\/graziamagazine.com\/es\/wp-content\/uploads\/sites\/12\/2025\/02\/Captura-de-pantalla-2025-02-19-a-las-23.37.53-300x157.png 300w, https:\/\/graziamagazine.com\/es\/wp-content\/uploads\/sites\/12\/2025\/02\/Captura-de-pantalla-2025-02-19-a-las-23.37.53-1024x535.png 1024w, https:\/\/graziamagazine.com\/es\/wp-content\/uploads\/sites\/12\/2025\/02\/Captura-de-pantalla-2025-02-19-a-las-23.37.53-768x401.png 768w, https:\/\/graziamagazine.com\/es\/wp-content\/uploads\/sites\/12\/2025\/02\/Captura-de-pantalla-2025-02-19-a-las-23.37.53-400x209.png 400w, https:\/\/graziamagazine.com\/es\/wp-content\/uploads\/sites\/12\/2025\/02\/Captura-de-pantalla-2025-02-19-a-las-23.37.53-155x81.png 155w\" sizes=\"(max-width: 1256px) 100vw, 1256px\" \/><\/div><\/figure><figure class=\"gallery-item\"><div class=\"gallery-icon landscape\"><img loading=\"lazy\" decoding=\"async\" width=\"1230\" height=\"650\" src=\"https:\/\/graziamagazine.com\/es\/wp-content\/uploads\/sites\/12\/2025\/02\/Captura-de-pantalla-2025-02-19-a-las-23.38.02.png\" class=\"lazy\" alt=\"\" srcset=\"https:\/\/graziamagazine.com\/es\/wp-content\/uploads\/sites\/12\/2025\/02\/Captura-de-pantalla-2025-02-19-a-las-23.38.02.png 1230w, https:\/\/graziamagazine.com\/es\/wp-content\/uploads\/sites\/12\/2025\/02\/Captura-de-pantalla-2025-02-19-a-las-23.38.02-300x159.png 300w, https:\/\/graziamagazine.com\/es\/wp-content\/uploads\/sites\/12\/2025\/02\/Captura-de-pantalla-2025-02-19-a-las-23.38.02-1024x541.png 1024w, https:\/\/graziamagazine.com\/es\/wp-content\/uploads\/sites\/12\/2025\/02\/Captura-de-pantalla-2025-02-19-a-las-23.38.02-768x406.png 768w, https:\/\/graziamagazine.com\/es\/wp-content\/uploads\/sites\/12\/2025\/02\/Captura-de-pantalla-2025-02-19-a-las-23.38.02-400x211.png 400w, https:\/\/graziamagazine.com\/es\/wp-content\/uploads\/sites\/12\/2025\/02\/Captura-de-pantalla-2025-02-19-a-las-23.38.02-155x82.png 155w\" sizes=\"(max-width: 1230px) 100vw, 1230px\" \/><\/div><\/figure><figure class=\"gallery-item\"><div class=\"gallery-icon landscape\"><img loading=\"lazy\" decoding=\"async\" width=\"1244\" height=\"790\" src=\"https:\/\/graziamagazine.com\/es\/wp-content\/uploads\/sites\/12\/2025\/02\/Captura-de-pantalla-2025-02-19-a-las-23.38.14.png\" class=\"lazy\" alt=\"\" srcset=\"https:\/\/graziamagazine.com\/es\/wp-content\/uploads\/sites\/12\/2025\/02\/Captura-de-pantalla-2025-02-19-a-las-23.38.14.png 1244w, https:\/\/graziamagazine.com\/es\/wp-content\/uploads\/sites\/12\/2025\/02\/Captura-de-pantalla-2025-02-19-a-las-23.38.14-300x191.png 300w, https:\/\/graziamagazine.com\/es\/wp-content\/uploads\/sites\/12\/2025\/02\/Captura-de-pantalla-2025-02-19-a-las-23.38.14-1024x650.png 1024w, https:\/\/graziamagazine.com\/es\/wp-content\/uploads\/sites\/12\/2025\/02\/Captura-de-pantalla-2025-02-19-a-las-23.38.14-768x488.png 768w, https:\/\/graziamagazine.com\/es\/wp-content\/uploads\/sites\/12\/2025\/02\/Captura-de-pantalla-2025-02-19-a-las-23.38.14-400x254.png 400w, https:\/\/graziamagazine.com\/es\/wp-content\/uploads\/sites\/12\/2025\/02\/Captura-de-pantalla-2025-02-19-a-las-23.38.14-155x98.png 155w\" sizes=\"(max-width: 1244px) 100vw, 1244px\" \/><\/div><\/figure><\/div><\/div>\n<p>Cada uno de los modelos de M\u00d3 x EVADE HOUSE <a href=\"https:\/\/www.multiopticas.com\/es\/evadehouse.html\" target=\"_blank\">tiene un precio de 69 euros y puedes hacerte con ellas a trav\u00e9s de su web o en sus puntos de venta.\u00a0<\/a><\/p>\n<p><em>*Im\u00e1genes: cortes\u00eda<\/em><\/p>\n","protected":false},"author":11653,"featured_media":182691,"template":"","format":"standard","categories":[1],"acf":[],"yoast_head":"<!-- This site is optimized with the Yoast SEO Premium plugin v18.5 (Yoast SEO v20.4) - https:\/\/yoast.com\/wordpress\/plugins\/seo\/ -->\n<title>M\u00d3\u00a0x EVADE HOUSE, las gafas vanguardistas de MBFWMadrid<\/title>\n<meta name=\"description\" content=\"La dise\u00f1adora emergente fusiona en esta c\u00e1psula dise\u00f1o, IA y biomateriales para revolucionar el mundo de los accesorios.\" \/>\n<meta name=\"robots\" content=\"index, follow, max-snippet:-1, max-image-preview:large, max-video-preview:-1\" \/>\n<link rel=\"canonical\" href=\"https:\/\/graziamagazine.com\/es\/articles\/mo-x-evade-house-las-gafas-vanguardistas-de-mbfwmadrid\/\" \/>\n<meta property=\"og:locale\" content=\"es_ES\" \/>\n<meta property=\"og:type\" content=\"article\" \/>\n<meta property=\"og:title\" content=\"M\u00d3\u00a0x EVADE HOUSE, las gafas vanguardistas de MBFWMadrid\" \/>\n<meta property=\"og:description\" content=\"La dise\u00f1adora emergente fusiona en esta c\u00e1psula dise\u00f1o, IA y biomateriales para revolucionar el mundo de los accesorios.\" \/>\n<meta property=\"og:url\" content=\"https:\/\/graziamagazine.com\/es\/articles\/mo-x-evade-house-las-gafas-vanguardistas-de-mbfwmadrid\/\" \/>\n<meta property=\"og:site_name\" content=\"Grazia\" \/>\n<meta property=\"article:modified_time\" content=\"2025-02-20T21:55:28+00:00\" \/>\n<meta property=\"og:image\" content=\"https:\/\/graziamagazine.com\/es\/wp-content\/uploads\/sites\/12\/2025\/02\/EVADE_MO-F5-0723-copia-scaled.jpeg\" \/>\n\t<meta property=\"og:image:width\" content=\"2560\" \/>\n\t<meta property=\"og:image:height\" content=\"1920\" \/>\n\t<meta property=\"og:image:type\" content=\"image\/jpeg\" \/>\n<meta name=\"twitter:card\" content=\"summary_large_image\" \/>\n<meta name=\"twitter:label1\" content=\"Est. reading time\" \/>\n\t<meta name=\"twitter:data1\" content=\"4 minutos\" \/>\n<script type=\"application\/ld+json\" class=\"yoast-schema-graph\">{\"@context\":\"https:\/\/schema.org\",\"@graph\":[{\"@type\":\"WebPage\",\"@id\":\"https:\/\/graziamagazine.com\/es\/articles\/mo-x-evade-house-las-gafas-vanguardistas-de-mbfwmadrid\/\",\"url\":\"https:\/\/graziamagazine.com\/es\/articles\/mo-x-evade-house-las-gafas-vanguardistas-de-mbfwmadrid\/\",\"name\":\"M\u00d3\u00a0x EVADE HOUSE, las gafas vanguardistas de MBFWMadrid\",\"isPartOf\":{\"@id\":\"https:\/\/graziamagazine.com\/es\/#website\"},\"datePublished\":\"2025-02-20T07:00:16+00:00\",\"dateModified\":\"2025-02-20T21:55:28+00:00\",\"description\":\"La dise\u00f1adora emergente fusiona en esta c\u00e1psula dise\u00f1o, IA y biomateriales para revolucionar el mundo de los accesorios.\",\"breadcrumb\":{\"@id\":\"https:\/\/graziamagazine.com\/es\/articles\/mo-x-evade-house-las-gafas-vanguardistas-de-mbfwmadrid\/#breadcrumb\"},\"inLanguage\":\"es\",\"potentialAction\":[{\"@type\":\"ReadAction\",\"target\":[\"https:\/\/graziamagazine.com\/es\/articles\/mo-x-evade-house-las-gafas-vanguardistas-de-mbfwmadrid\/\"]}]},{\"@type\":\"BreadcrumbList\",\"@id\":\"https:\/\/graziamagazine.com\/es\/articles\/mo-x-evade-house-las-gafas-vanguardistas-de-mbfwmadrid\/#breadcrumb\",\"itemListElement\":[{\"@type\":\"ListItem\",\"position\":1,\"name\":\"Portada\",\"item\":\"https:\/\/graziamagazine.com\/es\/\"},{\"@type\":\"ListItem\",\"position\":2,\"name\":\"M\u00d3\u00a0x EVADE HOUSE, las gafas vanguardistas de MBFWMadrid\"}]},{\"@type\":\"WebSite\",\"@id\":\"https:\/\/graziamagazine.com\/es\/#website\",\"url\":\"https:\/\/graziamagazine.com\/es\/\",\"name\":\"Grazia\",\"description\":\"Moda, belleza, celebrities, estilo de vida...\",\"potentialAction\":[{\"@type\":\"SearchAction\",\"target\":{\"@type\":\"EntryPoint\",\"urlTemplate\":\"https:\/\/graziamagazine.com\/es\/?s={search_term_string}\"},\"query-input\":\"required name=search_term_string\"}],\"inLanguage\":\"es\"}]}<\/script>\n<!-- \/ Yoast SEO Premium plugin. -->","yoast_head_json":{"title":"M\u00d3\u00a0x EVADE HOUSE, las gafas vanguardistas de MBFWMadrid","description":"La dise\u00f1adora emergente fusiona en esta c\u00e1psula dise\u00f1o, IA y biomateriales para revolucionar el mundo de los accesorios.","robots":{"index":"index","follow":"follow","max-snippet":"max-snippet:-1","max-image-preview":"max-image-preview:large","max-video-preview":"max-video-preview:-1"},"canonical":"https:\/\/graziamagazine.com\/es\/articles\/mo-x-evade-house-las-gafas-vanguardistas-de-mbfwmadrid\/","og_locale":"es_ES","og_type":"article","og_title":"M\u00d3\u00a0x EVADE HOUSE, las gafas vanguardistas de MBFWMadrid","og_description":"La dise\u00f1adora emergente fusiona en esta c\u00e1psula dise\u00f1o, IA y biomateriales para revolucionar el mundo de los accesorios.","og_url":"https:\/\/graziamagazine.com\/es\/articles\/mo-x-evade-house-las-gafas-vanguardistas-de-mbfwmadrid\/","og_site_name":"Grazia","article_modified_time":"2025-02-20T21:55:28+00:00","og_image":[{"width":2560,"height":1920,"url":"https:\/\/graziamagazine.com\/es\/wp-content\/uploads\/sites\/12\/2025\/02\/EVADE_MO-F5-0723-copia-scaled.jpeg","type":"image\/jpeg"}],"twitter_card":"summary_large_image","twitter_misc":{"Est. reading time":"4 minutos"},"schema":{"@context":"https:\/\/schema.org","@graph":[{"@type":"WebPage","@id":"https:\/\/graziamagazine.com\/es\/articles\/mo-x-evade-house-las-gafas-vanguardistas-de-mbfwmadrid\/","url":"https:\/\/graziamagazine.com\/es\/articles\/mo-x-evade-house-las-gafas-vanguardistas-de-mbfwmadrid\/","name":"M\u00d3\u00a0x EVADE HOUSE, las gafas vanguardistas de MBFWMadrid","isPartOf":{"@id":"https:\/\/graziamagazine.com\/es\/#website"},"datePublished":"2025-02-20T07:00:16+00:00","dateModified":"2025-02-20T21:55:28+00:00","description":"La dise\u00f1adora emergente fusiona en esta c\u00e1psula dise\u00f1o, IA y biomateriales para revolucionar el mundo de los accesorios.","breadcrumb":{"@id":"https:\/\/graziamagazine.com\/es\/articles\/mo-x-evade-house-las-gafas-vanguardistas-de-mbfwmadrid\/#breadcrumb"},"inLanguage":"es","potentialAction":[{"@type":"ReadAction","target":["https:\/\/graziamagazine.com\/es\/articles\/mo-x-evade-house-las-gafas-vanguardistas-de-mbfwmadrid\/"]}]},{"@type":"BreadcrumbList","@id":"https:\/\/graziamagazine.com\/es\/articles\/mo-x-evade-house-las-gafas-vanguardistas-de-mbfwmadrid\/#breadcrumb","itemListElement":[{"@type":"ListItem","position":1,"name":"Portada","item":"https:\/\/graziamagazine.com\/es\/"},{"@type":"ListItem","position":2,"name":"M\u00d3\u00a0x EVADE HOUSE, las gafas vanguardistas de MBFWMadrid"}]},{"@type":"WebSite","@id":"https:\/\/graziamagazine.com\/es\/#website","url":"https:\/\/graziamagazine.com\/es\/","name":"Grazia","description":"Moda, belleza, celebrities, estilo de vida...","potentialAction":[{"@type":"SearchAction","target":{"@type":"EntryPoint","urlTemplate":"https:\/\/graziamagazine.com\/es\/?s={search_term_string}"},"query-input":"required name=search_term_string"}],"inLanguage":"es"}]}},"jetpack_sharing_enabled":true,"distributor_meta":false,"distributor_terms":false,"distributor_media":false,"distributor_original_site_name":"Grazia","distributor_original_site_url":"https:\/\/graziamagazine.com\/es","push-errors":false,"_links":{"self":[{"href":"https:\/\/graziamagazine.com\/es\/wp-json\/wp\/v2\/articles\/182667"}],"collection":[{"href":"https:\/\/graziamagazine.com\/es\/wp-json\/wp\/v2\/articles"}],"about":[{"href":"https:\/\/graziamagazine.com\/es\/wp-json\/wp\/v2\/types\/articles"}],"author":[{"embeddable":true,"href":"https:\/\/graziamagazine.com\/es\/wp-json\/wp\/v2\/users\/11653"}],"wp:featuredmedia":[{"embeddable":true,"href":"https:\/\/graziamagazine.com\/es\/wp-json\/wp\/v2\/media\/182691"}],"wp:attachment":[{"href":"https:\/\/graziamagazine.com\/es\/wp-json\/wp\/v2\/media?parent=182667"}],"wp:term":[{"taxonomy":"category","embeddable":true,"href":"https:\/\/graziamagazine.com\/es\/wp-json\/wp\/v2\/categories?post=182667"}],"curies":[{"name":"wp","href":"https:\/\/api.w.org\/{rel}","templated":true}]}}