{"id":182659,"date":"2025-02-19T12:20:39","date_gmt":"2025-02-19T11:20:39","guid":{"rendered":"https:\/\/graziamagazine.com\/es\/?post_type=articles&#038;p=182659"},"modified":"2025-02-19T12:20:39","modified_gmt":"2025-02-19T11:20:39","slug":"todo-lo-que-debes-saber-de-la-gala-met-2025","status":"publish","type":"articles","link":"https:\/\/graziamagazine.com\/es\/articles\/todo-lo-que-debes-saber-de-la-gala-met-2025\/","title":{"rendered":"Todo lo que debes saber de la Gala MET 2025"},"content":{"rendered":"<p><span style=\"font-weight: 400\">El lunes m\u00e1s importante del mes de mayo ya est\u00e1 a la vuelta de la esquina. Bajo el tema <em><strong>Superfine: Tailoring Black Style,<\/strong><\/em> la edici\u00f3n 2025 de la esperada <strong>MET Gala<\/strong> llevar\u00e1 la moda masculina a otro nivel con un homenaje al \u2018dandismo\u2019 y la elegancia a la medida.<\/span><\/p>\n<p><span style=\"font-weight: 400\">El evento se celebrar\u00e1 el lunes 5 de mayo en su sede de siempre: el <strong>Museo Metropolitano de Arte de Nueva York.<\/strong> Como cada a\u00f1o, esta noche servir\u00e1 para recaudar fondos para el <strong>Costume Institute<\/strong>, demostrando que el glamour y la filantrop\u00eda son amigos.<\/span><\/p>\n        <blockquote class=\"instagram-media \" style=\"background: #ffffff;border: 0;margin: 1px;width: 100%;padding: 0;\"  data-instgrm-permalink=\"https:\/\/www.instagram.com\/p\/DFqLqhJPgl4\/?hl=es\" data-instgrm-version=\"14\"><\/blockquote>\n<p><span style=\"font-weight: 400\">Inspirado en el libro <\/span><strong><i>Slaves to Fashion: Black Dandyism and the Styling of Black Diasporic Identity<\/i><\/strong><span style=\"font-weight: 400\"><strong> (Esclavos de la moda: el dandismo negro y el dise\u00f1o de la identidad diasp\u00f3rica negra)<\/strong> de Monica L. Miller, el tema de esta edici\u00f3n explorar\u00e1 la evoluci\u00f3n del estilo de los hombres negros en el contexto del dandismo, desde el siglo XVIII hasta hoy.\u00a0<\/span><\/p>\n<p><span style=\"font-weight: 400\">As\u00ed se celebrar\u00e1 la moda masculina en su m\u00e1xima expresi\u00f3n, con cortes precisos, sastrer\u00eda impecable y una fuerte identidad cultural.<\/span><\/p>\n<blockquote><p>El c\u00f3digo de vestimenta de la MET Gala 2025 es \u201cTailored for You\u201d, en espa\u00f1ol, Hecho a la medida,\u00a0y estar\u00e1 alineado con el tema de la exposici\u00f3n en la ropa masculina.<\/p><\/blockquote>\n        <blockquote class=\"instagram-media \" style=\"background: #ffffff;border: 0;margin: 1px;width: 100%;padding: 0;\"  data-instgrm-permalink=\"https:\/\/www.instagram.com\/p\/DFqu3X-JwQJ\/?hl=es&amp;img_index=1\" data-instgrm-version=\"14\"><\/blockquote>\n<p><span style=\"font-weight: 400\">Olv\u00eddate de los atuendos improvisados. Este a\u00f1o, el c\u00f3digo de vestimenta invita a los asistentes a lucir siluetas personalizadas con el concepto \u201cA medida para ti\u201d, una referencia a la sastrer\u00eda masculina reinterpretada con toques creativos y modernos. Se espera que las celebridades sorprendan con looks que mezclen la tradici\u00f3n y la innovaci\u00f3n, redefiniendo el estilo masculino con su propio sello personal.<\/span><\/p>\n<p><span style=\"font-weight: 400\">Como cada a\u00f1o, la MET Gala contar\u00e1 con un grupo de copresidentes de lujo. En esta edici\u00f3n, los elegidos son <strong>Colman Domingo, Lewis Hamilton, A$AP Rocky, Pharrell Williams y Anna Wintour. Adem\u00e1s, LeBron James<\/strong> ser\u00e1 el presidente de honor, garantizando el \u00e9xito de la velada.<\/span><\/p>\n<p><span style=\"font-weight: 400\">Entre los asistentes que casi seguro veremos en la alfombra roja destacan Simone Biles, Dapper Dan, Doechii, Ayo Edebiri, Edward Enninful, Janelle Mon\u00e1e, Angel Reese, Sha\u2019Carri Richardson, Olivier Rousteing, Tyla y USHER.<\/span><\/p>\n<p><span style=\"font-weight: 400\">Si algo sabemos de este evento es que nunca decepciona. Con un enfoque creativo en la moda masculina y la reinterpretaci\u00f3n del dandismo, podemos esperar desde trajes impecables hasta combinaciones atrevidas que desaf\u00eden los c\u00f3digos tradicionales.\u00a0<\/span><\/p>\n<p><em>*Imagen: Getty Images<\/em><\/p>\n","protected":false},"author":16349,"featured_media":182674,"template":"","format":"standard","categories":[2971],"acf":{"banner":""},"yoast_head":"<!-- This site is optimized with the Yoast SEO Premium plugin v18.5 (Yoast SEO v20.4) - https:\/\/yoast.com\/wordpress\/plugins\/seo\/ -->\n<title>Todo lo que debes saber de la Gala MET 2025<\/title>\n<meta name=\"description\" content=\"Celebrar\u00e1 la moda masculina en su m\u00e1xima expresi\u00f3n, con cortes precisos, sastrer\u00eda impecable y una fuerte identidad cultural.\" \/>\n<meta name=\"robots\" content=\"index, follow, max-snippet:-1, max-image-preview:large, max-video-preview:-1\" \/>\n<link rel=\"canonical\" href=\"https:\/\/graziamagazine.com\/es\/articles\/todo-lo-que-debes-saber-de-la-gala-met-2025\/\" \/>\n<meta property=\"og:locale\" content=\"es_ES\" \/>\n<meta property=\"og:type\" content=\"article\" \/>\n<meta property=\"og:title\" content=\"Todo lo que debes saber de la Gala MET 2025\" \/>\n<meta property=\"og:description\" content=\"Celebrar\u00e1 la moda masculina en su m\u00e1xima expresi\u00f3n, con cortes precisos, sastrer\u00eda impecable y una fuerte identidad cultural.\" \/>\n<meta property=\"og:url\" content=\"https:\/\/graziamagazine.com\/es\/articles\/todo-lo-que-debes-saber-de-la-gala-met-2025\/\" \/>\n<meta property=\"og:site_name\" content=\"Grazia\" \/>\n<meta property=\"og:image\" content=\"https:\/\/graziamagazine.com\/es\/wp-content\/uploads\/sites\/12\/2025\/02\/tema-de-la-met-gala-2025-explicado-curadores-anfitriones-copia.jpg\" \/>\n\t<meta property=\"og:image:width\" content=\"1600\" \/>\n\t<meta property=\"og:image:height\" content=\"1067\" \/>\n\t<meta property=\"og:image:type\" content=\"image\/jpeg\" \/>\n<meta name=\"twitter:card\" content=\"summary_large_image\" \/>\n<meta name=\"twitter:label1\" content=\"Est. reading time\" \/>\n\t<meta name=\"twitter:data1\" content=\"2 minutos\" \/>\n<script type=\"application\/ld+json\" class=\"yoast-schema-graph\">{\"@context\":\"https:\/\/schema.org\",\"@graph\":[{\"@type\":\"WebPage\",\"@id\":\"https:\/\/graziamagazine.com\/es\/articles\/todo-lo-que-debes-saber-de-la-gala-met-2025\/\",\"url\":\"https:\/\/graziamagazine.com\/es\/articles\/todo-lo-que-debes-saber-de-la-gala-met-2025\/\",\"name\":\"Todo lo que debes saber de la Gala MET 2025\",\"isPartOf\":{\"@id\":\"https:\/\/graziamagazine.com\/es\/#website\"},\"datePublished\":\"2025-02-19T11:20:39+00:00\",\"dateModified\":\"2025-02-19T11:20:39+00:00\",\"description\":\"Celebrar\u00e1 la moda masculina en su m\u00e1xima expresi\u00f3n, con cortes precisos, sastrer\u00eda impecable y una fuerte identidad cultural.\",\"breadcrumb\":{\"@id\":\"https:\/\/graziamagazine.com\/es\/articles\/todo-lo-que-debes-saber-de-la-gala-met-2025\/#breadcrumb\"},\"inLanguage\":\"es\",\"potentialAction\":[{\"@type\":\"ReadAction\",\"target\":[\"https:\/\/graziamagazine.com\/es\/articles\/todo-lo-que-debes-saber-de-la-gala-met-2025\/\"]}]},{\"@type\":\"BreadcrumbList\",\"@id\":\"https:\/\/graziamagazine.com\/es\/articles\/todo-lo-que-debes-saber-de-la-gala-met-2025\/#breadcrumb\",\"itemListElement\":[{\"@type\":\"ListItem\",\"position\":1,\"name\":\"Portada\",\"item\":\"https:\/\/graziamagazine.com\/es\/\"},{\"@type\":\"ListItem\",\"position\":2,\"name\":\"Todo lo que debes saber de la Gala MET 2025\"}]},{\"@type\":\"WebSite\",\"@id\":\"https:\/\/graziamagazine.com\/es\/#website\",\"url\":\"https:\/\/graziamagazine.com\/es\/\",\"name\":\"Grazia\",\"description\":\"Moda, belleza, celebrities, estilo de vida...\",\"potentialAction\":[{\"@type\":\"SearchAction\",\"target\":{\"@type\":\"EntryPoint\",\"urlTemplate\":\"https:\/\/graziamagazine.com\/es\/?s={search_term_string}\"},\"query-input\":\"required name=search_term_string\"}],\"inLanguage\":\"es\"}]}<\/script>\n<!-- \/ Yoast SEO Premium plugin. -->","yoast_head_json":{"title":"Todo lo que debes saber de la Gala MET 2025","description":"Celebrar\u00e1 la moda masculina en su m\u00e1xima expresi\u00f3n, con cortes precisos, sastrer\u00eda impecable y una fuerte identidad cultural.","robots":{"index":"index","follow":"follow","max-snippet":"max-snippet:-1","max-image-preview":"max-image-preview:large","max-video-preview":"max-video-preview:-1"},"canonical":"https:\/\/graziamagazine.com\/es\/articles\/todo-lo-que-debes-saber-de-la-gala-met-2025\/","og_locale":"es_ES","og_type":"article","og_title":"Todo lo que debes saber de la Gala MET 2025","og_description":"Celebrar\u00e1 la moda masculina en su m\u00e1xima expresi\u00f3n, con cortes precisos, sastrer\u00eda impecable y una fuerte identidad cultural.","og_url":"https:\/\/graziamagazine.com\/es\/articles\/todo-lo-que-debes-saber-de-la-gala-met-2025\/","og_site_name":"Grazia","og_image":[{"width":1600,"height":1067,"url":"https:\/\/graziamagazine.com\/es\/wp-content\/uploads\/sites\/12\/2025\/02\/tema-de-la-met-gala-2025-explicado-curadores-anfitriones-copia.jpg","type":"image\/jpeg"}],"twitter_card":"summary_large_image","twitter_misc":{"Est. reading time":"2 minutos"},"schema":{"@context":"https:\/\/schema.org","@graph":[{"@type":"WebPage","@id":"https:\/\/graziamagazine.com\/es\/articles\/todo-lo-que-debes-saber-de-la-gala-met-2025\/","url":"https:\/\/graziamagazine.com\/es\/articles\/todo-lo-que-debes-saber-de-la-gala-met-2025\/","name":"Todo lo que debes saber de la Gala MET 2025","isPartOf":{"@id":"https:\/\/graziamagazine.com\/es\/#website"},"datePublished":"2025-02-19T11:20:39+00:00","dateModified":"2025-02-19T11:20:39+00:00","description":"Celebrar\u00e1 la moda masculina en su m\u00e1xima expresi\u00f3n, con cortes precisos, sastrer\u00eda impecable y una fuerte identidad cultural.","breadcrumb":{"@id":"https:\/\/graziamagazine.com\/es\/articles\/todo-lo-que-debes-saber-de-la-gala-met-2025\/#breadcrumb"},"inLanguage":"es","potentialAction":[{"@type":"ReadAction","target":["https:\/\/graziamagazine.com\/es\/articles\/todo-lo-que-debes-saber-de-la-gala-met-2025\/"]}]},{"@type":"BreadcrumbList","@id":"https:\/\/graziamagazine.com\/es\/articles\/todo-lo-que-debes-saber-de-la-gala-met-2025\/#breadcrumb","itemListElement":[{"@type":"ListItem","position":1,"name":"Portada","item":"https:\/\/graziamagazine.com\/es\/"},{"@type":"ListItem","position":2,"name":"Todo lo que debes saber de la Gala MET 2025"}]},{"@type":"WebSite","@id":"https:\/\/graziamagazine.com\/es\/#website","url":"https:\/\/graziamagazine.com\/es\/","name":"Grazia","description":"Moda, belleza, celebrities, estilo de vida...","potentialAction":[{"@type":"SearchAction","target":{"@type":"EntryPoint","urlTemplate":"https:\/\/graziamagazine.com\/es\/?s={search_term_string}"},"query-input":"required name=search_term_string"}],"inLanguage":"es"}]}},"jetpack_sharing_enabled":true,"distributor_meta":false,"distributor_terms":false,"distributor_media":false,"distributor_original_site_name":"Grazia","distributor_original_site_url":"https:\/\/graziamagazine.com\/es","push-errors":false,"_links":{"self":[{"href":"https:\/\/graziamagazine.com\/es\/wp-json\/wp\/v2\/articles\/182659"}],"collection":[{"href":"https:\/\/graziamagazine.com\/es\/wp-json\/wp\/v2\/articles"}],"about":[{"href":"https:\/\/graziamagazine.com\/es\/wp-json\/wp\/v2\/types\/articles"}],"author":[{"embeddable":true,"href":"https:\/\/graziamagazine.com\/es\/wp-json\/wp\/v2\/users\/16349"}],"wp:featuredmedia":[{"embeddable":true,"href":"https:\/\/graziamagazine.com\/es\/wp-json\/wp\/v2\/media\/182674"}],"wp:attachment":[{"href":"https:\/\/graziamagazine.com\/es\/wp-json\/wp\/v2\/media?parent=182659"}],"wp:term":[{"taxonomy":"category","embeddable":true,"href":"https:\/\/graziamagazine.com\/es\/wp-json\/wp\/v2\/categories?post=182659"}],"curies":[{"name":"wp","href":"https:\/\/api.w.org\/{rel}","templated":true}]}}