{"id":182552,"date":"2025-02-17T09:00:09","date_gmt":"2025-02-17T08:00:09","guid":{"rendered":"https:\/\/graziamagazine.com\/es\/?post_type=articles&#038;p=182552"},"modified":"2025-02-17T00:05:16","modified_gmt":"2025-02-16T23:05:16","slug":"adlib-ibiza-desfila-por-primera-vez-en-madrid-es-moda","status":"publish","type":"articles","link":"https:\/\/graziamagazine.com\/es\/articles\/adlib-ibiza-desfila-por-primera-vez-en-madrid-es-moda\/","title":{"rendered":"Adlib Ibiza desfila por primera vez en Madrid es Moda"},"content":{"rendered":"<p>El Palacio de Fern\u00e1n N\u00fa\u00f1ez se convirti\u00f3 en el entorno id\u00edlico en el que por primera vez los dise\u00f1adores de\u00a0<strong>Adlib Ibiza\u00a0<\/strong>han presentado sus creaciones en la Semana de la Moda de Madrid. Las catorce marcas pertenecientes al sello de moda ibicenco se presentaron en la capital por primera vez en el marco de Madrid es Moda, un nuevo hito para para la marca de moda ibicenca, que organiza pasarela m\u00e1s antigua de Espa\u00f1a.<\/p>\n<p><img loading=\"lazy\" decoding=\"async\" class=\"aligncenter size-full wp-image-182558\" src=\"https:\/\/graziamagazine.com\/es\/wp-content\/uploads\/sites\/12\/2025\/02\/web-ad-lib-ibiza-MEM-0225-pablo-paniagua-0011.jpg\" alt=\"\" width=\"1197\" height=\"1800\" srcset=\"https:\/\/graziamagazine.com\/es\/wp-content\/uploads\/sites\/12\/2025\/02\/web-ad-lib-ibiza-MEM-0225-pablo-paniagua-0011.jpg 1197w, https:\/\/graziamagazine.com\/es\/wp-content\/uploads\/sites\/12\/2025\/02\/web-ad-lib-ibiza-MEM-0225-pablo-paniagua-0011-200x300.jpg 200w, https:\/\/graziamagazine.com\/es\/wp-content\/uploads\/sites\/12\/2025\/02\/web-ad-lib-ibiza-MEM-0225-pablo-paniagua-0011-681x1024.jpg 681w, https:\/\/graziamagazine.com\/es\/wp-content\/uploads\/sites\/12\/2025\/02\/web-ad-lib-ibiza-MEM-0225-pablo-paniagua-0011-768x1155.jpg 768w, https:\/\/graziamagazine.com\/es\/wp-content\/uploads\/sites\/12\/2025\/02\/web-ad-lib-ibiza-MEM-0225-pablo-paniagua-0011-1021x1536.jpg 1021w, https:\/\/graziamagazine.com\/es\/wp-content\/uploads\/sites\/12\/2025\/02\/web-ad-lib-ibiza-MEM-0225-pablo-paniagua-0011-400x602.jpg 400w, https:\/\/graziamagazine.com\/es\/wp-content\/uploads\/sites\/12\/2025\/02\/web-ad-lib-ibiza-MEM-0225-pablo-paniagua-0011-143x215.jpg 143w\" sizes=\"(max-width: 1197px) 100vw, 1197px\" \/><\/p>\n<p>Los creadores, amparados por el <strong>Consell d\u2019Eivissa<\/strong>, que mostraron su colecci\u00f3n SS25 y un adelanto de lo que veremos en la pr\u00f3xima Pasarela Adlib en Ibiza, son Ibimoda, Monika Maxim Ibiza, Piluca Bayarri, Ibiza Stones, S72 Hat, Estrivancus, K de Kosekose, Espardenyes Torres, Dolors Mir\u00f3 Ibiza, Elisa Pomar Ibiza, Ivanna Mestres, Virginia Vald, Vintage Ibiza y Tony Bonet. Prendas, joyas y complementos\u00a0<strong>elaborados en talleres artesanos de la isla<\/strong>\u00a0que son una fusi\u00f3n de indumentaria tradicional con nuevas tendencias, que recuperan la artesan\u00eda de sus antepasados.<\/p>\n<p><img loading=\"lazy\" decoding=\"async\" class=\"aligncenter size-full wp-image-182556\" src=\"https:\/\/graziamagazine.com\/es\/wp-content\/uploads\/sites\/12\/2025\/02\/web-ad-lib-ibiza-MEM-0225-pablo-paniagua-0015.jpg\" alt=\"\" width=\"1197\" height=\"1800\" srcset=\"https:\/\/graziamagazine.com\/es\/wp-content\/uploads\/sites\/12\/2025\/02\/web-ad-lib-ibiza-MEM-0225-pablo-paniagua-0015.jpg 1197w, https:\/\/graziamagazine.com\/es\/wp-content\/uploads\/sites\/12\/2025\/02\/web-ad-lib-ibiza-MEM-0225-pablo-paniagua-0015-200x300.jpg 200w, https:\/\/graziamagazine.com\/es\/wp-content\/uploads\/sites\/12\/2025\/02\/web-ad-lib-ibiza-MEM-0225-pablo-paniagua-0015-681x1024.jpg 681w, https:\/\/graziamagazine.com\/es\/wp-content\/uploads\/sites\/12\/2025\/02\/web-ad-lib-ibiza-MEM-0225-pablo-paniagua-0015-768x1155.jpg 768w, https:\/\/graziamagazine.com\/es\/wp-content\/uploads\/sites\/12\/2025\/02\/web-ad-lib-ibiza-MEM-0225-pablo-paniagua-0015-1021x1536.jpg 1021w, https:\/\/graziamagazine.com\/es\/wp-content\/uploads\/sites\/12\/2025\/02\/web-ad-lib-ibiza-MEM-0225-pablo-paniagua-0015-400x602.jpg 400w, https:\/\/graziamagazine.com\/es\/wp-content\/uploads\/sites\/12\/2025\/02\/web-ad-lib-ibiza-MEM-0225-pablo-paniagua-0015-143x215.jpg 143w\" sizes=\"(max-width: 1197px) 100vw, 1197px\" \/><\/p>\n<p>Cada uno de estos dise\u00f1os transmite no s\u00f3lo la sensibilidad por el entorno de la isla, sino que\u00a0<strong>mantienen viva la tradici\u00f3n y la cultura ibicenca<\/strong>. Una apuesta por una moda sostenible, partiendo de tejidos y materiales de alta calidad. En definitiva, piezas de dise\u00f1o exclusivo donde se conjugan las tendencias de moda contempor\u00e1neas, con la artesan\u00eda y un estilo muy mediterr\u00e1neo.<\/p>\n<p><img loading=\"lazy\" decoding=\"async\" class=\"aligncenter size-full wp-image-182555\" src=\"https:\/\/graziamagazine.com\/es\/wp-content\/uploads\/sites\/12\/2025\/02\/madridesmoda_oficial-1.jpg\" alt=\"\" width=\"1197\" height=\"1496\" srcset=\"https:\/\/graziamagazine.com\/es\/wp-content\/uploads\/sites\/12\/2025\/02\/madridesmoda_oficial-1.jpg 1197w, https:\/\/graziamagazine.com\/es\/wp-content\/uploads\/sites\/12\/2025\/02\/madridesmoda_oficial-1-240x300.jpg 240w, https:\/\/graziamagazine.com\/es\/wp-content\/uploads\/sites\/12\/2025\/02\/madridesmoda_oficial-1-819x1024.jpg 819w, https:\/\/graziamagazine.com\/es\/wp-content\/uploads\/sites\/12\/2025\/02\/madridesmoda_oficial-1-768x960.jpg 768w, https:\/\/graziamagazine.com\/es\/wp-content\/uploads\/sites\/12\/2025\/02\/madridesmoda_oficial-1-400x500.jpg 400w, https:\/\/graziamagazine.com\/es\/wp-content\/uploads\/sites\/12\/2025\/02\/madridesmoda_oficial-1-155x194.jpg 155w\" sizes=\"(max-width: 1197px) 100vw, 1197px\" \/><br \/>\nTodos estos valores hacen que <strong>Madrid es Moda<\/strong>\u00a0se convierta en la plataforma id\u00f3nea para desfilar por primera vez en la semana de la moda de la capital. Esta iniciativa de ACME (Asociaci\u00f3n de Creadores de Moda Espa\u00f1a) pone en valor las firmas que trabajan con procesos artesanales y que promueven el concepto\u00a0<em>slow fashion,<\/em>\u00a0acercando de esta manera el trabajo de los creativos y artesanos del sector al p\u00fablico final<em>.\u00a0<\/em><\/p>\n<p><img loading=\"lazy\" decoding=\"async\" class=\"aligncenter size-full wp-image-182554\" src=\"https:\/\/graziamagazine.com\/es\/wp-content\/uploads\/sites\/12\/2025\/02\/madridesmoda_oficial-2.jpg\" alt=\"\" width=\"1197\" height=\"1496\" srcset=\"https:\/\/graziamagazine.com\/es\/wp-content\/uploads\/sites\/12\/2025\/02\/madridesmoda_oficial-2.jpg 1197w, https:\/\/graziamagazine.com\/es\/wp-content\/uploads\/sites\/12\/2025\/02\/madridesmoda_oficial-2-240x300.jpg 240w, https:\/\/graziamagazine.com\/es\/wp-content\/uploads\/sites\/12\/2025\/02\/madridesmoda_oficial-2-819x1024.jpg 819w, https:\/\/graziamagazine.com\/es\/wp-content\/uploads\/sites\/12\/2025\/02\/madridesmoda_oficial-2-768x960.jpg 768w, https:\/\/graziamagazine.com\/es\/wp-content\/uploads\/sites\/12\/2025\/02\/madridesmoda_oficial-2-400x500.jpg 400w, https:\/\/graziamagazine.com\/es\/wp-content\/uploads\/sites\/12\/2025\/02\/madridesmoda_oficial-2-155x194.jpg 155w\" sizes=\"(max-width: 1197px) 100vw, 1197px\" \/><\/p>\n<p>Este proyecto se encuentra enmarcado en el programa municipal de Madrid Capital de Moda ha sido, por tanto, el marco id\u00f3neo en el que mostrar el valor de la moda artesana ibicenca.\u00a0Porque Ibiza y la moda Adlib Ibiza, siempre est\u00e1n de moda.<\/p>\n<p><em>*Im\u00e1genes: cortes\u00eda<\/em><\/p>\n","protected":false},"author":11653,"featured_media":182553,"template":"","format":"standard","categories":[1],"acf":[],"yoast_head":"<!-- This site is optimized with the Yoast SEO Premium plugin v18.5 (Yoast SEO v20.4) - https:\/\/yoast.com\/wordpress\/plugins\/seo\/ -->\n<title>Adlib Ibiza desfila por primera vez en Madrid es Moda<\/title>\n<meta name=\"description\" content=\"El sello de moda ibicenca ha presentado su colecci\u00f3n SS25 y un adelanto de SS26 en la Semana de la Moda de Madrid.\" \/>\n<meta name=\"robots\" content=\"index, follow, max-snippet:-1, max-image-preview:large, max-video-preview:-1\" \/>\n<link rel=\"canonical\" href=\"https:\/\/graziamagazine.com\/es\/articles\/adlib-ibiza-desfila-por-primera-vez-en-madrid-es-moda\/\" \/>\n<meta property=\"og:locale\" content=\"es_ES\" \/>\n<meta property=\"og:type\" content=\"article\" \/>\n<meta property=\"og:title\" content=\"Adlib Ibiza desfila por primera vez en Madrid es Moda\" \/>\n<meta property=\"og:description\" content=\"El sello de moda ibicenca ha presentado su colecci\u00f3n SS25 y un adelanto de SS26 en la Semana de la Moda de Madrid.\" \/>\n<meta property=\"og:url\" content=\"https:\/\/graziamagazine.com\/es\/articles\/adlib-ibiza-desfila-por-primera-vez-en-madrid-es-moda\/\" \/>\n<meta property=\"og:site_name\" content=\"Grazia\" \/>\n<meta property=\"article:modified_time\" content=\"2025-02-16T23:05:16+00:00\" \/>\n<meta property=\"og:image\" content=\"https:\/\/graziamagazine.com\/es\/wp-content\/uploads\/sites\/12\/2025\/02\/adlibmodaibiza-e1739746538576.jpg\" \/>\n\t<meta property=\"og:image:width\" content=\"1156\" \/>\n\t<meta property=\"og:image:height\" content=\"917\" \/>\n\t<meta property=\"og:image:type\" content=\"image\/jpeg\" \/>\n<meta name=\"twitter:card\" content=\"summary_large_image\" \/>\n<meta name=\"twitter:label1\" content=\"Est. reading time\" \/>\n\t<meta name=\"twitter:data1\" content=\"3 minutos\" \/>\n<script type=\"application\/ld+json\" class=\"yoast-schema-graph\">{\"@context\":\"https:\/\/schema.org\",\"@graph\":[{\"@type\":\"WebPage\",\"@id\":\"https:\/\/graziamagazine.com\/es\/articles\/adlib-ibiza-desfila-por-primera-vez-en-madrid-es-moda\/\",\"url\":\"https:\/\/graziamagazine.com\/es\/articles\/adlib-ibiza-desfila-por-primera-vez-en-madrid-es-moda\/\",\"name\":\"Adlib Ibiza desfila por primera vez en Madrid es Moda\",\"isPartOf\":{\"@id\":\"https:\/\/graziamagazine.com\/es\/#website\"},\"datePublished\":\"2025-02-17T08:00:09+00:00\",\"dateModified\":\"2025-02-16T23:05:16+00:00\",\"description\":\"El sello de moda ibicenca ha presentado su colecci\u00f3n SS25 y un adelanto de SS26 en la Semana de la Moda de Madrid.\",\"breadcrumb\":{\"@id\":\"https:\/\/graziamagazine.com\/es\/articles\/adlib-ibiza-desfila-por-primera-vez-en-madrid-es-moda\/#breadcrumb\"},\"inLanguage\":\"es\",\"potentialAction\":[{\"@type\":\"ReadAction\",\"target\":[\"https:\/\/graziamagazine.com\/es\/articles\/adlib-ibiza-desfila-por-primera-vez-en-madrid-es-moda\/\"]}]},{\"@type\":\"BreadcrumbList\",\"@id\":\"https:\/\/graziamagazine.com\/es\/articles\/adlib-ibiza-desfila-por-primera-vez-en-madrid-es-moda\/#breadcrumb\",\"itemListElement\":[{\"@type\":\"ListItem\",\"position\":1,\"name\":\"Portada\",\"item\":\"https:\/\/graziamagazine.com\/es\/\"},{\"@type\":\"ListItem\",\"position\":2,\"name\":\"Adlib Ibiza desfila por primera vez en Madrid es Moda\"}]},{\"@type\":\"WebSite\",\"@id\":\"https:\/\/graziamagazine.com\/es\/#website\",\"url\":\"https:\/\/graziamagazine.com\/es\/\",\"name\":\"Grazia\",\"description\":\"Moda, belleza, celebrities, estilo de vida...\",\"potentialAction\":[{\"@type\":\"SearchAction\",\"target\":{\"@type\":\"EntryPoint\",\"urlTemplate\":\"https:\/\/graziamagazine.com\/es\/?s={search_term_string}\"},\"query-input\":\"required name=search_term_string\"}],\"inLanguage\":\"es\"}]}<\/script>\n<!-- \/ Yoast SEO Premium plugin. -->","yoast_head_json":{"title":"Adlib Ibiza desfila por primera vez en Madrid es Moda","description":"El sello de moda ibicenca ha presentado su colecci\u00f3n SS25 y un adelanto de SS26 en la Semana de la Moda de Madrid.","robots":{"index":"index","follow":"follow","max-snippet":"max-snippet:-1","max-image-preview":"max-image-preview:large","max-video-preview":"max-video-preview:-1"},"canonical":"https:\/\/graziamagazine.com\/es\/articles\/adlib-ibiza-desfila-por-primera-vez-en-madrid-es-moda\/","og_locale":"es_ES","og_type":"article","og_title":"Adlib Ibiza desfila por primera vez en Madrid es Moda","og_description":"El sello de moda ibicenca ha presentado su colecci\u00f3n SS25 y un adelanto de SS26 en la Semana de la Moda de Madrid.","og_url":"https:\/\/graziamagazine.com\/es\/articles\/adlib-ibiza-desfila-por-primera-vez-en-madrid-es-moda\/","og_site_name":"Grazia","article_modified_time":"2025-02-16T23:05:16+00:00","og_image":[{"width":1156,"height":917,"url":"https:\/\/graziamagazine.com\/es\/wp-content\/uploads\/sites\/12\/2025\/02\/adlibmodaibiza-e1739746538576.jpg","type":"image\/jpeg"}],"twitter_card":"summary_large_image","twitter_misc":{"Est. reading time":"3 minutos"},"schema":{"@context":"https:\/\/schema.org","@graph":[{"@type":"WebPage","@id":"https:\/\/graziamagazine.com\/es\/articles\/adlib-ibiza-desfila-por-primera-vez-en-madrid-es-moda\/","url":"https:\/\/graziamagazine.com\/es\/articles\/adlib-ibiza-desfila-por-primera-vez-en-madrid-es-moda\/","name":"Adlib Ibiza desfila por primera vez en Madrid es Moda","isPartOf":{"@id":"https:\/\/graziamagazine.com\/es\/#website"},"datePublished":"2025-02-17T08:00:09+00:00","dateModified":"2025-02-16T23:05:16+00:00","description":"El sello de moda ibicenca ha presentado su colecci\u00f3n SS25 y un adelanto de SS26 en la Semana de la Moda de Madrid.","breadcrumb":{"@id":"https:\/\/graziamagazine.com\/es\/articles\/adlib-ibiza-desfila-por-primera-vez-en-madrid-es-moda\/#breadcrumb"},"inLanguage":"es","potentialAction":[{"@type":"ReadAction","target":["https:\/\/graziamagazine.com\/es\/articles\/adlib-ibiza-desfila-por-primera-vez-en-madrid-es-moda\/"]}]},{"@type":"BreadcrumbList","@id":"https:\/\/graziamagazine.com\/es\/articles\/adlib-ibiza-desfila-por-primera-vez-en-madrid-es-moda\/#breadcrumb","itemListElement":[{"@type":"ListItem","position":1,"name":"Portada","item":"https:\/\/graziamagazine.com\/es\/"},{"@type":"ListItem","position":2,"name":"Adlib Ibiza desfila por primera vez en Madrid es Moda"}]},{"@type":"WebSite","@id":"https:\/\/graziamagazine.com\/es\/#website","url":"https:\/\/graziamagazine.com\/es\/","name":"Grazia","description":"Moda, belleza, celebrities, estilo de vida...","potentialAction":[{"@type":"SearchAction","target":{"@type":"EntryPoint","urlTemplate":"https:\/\/graziamagazine.com\/es\/?s={search_term_string}"},"query-input":"required name=search_term_string"}],"inLanguage":"es"}]}},"jetpack_sharing_enabled":true,"distributor_meta":false,"distributor_terms":false,"distributor_media":false,"distributor_original_site_name":"Grazia","distributor_original_site_url":"https:\/\/graziamagazine.com\/es","push-errors":false,"_links":{"self":[{"href":"https:\/\/graziamagazine.com\/es\/wp-json\/wp\/v2\/articles\/182552"}],"collection":[{"href":"https:\/\/graziamagazine.com\/es\/wp-json\/wp\/v2\/articles"}],"about":[{"href":"https:\/\/graziamagazine.com\/es\/wp-json\/wp\/v2\/types\/articles"}],"author":[{"embeddable":true,"href":"https:\/\/graziamagazine.com\/es\/wp-json\/wp\/v2\/users\/11653"}],"wp:featuredmedia":[{"embeddable":true,"href":"https:\/\/graziamagazine.com\/es\/wp-json\/wp\/v2\/media\/182553"}],"wp:attachment":[{"href":"https:\/\/graziamagazine.com\/es\/wp-json\/wp\/v2\/media?parent=182552"}],"wp:term":[{"taxonomy":"category","embeddable":true,"href":"https:\/\/graziamagazine.com\/es\/wp-json\/wp\/v2\/categories?post=182552"}],"curies":[{"name":"wp","href":"https:\/\/api.w.org\/{rel}","templated":true}]}}