{"id":182454,"date":"2025-02-13T10:45:34","date_gmt":"2025-02-13T09:45:34","guid":{"rendered":"https:\/\/graziamagazine.com\/es\/?post_type=articles&#038;p=182454"},"modified":"2025-02-13T10:45:34","modified_gmt":"2025-02-13T09:45:34","slug":"los-looks-de-shakira-en-su-nuevo-world-tour","status":"publish","type":"articles","link":"https:\/\/graziamagazine.com\/es\/articles\/los-looks-de-shakira-en-su-nuevo-world-tour\/","title":{"rendered":"Los looks de Shakira en su nuevo World Tour"},"content":{"rendered":"<p>Shakira ha iniciado su tan esperada gira mundial \u201cLas Mujeres Ya No Lloran World Tour\u201d con un espectacular concierto en R\u00edo de Janeiro, Brasil.<\/p>\n<p>La artista colombiana no solo deleit\u00f3 a sus seguidores con un repertorio que abarca desde sus cl\u00e1sicos hasta sus m\u00e1s recientes \u00e9xitos, sino que tambi\u00e9n sorprendi\u00f3 con una serie de vestuarios deslumbrantes que reflejan su evoluci\u00f3n estil\u00edstica y su compromiso con la moda.<\/p>\n<h3><strong>Apertura vibrante<\/strong><\/h3>\n<figure id=\"attachment_146753\" class=\"wp-caption alignnone\" style=\"width: 1024px\" aria-describedby=\"caption-attachment-146753\"><img loading=\"lazy\" decoding=\"async\" class=\"size-large wp-image-146753\" src=\"https:\/\/graziamagazine.com\/mx\/wp-content\/uploads\/sites\/13\/2025\/02\/Captura-de-Pantalla-2025-02-12-a-las-10.44.07-1024x574.png\" alt=\"Las Mujeres Ya No Lloran World Tour: Shakira deslumbra con vestuarios impactantes\" width=\"1024\" height=\"574\" \/><\/figure>\n<p>Para iniciar el concierto, Shakira eligi\u00f3 un conjunto que fusionaba elementos tradicionales colombianos con toques modernos, destacando su herencia cultural y energ\u00eda caracter\u00edstica.<\/p>\n<h3><strong>Elegancia dorada<\/strong><\/h3>\n<figure id=\"attachment_146756\" class=\"wp-caption alignnone\" style=\"width: 866px\" aria-describedby=\"caption-attachment-146756\"><img loading=\"lazy\" decoding=\"async\" class=\"wp-image-146756 size-full\" src=\"https:\/\/graziamagazine.com\/mx\/wp-content\/uploads\/sites\/13\/2025\/02\/Captura-de-Pantalla-2025-02-12-a-las-10.44.27.png\" alt=\"Las Mujeres Ya No Lloran World Tour: Shakira deslumbra con vestuarios impactantes\" width=\"866\" height=\"1536\" \/><\/figure>\n<p>En una de las secciones m\u00e1s emotivas del espect\u00e1culo, la cantante apareci\u00f3 con un vestido dorado que reflejaba las luces del escenario, simbolizando resiliencia y empoderamiento femenino.<\/p>\n<h3><strong>Toque urbano<img loading=\"lazy\" decoding=\"async\" class=\"alignnone size-large wp-image-146755\" src=\"https:\/\/graziamagazine.com\/mx\/wp-content\/uploads\/sites\/13\/2025\/02\/Captura-de-Pantalla-2025-02-12-a-las-10.44.21-1024x575.png\" alt=\"\" width=\"1024\" height=\"575\" \/><\/strong><\/h3>\n<p>Para interpretar sus \u00e9xitos m\u00e1s recientes, Shakira opt\u00f3 por un atuendo urbano que resaltaba su versatilidad y conexi\u00f3n con las tendencias actuales.<\/p>\n<h3><strong>Final impactante<img loading=\"lazy\" decoding=\"async\" class=\"alignnone size-large wp-image-146754\" src=\"https:\/\/graziamagazine.com\/mx\/wp-content\/uploads\/sites\/13\/2025\/02\/Captura-de-Pantalla-2025-02-12-a-las-10.44.14-1024x562.png\" alt=\"\" width=\"1024\" height=\"562\" \/><\/strong><\/h3>\n<p>Cerrando la noche, la artista sorprendi\u00f3 con un conjunto que combinaba elementos futuristas y tradicionales, dejando una impresi\u00f3n duradera en el p\u00fablico.<\/p>\n<p>La colaboraci\u00f3n con Dario Mittmann aport\u00f3 una est\u00e9tica \u00fanica a la gira, resaltando la versatilidad y evoluci\u00f3n de Shakira como \u00edcono musical y de moda.<\/p>\n<p><em>*Im\u00e1genes: cortes\u00eda<\/em><\/p>\n<p>&nbsp;<\/p>\n","protected":false},"author":16349,"featured_media":182455,"template":"","format":"standard","categories":[13,1],"acf":[],"yoast_head":"<!-- This site is optimized with the Yoast SEO Premium plugin v18.5 (Yoast SEO v20.4) - https:\/\/yoast.com\/wordpress\/plugins\/seo\/ -->\n<title>Los looks de Shakira en su nuevo World Tour<\/title>\n<meta name=\"description\" content=\"La cantante colombiana inicia su gira mundial en Brasil, luciendo atuendos que fusionan tradici\u00f3n y modernidad en cada presentaci\u00f3n.\" \/>\n<meta name=\"robots\" content=\"index, follow, max-snippet:-1, max-image-preview:large, max-video-preview:-1\" \/>\n<link rel=\"canonical\" href=\"https:\/\/graziamagazine.com\/es\/articles\/los-looks-de-shakira-en-su-nuevo-world-tour\/\" \/>\n<meta property=\"og:locale\" content=\"es_ES\" \/>\n<meta property=\"og:type\" content=\"article\" \/>\n<meta property=\"og:title\" content=\"Los looks de Shakira en su nuevo World Tour\" \/>\n<meta property=\"og:description\" content=\"La cantante colombiana inicia su gira mundial en Brasil, luciendo atuendos que fusionan tradici\u00f3n y modernidad en cada presentaci\u00f3n.\" \/>\n<meta property=\"og:url\" content=\"https:\/\/graziamagazine.com\/es\/articles\/los-looks-de-shakira-en-su-nuevo-world-tour\/\" \/>\n<meta property=\"og:site_name\" content=\"Grazia\" \/>\n<meta property=\"og:image\" content=\"https:\/\/graziamagazine.com\/es\/wp-content\/uploads\/sites\/12\/2025\/02\/Captura-de-Pantalla-2025-02-12-a-las-10.44.33-1024x582.png\" \/>\n\t<meta property=\"og:image:width\" content=\"1024\" \/>\n\t<meta property=\"og:image:height\" content=\"582\" \/>\n\t<meta property=\"og:image:type\" content=\"image\/png\" \/>\n<meta name=\"twitter:card\" content=\"summary_large_image\" \/>\n<meta name=\"twitter:label1\" content=\"Est. reading time\" \/>\n\t<meta name=\"twitter:data1\" content=\"2 minutos\" \/>\n<script type=\"application\/ld+json\" class=\"yoast-schema-graph\">{\"@context\":\"https:\/\/schema.org\",\"@graph\":[{\"@type\":\"WebPage\",\"@id\":\"https:\/\/graziamagazine.com\/es\/articles\/los-looks-de-shakira-en-su-nuevo-world-tour\/\",\"url\":\"https:\/\/graziamagazine.com\/es\/articles\/los-looks-de-shakira-en-su-nuevo-world-tour\/\",\"name\":\"Los looks de Shakira en su nuevo World Tour\",\"isPartOf\":{\"@id\":\"https:\/\/graziamagazine.com\/es\/#website\"},\"datePublished\":\"2025-02-13T09:45:34+00:00\",\"dateModified\":\"2025-02-13T09:45:34+00:00\",\"description\":\"La cantante colombiana inicia su gira mundial en Brasil, luciendo atuendos que fusionan tradici\u00f3n y modernidad en cada presentaci\u00f3n.\",\"breadcrumb\":{\"@id\":\"https:\/\/graziamagazine.com\/es\/articles\/los-looks-de-shakira-en-su-nuevo-world-tour\/#breadcrumb\"},\"inLanguage\":\"es\",\"potentialAction\":[{\"@type\":\"ReadAction\",\"target\":[\"https:\/\/graziamagazine.com\/es\/articles\/los-looks-de-shakira-en-su-nuevo-world-tour\/\"]}]},{\"@type\":\"BreadcrumbList\",\"@id\":\"https:\/\/graziamagazine.com\/es\/articles\/los-looks-de-shakira-en-su-nuevo-world-tour\/#breadcrumb\",\"itemListElement\":[{\"@type\":\"ListItem\",\"position\":1,\"name\":\"Portada\",\"item\":\"https:\/\/graziamagazine.com\/es\/\"},{\"@type\":\"ListItem\",\"position\":2,\"name\":\"Los looks de Shakira en su nuevo World Tour\"}]},{\"@type\":\"WebSite\",\"@id\":\"https:\/\/graziamagazine.com\/es\/#website\",\"url\":\"https:\/\/graziamagazine.com\/es\/\",\"name\":\"Grazia\",\"description\":\"Moda, belleza, celebrities, estilo de vida...\",\"potentialAction\":[{\"@type\":\"SearchAction\",\"target\":{\"@type\":\"EntryPoint\",\"urlTemplate\":\"https:\/\/graziamagazine.com\/es\/?s={search_term_string}\"},\"query-input\":\"required name=search_term_string\"}],\"inLanguage\":\"es\"}]}<\/script>\n<!-- \/ Yoast SEO Premium plugin. -->","yoast_head_json":{"title":"Los looks de Shakira en su nuevo World Tour","description":"La cantante colombiana inicia su gira mundial en Brasil, luciendo atuendos que fusionan tradici\u00f3n y modernidad en cada presentaci\u00f3n.","robots":{"index":"index","follow":"follow","max-snippet":"max-snippet:-1","max-image-preview":"max-image-preview:large","max-video-preview":"max-video-preview:-1"},"canonical":"https:\/\/graziamagazine.com\/es\/articles\/los-looks-de-shakira-en-su-nuevo-world-tour\/","og_locale":"es_ES","og_type":"article","og_title":"Los looks de Shakira en su nuevo World Tour","og_description":"La cantante colombiana inicia su gira mundial en Brasil, luciendo atuendos que fusionan tradici\u00f3n y modernidad en cada presentaci\u00f3n.","og_url":"https:\/\/graziamagazine.com\/es\/articles\/los-looks-de-shakira-en-su-nuevo-world-tour\/","og_site_name":"Grazia","og_image":[{"width":1024,"height":582,"url":"https:\/\/graziamagazine.com\/es\/wp-content\/uploads\/sites\/12\/2025\/02\/Captura-de-Pantalla-2025-02-12-a-las-10.44.33-1024x582.png","type":"image\/png"}],"twitter_card":"summary_large_image","twitter_misc":{"Est. reading time":"2 minutos"},"schema":{"@context":"https:\/\/schema.org","@graph":[{"@type":"WebPage","@id":"https:\/\/graziamagazine.com\/es\/articles\/los-looks-de-shakira-en-su-nuevo-world-tour\/","url":"https:\/\/graziamagazine.com\/es\/articles\/los-looks-de-shakira-en-su-nuevo-world-tour\/","name":"Los looks de Shakira en su nuevo World Tour","isPartOf":{"@id":"https:\/\/graziamagazine.com\/es\/#website"},"datePublished":"2025-02-13T09:45:34+00:00","dateModified":"2025-02-13T09:45:34+00:00","description":"La cantante colombiana inicia su gira mundial en Brasil, luciendo atuendos que fusionan tradici\u00f3n y modernidad en cada presentaci\u00f3n.","breadcrumb":{"@id":"https:\/\/graziamagazine.com\/es\/articles\/los-looks-de-shakira-en-su-nuevo-world-tour\/#breadcrumb"},"inLanguage":"es","potentialAction":[{"@type":"ReadAction","target":["https:\/\/graziamagazine.com\/es\/articles\/los-looks-de-shakira-en-su-nuevo-world-tour\/"]}]},{"@type":"BreadcrumbList","@id":"https:\/\/graziamagazine.com\/es\/articles\/los-looks-de-shakira-en-su-nuevo-world-tour\/#breadcrumb","itemListElement":[{"@type":"ListItem","position":1,"name":"Portada","item":"https:\/\/graziamagazine.com\/es\/"},{"@type":"ListItem","position":2,"name":"Los looks de Shakira en su nuevo World Tour"}]},{"@type":"WebSite","@id":"https:\/\/graziamagazine.com\/es\/#website","url":"https:\/\/graziamagazine.com\/es\/","name":"Grazia","description":"Moda, belleza, celebrities, estilo de vida...","potentialAction":[{"@type":"SearchAction","target":{"@type":"EntryPoint","urlTemplate":"https:\/\/graziamagazine.com\/es\/?s={search_term_string}"},"query-input":"required name=search_term_string"}],"inLanguage":"es"}]}},"jetpack_sharing_enabled":true,"distributor_meta":false,"distributor_terms":false,"distributor_media":false,"distributor_original_site_name":"Grazia","distributor_original_site_url":"https:\/\/graziamagazine.com\/es","push-errors":false,"_links":{"self":[{"href":"https:\/\/graziamagazine.com\/es\/wp-json\/wp\/v2\/articles\/182454"}],"collection":[{"href":"https:\/\/graziamagazine.com\/es\/wp-json\/wp\/v2\/articles"}],"about":[{"href":"https:\/\/graziamagazine.com\/es\/wp-json\/wp\/v2\/types\/articles"}],"author":[{"embeddable":true,"href":"https:\/\/graziamagazine.com\/es\/wp-json\/wp\/v2\/users\/16349"}],"wp:featuredmedia":[{"embeddable":true,"href":"https:\/\/graziamagazine.com\/es\/wp-json\/wp\/v2\/media\/182455"}],"wp:attachment":[{"href":"https:\/\/graziamagazine.com\/es\/wp-json\/wp\/v2\/media?parent=182454"}],"wp:term":[{"taxonomy":"category","embeddable":true,"href":"https:\/\/graziamagazine.com\/es\/wp-json\/wp\/v2\/categories?post=182454"}],"curies":[{"name":"wp","href":"https:\/\/api.w.org\/{rel}","templated":true}]}}