{"id":182437,"date":"2025-02-12T13:02:39","date_gmt":"2025-02-12T12:02:39","guid":{"rendered":"https:\/\/graziamagazine.com\/es\/?post_type=articles&#038;p=182437"},"modified":"2025-02-12T13:02:39","modified_gmt":"2025-02-12T12:02:39","slug":"minimalismo-monocromatico-la-coleccion-de-michael-kors-en-nyfw","status":"publish","type":"articles","link":"https:\/\/graziamagazine.com\/es\/articles\/minimalismo-monocromatico-la-coleccion-de-michael-kors-en-nyfw\/","title":{"rendered":"Minimalismo monocrom\u00e1tico, la colecci\u00f3n de Michael Kors en NYFW"},"content":{"rendered":"<p>La Terminal Warehouse fue el escenario elegido por Michael Kors para presentar su colecci\u00f3n Oto\u00f1o-invierno 2025 en la \u00faltima jornada de la Semana de la Moda de Nueva York, una ubicaci\u00f3n m\u00edtica en la ciudad ya que es los a\u00f1os 90 ah\u00ed se encontarba el ic\u00f3nico club nocturno Tunnel, en la zona de Chelsea.<\/p>\n<p>El lugar se transform\u00f3 en un espacio residencial elegante y acogedor con muebles de mediados de siglo, ladrillos a la vista y paneles de madera, faroles japoneses, mesas auxiliares y decoraci\u00f3n del hogar que recuerda a un loft del centro de Nueva York.<\/p>\n<p><img decoding=\"async\" class=\"aligncenter\" src=\"https:\/\/public.boxcloud.com\/api\/2.0\/internal_files\/1774908119637\/versions\/1955541820437\/representations\/jpg_paged_2048x2048\/content\/1.jpg?access_token=1!dXcU_O4xFBEkmAxcS6KMztOHRTU56_CwrNbgvHFxxVhhUVLdNhJ0WZ0_LTsHGjB7ZxfrfzOFLisXdebgMPpUhp-jY_JjbLMm6TA2zvcyJlLRlLoR9hTUENmEh4nDK6dL-PoNoAgedcGc6QJePHW6G9SlJTUl0eV-Zv3UADBDQNjlYikttMzbvx66UghEfiT1GNWOV6VbemlN7xZ7w9nteQ5WT_b4GI5jLxZc1s4_aGNSjKaa0ix3VEb8GUS7OTxavp9s3FT-wO_EPrOZ03Tl9oWU_50BoMNJg92hb6PjOQJMqoNf07YlYuKWXTBiNWH-pJzqQraj4VOVofzulC9aiYLXDZmvPCZqKsr4oPUNL_f_cTxnrDSbg1w8VffQu2eBcrk6qhFB8jm7-OPg1mrq3GBRmesqLy6_1cWo-YHcn44wq9MqnJQ6JexthB3KcTO8EAl-Q1DELN8ttXrxNHxGkGVOgTavOPjFOiTBEJkR2F8zob6XQxwD7rrnEuJedE5RakFpzOciEt-tYOqs-bfao8MepdlYKXMnPExdYb0PUE77641lf4ash8wYpOkcX_IGb1avMi8JomVOjzFaXud5smdw3XcIhvHCbtjGjKriP60.&amp;shared_link=https%3A%2F%2Fmichaelkors.app.box.com%2Fs%2Fly1iuyiidrliot3c49g97g82umdj7s5q&amp;box_client_name=box-content-preview&amp;box_client_version=3.0.0\" alt=\"FW25_MKC_LOOK_2x3_44.jpg\" \/><\/p>\n<blockquote><p>\u201cEste desfile se inspir\u00f3 en la elegancia relajada que impregna el esp\u00edritu de nuestros hogares y nuestra nueva tienda Michael Kors Collection en Madison Avenue\u201d, afirma el dise\u00f1ador Michael Kors.<\/p><\/blockquote>\n<p>Para el oto\u00f1o\/invierno, Kors adopt\u00f3 el glamour relajado que caracteriza este estilo con abrigos y chaquetas de hombre de corte suave que se mostraron sobre faldas plisadas y pantalones por igual, mientras que las capas ligeras como un susurro agregaron movimiento a vestidos suaves, sobrecamisas de seda l\u00edquida y blusas drapeadas.<\/p>\n<p><img decoding=\"async\" class=\"aligncenter\" src=\"https:\/\/public.boxcloud.com\/api\/2.0\/internal_files\/1774912820659\/versions\/1955546718259\/representations\/jpg_paged_2048x2048\/content\/1.jpg?access_token=1!M1oLu8G_Ci0zMpUFKcY_RCuTE1TZYxv898koNAD0J_iYWT8RYeYdpmPKdTEcXLT5qheCZdeMS22xFo52UEhoWTZdexB84uuSQMTUlYwfXBDgIyykvaOSUyc00V1wuOeHFhYVXvQmCx5vOGYVS4zzeScLZzGQHQiEoYTNpmnWIpGIi-eE32c1tg1A78diJmQIf282buPoPdGsXwksPeiQnsqR85cHzzhFrJKQHzSCmtuqXFeN9FcEnCJTHMT9cmkKMi2RRXW4nEMLGJ7NAnZ8LTNHLUbdIwVMreQRTs1H8xydTiazCSFZqhsfYqSuveeSFku0y87r6EGHAopwtJbDs4cTyC0y52vccjgF13Kr8L5MeUWnfGLMBRh7tKgJ6_jJS55CJu0LgjNXysuU-ykYJqgfjmQ6UlF2Zqjp47vJ1eJdqdjd51o4BjnUVnTi-ExH6pgmcAYdP3UKmZGkHfL-CrOEHemcxqK8H9B6bmMRVfxWkEMfXdZclKcT1pHLDruELCP9k7K4Y9n4n2q0X4yZqKnfI9t8o_bfYjEhO_V1Uwtc7UvsoxWUWB-ZsffrbvhkvQ-61G_G6TlHGbmMT_FBld4B9NNwz4kYvk-W_J5NrlM.&amp;shared_link=https%3A%2F%2Fmichaelkors.app.box.com%2Fs%2Fly1iuyiidrliot3c49g97g82umdj7s5q&amp;box_client_name=box-content-preview&amp;box_client_version=3.0.0\" alt=\"FW25_MKC_LOOK_2x3_24.jpg\" \/><\/p>\n<p>Las pieles de borrego con textura agregaron calidez a la temporada, enfatizadas por mantas acogedoras y vestidos de pijama y prendas de punto neocl\u00e1sicas para el conjunto oto\u00f1al definitivo.<\/p>\n<p><img decoding=\"async\" class=\"aligncenter\" src=\"https:\/\/public.boxcloud.com\/api\/2.0\/internal_files\/1774907883670\/versions\/1955541711670\/representations\/jpg_paged_2048x2048\/content\/1.jpg?access_token=1!Hr8F5fUs0s3MsVIvPxzSSPl32v_yFj9yDpiPU2LiSqNGp5m3S_CNZFIKp4YtHc-VKG4y3_VYSdIdyzVwvtFlr3gaN0aI0uo0qrqeHX1tBItUTVHvwJz2hKeZIxTjyS3cLpEfDj9WbNNbImb6fTp7JI_YOVXpVgoPIHTLiH4VWOl3oSv-bDJJZ9Rqqop_1tQMrx6wgemJDB4sp2hGE2tOwhJIuqzV3N6yZVqxh-30ib0GkHaiE9zthXkK8wdqdMtDhIZKRRWgOuYgespVdrBS9_hUhMCgwjH2Pvda2T6ma0Wqw4DZHMY7iqUODXLiZFwc16SG-HemL2BkTqtTKE6Ch0c9j_y3YnM_XassrIfeRMde5P3RubFmmCzbUD-9rmemaDpceNq-nDQ78_WiCByW3cZSjvK-VVIVeGyudxvC9ZzBijOUOOgsjFeOT009nL9HZ-3pOhUAwTV4WPzTArgiD7WrEekUgi9uXNOlao_oFksa0qPrTgKwbSqmEdQlk9t2KKFDiEMq_rBERZ02O3XBKIf8LRfCbogeaYfrtr85uLIVCHvI34ECXjZEW0L-YcMsegOr0hRmTMfNDrS2_wM5Zc3J5jbPB4YjkZ7B_wpzLzg.&amp;shared_link=https%3A%2F%2Fmichaelkors.app.box.com%2Fs%2Fly1iuyiidrliot3c49g97g82umdj7s5q&amp;box_client_name=box-content-preview&amp;box_client_version=3.0.0\" alt=\"FW25_MKC_LOOK_2x3_33.jpg\" \/><\/p>\n<p>Los tonos intensos de chocolate, caramelo, botella y berenjena contrastaron con los grises urbanos y el atractivo atemporal del blanco y negro, acentuados por tonos polvorientos de iris y celad\u00f3n.<\/p>\n<p><img decoding=\"async\" class=\"aligncenter\" src=\"https:\/\/public.boxcloud.com\/api\/2.0\/internal_files\/1774904461602\/versions\/1955537994402\/representations\/jpg_paged_2048x2048\/content\/1.jpg?access_token=1!nSkubthvi7K2T8iM2-u5Q7wkfD7e_xY_qy5ln4gmuKhsUZBKfT5kj9vpuNDFav5EXiyXgkzJBp2TdVIDUi9uLORSSDw1S1QBUq5N9L-UBBGDLNNMvNSXYV8ObN6l5qd3icgjNoqIrTICgMvESZEIsiDhVqaYJuoJ-BCbU8Y_dV1AJJn6cntxNPWcdVDwRFkFQtJDarlqRcVmOYgqiRMR4MBHCO7xymyb7wHlulzy4HzjClE9X1xMwPbjyeyU54OPN1PlNS9Fvd3VeRsjGzIqGha3KZbGv5yks3koBbggjzG_6hoIKQGzveT7LCLsFQBQ1cx3NORk_lBwnq19dKXkZqLdGDbZEEZU07I7XMj7_q5IQd-HWdWiMclgn2-8ZgWvWkGqe5_zWPwnxbyl56E-QiZt_F9vyn0uz2i2QJOazyG3hj1auYyW0U4XyMVamx_nZLeICg6e1gRtyQoMsp0tSlDWTuwUTVMVoePhMg_Ukql3wRZyKE5w36hn0s1Vw07sS0EjHBSqUk8Leq_ftkQV9B4pReLew2QoHr8TLQlqjLP7Tl7sU7FQppRthPoL2GCtXr51jBekvJmqCX_iWIcjxNS8NbXynWjQoq8PwUOntcU.&amp;shared_link=https%3A%2F%2Fmichaelkors.app.box.com%2Fs%2Fly1iuyiidrliot3c49g97g82umdj7s5q&amp;box_client_name=box-content-preview&amp;box_client_version=3.0.0\" alt=\"FW25_MKC_LOOK_2x3_23.jpg\" \/><\/p>\n<p>En cuanto al calzado, todo se centr\u00f3 en las botas, desde botines hasta botas de montar con tacones arquitect\u00f3nicos. Los bolsos aerodin\u00e1micos inspirados en los viajes (bolsos bowling, carteras y carteras de mano de gran tama\u00f1o) aportaron los toques finales a la colecci\u00f3n.<\/p>\n<p><img decoding=\"async\" class=\"aligncenter\" src=\"https:\/\/public.boxcloud.com\/api\/2.0\/internal_files\/1774906134311\/versions\/1955539803911\/representations\/jpg_paged_2048x2048\/content\/1.jpg?access_token=1!HdZD4uUdBGBYu_dFueEw-95oo443kKBDyUxiQU3ZELJwBJ-x5EDv5VzXJf0J8khESN4r1e6GSGT2a2oPEAEUF7Ytk8JESQg0Bx-u52VZ1Dchkt_NbZJH24rXdyiTCpD3oJqaCp4ko8g1yrF--QrZ0saXcB357asZiUeNgAGQysxfcBD1g3E6Bcj1r2yo-ykzOcIiXmFjSdtsG_vW5ycLcpHoL9brc0xdqzfiSCVDHIfOwMWXPWUcPaaPxDaPZjXMVuILTAQYmidrDqzfnzvDVU0m2bFA2IDbXutTzNFRuknJAjCm-BZbPqrd-2sUpNNZ4WdsAUP453xL1ulpXXvSbvd1owpeDj0NSGxiqZz0YGsuys_XtmaxyO-32HVsYvHwuv8SkA2zxzFQ1zblUb2WeJ-BrTERLYZ7ChYWEgvtn1CcBLm0D6KSmb8aZPyq-aXINarQ4i-2Y6z9RgR5ksYRqTxM02aQu9gJdEjaWG92qWlLzoJ26HfyeJGgBNv09Yspi70WK1Km0FsJG4AxCiIfLvvtQfGzRb7myR_dDdiJ730meP9Ck1NDQ9F64uOlrN9zUXTrihdXpgg_5iWnN7tkBgrrV_QOrPzm8LKCw_kg7JM.&amp;shared_link=https%3A%2F%2Fmichaelkors.app.box.com%2Fs%2Fly1iuyiidrliot3c49g97g82umdj7s5q&amp;box_client_name=box-content-preview&amp;box_client_version=3.0.0\" alt=\"FW25_MKC_LOOK_2x3_39.jpg\" \/><\/p>\n<blockquote><p>\u201cAtemporal, c\u00e1lida, moderna, arquitect\u00f3nica pero sensual, quer\u00eda que la colecci\u00f3n ejemplificara el modernismo acogedor y la elegancia de llevar las manos a los bolsillos\u201d (Michael Kors)<\/p><\/blockquote>\n<p><img decoding=\"async\" class=\"aligncenter\" src=\"https:\/\/public.boxcloud.com\/api\/2.0\/internal_files\/1774910231745\/versions\/1955544208545\/representations\/jpg_paged_2048x2048\/content\/1.jpg?access_token=1!ihxWIujiuFXuEgNBzo_LzlSc_Igx0j862jgnzoS0SEs_UAVF9KliyPAPDFRFyRVqDDMigdChxOkKWtg60I832IQGhneBxFvV0HaIXcxUNoNhTUT9xytiKikasY4LsFSEPw2gIR6efBjnFx_xVPpy7LALDBFnnOIvo0Ih7YdKl2XwGiO3aN7SMm9k83Qw43wfRHvFOvc_MIx9zxTGllQ9fy7GZ1-oJ9pmiFGiiaItHmK9HWGXefBoOVyldBkoH_G5os-ysn73ZX34F6OZ-R_DGUG-SW7xBb-QETVYfFuIYB_SomQ6THyAXtylCiCYSeY8yzMn2Ia8tqL8wIIavLRlVUiGLcVUl4biq5WBAM6u4agBVDPNhe4by1umRiIFXFj_ZBtLv7g5WQG3GkpFdwsyxsVKPyzHpePvU1cIkF2_aScmRmJBruFSPwIoGd-Ktx0dYYOatjUfMo3c7PtWsH_8Uuc4HWemuBhmBLny64liK2VXT2my6eYGARDnb3DPJ6dQfs3feBP4VXcNhhVfvtVUuZIOuUFOqKybT1p_SuLrtGnnjg5LUDsF7q4Eiq2IHmw6yfhf6foi3aZ_pvuYRK_5kBVCteevnyzJHNL7cxtDjEU.&amp;shared_link=https%3A%2F%2Fmichaelkors.app.box.com%2Fs%2Fly1iuyiidrliot3c49g97g82umdj7s5q&amp;box_client_name=box-content-preview&amp;box_client_version=3.0.0\" alt=\"FW25_MKC_LOOK_2x3_27.jpg\" \/><\/p>\n<p>Una banda sonora personalizada creada por el compositor Sebastien Perrin se inclin\u00f3 hacia el momento de la m\u00fasica brit\u00e1nica fresca y sofisticada de los a\u00f1os 80 y 90 mientras modelos como Liisa Winkler, Georgina Grenville, Malgosia Bela, Paloma Elsesser, Angelina Kendall, Lina Zhang, Jessica Miller, Amelia Gray Hamlin, Mona Tougaard, Alex Consani y m\u00e1s desfilaron por la pasarela.<\/p>\n<p><img decoding=\"async\" class=\"aligncenter\" src=\"https:\/\/public.boxcloud.com\/api\/2.0\/internal_files\/1774901723697\/versions\/1955535378897\/representations\/jpg_paged_2048x2048\/content\/1.jpg?access_token=1!s6I4kry5lvHkDYErB_YxpYeAjbZSMH-yQxkfE7y-wJt4yHSSFdsFPQnBcPV0Xim2vjbOTTkj6370IhxxKaoi-pGrt63OANoxyZwZkKcYM72YmTIQYnDk9I4vS5tyPNrRdV-0PkiirS0dzAKDKHiNPNDhP9IdEBiVOcrT1YJbn97grqfN8FmwnujYlXPf0YS0k25vP65aSCc9MjHikrn9Mc4-oyhn0XvpoUKA9OuXVKMKQ27zmW_mpfF14ZDcCdglD-Bph1qpkll-QmfMOJJfwKn8hI80EaItrwq-IVnvYvObJlF3OajD7jxhyc-Nu-gXHMJnaL4QGhFgelsZ-atw0_8z8yEozxqFafw1m98X56hqbzjFrghX5WzAOthqICS_WxP1YE9A03VhVzyboeNcnS6lwA7amaCykLfD6pyE55WzlJPIuYxkvwazLVObpXxOGXIhlEfuZHetOiE3Ol3XQtMmkMTU1grZWoqBIQPjhRIGhPJfyDMR5ekGCbGVbjQyW90rErOdZKkOpvegAvYyozf-6pdpIjQSzksSy4TvF4PFK9e14vyOsWgIhEKatPM8LZfTnmfSf-2rN0hUPsnUPSp_pcj720he0BcJgPYqIIs.&amp;shared_link=https%3A%2F%2Fmichaelkors.app.box.com%2Fs%2Fly1iuyiidrliot3c49g97g82umdj7s5q&amp;box_client_name=box-content-preview&amp;box_client_version=3.0.0\" alt=\"FW25_MKC_LOOK_2x3_55.jpg\" \/><\/p>\n<p>Uma Thurman, Kerry Washington, Nicole Scherzinger, Rachel Brosnahan, Rose Byrne, Rachel Zegler, Suki Waterhouse, Lea Michele y otras estuvieron entre las celebridades de la primera fila. La experiencia del desfile en vivo se estren\u00f3 en los canales sociales y digitales de la marca, incluido MichaelKors-Collection.com, que sirve como centro de todo el contenido de la Colecci\u00f3n Michael Kors Oto\u00f1o\/Invierno 2025.<\/p>\n<p><em>*Im\u00e1genes: cortes\u00eda<\/em><\/p>\n<p>&nbsp;<\/p>\n<p>&nbsp;<\/p>\n","protected":false},"author":11653,"featured_media":182438,"template":"","format":"standard","categories":[1],"acf":[],"yoast_head":"<!-- This site is optimized with the Yoast SEO Premium plugin v18.5 (Yoast SEO v20.4) - https:\/\/yoast.com\/wordpress\/plugins\/seo\/ -->\n<title>Minimalismo, la colecci\u00f3n de Michael Kors en NYFW<\/title>\n<meta name=\"description\" content=\"Atemporal, c\u00e1lida, moderna, arquitect\u00f3nica pero sensual, as\u00ed es la colecci\u00f3n que presenta un modernismo acogedor.\" \/>\n<meta name=\"robots\" content=\"index, follow, max-snippet:-1, max-image-preview:large, max-video-preview:-1\" \/>\n<link rel=\"canonical\" href=\"https:\/\/graziamagazine.com\/es\/articles\/minimalismo-monocromatico-la-coleccion-de-michael-kors-en-nyfw\/\" \/>\n<meta property=\"og:locale\" content=\"es_ES\" \/>\n<meta property=\"og:type\" content=\"article\" \/>\n<meta property=\"og:title\" content=\"Minimalismo monocrom\u00e1tico, la colecci\u00f3n de Michael Kors en NYFW\" \/>\n<meta property=\"og:description\" content=\"Atemporal, c\u00e1lida, moderna, arquitect\u00f3nica pero sensual, as\u00ed es la colecci\u00f3n que presenta un modernismo acogedor.\" \/>\n<meta property=\"og:url\" content=\"https:\/\/graziamagazine.com\/es\/articles\/minimalismo-monocromatico-la-coleccion-de-michael-kors-en-nyfw\/\" \/>\n<meta property=\"og:site_name\" content=\"Grazia\" \/>\n<meta property=\"og:image\" content=\"https:\/\/graziamagazine.com\/es\/wp-content\/uploads\/sites\/12\/2025\/02\/36b7-copia-e1739361709687.jpg\" \/>\n\t<meta property=\"og:image:width\" content=\"675\" \/>\n\t<meta property=\"og:image:height\" content=\"552\" \/>\n\t<meta property=\"og:image:type\" content=\"image\/jpeg\" \/>\n<meta name=\"twitter:card\" content=\"summary_large_image\" \/>\n<meta name=\"twitter:label1\" content=\"Est. reading time\" \/>\n\t<meta name=\"twitter:data1\" content=\"4 minutos\" \/>\n<script type=\"application\/ld+json\" class=\"yoast-schema-graph\">{\"@context\":\"https:\/\/schema.org\",\"@graph\":[{\"@type\":\"WebPage\",\"@id\":\"https:\/\/graziamagazine.com\/es\/articles\/minimalismo-monocromatico-la-coleccion-de-michael-kors-en-nyfw\/\",\"url\":\"https:\/\/graziamagazine.com\/es\/articles\/minimalismo-monocromatico-la-coleccion-de-michael-kors-en-nyfw\/\",\"name\":\"Minimalismo, la colecci\u00f3n de Michael Kors en NYFW\",\"isPartOf\":{\"@id\":\"https:\/\/graziamagazine.com\/es\/#website\"},\"datePublished\":\"2025-02-12T12:02:39+00:00\",\"dateModified\":\"2025-02-12T12:02:39+00:00\",\"description\":\"Atemporal, c\u00e1lida, moderna, arquitect\u00f3nica pero sensual, as\u00ed es la colecci\u00f3n que presenta un modernismo acogedor.\",\"breadcrumb\":{\"@id\":\"https:\/\/graziamagazine.com\/es\/articles\/minimalismo-monocromatico-la-coleccion-de-michael-kors-en-nyfw\/#breadcrumb\"},\"inLanguage\":\"es\",\"potentialAction\":[{\"@type\":\"ReadAction\",\"target\":[\"https:\/\/graziamagazine.com\/es\/articles\/minimalismo-monocromatico-la-coleccion-de-michael-kors-en-nyfw\/\"]}]},{\"@type\":\"BreadcrumbList\",\"@id\":\"https:\/\/graziamagazine.com\/es\/articles\/minimalismo-monocromatico-la-coleccion-de-michael-kors-en-nyfw\/#breadcrumb\",\"itemListElement\":[{\"@type\":\"ListItem\",\"position\":1,\"name\":\"Portada\",\"item\":\"https:\/\/graziamagazine.com\/es\/\"},{\"@type\":\"ListItem\",\"position\":2,\"name\":\"Minimalismo monocrom\u00e1tico, la colecci\u00f3n de Michael Kors en NYFW\"}]},{\"@type\":\"WebSite\",\"@id\":\"https:\/\/graziamagazine.com\/es\/#website\",\"url\":\"https:\/\/graziamagazine.com\/es\/\",\"name\":\"Grazia\",\"description\":\"Moda, belleza, celebrities, estilo de vida...\",\"potentialAction\":[{\"@type\":\"SearchAction\",\"target\":{\"@type\":\"EntryPoint\",\"urlTemplate\":\"https:\/\/graziamagazine.com\/es\/?s={search_term_string}\"},\"query-input\":\"required name=search_term_string\"}],\"inLanguage\":\"es\"}]}<\/script>\n<!-- \/ Yoast SEO Premium plugin. -->","yoast_head_json":{"title":"Minimalismo, la colecci\u00f3n de Michael Kors en NYFW","description":"Atemporal, c\u00e1lida, moderna, arquitect\u00f3nica pero sensual, as\u00ed es la colecci\u00f3n que presenta un modernismo acogedor.","robots":{"index":"index","follow":"follow","max-snippet":"max-snippet:-1","max-image-preview":"max-image-preview:large","max-video-preview":"max-video-preview:-1"},"canonical":"https:\/\/graziamagazine.com\/es\/articles\/minimalismo-monocromatico-la-coleccion-de-michael-kors-en-nyfw\/","og_locale":"es_ES","og_type":"article","og_title":"Minimalismo monocrom\u00e1tico, la colecci\u00f3n de Michael Kors en NYFW","og_description":"Atemporal, c\u00e1lida, moderna, arquitect\u00f3nica pero sensual, as\u00ed es la colecci\u00f3n que presenta un modernismo acogedor.","og_url":"https:\/\/graziamagazine.com\/es\/articles\/minimalismo-monocromatico-la-coleccion-de-michael-kors-en-nyfw\/","og_site_name":"Grazia","og_image":[{"width":675,"height":552,"url":"https:\/\/graziamagazine.com\/es\/wp-content\/uploads\/sites\/12\/2025\/02\/36b7-copia-e1739361709687.jpg","type":"image\/jpeg"}],"twitter_card":"summary_large_image","twitter_misc":{"Est. reading time":"4 minutos"},"schema":{"@context":"https:\/\/schema.org","@graph":[{"@type":"WebPage","@id":"https:\/\/graziamagazine.com\/es\/articles\/minimalismo-monocromatico-la-coleccion-de-michael-kors-en-nyfw\/","url":"https:\/\/graziamagazine.com\/es\/articles\/minimalismo-monocromatico-la-coleccion-de-michael-kors-en-nyfw\/","name":"Minimalismo, la colecci\u00f3n de Michael Kors en NYFW","isPartOf":{"@id":"https:\/\/graziamagazine.com\/es\/#website"},"datePublished":"2025-02-12T12:02:39+00:00","dateModified":"2025-02-12T12:02:39+00:00","description":"Atemporal, c\u00e1lida, moderna, arquitect\u00f3nica pero sensual, as\u00ed es la colecci\u00f3n que presenta un modernismo acogedor.","breadcrumb":{"@id":"https:\/\/graziamagazine.com\/es\/articles\/minimalismo-monocromatico-la-coleccion-de-michael-kors-en-nyfw\/#breadcrumb"},"inLanguage":"es","potentialAction":[{"@type":"ReadAction","target":["https:\/\/graziamagazine.com\/es\/articles\/minimalismo-monocromatico-la-coleccion-de-michael-kors-en-nyfw\/"]}]},{"@type":"BreadcrumbList","@id":"https:\/\/graziamagazine.com\/es\/articles\/minimalismo-monocromatico-la-coleccion-de-michael-kors-en-nyfw\/#breadcrumb","itemListElement":[{"@type":"ListItem","position":1,"name":"Portada","item":"https:\/\/graziamagazine.com\/es\/"},{"@type":"ListItem","position":2,"name":"Minimalismo monocrom\u00e1tico, la colecci\u00f3n de Michael Kors en NYFW"}]},{"@type":"WebSite","@id":"https:\/\/graziamagazine.com\/es\/#website","url":"https:\/\/graziamagazine.com\/es\/","name":"Grazia","description":"Moda, belleza, celebrities, estilo de vida...","potentialAction":[{"@type":"SearchAction","target":{"@type":"EntryPoint","urlTemplate":"https:\/\/graziamagazine.com\/es\/?s={search_term_string}"},"query-input":"required name=search_term_string"}],"inLanguage":"es"}]}},"jetpack_sharing_enabled":true,"distributor_meta":false,"distributor_terms":false,"distributor_media":false,"distributor_original_site_name":"Grazia","distributor_original_site_url":"https:\/\/graziamagazine.com\/es","push-errors":false,"_links":{"self":[{"href":"https:\/\/graziamagazine.com\/es\/wp-json\/wp\/v2\/articles\/182437"}],"collection":[{"href":"https:\/\/graziamagazine.com\/es\/wp-json\/wp\/v2\/articles"}],"about":[{"href":"https:\/\/graziamagazine.com\/es\/wp-json\/wp\/v2\/types\/articles"}],"author":[{"embeddable":true,"href":"https:\/\/graziamagazine.com\/es\/wp-json\/wp\/v2\/users\/11653"}],"wp:featuredmedia":[{"embeddable":true,"href":"https:\/\/graziamagazine.com\/es\/wp-json\/wp\/v2\/media\/182438"}],"wp:attachment":[{"href":"https:\/\/graziamagazine.com\/es\/wp-json\/wp\/v2\/media?parent=182437"}],"wp:term":[{"taxonomy":"category","embeddable":true,"href":"https:\/\/graziamagazine.com\/es\/wp-json\/wp\/v2\/categories?post=182437"}],"curies":[{"name":"wp","href":"https:\/\/api.w.org\/{rel}","templated":true}]}}