{"id":182399,"date":"2025-02-13T09:00:57","date_gmt":"2025-02-13T08:00:57","guid":{"rendered":"https:\/\/graziamagazine.com\/es\/?post_type=articles&#038;p=182399"},"modified":"2025-02-12T23:48:49","modified_gmt":"2025-02-12T22:48:49","slug":"joyas-made-in-spain-para-regalar-en-san-valetin","status":"publish","type":"articles","link":"https:\/\/graziamagazine.com\/es\/articles\/joyas-made-in-spain-para-regalar-en-san-valetin\/","title":{"rendered":"Joyas made in Spain para regalar en San Valent\u00edn"},"content":{"rendered":"<p>San Valent\u00edn es la ocasi\u00f3n perfecta para expresar amor y cari\u00f1o a esa persona especial. Y si hay un regalo que nunca pasa de moda y que tiene un significado profundo, ese es la <strong>joyer\u00eda<\/strong>. Desde anillos y collares hasta pulseras y pendientes, regalar una joya en esta fecha tan rom\u00e1ntica es mucho m\u00e1s que un simple detalle: es una muestra de compromiso, elegancia y emociones que perduran en el tiempo.<\/p>\n<h4><strong>Una joya es un s\u00edmbolo eterno<\/strong><\/h4>\n<p>A diferencia de otros regalos que pueden deteriorarse con el tiempo, una joya es un tesoro que dura <strong>para siempre<\/strong>. Ya sea de oro, plata o con piedras preciosas, representa la fortaleza y la durabilidad del amor, convirti\u00e9ndose en un recuerdo imborrable de momentos especiales.<\/p>\n<h4><strong>Personalizaci\u00f3n y significado \u00fanico<\/strong><\/h4>\n<p>Uno de los mayores atractivos de la joyer\u00eda es la posibilidad de personalizaci\u00f3n. Grabar una fecha, unas iniciales o un mensaje especial convierte una joya en un regalo <strong>\u00fanico y exclusivo<\/strong>. Adem\u00e1s, cada tipo de piedra o metal tiene un significado especial:<\/p>\n<h4><strong>Un detalle con elegancia y estilo<\/strong><\/h4>\n<p>Regalar una joya en San Valent\u00edn es un gesto sofisticado y elegante. Ya sea un colgante delicado, un anillo con un dise\u00f1o especial o unos pendientes que realcen su belleza, este tipo de obsequio demuestra que has pensado en cada detalle y en el estilo de la persona que lo recibir\u00e1.<\/p>\n<h4><strong>Una inversi\u00f3n para toda la vida<\/strong><\/h4>\n<p>Adem\u00e1s de su belleza, las joyas tienen un valor sentimental y econ\u00f3mico que las convierte en una inversi\u00f3n a largo plazo. No solo son piezas atemporales que pueden heredarse de generaci\u00f3n en generaci\u00f3n, sino que tambi\u00e9n conservan su valor, haciendo que este regalo tenga a\u00fan m\u00e1s significado.<\/p>\n<h4><strong>Expresi\u00f3n de amor y compromiso<\/strong><\/h4>\n<p>Las joyas han estado asociadas al amor desde tiempos inmemoriales. Un anillo de promesa, un brazalete de la amistad o un collar con un colgante en forma de coraz\u00f3n son formas preciosas de expresar cu\u00e1nto significa una persona para ti. En San Valent\u00edn, este gesto cobra a\u00fan m\u00e1s importancia, reforzando la conexi\u00f3n y el v\u00ednculo emocional entre dos personas.<\/p>\n<h3>Joyas hechas en Espa\u00f1a para regalar este San Valent\u00edn<\/h3>\n<h4 class=\"s-product__title\">Collar Heart to Heart, de Singularu<\/h4>\n<p>De acero ba\u00f1ado en Oro es perfecto para las amantes de las joyas de piedras originales.<\/p>\n<p><img loading=\"lazy\" decoding=\"async\" class=\"aligncenter size-full wp-image-182443\" src=\"https:\/\/graziamagazine.com\/es\/wp-content\/uploads\/sites\/12\/2025\/02\/SINGULARU_Collar-Heart-to-Heart-Acero-Ban\u0303o-Oro-3599E-1.png\" alt=\"\" width=\"1024\" height=\"1024\" srcset=\"https:\/\/graziamagazine.com\/es\/wp-content\/uploads\/sites\/12\/2025\/02\/SINGULARU_Collar-Heart-to-Heart-Acero-Ban\u0303o-Oro-3599E-1.png 1024w, https:\/\/graziamagazine.com\/es\/wp-content\/uploads\/sites\/12\/2025\/02\/SINGULARU_Collar-Heart-to-Heart-Acero-Ban\u0303o-Oro-3599E-1-300x300.png 300w, https:\/\/graziamagazine.com\/es\/wp-content\/uploads\/sites\/12\/2025\/02\/SINGULARU_Collar-Heart-to-Heart-Acero-Ban\u0303o-Oro-3599E-1-150x150.png 150w, https:\/\/graziamagazine.com\/es\/wp-content\/uploads\/sites\/12\/2025\/02\/SINGULARU_Collar-Heart-to-Heart-Acero-Ban\u0303o-Oro-3599E-1-768x768.png 768w, https:\/\/graziamagazine.com\/es\/wp-content\/uploads\/sites\/12\/2025\/02\/SINGULARU_Collar-Heart-to-Heart-Acero-Ban\u0303o-Oro-3599E-1-400x400.png 400w, https:\/\/graziamagazine.com\/es\/wp-content\/uploads\/sites\/12\/2025\/02\/SINGULARU_Collar-Heart-to-Heart-Acero-Ban\u0303o-Oro-3599E-1-155x155.png 155w\" sizes=\"(max-width: 1024px) 100vw, 1024px\" \/><\/p>\n<p>&nbsp;<\/p>\n<p><a href=\"https:\/\/singularu.com\/products\/collar-heart-to-heart-acero-oro\" target=\"_blank\">Su precio es de 35,99 euros en la web de Singularu.\u00a0<\/a><\/p>\n<h4><strong>Anillos unisex Lina y Silina, de Platadepalo<\/strong><\/h4>\n<p>La alianza Lina es unisex, tiene un aspecto r\u00fastico y est\u00e1 elaborada con bronce chapado en 3 micras de oro y en su parte superior contiene un coraz\u00f3n con una peque\u00f1a circonita blanca.\u00a0La alianza Silina tambi\u00e9n es unisex, est\u00e1 elaborada con Plata 925 y en su parte superior contiene un coraz\u00f3n de bronce con una peque\u00f1a circonita blanca.<\/p>\n<p><img loading=\"lazy\" decoding=\"async\" class=\"aligncenter size-full wp-image-182445\" src=\"https:\/\/graziamagazine.com\/es\/wp-content\/uploads\/sites\/12\/2025\/02\/anillo-platadepalo-lina-800x800_sn2eAau-copia.jpg\" alt=\"\" width=\"800\" height=\"793\" srcset=\"https:\/\/graziamagazine.com\/es\/wp-content\/uploads\/sites\/12\/2025\/02\/anillo-platadepalo-lina-800x800_sn2eAau-copia.jpg 800w, https:\/\/graziamagazine.com\/es\/wp-content\/uploads\/sites\/12\/2025\/02\/anillo-platadepalo-lina-800x800_sn2eAau-copia-300x297.jpg 300w, https:\/\/graziamagazine.com\/es\/wp-content\/uploads\/sites\/12\/2025\/02\/anillo-platadepalo-lina-800x800_sn2eAau-copia-150x150.jpg 150w, https:\/\/graziamagazine.com\/es\/wp-content\/uploads\/sites\/12\/2025\/02\/anillo-platadepalo-lina-800x800_sn2eAau-copia-768x761.jpg 768w, https:\/\/graziamagazine.com\/es\/wp-content\/uploads\/sites\/12\/2025\/02\/anillo-platadepalo-lina-800x800_sn2eAau-copia-400x397.jpg 400w, https:\/\/graziamagazine.com\/es\/wp-content\/uploads\/sites\/12\/2025\/02\/anillo-platadepalo-lina-800x800_sn2eAau-copia-155x154.jpg 155w\" sizes=\"(max-width: 800px) 100vw, 800px\" \/><\/p>\n<p>La alianza Lina (dorado) <a href=\"https:\/\/www.platadepalo.com\/collections\/coleccion-san-valentin\/products\/anillo-unisex-lina-1867\" target=\"_blank\">tiene un precio de 129,90 euros,<\/a> mientras que la alianza Silina <a href=\"https:\/\/www.platadepalo.com\/collections\/coleccion-san-valentin\/products\/anillo-unisex-silina-1866\" target=\"_blank\">tiene un precio de 119,90 euros<\/a>.<\/p>\n<h4>Pendientes de aro-coraz\u00f3n, de Aristrocrazy<\/h4>\n<p>Aros de plata 925 ba\u00f1ados en oro amarillo de 18K.<\/p>\n<p><img loading=\"lazy\" decoding=\"async\" class=\"aligncenter size-full wp-image-182457\" src=\"https:\/\/graziamagazine.com\/es\/wp-content\/uploads\/sites\/12\/2025\/02\/J04942-02_ST-1-e1739397722166.jpg\" alt=\"\" width=\"767\" height=\"623\" srcset=\"https:\/\/graziamagazine.com\/es\/wp-content\/uploads\/sites\/12\/2025\/02\/J04942-02_ST-1-e1739397722166.jpg 767w, https:\/\/graziamagazine.com\/es\/wp-content\/uploads\/sites\/12\/2025\/02\/J04942-02_ST-1-e1739397722166-300x244.jpg 300w, https:\/\/graziamagazine.com\/es\/wp-content\/uploads\/sites\/12\/2025\/02\/J04942-02_ST-1-e1739397722166-400x325.jpg 400w, https:\/\/graziamagazine.com\/es\/wp-content\/uploads\/sites\/12\/2025\/02\/J04942-02_ST-1-e1739397722166-155x126.jpg 155w\" sizes=\"(max-width: 767px) 100vw, 767px\" \/><\/p>\n<p><a href=\"https:\/\/www.aristocrazy.com\/es\/pendientes\/pendientes-de-aro-pequenos-de-plata-925-banada-en-oro-amarillo-de-18k-con-corazon\/J04942-02_ST.html\" target=\"_blank\">Su precio es de 79 euros en la web de la marca<\/a><\/p>\n<h4>Gargantilla Amber M\u00eda y charm My Red Heart, de Sure Jewels<\/h4>\n<p>La gargantilla est\u00e1 creada en lat\u00f3n chapado con 3 micras de oro de 18 kt y tiene un largo de 53,5cm pero se puede acortar (como en la imagen).<\/p>\n<div class=\"content-gallery\"><div class=\"gallery-placeholder\"><div class=\"spinner\"><\/div><\/div><span class=\"gallery-pagination\"><\/span><div id=\"gallery-1\" class=\"gallery galleryid-182399 gallery-columns- gallery-size-\"><figure class=\"gallery-item\"><div class=\"gallery-icon landscape\"><img loading=\"lazy\" decoding=\"async\" width=\"1810\" height=\"2560\" src=\"https:\/\/graziamagazine.com\/es\/wp-content\/uploads\/sites\/12\/2025\/02\/myredheart-copia-scaled.jpg\" class=\"lazy\" alt=\"\" srcset=\"https:\/\/graziamagazine.com\/es\/wp-content\/uploads\/sites\/12\/2025\/02\/myredheart-copia-scaled.jpg 1810w, https:\/\/graziamagazine.com\/es\/wp-content\/uploads\/sites\/12\/2025\/02\/myredheart-copia-212x300.jpg 212w, https:\/\/graziamagazine.com\/es\/wp-content\/uploads\/sites\/12\/2025\/02\/myredheart-copia-724x1024.jpg 724w, https:\/\/graziamagazine.com\/es\/wp-content\/uploads\/sites\/12\/2025\/02\/myredheart-copia-768x1086.jpg 768w, https:\/\/graziamagazine.com\/es\/wp-content\/uploads\/sites\/12\/2025\/02\/myredheart-copia-1086x1536.jpg 1086w, https:\/\/graziamagazine.com\/es\/wp-content\/uploads\/sites\/12\/2025\/02\/myredheart-copia-1448x2048.jpg 1448w, https:\/\/graziamagazine.com\/es\/wp-content\/uploads\/sites\/12\/2025\/02\/myredheart-copia-400x566.jpg 400w, https:\/\/graziamagazine.com\/es\/wp-content\/uploads\/sites\/12\/2025\/02\/myredheart-copia-152x215.jpg 152w\" sizes=\"(max-width: 1810px) 100vw, 1810px\" \/><\/div><\/figure><figure class=\"gallery-item\"><div class=\"gallery-icon landscape\"><img loading=\"lazy\" decoding=\"async\" width=\"2500\" height=\"2500\" src=\"https:\/\/graziamagazine.com\/es\/wp-content\/uploads\/sites\/12\/2025\/02\/CHARM1-copia.jpg\" class=\"lazy\" alt=\"\" srcset=\"https:\/\/graziamagazine.com\/es\/wp-content\/uploads\/sites\/12\/2025\/02\/CHARM1-copia.jpg 2500w, https:\/\/graziamagazine.com\/es\/wp-content\/uploads\/sites\/12\/2025\/02\/CHARM1-copia-300x300.jpg 300w, https:\/\/graziamagazine.com\/es\/wp-content\/uploads\/sites\/12\/2025\/02\/CHARM1-copia-1024x1024.jpg 1024w, https:\/\/graziamagazine.com\/es\/wp-content\/uploads\/sites\/12\/2025\/02\/CHARM1-copia-150x150.jpg 150w, https:\/\/graziamagazine.com\/es\/wp-content\/uploads\/sites\/12\/2025\/02\/CHARM1-copia-768x768.jpg 768w, https:\/\/graziamagazine.com\/es\/wp-content\/uploads\/sites\/12\/2025\/02\/CHARM1-copia-1536x1536.jpg 1536w, https:\/\/graziamagazine.com\/es\/wp-content\/uploads\/sites\/12\/2025\/02\/CHARM1-copia-2048x2048.jpg 2048w, https:\/\/graziamagazine.com\/es\/wp-content\/uploads\/sites\/12\/2025\/02\/CHARM1-copia-400x400.jpg 400w, https:\/\/graziamagazine.com\/es\/wp-content\/uploads\/sites\/12\/2025\/02\/CHARM1-copia-155x155.jpg 155w\" sizes=\"(max-width: 2500px) 100vw, 2500px\" \/><\/div><\/figure><figure class=\"gallery-item\"><div class=\"gallery-icon landscape\"><img loading=\"lazy\" decoding=\"async\" width=\"2500\" height=\"2500\" src=\"https:\/\/graziamagazine.com\/es\/wp-content\/uploads\/sites\/12\/2025\/02\/CHARMCOEUR-copia.jpg\" class=\"lazy\" alt=\"\" srcset=\"https:\/\/graziamagazine.com\/es\/wp-content\/uploads\/sites\/12\/2025\/02\/CHARMCOEUR-copia.jpg 2500w, https:\/\/graziamagazine.com\/es\/wp-content\/uploads\/sites\/12\/2025\/02\/CHARMCOEUR-copia-300x300.jpg 300w, https:\/\/graziamagazine.com\/es\/wp-content\/uploads\/sites\/12\/2025\/02\/CHARMCOEUR-copia-1024x1024.jpg 1024w, https:\/\/graziamagazine.com\/es\/wp-content\/uploads\/sites\/12\/2025\/02\/CHARMCOEUR-copia-150x150.jpg 150w, https:\/\/graziamagazine.com\/es\/wp-content\/uploads\/sites\/12\/2025\/02\/CHARMCOEUR-copia-768x768.jpg 768w, https:\/\/graziamagazine.com\/es\/wp-content\/uploads\/sites\/12\/2025\/02\/CHARMCOEUR-copia-1536x1536.jpg 1536w, https:\/\/graziamagazine.com\/es\/wp-content\/uploads\/sites\/12\/2025\/02\/CHARMCOEUR-copia-2048x2048.jpg 2048w, https:\/\/graziamagazine.com\/es\/wp-content\/uploads\/sites\/12\/2025\/02\/CHARMCOEUR-copia-400x400.jpg 400w, https:\/\/graziamagazine.com\/es\/wp-content\/uploads\/sites\/12\/2025\/02\/CHARMCOEUR-copia-155x155.jpg 155w\" sizes=\"(max-width: 2500px) 100vw, 2500px\" \/><\/div><\/figure><\/div><\/div>\n<p>El precio de <a href=\"https:\/\/www.surejewels.com\/products\/gargantilla-amber-mia-golden\" target=\"_blank\">la gargantilla es de 79,90 euros y el del <\/a><a href=\"https:\/\/www.surejewels.com\/products\/charm-my-red-heart-golden\" target=\"_blank\">charm de coraz\u00f3n de 29,90 euros,<\/a><a href=\"https:\/\/www.surejewels.com\/products\/gargantilla-amber-mia-golden\" target=\"_blank\"> en la web de la marca.\u00a0<\/a><\/p>\n<h4><strong>Anillo sello personalizable, de Pdpaola<\/strong><\/h4>\n<p>Anillo en forma de sello fabricado en plata de ley y ba\u00f1o de oro 18k.<\/p>\n<p><img loading=\"lazy\" decoding=\"async\" class=\"aligncenter size-full wp-image-182456\" src=\"https:\/\/graziamagazine.com\/es\/wp-content\/uploads\/sites\/12\/2025\/02\/Captura-de-pantalla-2025-02-12-a-las-22.56.20-e1739397536514.png\" alt=\"\" width=\"808\" height=\"528\" srcset=\"https:\/\/graziamagazine.com\/es\/wp-content\/uploads\/sites\/12\/2025\/02\/Captura-de-pantalla-2025-02-12-a-las-22.56.20-e1739397536514.png 808w, https:\/\/graziamagazine.com\/es\/wp-content\/uploads\/sites\/12\/2025\/02\/Captura-de-pantalla-2025-02-12-a-las-22.56.20-e1739397536514-300x196.png 300w, https:\/\/graziamagazine.com\/es\/wp-content\/uploads\/sites\/12\/2025\/02\/Captura-de-pantalla-2025-02-12-a-las-22.56.20-e1739397536514-768x502.png 768w, https:\/\/graziamagazine.com\/es\/wp-content\/uploads\/sites\/12\/2025\/02\/Captura-de-pantalla-2025-02-12-a-las-22.56.20-e1739397536514-400x261.png 400w, https:\/\/graziamagazine.com\/es\/wp-content\/uploads\/sites\/12\/2025\/02\/Captura-de-pantalla-2025-02-12-a-las-22.56.20-e1739397536514-155x101.png 155w\" sizes=\"(max-width: 808px) 100vw, 808px\" \/><\/p>\n<p><a href=\"https:\/\/www.pdpaola.com\/es\/products\/stamp-gold-ring\" target=\"_blank\">Su precio ahora en rebajas es de 38 euros en la web de la marca.\u00a0<\/a><\/p>\n<h4>Anillo triple Aurora, de SUMA CRUZ<\/h4>\n<p>Anillo triple r\u00edgido hecho en base de lat\u00f3n ba\u00f1ado en oro rosa envejecido de 18 quilates. Las estrellas est\u00e1n adornadas con cristales Swarovski en tonos rosas, blancos y dorados.<\/p>\n<p><img loading=\"lazy\" decoding=\"async\" class=\"aligncenter size-full wp-image-182458\" src=\"https:\/\/graziamagazine.com\/es\/wp-content\/uploads\/sites\/12\/2025\/02\/anillo_triple_aurora_suma_cruz-copia-e1739398037376.jpg\" alt=\"\" width=\"706\" height=\"485\" srcset=\"https:\/\/graziamagazine.com\/es\/wp-content\/uploads\/sites\/12\/2025\/02\/anillo_triple_aurora_suma_cruz-copia-e1739398037376.jpg 706w, https:\/\/graziamagazine.com\/es\/wp-content\/uploads\/sites\/12\/2025\/02\/anillo_triple_aurora_suma_cruz-copia-e1739398037376-300x206.jpg 300w, https:\/\/graziamagazine.com\/es\/wp-content\/uploads\/sites\/12\/2025\/02\/anillo_triple_aurora_suma_cruz-copia-e1739398037376-400x275.jpg 400w, https:\/\/graziamagazine.com\/es\/wp-content\/uploads\/sites\/12\/2025\/02\/anillo_triple_aurora_suma_cruz-copia-e1739398037376-155x106.jpg 155w\" sizes=\"(max-width: 706px) 100vw, 706px\" \/><\/p>\n<p><a href=\"https:\/\/www.sumacruz.com\/es\/anillo-triple-aurora\" target=\"_blank\">Su precio es de 250 euros en la web de la marca.<\/a><\/p>\n<div class=\"product__block product__head\">\n<div class=\"product__title__wrapper\">\n<h4 class=\"product__title heading-size-6\"><span data-zoom-caption=\"\">Locked Heart Necklace, de Susmie&#8217;s<\/span><\/h4>\n<p>Este collar est\u00e1 compuesto por una combinaci\u00f3n de diferentes metales como el Aluminio y Zinc con un ba\u00f1o de oro e\u00a0incluye una peque\u00f1a cantidad de n\u00edquel, lo que proporciona mayor durabilidad y resistencia.<\/p>\n<\/div>\n<\/div>\n<p><img loading=\"lazy\" decoding=\"async\" class=\"aligncenter wp-image-182462 size-full\" src=\"https:\/\/graziamagazine.com\/es\/wp-content\/uploads\/sites\/12\/2025\/02\/2_1bf6f57f-7c65-4602-b649-5a3503f0f997-copia-scaled-e1739399284671.jpg\" alt=\"\" width=\"1834\" height=\"2240\" srcset=\"https:\/\/graziamagazine.com\/es\/wp-content\/uploads\/sites\/12\/2025\/02\/2_1bf6f57f-7c65-4602-b649-5a3503f0f997-copia-scaled-e1739399284671.jpg 1834w, https:\/\/graziamagazine.com\/es\/wp-content\/uploads\/sites\/12\/2025\/02\/2_1bf6f57f-7c65-4602-b649-5a3503f0f997-copia-scaled-e1739399284671-246x300.jpg 246w, https:\/\/graziamagazine.com\/es\/wp-content\/uploads\/sites\/12\/2025\/02\/2_1bf6f57f-7c65-4602-b649-5a3503f0f997-copia-scaled-e1739399284671-838x1024.jpg 838w, https:\/\/graziamagazine.com\/es\/wp-content\/uploads\/sites\/12\/2025\/02\/2_1bf6f57f-7c65-4602-b649-5a3503f0f997-copia-scaled-e1739399284671-768x938.jpg 768w, https:\/\/graziamagazine.com\/es\/wp-content\/uploads\/sites\/12\/2025\/02\/2_1bf6f57f-7c65-4602-b649-5a3503f0f997-copia-scaled-e1739399284671-1258x1536.jpg 1258w, https:\/\/graziamagazine.com\/es\/wp-content\/uploads\/sites\/12\/2025\/02\/2_1bf6f57f-7c65-4602-b649-5a3503f0f997-copia-scaled-e1739399284671-1677x2048.jpg 1677w, https:\/\/graziamagazine.com\/es\/wp-content\/uploads\/sites\/12\/2025\/02\/2_1bf6f57f-7c65-4602-b649-5a3503f0f997-copia-scaled-e1739399284671-400x489.jpg 400w, https:\/\/graziamagazine.com\/es\/wp-content\/uploads\/sites\/12\/2025\/02\/2_1bf6f57f-7c65-4602-b649-5a3503f0f997-copia-scaled-e1739399284671-155x189.jpg 155w\" sizes=\"(max-width: 1834px) 100vw, 1834px\" \/><\/p>\n<p><a href=\"https:\/\/susmies.com\/collections\/sant-valentni\/products\/locked-heart-necklace\" target=\"_blank\">Su precio ahora es de 24 euros en la web de la marca.\u00a0<\/a><\/p>\n<h4>Brazalete Cala Scarlet, de Cala\u00efa<\/h4>\n<p>Tu brazalete de fondo de armario, ba\u00f1ado en oro de 18 quilates con piedra SWAROVSKI\u00ae en rojo. Tambi\u00e9n disponible en plata y Aquamarina (azul), Crystalline (verde claro) y Topaz (amarillo).<\/p>\n<p><img loading=\"lazy\" decoding=\"async\" class=\"aligncenter wp-image-182463 size-full\" src=\"https:\/\/graziamagazine.com\/es\/wp-content\/uploads\/sites\/12\/2025\/02\/DE2D6E65-9387-4597-BE29-2997CFD64208-copia-e1739399921866.jpg\" alt=\"\" width=\"1122\" height=\"498\" srcset=\"https:\/\/graziamagazine.com\/es\/wp-content\/uploads\/sites\/12\/2025\/02\/DE2D6E65-9387-4597-BE29-2997CFD64208-copia-e1739399921866.jpg 1122w, https:\/\/graziamagazine.com\/es\/wp-content\/uploads\/sites\/12\/2025\/02\/DE2D6E65-9387-4597-BE29-2997CFD64208-copia-e1739399921866-300x133.jpg 300w, https:\/\/graziamagazine.com\/es\/wp-content\/uploads\/sites\/12\/2025\/02\/DE2D6E65-9387-4597-BE29-2997CFD64208-copia-e1739399921866-1024x455.jpg 1024w, https:\/\/graziamagazine.com\/es\/wp-content\/uploads\/sites\/12\/2025\/02\/DE2D6E65-9387-4597-BE29-2997CFD64208-copia-e1739399921866-768x341.jpg 768w, https:\/\/graziamagazine.com\/es\/wp-content\/uploads\/sites\/12\/2025\/02\/DE2D6E65-9387-4597-BE29-2997CFD64208-copia-e1739399921866-400x178.jpg 400w, https:\/\/graziamagazine.com\/es\/wp-content\/uploads\/sites\/12\/2025\/02\/DE2D6E65-9387-4597-BE29-2997CFD64208-copia-e1739399921866-155x69.jpg 155w\" sizes=\"(max-width: 1122px) 100vw, 1122px\" \/><\/p>\n<p><a href=\"https:\/\/calaiamadrid.com\/products\/brazalete-cala-scarlet-oro\" target=\"_blank\">Su precio es de 58 euros en la web de la marca.<\/a><\/p>\n<h4>Collar Cinco corazones, de Pena Jewels<\/h4>\n<p>Collar de eslabones en plata chapada en oro de 18k con cinco charms coraz\u00f3n con clip y piedras en granate natural, zirconita, zirc\u00f3n azul espinel, o zirconita rosa. Se puede elegir entre plata u oro de 18 quilates bajo pedido.<\/p>\n<p><img loading=\"lazy\" decoding=\"async\" class=\"aligncenter size-full wp-image-182464\" src=\"https:\/\/graziamagazine.com\/es\/wp-content\/uploads\/sites\/12\/2025\/02\/collar-cinco-corazones-detail-e1739400074715.png\" alt=\"\" width=\"1124\" height=\"836\" srcset=\"https:\/\/graziamagazine.com\/es\/wp-content\/uploads\/sites\/12\/2025\/02\/collar-cinco-corazones-detail-e1739400074715.png 1124w, https:\/\/graziamagazine.com\/es\/wp-content\/uploads\/sites\/12\/2025\/02\/collar-cinco-corazones-detail-e1739400074715-300x223.png 300w, https:\/\/graziamagazine.com\/es\/wp-content\/uploads\/sites\/12\/2025\/02\/collar-cinco-corazones-detail-e1739400074715-1024x762.png 1024w, https:\/\/graziamagazine.com\/es\/wp-content\/uploads\/sites\/12\/2025\/02\/collar-cinco-corazones-detail-e1739400074715-768x571.png 768w, https:\/\/graziamagazine.com\/es\/wp-content\/uploads\/sites\/12\/2025\/02\/collar-cinco-corazones-detail-e1739400074715-400x298.png 400w, https:\/\/graziamagazine.com\/es\/wp-content\/uploads\/sites\/12\/2025\/02\/collar-cinco-corazones-detail-e1739400074715-155x115.png 155w\" sizes=\"(max-width: 1124px) 100vw, 1124px\" \/><\/p>\n<p><a href=\"https:\/\/penajewels.com\/producto\/collar-cinco-corazones\/\" target=\"_blank\">Su precio es de 275 euros en la web de la marca.\u00a0<\/a><\/p>\n<h4>Anillo Laia cuarzo rosa, de Lalitta Stones<\/h4>\n<p>El cuarzo rosa es la piedra del amor y qu\u00e9 mejor que este anillo con piedra natural en plata de ley 925 ba\u00f1ado en oro.<\/p>\n<p><img loading=\"lazy\" decoding=\"async\" class=\"aligncenter size-full wp-image-182465\" src=\"https:\/\/graziamagazine.com\/es\/wp-content\/uploads\/sites\/12\/2025\/02\/Captura-de-pantalla-2025-02-12-a-las-23.45.30.png\" alt=\"\" width=\"986\" height=\"1048\" srcset=\"https:\/\/graziamagazine.com\/es\/wp-content\/uploads\/sites\/12\/2025\/02\/Captura-de-pantalla-2025-02-12-a-las-23.45.30.png 986w, https:\/\/graziamagazine.com\/es\/wp-content\/uploads\/sites\/12\/2025\/02\/Captura-de-pantalla-2025-02-12-a-las-23.45.30-282x300.png 282w, https:\/\/graziamagazine.com\/es\/wp-content\/uploads\/sites\/12\/2025\/02\/Captura-de-pantalla-2025-02-12-a-las-23.45.30-963x1024.png 963w, https:\/\/graziamagazine.com\/es\/wp-content\/uploads\/sites\/12\/2025\/02\/Captura-de-pantalla-2025-02-12-a-las-23.45.30-768x816.png 768w, https:\/\/graziamagazine.com\/es\/wp-content\/uploads\/sites\/12\/2025\/02\/Captura-de-pantalla-2025-02-12-a-las-23.45.30-400x425.png 400w, https:\/\/graziamagazine.com\/es\/wp-content\/uploads\/sites\/12\/2025\/02\/Captura-de-pantalla-2025-02-12-a-las-23.45.30-155x165.png 155w\" sizes=\"(max-width: 986px) 100vw, 986px\" \/><\/p>\n<p><a href=\"https:\/\/www.lalittastones.com\/shop-boxed\/tipo-de-piedra\/cuarzo-rosa\/anillo-cuarzo-rosa-plata\/\" target=\"_blank\">Su precio es de 39 euros en la web de la marca.\u00a0<\/a><\/p>\n<p><em>*Im\u00e1genes: cortes\u00eda<\/em><\/p>\n<div class=\"row\">\n<div class=\"col d-flex justify-content-between col-prices\">\n<div class=\"prices\">*<\/div>\n<\/div>\n<\/div>\n","protected":false},"author":11653,"featured_media":182444,"template":"","format":"standard","categories":[1],"acf":[],"yoast_head":"<!-- This site is optimized with the Yoast SEO Premium plugin v18.5 (Yoast SEO v20.4) - https:\/\/yoast.com\/wordpress\/plugins\/seo\/ -->\n<title>Joyas made in Spain para regalar en San Valent\u00edn<\/title>\n<meta name=\"description\" content=\"Regalar joyas en San Valent\u00edn es m\u00e1s que un simple detalle: es una declaraci\u00f3n de amor, un recuerdo imborrable y una inversi\u00f3n en emociones.\" \/>\n<meta name=\"robots\" content=\"index, follow, max-snippet:-1, max-image-preview:large, max-video-preview:-1\" \/>\n<link rel=\"canonical\" href=\"https:\/\/graziamagazine.com\/es\/articles\/joyas-made-in-spain-para-regalar-en-san-valetin\/\" \/>\n<meta property=\"og:locale\" content=\"es_ES\" \/>\n<meta property=\"og:type\" content=\"article\" \/>\n<meta property=\"og:title\" content=\"Joyas made in Spain para regalar en San Valent\u00edn\" \/>\n<meta property=\"og:description\" content=\"Regalar joyas en San Valent\u00edn es m\u00e1s que un simple detalle: es una declaraci\u00f3n de amor, un recuerdo imborrable y una inversi\u00f3n en emociones.\" \/>\n<meta property=\"og:url\" content=\"https:\/\/graziamagazine.com\/es\/articles\/joyas-made-in-spain-para-regalar-en-san-valetin\/\" \/>\n<meta property=\"og:site_name\" content=\"Grazia\" \/>\n<meta property=\"article:modified_time\" content=\"2025-02-12T22:48:49+00:00\" \/>\n<meta property=\"og:image\" content=\"https:\/\/graziamagazine.com\/es\/wp-content\/uploads\/sites\/12\/2025\/02\/SINGULARU_SAN-VALENTIN-25_07-copia-scaled.jpeg\" \/>\n\t<meta property=\"og:image:width\" content=\"2560\" \/>\n\t<meta property=\"og:image:height\" content=\"1707\" \/>\n\t<meta property=\"og:image:type\" content=\"image\/jpeg\" \/>\n<meta name=\"twitter:card\" content=\"summary_large_image\" \/>\n<meta name=\"twitter:label1\" content=\"Est. reading time\" \/>\n\t<meta name=\"twitter:data1\" content=\"6 minutos\" \/>\n<script type=\"application\/ld+json\" class=\"yoast-schema-graph\">{\"@context\":\"https:\/\/schema.org\",\"@graph\":[{\"@type\":\"WebPage\",\"@id\":\"https:\/\/graziamagazine.com\/es\/articles\/joyas-made-in-spain-para-regalar-en-san-valetin\/\",\"url\":\"https:\/\/graziamagazine.com\/es\/articles\/joyas-made-in-spain-para-regalar-en-san-valetin\/\",\"name\":\"Joyas made in Spain para regalar en San Valent\u00edn\",\"isPartOf\":{\"@id\":\"https:\/\/graziamagazine.com\/es\/#website\"},\"datePublished\":\"2025-02-13T08:00:57+00:00\",\"dateModified\":\"2025-02-12T22:48:49+00:00\",\"description\":\"Regalar joyas en San Valent\u00edn es m\u00e1s que un simple detalle: es una declaraci\u00f3n de amor, un recuerdo imborrable y una inversi\u00f3n en emociones.\",\"breadcrumb\":{\"@id\":\"https:\/\/graziamagazine.com\/es\/articles\/joyas-made-in-spain-para-regalar-en-san-valetin\/#breadcrumb\"},\"inLanguage\":\"es\",\"potentialAction\":[{\"@type\":\"ReadAction\",\"target\":[\"https:\/\/graziamagazine.com\/es\/articles\/joyas-made-in-spain-para-regalar-en-san-valetin\/\"]}]},{\"@type\":\"BreadcrumbList\",\"@id\":\"https:\/\/graziamagazine.com\/es\/articles\/joyas-made-in-spain-para-regalar-en-san-valetin\/#breadcrumb\",\"itemListElement\":[{\"@type\":\"ListItem\",\"position\":1,\"name\":\"Portada\",\"item\":\"https:\/\/graziamagazine.com\/es\/\"},{\"@type\":\"ListItem\",\"position\":2,\"name\":\"Joyas made in Spain para regalar en San Valent\u00edn\"}]},{\"@type\":\"WebSite\",\"@id\":\"https:\/\/graziamagazine.com\/es\/#website\",\"url\":\"https:\/\/graziamagazine.com\/es\/\",\"name\":\"Grazia\",\"description\":\"Moda, belleza, celebrities, estilo de vida...\",\"potentialAction\":[{\"@type\":\"SearchAction\",\"target\":{\"@type\":\"EntryPoint\",\"urlTemplate\":\"https:\/\/graziamagazine.com\/es\/?s={search_term_string}\"},\"query-input\":\"required name=search_term_string\"}],\"inLanguage\":\"es\"}]}<\/script>\n<!-- \/ Yoast SEO Premium plugin. -->","yoast_head_json":{"title":"Joyas made in Spain para regalar en San Valent\u00edn","description":"Regalar joyas en San Valent\u00edn es m\u00e1s que un simple detalle: es una declaraci\u00f3n de amor, un recuerdo imborrable y una inversi\u00f3n en emociones.","robots":{"index":"index","follow":"follow","max-snippet":"max-snippet:-1","max-image-preview":"max-image-preview:large","max-video-preview":"max-video-preview:-1"},"canonical":"https:\/\/graziamagazine.com\/es\/articles\/joyas-made-in-spain-para-regalar-en-san-valetin\/","og_locale":"es_ES","og_type":"article","og_title":"Joyas made in Spain para regalar en San Valent\u00edn","og_description":"Regalar joyas en San Valent\u00edn es m\u00e1s que un simple detalle: es una declaraci\u00f3n de amor, un recuerdo imborrable y una inversi\u00f3n en emociones.","og_url":"https:\/\/graziamagazine.com\/es\/articles\/joyas-made-in-spain-para-regalar-en-san-valetin\/","og_site_name":"Grazia","article_modified_time":"2025-02-12T22:48:49+00:00","og_image":[{"width":2560,"height":1707,"url":"https:\/\/graziamagazine.com\/es\/wp-content\/uploads\/sites\/12\/2025\/02\/SINGULARU_SAN-VALENTIN-25_07-copia-scaled.jpeg","type":"image\/jpeg"}],"twitter_card":"summary_large_image","twitter_misc":{"Est. reading time":"6 minutos"},"schema":{"@context":"https:\/\/schema.org","@graph":[{"@type":"WebPage","@id":"https:\/\/graziamagazine.com\/es\/articles\/joyas-made-in-spain-para-regalar-en-san-valetin\/","url":"https:\/\/graziamagazine.com\/es\/articles\/joyas-made-in-spain-para-regalar-en-san-valetin\/","name":"Joyas made in Spain para regalar en San Valent\u00edn","isPartOf":{"@id":"https:\/\/graziamagazine.com\/es\/#website"},"datePublished":"2025-02-13T08:00:57+00:00","dateModified":"2025-02-12T22:48:49+00:00","description":"Regalar joyas en San Valent\u00edn es m\u00e1s que un simple detalle: es una declaraci\u00f3n de amor, un recuerdo imborrable y una inversi\u00f3n en emociones.","breadcrumb":{"@id":"https:\/\/graziamagazine.com\/es\/articles\/joyas-made-in-spain-para-regalar-en-san-valetin\/#breadcrumb"},"inLanguage":"es","potentialAction":[{"@type":"ReadAction","target":["https:\/\/graziamagazine.com\/es\/articles\/joyas-made-in-spain-para-regalar-en-san-valetin\/"]}]},{"@type":"BreadcrumbList","@id":"https:\/\/graziamagazine.com\/es\/articles\/joyas-made-in-spain-para-regalar-en-san-valetin\/#breadcrumb","itemListElement":[{"@type":"ListItem","position":1,"name":"Portada","item":"https:\/\/graziamagazine.com\/es\/"},{"@type":"ListItem","position":2,"name":"Joyas made in Spain para regalar en San Valent\u00edn"}]},{"@type":"WebSite","@id":"https:\/\/graziamagazine.com\/es\/#website","url":"https:\/\/graziamagazine.com\/es\/","name":"Grazia","description":"Moda, belleza, celebrities, estilo de vida...","potentialAction":[{"@type":"SearchAction","target":{"@type":"EntryPoint","urlTemplate":"https:\/\/graziamagazine.com\/es\/?s={search_term_string}"},"query-input":"required name=search_term_string"}],"inLanguage":"es"}]}},"jetpack_sharing_enabled":true,"distributor_meta":false,"distributor_terms":false,"distributor_media":false,"distributor_original_site_name":"Grazia","distributor_original_site_url":"https:\/\/graziamagazine.com\/es","push-errors":false,"_links":{"self":[{"href":"https:\/\/graziamagazine.com\/es\/wp-json\/wp\/v2\/articles\/182399"}],"collection":[{"href":"https:\/\/graziamagazine.com\/es\/wp-json\/wp\/v2\/articles"}],"about":[{"href":"https:\/\/graziamagazine.com\/es\/wp-json\/wp\/v2\/types\/articles"}],"author":[{"embeddable":true,"href":"https:\/\/graziamagazine.com\/es\/wp-json\/wp\/v2\/users\/11653"}],"wp:featuredmedia":[{"embeddable":true,"href":"https:\/\/graziamagazine.com\/es\/wp-json\/wp\/v2\/media\/182444"}],"wp:attachment":[{"href":"https:\/\/graziamagazine.com\/es\/wp-json\/wp\/v2\/media?parent=182399"}],"wp:term":[{"taxonomy":"category","embeddable":true,"href":"https:\/\/graziamagazine.com\/es\/wp-json\/wp\/v2\/categories?post=182399"}],"curies":[{"name":"wp","href":"https:\/\/api.w.org\/{rel}","templated":true}]}}