{"id":182337,"date":"2025-02-10T13:28:52","date_gmt":"2025-02-10T12:28:52","guid":{"rendered":"https:\/\/graziamagazine.com\/es\/?post_type=articles&#038;p=182337"},"modified":"2025-02-10T13:28:52","modified_gmt":"2025-02-10T12:28:52","slug":"asi-puedes-conseguir-la-melena-perfecta-de-amaia-salamanca","status":"publish","type":"articles","link":"https:\/\/graziamagazine.com\/es\/articles\/asi-puedes-conseguir-la-melena-perfecta-de-amaia-salamanca\/","title":{"rendered":"As\u00ed puedes conseguir la melena perfecta de Amaia Salamanca"},"content":{"rendered":"<p>La alfombra roja de los Premios Goya siempre nos deja looks en los que inspirarnos ya sea en los eventos, y m\u00e1s cuando la temporada de BBC (bodas, bautizos y comuniones) est\u00e1 a la vuelta de la esquina. Adem\u00e1s de los looks de la gala, maquillaje y peinado son dos puntos fuertes que cada vez cuentan con m\u00e1s protagonismo.<\/p>\n<p>Y es que, no siempre es tan f\u00e1cil copiar un outfit de alfombra roja, pero s\u00ed es much\u00edsimo m\u00e1s f\u00e1cil recrear el maquillaje o el beauty hair de las famosas. Si tienes una larga melena y quieres o ya tienes flequillo tambi\u00e9n, el peinado de Amaia Salamanca en los Premios Goya 2025 es para ti y tenemos los secretos de experto para conseguirlo.<\/p>\n<p><img loading=\"lazy\" decoding=\"async\" class=\"aligncenter size-full wp-image-182364\" src=\"https:\/\/graziamagazine.com\/es\/wp-content\/uploads\/sites\/12\/2025\/02\/hispanitasshoes.jpg\" alt=\"\" width=\"1440\" height=\"1795\" srcset=\"https:\/\/graziamagazine.com\/es\/wp-content\/uploads\/sites\/12\/2025\/02\/hispanitasshoes.jpg 1440w, https:\/\/graziamagazine.com\/es\/wp-content\/uploads\/sites\/12\/2025\/02\/hispanitasshoes-241x300.jpg 241w, https:\/\/graziamagazine.com\/es\/wp-content\/uploads\/sites\/12\/2025\/02\/hispanitasshoes-821x1024.jpg 821w, https:\/\/graziamagazine.com\/es\/wp-content\/uploads\/sites\/12\/2025\/02\/hispanitasshoes-768x957.jpg 768w, https:\/\/graziamagazine.com\/es\/wp-content\/uploads\/sites\/12\/2025\/02\/hispanitasshoes-1232x1536.jpg 1232w, https:\/\/graziamagazine.com\/es\/wp-content\/uploads\/sites\/12\/2025\/02\/hispanitasshoes-400x499.jpg 400w, https:\/\/graziamagazine.com\/es\/wp-content\/uploads\/sites\/12\/2025\/02\/hispanitasshoes-155x193.jpg 155w\" sizes=\"(max-width: 1440px) 100vw, 1440px\" \/><\/p>\n<p>La actriz desfilaba por la alfombra roja con un vestido midi con tul interior de Carolina Herrera, los zapatos oficiales creados por Hispanitas y Juan Vidal y una larga melena pulida con peque\u00f1o flequillo.<\/p>\n<p dir=\"ltr\"><a href=\"https:\/\/canelapr.us17.list-manage.com\/track\/click?u=f48df3c9feb1fd3cf2d9a9795&amp;id=3b5e568445&amp;e=338e072238\" target=\"_blank\" rel=\"nofollow noopener noreferrer\" target=\"_blank\">Beatriz Matallana<\/a>, estilista y embajadora de Dyson Beauty en Espa\u00f1a, ha sido la encargada de peinar a la actriz\u00a0<a href=\"https:\/\/canelapr.us17.list-manage.com\/track\/click?u=f48df3c9feb1fd3cf2d9a9795&amp;id=7855ee98de&amp;e=338e072238\" target=\"_blank\" rel=\"nofollow noopener noreferrer\" target=\"_blank\">Amaia Salamanca<\/a>\u00a0para su asistencia a la gala de los Premios Goya 2025.<\/p>\n<p dir=\"ltr\"><img loading=\"lazy\" decoding=\"async\" class=\"aligncenter size-full wp-image-182363\" src=\"https:\/\/graziamagazine.com\/es\/wp-content\/uploads\/sites\/12\/2025\/02\/51c97388-4110-bc27-35e0-7b2ea2609d2a.jpeg\" alt=\"\" width=\"900\" height=\"1200\" srcset=\"https:\/\/graziamagazine.com\/es\/wp-content\/uploads\/sites\/12\/2025\/02\/51c97388-4110-bc27-35e0-7b2ea2609d2a.jpeg 900w, https:\/\/graziamagazine.com\/es\/wp-content\/uploads\/sites\/12\/2025\/02\/51c97388-4110-bc27-35e0-7b2ea2609d2a-225x300.jpeg 225w, https:\/\/graziamagazine.com\/es\/wp-content\/uploads\/sites\/12\/2025\/02\/51c97388-4110-bc27-35e0-7b2ea2609d2a-768x1024.jpeg 768w, https:\/\/graziamagazine.com\/es\/wp-content\/uploads\/sites\/12\/2025\/02\/51c97388-4110-bc27-35e0-7b2ea2609d2a-400x533.jpeg 400w, https:\/\/graziamagazine.com\/es\/wp-content\/uploads\/sites\/12\/2025\/02\/51c97388-4110-bc27-35e0-7b2ea2609d2a-155x207.jpeg 155w\" sizes=\"(max-width: 900px) 100vw, 900px\" \/><\/p>\n<p>\u00ab<em>Busc\u00e1bamos lograr un acabado saludable, brillante y perfectamente pulido.\u00a0Para ello, hemos utilizado el\u00a0<a href=\"https:\/\/canelapr.us17.list-manage.com\/track\/click?u=f48df3c9feb1fd3cf2d9a9795&amp;id=df134bcf79&amp;e=338e072238\" target=\"_blank\" rel=\"nofollow noopener noreferrer\" target=\"_blank\">cepillo redondo de Dys<\/a><a href=\"https:\/\/canelapr.us17.list-manage.com\/track\/click?u=f48df3c9feb1fd3cf2d9a9795&amp;id=43a766dbcc&amp;e=338e072238\" target=\"_blank\" rel=\"nofollow noopener noreferrer\" target=\"_blank\">on<\/a>\u00a0y la\u00a0boquilla concentradora del secador\u00a0<a href=\"https:\/\/canelapr.us17.list-manage.com\/track\/click?u=f48df3c9feb1fd3cf2d9a9795&amp;id=5be32280cd&amp;e=338e072238\" target=\"_blank\" rel=\"nofollow noopener noreferrer\" target=\"_blank\">Dyson Supersonic Nural<\/a>, que cuenta con control inteligente de la temperatura<\/em>\u00ab, explica Beatriz Matallana. \u00ab<em>Como toque final para potenciar el brillo natural del cabello de Amaia, he aplicado el\u00a0<a href=\"https:\/\/canelapr.us17.list-manage.com\/track\/click?u=f48df3c9feb1fd3cf2d9a9795&amp;id=23efa5c448&amp;e=338e072238\" target=\"_blank\" rel=\"nofollow noopener noreferrer\" target=\"_blank\">s\u00e9rum de acabado\u00a0Dyson Chitosan<\/a>, logrando un resultado elegante y luminoso<\/em>\u00ab, a\u00f1ade la estilista.<\/p>\n<h3>Los productos para sumar a tu rutina capilar<\/h3>\n<p><strong>Paso 1: el cepillo<\/strong><\/p>\n<p class=\"p1\">Ideal para el cabello corto o de longitud media y los flequillos. Para crear volumen y forma mientras lo moldeas. Con cerdas de punta redonda para mayor comodidad del cuero cabelludo, un mango equilibrado y un moldeador con conductos para una distribuci\u00f3n uniforme del calor.<\/p>\n<p><img loading=\"lazy\" decoding=\"async\" class=\"aligncenter wp-image-182366 size-full\" src=\"https:\/\/graziamagazine.com\/es\/wp-content\/uploads\/sites\/12\/2025\/02\/Captura-de-pantalla-2025-02-10-a-las-12.33.32-e1739187302763.png\" alt=\"\" width=\"727\" height=\"291\" srcset=\"https:\/\/graziamagazine.com\/es\/wp-content\/uploads\/sites\/12\/2025\/02\/Captura-de-pantalla-2025-02-10-a-las-12.33.32-e1739187302763.png 727w, https:\/\/graziamagazine.com\/es\/wp-content\/uploads\/sites\/12\/2025\/02\/Captura-de-pantalla-2025-02-10-a-las-12.33.32-e1739187302763-300x120.png 300w, https:\/\/graziamagazine.com\/es\/wp-content\/uploads\/sites\/12\/2025\/02\/Captura-de-pantalla-2025-02-10-a-las-12.33.32-e1739187302763-400x160.png 400w, https:\/\/graziamagazine.com\/es\/wp-content\/uploads\/sites\/12\/2025\/02\/Captura-de-pantalla-2025-02-10-a-las-12.33.32-e1739187302763-155x62.png 155w\" sizes=\"(max-width: 727px) 100vw, 727px\" \/><\/p>\n<p><a href=\"https:\/\/www.dyson.es\/support\/journey\/tools\/971060-03\" target=\"_blank\">Su precio es de 29 euros.<\/a><\/p>\n<div class=\"container-fluid container-fluid--upto-lg\">\n<div class=\"row\">\n<div class=\"theme--light col-lg-4 col-md-4 col-xs-12 ta-xs-left ta-sm-left ta-md-left ta-lg-left ta-xl-left product-hero__text-column product-hero__col-center product-hero__col-right\"><\/div>\n<\/div>\n<\/div>\n<p><strong>Paso 2: la herramienta de peinado<\/strong><\/p>\n<p>El nuevo Dyson Supersonic Nural se adapta autom\u00e1ticamente para realzar el brillo natural y proteger la salud del pelo y el cuero cabelludo, gracias a sus sensores inteligentes. No da\u00f1a el pelo por el calor y ofrece un secado r\u00e1pido, inteligente y muy completo gracias a sus cinco accesorios.<\/p>\n<div class=\"text__body js-text-body typography-body--small\" data-label-target=\"Se abre en una ventana nueva\">\n<p><img loading=\"lazy\" decoding=\"async\" class=\"aligncenter size-full wp-image-182367\" src=\"https:\/\/graziamagazine.com\/es\/wp-content\/uploads\/sites\/12\/2025\/02\/594823-01-scaled-e1739187596345.jpeg\" alt=\"\" width=\"1625\" height=\"1732\" srcset=\"https:\/\/graziamagazine.com\/es\/wp-content\/uploads\/sites\/12\/2025\/02\/594823-01-scaled-e1739187596345.jpeg 1625w, https:\/\/graziamagazine.com\/es\/wp-content\/uploads\/sites\/12\/2025\/02\/594823-01-scaled-e1739187596345-281x300.jpeg 281w, https:\/\/graziamagazine.com\/es\/wp-content\/uploads\/sites\/12\/2025\/02\/594823-01-scaled-e1739187596345-961x1024.jpeg 961w, https:\/\/graziamagazine.com\/es\/wp-content\/uploads\/sites\/12\/2025\/02\/594823-01-scaled-e1739187596345-768x819.jpeg 768w, https:\/\/graziamagazine.com\/es\/wp-content\/uploads\/sites\/12\/2025\/02\/594823-01-scaled-e1739187596345-1441x1536.jpeg 1441w, https:\/\/graziamagazine.com\/es\/wp-content\/uploads\/sites\/12\/2025\/02\/594823-01-scaled-e1739187596345-400x426.jpeg 400w, https:\/\/graziamagazine.com\/es\/wp-content\/uploads\/sites\/12\/2025\/02\/594823-01-scaled-e1739187596345-155x165.jpeg 155w\" sizes=\"(max-width: 1625px) 100vw, 1625px\" \/><\/p>\n<\/div>\n<p><a href=\"https:\/\/www.dyson.es\/support\/journey\/tools\/971060-03\" target=\"_blank\">El precio de la edici\u00f3n de San Valent\u00edn es de 499 euros<\/a><\/p>\n<p><strong>Paso 3: el toque final<\/strong><\/p>\n<p>Para potenciar el brillo natural se aplic\u00f3 el s\u00e9rum Dyson Chitosan\u2122\ufe0f al final. Un producto que hidrata y mantiene el cabello peinado con brillo y definici\u00f3n instant\u00e1neos dise\u00f1ado para su uso en peinados acabados de todo tipo de cabello, para lograr una fijaci\u00f3n dos veces m\u00e1s larga, sin rigidez, fragilidad ni residuos. Para lograr un cabello con aspecto y tacto hidratado, suave y liso.<\/p>\n<p><img loading=\"lazy\" decoding=\"async\" class=\"aligncenter size-full wp-image-182368\" src=\"https:\/\/graziamagazine.com\/es\/wp-content\/uploads\/sites\/12\/2025\/02\/572594-01-scaled-e1739190109926.jpeg\" alt=\"\" width=\"600\" height=\"900\" \/><\/p>\n<p><a href=\"https:\/\/www.dyson.es\/cuidado-del-cabello\/productos-peinado\/chitosan\/serum-acabado-100ml\" target=\"_blank\">Su precio es de 59 euros.\u00a0<\/a><\/p>\n<p>*Im\u00e1genes: Instagram y cortes\u00eda<\/p>\n","protected":false},"author":11653,"featured_media":182365,"template":"","format":"standard","categories":[13],"acf":[],"yoast_head":"<!-- This site is optimized with the Yoast SEO Premium plugin v18.5 (Yoast SEO v20.4) - https:\/\/yoast.com\/wordpress\/plugins\/seo\/ -->\n<title>As\u00ed puedes conseguir la melena perfecta de Amaia Salamanca<\/title>\n<meta name=\"description\" content=\"La actriz luci\u00f3 una melena s\u00faper pulida con un mini flequillo y sabemos c\u00f3mo conseguirla. Toma nota de los trucos de experto.\" \/>\n<meta name=\"robots\" content=\"index, follow, max-snippet:-1, max-image-preview:large, max-video-preview:-1\" \/>\n<link rel=\"canonical\" href=\"https:\/\/graziamagazine.com\/es\/articles\/asi-puedes-conseguir-la-melena-perfecta-de-amaia-salamanca\/\" \/>\n<meta property=\"og:locale\" content=\"es_ES\" \/>\n<meta property=\"og:type\" content=\"article\" \/>\n<meta property=\"og:title\" content=\"As\u00ed puedes conseguir la melena perfecta de Amaia Salamanca\" \/>\n<meta property=\"og:description\" content=\"La actriz luci\u00f3 una melena s\u00faper pulida con un mini flequillo y sabemos c\u00f3mo conseguirla. Toma nota de los trucos de experto.\" \/>\n<meta property=\"og:url\" content=\"https:\/\/graziamagazine.com\/es\/articles\/asi-puedes-conseguir-la-melena-perfecta-de-amaia-salamanca\/\" \/>\n<meta property=\"og:site_name\" content=\"Grazia\" \/>\n<meta property=\"og:image\" content=\"https:\/\/graziamagazine.com\/es\/wp-content\/uploads\/sites\/12\/2025\/02\/inmarbi-e1739187123194.jpg\" \/>\n\t<meta property=\"og:image:width\" content=\"1401\" \/>\n\t<meta property=\"og:image:height\" content=\"1049\" \/>\n\t<meta property=\"og:image:type\" content=\"image\/jpeg\" \/>\n<meta name=\"twitter:card\" content=\"summary_large_image\" \/>\n<meta name=\"twitter:label1\" content=\"Est. reading time\" \/>\n\t<meta name=\"twitter:data1\" content=\"4 minutos\" \/>\n<script type=\"application\/ld+json\" class=\"yoast-schema-graph\">{\"@context\":\"https:\/\/schema.org\",\"@graph\":[{\"@type\":\"WebPage\",\"@id\":\"https:\/\/graziamagazine.com\/es\/articles\/asi-puedes-conseguir-la-melena-perfecta-de-amaia-salamanca\/\",\"url\":\"https:\/\/graziamagazine.com\/es\/articles\/asi-puedes-conseguir-la-melena-perfecta-de-amaia-salamanca\/\",\"name\":\"As\u00ed puedes conseguir la melena perfecta de Amaia Salamanca\",\"isPartOf\":{\"@id\":\"https:\/\/graziamagazine.com\/es\/#website\"},\"datePublished\":\"2025-02-10T12:28:52+00:00\",\"dateModified\":\"2025-02-10T12:28:52+00:00\",\"description\":\"La actriz luci\u00f3 una melena s\u00faper pulida con un mini flequillo y sabemos c\u00f3mo conseguirla. Toma nota de los trucos de experto.\",\"breadcrumb\":{\"@id\":\"https:\/\/graziamagazine.com\/es\/articles\/asi-puedes-conseguir-la-melena-perfecta-de-amaia-salamanca\/#breadcrumb\"},\"inLanguage\":\"es\",\"potentialAction\":[{\"@type\":\"ReadAction\",\"target\":[\"https:\/\/graziamagazine.com\/es\/articles\/asi-puedes-conseguir-la-melena-perfecta-de-amaia-salamanca\/\"]}]},{\"@type\":\"BreadcrumbList\",\"@id\":\"https:\/\/graziamagazine.com\/es\/articles\/asi-puedes-conseguir-la-melena-perfecta-de-amaia-salamanca\/#breadcrumb\",\"itemListElement\":[{\"@type\":\"ListItem\",\"position\":1,\"name\":\"Portada\",\"item\":\"https:\/\/graziamagazine.com\/es\/\"},{\"@type\":\"ListItem\",\"position\":2,\"name\":\"As\u00ed puedes conseguir la melena perfecta de Amaia Salamanca\"}]},{\"@type\":\"WebSite\",\"@id\":\"https:\/\/graziamagazine.com\/es\/#website\",\"url\":\"https:\/\/graziamagazine.com\/es\/\",\"name\":\"Grazia\",\"description\":\"Moda, belleza, celebrities, estilo de vida...\",\"potentialAction\":[{\"@type\":\"SearchAction\",\"target\":{\"@type\":\"EntryPoint\",\"urlTemplate\":\"https:\/\/graziamagazine.com\/es\/?s={search_term_string}\"},\"query-input\":\"required name=search_term_string\"}],\"inLanguage\":\"es\"}]}<\/script>\n<!-- \/ Yoast SEO Premium plugin. -->","yoast_head_json":{"title":"As\u00ed puedes conseguir la melena perfecta de Amaia Salamanca","description":"La actriz luci\u00f3 una melena s\u00faper pulida con un mini flequillo y sabemos c\u00f3mo conseguirla. Toma nota de los trucos de experto.","robots":{"index":"index","follow":"follow","max-snippet":"max-snippet:-1","max-image-preview":"max-image-preview:large","max-video-preview":"max-video-preview:-1"},"canonical":"https:\/\/graziamagazine.com\/es\/articles\/asi-puedes-conseguir-la-melena-perfecta-de-amaia-salamanca\/","og_locale":"es_ES","og_type":"article","og_title":"As\u00ed puedes conseguir la melena perfecta de Amaia Salamanca","og_description":"La actriz luci\u00f3 una melena s\u00faper pulida con un mini flequillo y sabemos c\u00f3mo conseguirla. Toma nota de los trucos de experto.","og_url":"https:\/\/graziamagazine.com\/es\/articles\/asi-puedes-conseguir-la-melena-perfecta-de-amaia-salamanca\/","og_site_name":"Grazia","og_image":[{"width":1401,"height":1049,"url":"https:\/\/graziamagazine.com\/es\/wp-content\/uploads\/sites\/12\/2025\/02\/inmarbi-e1739187123194.jpg","type":"image\/jpeg"}],"twitter_card":"summary_large_image","twitter_misc":{"Est. reading time":"4 minutos"},"schema":{"@context":"https:\/\/schema.org","@graph":[{"@type":"WebPage","@id":"https:\/\/graziamagazine.com\/es\/articles\/asi-puedes-conseguir-la-melena-perfecta-de-amaia-salamanca\/","url":"https:\/\/graziamagazine.com\/es\/articles\/asi-puedes-conseguir-la-melena-perfecta-de-amaia-salamanca\/","name":"As\u00ed puedes conseguir la melena perfecta de Amaia Salamanca","isPartOf":{"@id":"https:\/\/graziamagazine.com\/es\/#website"},"datePublished":"2025-02-10T12:28:52+00:00","dateModified":"2025-02-10T12:28:52+00:00","description":"La actriz luci\u00f3 una melena s\u00faper pulida con un mini flequillo y sabemos c\u00f3mo conseguirla. Toma nota de los trucos de experto.","breadcrumb":{"@id":"https:\/\/graziamagazine.com\/es\/articles\/asi-puedes-conseguir-la-melena-perfecta-de-amaia-salamanca\/#breadcrumb"},"inLanguage":"es","potentialAction":[{"@type":"ReadAction","target":["https:\/\/graziamagazine.com\/es\/articles\/asi-puedes-conseguir-la-melena-perfecta-de-amaia-salamanca\/"]}]},{"@type":"BreadcrumbList","@id":"https:\/\/graziamagazine.com\/es\/articles\/asi-puedes-conseguir-la-melena-perfecta-de-amaia-salamanca\/#breadcrumb","itemListElement":[{"@type":"ListItem","position":1,"name":"Portada","item":"https:\/\/graziamagazine.com\/es\/"},{"@type":"ListItem","position":2,"name":"As\u00ed puedes conseguir la melena perfecta de Amaia Salamanca"}]},{"@type":"WebSite","@id":"https:\/\/graziamagazine.com\/es\/#website","url":"https:\/\/graziamagazine.com\/es\/","name":"Grazia","description":"Moda, belleza, celebrities, estilo de vida...","potentialAction":[{"@type":"SearchAction","target":{"@type":"EntryPoint","urlTemplate":"https:\/\/graziamagazine.com\/es\/?s={search_term_string}"},"query-input":"required name=search_term_string"}],"inLanguage":"es"}]}},"jetpack_sharing_enabled":true,"distributor_meta":false,"distributor_terms":false,"distributor_media":false,"distributor_original_site_name":"Grazia","distributor_original_site_url":"https:\/\/graziamagazine.com\/es","push-errors":false,"_links":{"self":[{"href":"https:\/\/graziamagazine.com\/es\/wp-json\/wp\/v2\/articles\/182337"}],"collection":[{"href":"https:\/\/graziamagazine.com\/es\/wp-json\/wp\/v2\/articles"}],"about":[{"href":"https:\/\/graziamagazine.com\/es\/wp-json\/wp\/v2\/types\/articles"}],"author":[{"embeddable":true,"href":"https:\/\/graziamagazine.com\/es\/wp-json\/wp\/v2\/users\/11653"}],"wp:featuredmedia":[{"embeddable":true,"href":"https:\/\/graziamagazine.com\/es\/wp-json\/wp\/v2\/media\/182365"}],"wp:attachment":[{"href":"https:\/\/graziamagazine.com\/es\/wp-json\/wp\/v2\/media?parent=182337"}],"wp:term":[{"taxonomy":"category","embeddable":true,"href":"https:\/\/graziamagazine.com\/es\/wp-json\/wp\/v2\/categories?post=182337"}],"curies":[{"name":"wp","href":"https:\/\/api.w.org\/{rel}","templated":true}]}}