{"id":182316,"date":"2025-02-07T16:07:44","date_gmt":"2025-02-07T15:07:44","guid":{"rendered":"https:\/\/graziamagazine.com\/es\/?post_type=articles&#038;p=182316"},"modified":"2025-02-07T16:07:44","modified_gmt":"2025-02-07T15:07:44","slug":"granada-se-viste-de-cine-para-la-gala-de-los-goya-2025","status":"publish","type":"articles","link":"https:\/\/graziamagazine.com\/es\/articles\/granada-se-viste-de-cine-para-la-gala-de-los-goya-2025\/","title":{"rendered":"Granada se viste de cine para la gala de los Goya 2025"},"content":{"rendered":"<p>El pr\u00f3ximo 8 de febrero de 2025, Granada se vestir\u00e1 de gala para acoger, por primera vez en su historia, la 39\u00aa edici\u00f3n de los Premios Goya.<\/p>\n<p>El emblem\u00e1tico Palacio de Exposiciones y Congresos ser\u00e1 el escenario donde se reunir\u00e1n las estrellas m\u00e1s brillantes del cine espa\u00f1ol, en una noche que promete ser inolvidable.<\/p>\n<p>La elecci\u00f3n de Granada como sede de esta prestigiosa ceremonia no es casualidad. Conocida por su rica herencia cultural y art\u00edstica, la ciudad ha sido cuna de innumerables talentos y ha servido de inspiraci\u00f3n para diversas producciones cinematogr\u00e1ficas.<\/p>\n<p>La alcaldesa, Marifr\u00e1n Carazo, ha expresado su entusiasmo, destacando que \u201cGranada est\u00e1 inmersa en un proyecto cultural apasionante, trabajando en su candidatura como Ciudad Europea de la Cultura para 2031\u201d.<\/p>\n<p>La gala dar\u00e1 inicio a las 22:00 horas, precedida por la tradicional alfombra roja a las 19:00 horas, donde actores, directores y personalidades del s\u00e9ptimo arte desfilar\u00e1n con sus mejores galas, ofreciendo momentos de glamour y elegancia que capturar\u00e1n la atenci\u00f3n de todos los aficionados al cine.<\/p>\n<p>Adem\u00e1s de la ceremonia principal, durante los meses previos se han organizado una serie de eventos culturales en la ciudad, incluyendo exposiciones, proyecciones de pel\u00edculas nominadas y encuentros con profesionales de la industria, consolidando a Granada como epicentro del cine espa\u00f1ol en esta temporada.<\/p>\n<p>La 39\u00aa edici\u00f3n de los Premios Goya promete ser una celebraci\u00f3n memorable, no solo por reconocer lo mejor del cine espa\u00f1ol, sino tambi\u00e9n por destacar la belleza y el patrimonio cultural de Granada. Sin duda, una cita imperdible para los amantes del cine y la cultura.<\/p>\n<p>Aqu\u00ed la lista completa \u00a1Toma Nota!<\/p>\n<h3 id=\"h3-5tojx3m6to4mut\" data-wc=\"2\">Mejor pel\u00edcula<\/h3>\n<p id=\"e8Y-9BsUHv_-\" data-wc=\"8\"><em>Casa en flames<br \/>\nEl 47<br \/>\nLa estrella azul<br \/>\nLa infiltrada<br \/>\nSegundo premio<\/em><\/p>\n<h3 id=\"h3-5tojx3m6to4muu\" data-wc=\"2\">Mejor direcci\u00f3n<\/h3>\n<p id=\"e6Et3n9Tbtgl\" data-wc=\"30\">Pedro Almod\u00f3var por\u00a0<em>La habitaci\u00f3n de al lado<\/em><br \/>\nArantxa Echevarria por\u00a0<em>La infiltrada<\/em><br \/>\nPaula Ortiz por La virgen roja<br \/>\nAitor Arregi y Jon Gara\u00f1o por<em>\u00a0Marco<\/em><br \/>\nIsaki Lacuesta y Pol Rodr\u00edguez por<em>\u00a0Segundo premio<\/em><\/p>\n<h3 id=\"h3-5tojx3m6to4muv\" data-wc=\"3\">Mejor actriz protagonista<\/h3>\n<p id=\"eq_g7LBInN7Z\" data-wc=\"29\">Emma Vilarasau<em>\u00a0 por Casa en flames<\/em><br \/>\nJulianne Moore por\u00a0<em>La habitaci\u00f3n de al lado<\/em><br \/>\nTilda Swinton por\u00a0<em>La habitaci\u00f3n de al lado<\/em><br \/>\nCarolina Yuste por\u00a0<em>La infiltrada<\/em><br \/>\nPatricia Lopez Arnaiz<strong>\u00a0<\/strong>por<strong><em>\u00a0<\/em><\/strong><em>Los destellos<\/em><\/p>\n<h3 id=\"h3-5tojx3m6to4muw\" data-wc=\"3\">Mejor actor protagonista<\/h3>\n<p id=\"eKTH5xeQYZEE\" data-wc=\"19\">Alberto Sanjuan por\u00a0<em>Casa en flames<\/em><br \/>\nEduard Fern\u00e1ndez por\u00a0<em>Marco<\/em><br \/>\nAlfredo Castro por\u00a0<em>Polvo ser\u00e1n<\/em><br \/>\nUrko Olazabal\u00a0<em>Soy Nevenka<\/em><br \/>\nVito Sanz por\u00a0<em>Volver\u00e9is<\/em><\/p>\n<h3 id=\"h3-5tojx3m6to4mux\" data-wc=\"4\">Mejor actriz de reparto<\/h3>\n<p id=\"e772VtQmcSNT\" data-wc=\"25\">Macarena Garc\u00eda por\u00a0<em>Casa en flames<\/em><br \/>\nMar\u00eda Rodr\u00edguez Soto por\u00a0<em>Casa en flames<\/em><br \/>\nClara Segura po<em>r El 47<\/em><br \/>\nNausicaa Bonn\u00edn por\u00a0<em>La infiltrada<\/em><br \/>\nAixa Villagr\u00e1n por\u00a0<em>La virgen roja<\/em><\/p>\n<h3 id=\"h3-5tojx3m6to4muy\" data-wc=\"4\">Mejor actor de reparto<\/h3>\n<p id=\"e662THFibGX_\" data-wc=\"26\">Enric Auquer por\u00a0<em>Casa en flames<\/em><br \/>\nSalva Reina por\u00a0<em>El 47<\/em><br \/>\n\u00d3scar de la Fuente por\u00a0<em>La casa<\/em><br \/>\nLuis Tosar por\u00a0<em>La infiltrada<\/em><br \/>\nAntonio de la Torre por<em>\u00a0Los destellos<\/em><\/p>\n<h3 id=\"h3-5tojx3m6to4muz\" data-wc=\"3\">Mejor gui\u00f3n original<\/h3>\n<p id=\"eEV6OE-T1xEE\" data-wc=\"35\">Eduard Sola por\u00a0<em>Casa en Flames<\/em><br \/>\nAlberto Marini, Marcel Barrena\u00a0<em>por El 47<\/em><br \/>\nJavier Macipe por\u00a0<em>La estrella azul<\/em><br \/>\nAm\u00e9lia Mora, Arantxa Echevarr\u00eda por\u00a0<em>La infiltrada<\/em><br \/>\nAitor Arregi, Jon Gara\u00f1o, Jorge Gil Munarriz y Jose Mari Goenaga por\u00a0<em>Marco<\/em><\/p>\n<h3 id=\"h3-5tojx3m6to4mv0\" data-wc=\"3\">Mejor gui\u00f3n adaptado<\/h3>\n<p id=\"eYbEIB1cEByQ\" data-wc=\"33\">\u00c1lex Montoya y Joana M. Ortueta por\u00a0<em>La casa<\/em><br \/>\nPedro Almod\u00f3var por\u00a0<em>La habitaci\u00f3n de al lado<\/em><br \/>\nPilar Palomero por\u00a0<em>Los destellos<\/em><br \/>\nMar coll Valentina Viso por\u00a0<em>Salve Mar\u00eda<\/em><br \/>\nIciar Bollaon e Isa Campo por\u00a0<em>Soy Nevenka<\/em><\/p>\n<h3 id=\"h3-5tojx3m6to4mv1\" data-wc=\"3\">Mejor actor revelaci\u00f3n<\/h3>\n<p id=\"ecywrlMSDDn2\" data-wc=\"27\">Oscar Lasarte por\u00a0<em>\u00bfEs el enemigo? La pel\u00edcula de Gila<\/em><br \/>\nCuti Carabajal por\u00a0<em>La estrella azul<\/em><br \/>\nPepe Lorente por<em>\u00a0La estrella azul<\/em><br \/>\nCristalino por\u00a0<em>Segundo premio<\/em><br \/>\nDaniel Ib\u00e1\u00f1ez por\u00a0<em>Segundo premio<\/em><\/p>\n<h3 id=\"h3-5tojx3m6to4mv2\" data-wc=\"3\">Mejor actriz revelaci\u00f3n<\/h3>\n<p id=\"emz4k5TdD0gC\" data-wc=\"22\">Zoe Bonafonte por\u00a0<em>El 47<\/em><br \/>\nMariela Carabajal por\u00a0<em>La estrella azul<\/em><br \/>\nMarina Guerola por\u00a0<em>Los destellos<\/em><br \/>\nLaura Weissmahr por\u00a0<em>Salve Mar\u00eda<\/em><br \/>\nLuc\u00eda Veiga por<em>\u00a0Soy Nevenka<\/em><\/p>\n<h3 id=\"h3-5tojx3m6to4mv3\" data-wc=\"3\">Mejor pel\u00edcula europea<\/h3>\n<p id=\"ew3RSX3kBAP6\" data-wc=\"15\">El Conde de Montecristo (Francia)<br \/>\nEmilia P\u00e9rez\u00a0(Francia)<br \/>\nFlow (Letonia)<br \/>\nLa Quimera\u00a0(Italia)<br \/>\nLa zona de inter\u00e9s (Reino Unido)<\/p>\n<h3 id=\"h3-5tojx3m6to4mv4\" data-wc=\"3\">Mejor pel\u00edcula iberoamericana<\/h3>\n<p id=\"eQTxzvvLg8UF\" data-wc=\"21\">Ag\u00e1rrame fuerte (Uruguay)<br \/>\nAinda estou aqu\u00ed (Brasil)<br \/>\nEl jockey (Argentina)<br \/>\nEl lugar de la otra (Chile)<br \/>\nMemorias de un cuerpo que arde (Costa Rica)<\/p>\n<h3 id=\"h3-5tojx3m6to4mv5\" data-wc=\"3\">Mejor pel\u00edcula documental<\/h3>\n<p id=\"e2FrdJJDUUyb\" data-wc=\"14\"><em>Domingo Domingo<br \/>\nLa guitarra flamenca de Yerai Cort\u00e9s<br \/>\nMarisol, ll\u00e1mame Pepa<br \/>\nMi hermano Ali<br \/>\nNo est\u00e1s sola<\/em><\/p>\n<h3 id=\"h3-5tojx3m6to4mv6\" data-wc=\"4\">Mejor pel\u00edcula de animaci\u00f3n<\/h3>\n<p id=\"e1igoz17-MLx\" data-wc=\"7\"><em>Buffalo Kids<br \/>\nDragonkeeper: Guardiana de dragones<br \/>\nRock Bottom<br \/>\nMariposas negras<br \/>\nSuperklaus<\/em><\/p>\n<h3 id=\"h3-5tojx3m6to4mv7\" data-wc=\"3\">Mejor direcci\u00f3n novel<\/h3>\n<p id=\"eC_DNMuPHxIf\" data-wc=\"18\">Miguel Faus\u00a0<em>Calladita<\/em><br \/>\nPedro Mart\u00edn-Calero\u00a0<em>El llanto<\/em><br \/>\nJavier Macipe\u00a0<em>La estrella azul<\/em><br \/>\nSandra Romero\u00a0<em>Por donde pasa el silencio<\/em><br \/>\nPaz Vega\u00a0<em>Rita<\/em><\/p>\n<h3 id=\"h3-5tojx3m6to4mv8\" data-wc=\"3\"><strong>Mejor m\u00fasica original<\/strong><\/h3>\n<p id=\"eQI0TY-LM-Bf\" data-wc=\"24\"><em>El 47,\u00a0<\/em>Arnau Bataller<br \/>\n<em>Guardiana de dragones (Dragonkeeper)<\/em>, Arturo Cardel\u00fas<br \/>\n<em>La infiltrada,<\/em>\u00a0Fernando Vel\u00e1zquez<br \/>\n<em>La habitaci\u00f3n de al lado,\u00a0<\/em>Alberto Iglesias<br \/>\n<em>Verano en diciembre,<\/em>\u00a0Sergio de la Puente<\/p>\n<h3 id=\"h3-5tojx3m6to4mv9\" data-wc=\"3\">Mejor canci\u00f3n original<\/h3>\n<p id=\"eKXO19Nv1Ppx8\" data-wc=\"40\"><em>Buffalo Kids,\u00a0<\/em>Show me, Fernando Vel\u00e1zquez<br \/>\n<em>El 47,\u00a0<\/em>El borde del mundo, Valeria Castro<br \/>\nL<em>a guitarra flamenca de Yeray Cort\u00e9s<\/em>, Los Almendros, Ant\u00f3n \u00c1lvarez, Yerai Cort\u00e9s<br \/>\n<em>La virgen roja<\/em>, La Virgen Roja, Maria Arnal<br \/>\n<em>Segundo premio<\/em>, Love is the worst, Alondra Bentley, Isaki Lacuesta<\/p>\n<h3 id=\"h3-5tojx3m6to4mva\" data-wc=\"3\">Mejor cortometraje documental<\/h3>\n<p id=\"efcR7_pTUukZE\" data-wc=\"14\"><em>Ciao Bambina<br \/>\nEls Buits<br \/>\nLas novias del sur<br \/>\nLos 30 (no) son los nuevos 20<br \/>\nSemillas de Kivu<\/em><\/p>\n<h3 id=\"h3-5tojx3m6to4mvb\" data-wc=\"4\">Mejor cortometraje de ficci\u00f3n<\/h3>\n<p id=\"ebpRm8QxJGCAI\" data-wc=\"8\"><em>Betiko Gaua (La noche eterna)<br \/>\nCuarentena<br \/>\nEl trono<br \/>\nLa gran obra<br \/>\nMam\u00e1ntula<\/em><\/p>\n<h3 id=\"h3-5tojx3m6to4mvc\" data-wc=\"4\">Mejor cortometraje de animaci\u00f3n<\/h3>\n<p id=\"ee6RzdEauucTB\" data-wc=\"8\"><em>Cafun\u00e9<br \/>\nEl cambio de rueda<br \/>\nLa mujer ilustrada<br \/>\nLola, Lolita, Lolaza<br \/>\nWan<\/em><\/p>\n<h3 id=\"h3-5tojx3m6to4mvd\" data-wc=\"2\">Mejor montaje<\/h3>\n<p id=\"ekRmJnGW9TloR\" data-wc=\"8\"><em>El 47<br \/>\nLa estrella azul<br \/>\nLa infiltrada<br \/>\nLos peque\u00f1os amores<br \/>\nSegundo premio<\/em><\/p>\n<h3 id=\"h3-5tojx3m6to4mve\" data-wc=\"4\">Mejor direcci\u00f3n de producci\u00f3n<\/h3>\n<p id=\"eDfOs1DFWpx_f\" data-wc=\"8\"><em>Casa en flames<br \/>\nEl 47<br \/>\nLa infiltrada<br \/>\nLa virgen roja<br \/>\nSegundo premio<\/em><\/p>\n<h3 id=\"h3-5tojx3m6to4mvf\" data-wc=\"4\">Mejor maquillaje y peluquer\u00eda<\/h3>\n<p id=\"eIJ5jVG2N0pxE\" data-wc=\"9\"><em>El 47<br \/>\nLa habitaci\u00f3n de al lado<br \/>\nLa infiltrada<br \/>\nLa virgen roja<br \/>\nMarco<\/em><\/p>\n<h3 id=\"h3-5tojx3m6to4mvg\" data-wc=\"4\">Mejor dise\u00f1o de vestuario<\/h3>\n<p id=\"eVx4AaI7_k-eY\" data-wc=\"11\"><em>Disco Ibiza Locom\u00eda<br \/>\nEl 47<br \/>\nLa habitaci\u00f3n de al lado<br \/>\nLa virgen roja<br \/>\nSegundo premio<\/em><\/p>\n<h3 id=\"h3-5tojx3m6to4mvh\" data-wc=\"4\">Mejor direcci\u00f3n de arte<\/h3>\n<p id=\"eOduOyqA7OocF\" data-wc=\"9\"><em>El 47<br \/>\nLa habitaci\u00f3n de la lado<br \/>\nLa virgen roja<br \/>\nSegundo premio<br \/>\nVolver\u00e9is<\/em><\/p>\n<h3 id=\"h3-5tojx3m6to4mvi\" data-wc=\"3\">Mejores efectos especiales<\/h3>\n<p id=\"ee-nz-zeZZKKd\" data-wc=\"7\"><em>El 47<br \/>\nGuardiana de dragones<br \/>\nLa infiltrada<br \/>\nLa virgen roja<br \/>\nMarco<\/em><\/p>\n<h3 id=\"h3-5tojx3m6to4mvj\" data-wc=\"4\">Mejor direcci\u00f3n de fotograf\u00eda<\/h3>\n<p id=\"eudrcUFA7lmTK\" data-wc=\"7\"><em>El 47<br \/>\nUn d\u00eda cualquiera<br \/>\nLa infiltrada<br \/>\nSegundo premio<br \/>\nSoy Nevenka<\/em><\/p>\n<h3 id=\"h3-5tojx3m6to4mvk\" data-wc=\"2\">Mejor sonido<\/h3>\n<p id=\"eH9qWV6cNLDq5\" data-wc=\"11\"><em>La estrella azul<br \/>\nLa habitaci\u00f3n de al lado<br \/>\nLa infiltrada<br \/>\nLa virgen roja<br \/>\nSegundo premio<\/em><\/p>\n<h3 id=\"h3-5tojx3m6to4mvl\" data-wc=\"3\">\u200b\u200b\u200b\u200bGoya de Honor<\/h3>\n<p id=\"eLkc9G8hIhPsy\" data-wc=\"3\">Aitana S\u00e1nchez Gij\u00f3n<\/p>\n<p data-wc=\"3\"><em><strong>*IMAGEN: Google Images<\/strong><\/em><\/p>\n","protected":false},"author":28953,"featured_media":182319,"template":"","format":"standard","categories":[2971],"acf":{"banner":""},"yoast_head":"<!-- This site is optimized with the Yoast SEO Premium plugin v18.5 (Yoast SEO v20.4) - https:\/\/yoast.com\/wordpress\/plugins\/seo\/ -->\n<title>\u00a1Granada se viste de gala para los Goya 2025!<\/title>\n<meta name=\"description\" content=\"La ciudad andaluza acoge por primera vez la gran fiesta del cine espa\u00f1ol, prometiendo una noche inolvidable.\" \/>\n<meta name=\"robots\" content=\"index, follow, max-snippet:-1, max-image-preview:large, max-video-preview:-1\" \/>\n<link rel=\"canonical\" href=\"https:\/\/graziamagazine.com\/es\/articles\/granada-se-viste-de-cine-para-la-gala-de-los-goya-2025\/\" \/>\n<meta property=\"og:locale\" content=\"es_ES\" \/>\n<meta property=\"og:type\" content=\"article\" \/>\n<meta property=\"og:title\" content=\"Granada se viste de cine para la gala de los Goya 2025\" \/>\n<meta property=\"og:description\" content=\"La ciudad andaluza acoge por primera vez la gran fiesta del cine espa\u00f1ol, prometiendo una noche inolvidable.\" \/>\n<meta property=\"og:url\" content=\"https:\/\/graziamagazine.com\/es\/articles\/granada-se-viste-de-cine-para-la-gala-de-los-goya-2025\/\" \/>\n<meta property=\"og:site_name\" content=\"Grazia\" \/>\n<meta property=\"og:image\" content=\"https:\/\/graziamagazine.com\/es\/wp-content\/uploads\/sites\/12\/2025\/02\/Estatutas-gigantes-Premios-Goya-Granada.jpg\" \/>\n\t<meta property=\"og:image:width\" content=\"970\" \/>\n\t<meta property=\"og:image:height\" content=\"545\" \/>\n\t<meta property=\"og:image:type\" content=\"image\/jpeg\" \/>\n<meta name=\"twitter:card\" content=\"summary_large_image\" \/>\n<meta name=\"twitter:label1\" content=\"Est. reading time\" \/>\n\t<meta name=\"twitter:data1\" content=\"5 minutos\" \/>\n<script type=\"application\/ld+json\" class=\"yoast-schema-graph\">{\"@context\":\"https:\/\/schema.org\",\"@graph\":[{\"@type\":\"WebPage\",\"@id\":\"https:\/\/graziamagazine.com\/es\/articles\/granada-se-viste-de-cine-para-la-gala-de-los-goya-2025\/\",\"url\":\"https:\/\/graziamagazine.com\/es\/articles\/granada-se-viste-de-cine-para-la-gala-de-los-goya-2025\/\",\"name\":\"\u00a1Granada se viste de gala para los Goya 2025!\",\"isPartOf\":{\"@id\":\"https:\/\/graziamagazine.com\/es\/#website\"},\"datePublished\":\"2025-02-07T15:07:44+00:00\",\"dateModified\":\"2025-02-07T15:07:44+00:00\",\"description\":\"La ciudad andaluza acoge por primera vez la gran fiesta del cine espa\u00f1ol, prometiendo una noche inolvidable.\",\"breadcrumb\":{\"@id\":\"https:\/\/graziamagazine.com\/es\/articles\/granada-se-viste-de-cine-para-la-gala-de-los-goya-2025\/#breadcrumb\"},\"inLanguage\":\"es\",\"potentialAction\":[{\"@type\":\"ReadAction\",\"target\":[\"https:\/\/graziamagazine.com\/es\/articles\/granada-se-viste-de-cine-para-la-gala-de-los-goya-2025\/\"]}]},{\"@type\":\"BreadcrumbList\",\"@id\":\"https:\/\/graziamagazine.com\/es\/articles\/granada-se-viste-de-cine-para-la-gala-de-los-goya-2025\/#breadcrumb\",\"itemListElement\":[{\"@type\":\"ListItem\",\"position\":1,\"name\":\"Portada\",\"item\":\"https:\/\/graziamagazine.com\/es\/\"},{\"@type\":\"ListItem\",\"position\":2,\"name\":\"Granada se viste de cine para la gala de los Goya 2025\"}]},{\"@type\":\"WebSite\",\"@id\":\"https:\/\/graziamagazine.com\/es\/#website\",\"url\":\"https:\/\/graziamagazine.com\/es\/\",\"name\":\"Grazia\",\"description\":\"Moda, belleza, celebrities, estilo de vida...\",\"potentialAction\":[{\"@type\":\"SearchAction\",\"target\":{\"@type\":\"EntryPoint\",\"urlTemplate\":\"https:\/\/graziamagazine.com\/es\/?s={search_term_string}\"},\"query-input\":\"required name=search_term_string\"}],\"inLanguage\":\"es\"}]}<\/script>\n<!-- \/ Yoast SEO Premium plugin. -->","yoast_head_json":{"title":"\u00a1Granada se viste de gala para los Goya 2025!","description":"La ciudad andaluza acoge por primera vez la gran fiesta del cine espa\u00f1ol, prometiendo una noche inolvidable.","robots":{"index":"index","follow":"follow","max-snippet":"max-snippet:-1","max-image-preview":"max-image-preview:large","max-video-preview":"max-video-preview:-1"},"canonical":"https:\/\/graziamagazine.com\/es\/articles\/granada-se-viste-de-cine-para-la-gala-de-los-goya-2025\/","og_locale":"es_ES","og_type":"article","og_title":"Granada se viste de cine para la gala de los Goya 2025","og_description":"La ciudad andaluza acoge por primera vez la gran fiesta del cine espa\u00f1ol, prometiendo una noche inolvidable.","og_url":"https:\/\/graziamagazine.com\/es\/articles\/granada-se-viste-de-cine-para-la-gala-de-los-goya-2025\/","og_site_name":"Grazia","og_image":[{"width":970,"height":545,"url":"https:\/\/graziamagazine.com\/es\/wp-content\/uploads\/sites\/12\/2025\/02\/Estatutas-gigantes-Premios-Goya-Granada.jpg","type":"image\/jpeg"}],"twitter_card":"summary_large_image","twitter_misc":{"Est. reading time":"5 minutos"},"schema":{"@context":"https:\/\/schema.org","@graph":[{"@type":"WebPage","@id":"https:\/\/graziamagazine.com\/es\/articles\/granada-se-viste-de-cine-para-la-gala-de-los-goya-2025\/","url":"https:\/\/graziamagazine.com\/es\/articles\/granada-se-viste-de-cine-para-la-gala-de-los-goya-2025\/","name":"\u00a1Granada se viste de gala para los Goya 2025!","isPartOf":{"@id":"https:\/\/graziamagazine.com\/es\/#website"},"datePublished":"2025-02-07T15:07:44+00:00","dateModified":"2025-02-07T15:07:44+00:00","description":"La ciudad andaluza acoge por primera vez la gran fiesta del cine espa\u00f1ol, prometiendo una noche inolvidable.","breadcrumb":{"@id":"https:\/\/graziamagazine.com\/es\/articles\/granada-se-viste-de-cine-para-la-gala-de-los-goya-2025\/#breadcrumb"},"inLanguage":"es","potentialAction":[{"@type":"ReadAction","target":["https:\/\/graziamagazine.com\/es\/articles\/granada-se-viste-de-cine-para-la-gala-de-los-goya-2025\/"]}]},{"@type":"BreadcrumbList","@id":"https:\/\/graziamagazine.com\/es\/articles\/granada-se-viste-de-cine-para-la-gala-de-los-goya-2025\/#breadcrumb","itemListElement":[{"@type":"ListItem","position":1,"name":"Portada","item":"https:\/\/graziamagazine.com\/es\/"},{"@type":"ListItem","position":2,"name":"Granada se viste de cine para la gala de los Goya 2025"}]},{"@type":"WebSite","@id":"https:\/\/graziamagazine.com\/es\/#website","url":"https:\/\/graziamagazine.com\/es\/","name":"Grazia","description":"Moda, belleza, celebrities, estilo de vida...","potentialAction":[{"@type":"SearchAction","target":{"@type":"EntryPoint","urlTemplate":"https:\/\/graziamagazine.com\/es\/?s={search_term_string}"},"query-input":"required name=search_term_string"}],"inLanguage":"es"}]}},"jetpack_sharing_enabled":true,"distributor_meta":false,"distributor_terms":false,"distributor_media":false,"distributor_original_site_name":"Grazia","distributor_original_site_url":"https:\/\/graziamagazine.com\/es","push-errors":false,"_links":{"self":[{"href":"https:\/\/graziamagazine.com\/es\/wp-json\/wp\/v2\/articles\/182316"}],"collection":[{"href":"https:\/\/graziamagazine.com\/es\/wp-json\/wp\/v2\/articles"}],"about":[{"href":"https:\/\/graziamagazine.com\/es\/wp-json\/wp\/v2\/types\/articles"}],"author":[{"embeddable":true,"href":"https:\/\/graziamagazine.com\/es\/wp-json\/wp\/v2\/users\/28953"}],"wp:featuredmedia":[{"embeddable":true,"href":"https:\/\/graziamagazine.com\/es\/wp-json\/wp\/v2\/media\/182319"}],"wp:attachment":[{"href":"https:\/\/graziamagazine.com\/es\/wp-json\/wp\/v2\/media?parent=182316"}],"wp:term":[{"taxonomy":"category","embeddable":true,"href":"https:\/\/graziamagazine.com\/es\/wp-json\/wp\/v2\/categories?post=182316"}],"curies":[{"name":"wp","href":"https:\/\/api.w.org\/{rel}","templated":true}]}}