{"id":182285,"date":"2025-02-07T10:49:51","date_gmt":"2025-02-07T09:49:51","guid":{"rendered":"https:\/\/graziamagazine.com\/es\/?post_type=articles&#038;p=182285"},"modified":"2025-02-07T10:49:51","modified_gmt":"2025-02-07T09:49:51","slug":"valentina-suarez-zuloaga-nueva-directora-creativa-mbfwmadrid","status":"publish","type":"articles","link":"https:\/\/graziamagazine.com\/es\/articles\/valentina-suarez-zuloaga-nueva-directora-creativa-mbfwmadrid\/","title":{"rendered":"Valentina Su\u00e1rez-Zuloaga, nueva directora creativa de Mercedes-Benz Fashion Week Madrid"},"content":{"rendered":"<p><span lang=\"ES-TRAD\" data-olk-copy-source=\"MessageBody\">La pasarela\u00a0<b>Mercedes-Benz Fashion Week Madrid<\/b>\u00a0anuncia a\u00a0<b><span class=\"markz3tfbcmf5\" data-markjs=\"true\" data-ogac=\"\" data-ogab=\"\" data-ogsc=\"\" data-ogsb=\"\">Valentina<\/span>\u00a0Su\u00e1rez-Zuloaga<\/b>\u00a0como su\u00a0<b>nueva<\/b>\u00a0<b>directora creativa<\/b>, una figura clave en la\u00a0<b>promoci\u00f3n de la moda espa\u00f1ola a nivel nacional e internacional<\/b>.<\/span><\/p>\n<p><span lang=\"ES-TRAD\"><span class=\"markz3tfbcmf5\" data-markjs=\"true\" data-ogac=\"\" data-ogab=\"\" data-ogsc=\"\" data-ogsb=\"\">Valentina<\/span>\u00a0Su\u00e1rez-Zuloaga es\u00a0<b>reconocida por su labor en el sector<\/b>, combinando <b>creatividad<\/b>,\u00a0<b>estrategia empresarial y un fuerte compromiso con el talento emergente<\/b>\u00a0y las\u00a0<b>marcas consolidadas de nuestro<\/b>\u00a0pa\u00eds. Como cofundadora y CEO de Es Fascinante, un proyecto innovador que ha revolucionado la manera de entender y consumir moda espa\u00f1ola,\u00a0<span class=\"markz3tfbcmf5\" data-markjs=\"true\" data-ogac=\"\" data-ogab=\"\" data-ogsc=\"\" data-ogsb=\"\">Valentina<\/span>\u00a0ha liderado una plataforma que une dise\u00f1o, sostenibilidad y cultura, posicion\u00e1ndola como un referente en el mercado.<\/span><\/p>\n<p><span lang=\"ES-TRAD\">Con una\u00a0<b>trayectoria marcada por su conocimiento profundo del sector y su red de contactos con los principales actores de la industria<\/b>,\u00a0<span class=\"markz3tfbcmf5\" data-markjs=\"true\" data-ogac=\"\" data-ogab=\"\" data-ogsc=\"\" data-ogsb=\"\">Valentina<\/span>\u00a0ha trabajado codo a codo con dise\u00f1adores, marcas y plataformas de gran prestigio. Su experiencia internacional y su capacidad para conectar las tendencias globales con la identidad \u00fanica de la moda espa\u00f1ola aportan una visi\u00f3n enriquecedora que\u00a0<b>impulsar\u00e1 el crecimiento y la relevancia de la Mercedes-Benz Fashion Week Madrid<\/b>\u00a0en los pr\u00f3ximos a\u00f1os.<\/span><\/p>\n<blockquote><p><span lang=\"ES-TRAD\" data-olk-copy-source=\"MessageBody\">\u201cMi compromiso con la moda espa\u00f1ola siempre ha sido firme, y asumir este papel en Mercedes-Benz Fashion Week Madrid es una oportunidad para seguir apoyando y dando visibilidad al talento y la creatividad de nuestro pa\u00eds. Creo en la importancia de crear sinergias entre dise\u00f1adores, empresas y consumidores y promover una industria que combine innovaci\u00f3n, sostenibilidad y tradici\u00f3n\u201d,\u00a0se\u00f1ala\u00a0<span class=\"markz3tfbcmf5\" data-markjs=\"true\" data-ogac=\"\" data-ogab=\"\" data-ogsc=\"\" data-ogsb=\"\">Valentina<\/span>.<\/span><\/p><\/blockquote>\n<p><span lang=\"ES-TRAD\">La\u00a0<b>incorporaci\u00f3n de\u00a0<span class=\"markz3tfbcmf5\" data-markjs=\"true\" data-ogac=\"\" data-ogab=\"\" data-ogsc=\"\" data-ogsb=\"\">Valentina<\/span>\u00a0Su\u00e1rez-Zuloaga como directora creativa marca un nuevo cap\u00edtulo para MBFWMadrid<\/b>, consolidando su posici\u00f3n como el mayor escaparate del dise\u00f1o espa\u00f1ol y su papel como referente cultural e industrial en el panorama internacional.<\/span><\/p>\n<p><em>*Imagen: cortes\u00eda<\/em><\/p>\n","protected":false},"author":11653,"featured_media":182291,"template":"","format":"standard","categories":[2971],"acf":{"banner":""},"yoast_head":"<!-- This site is optimized with the Yoast SEO Premium plugin v18.5 (Yoast SEO v20.4) - https:\/\/yoast.com\/wordpress\/plugins\/seo\/ -->\n<title>Valentina Su\u00e1rez-Zuloaga, nueva directora creativa MBFWMadrid<\/title>\n<meta name=\"description\" content=\"La pasarela\u00a0Mercedes-Benz Fashion Week Madrid\u00a0anuncia a\u00a0Valentina\u00a0Su\u00e1rez-Zuloaga\u00a0como su\u00a0nueva\u00a0directora creativa, una figura clave en la\u00a0promoci\u00f3n de la\" \/>\n<meta name=\"robots\" content=\"index, follow, max-snippet:-1, max-image-preview:large, max-video-preview:-1\" \/>\n<link rel=\"canonical\" href=\"https:\/\/graziamagazine.com\/es\/articles\/valentina-suarez-zuloaga-nueva-directora-creativa-mbfwmadrid\/\" \/>\n<meta property=\"og:locale\" content=\"es_ES\" \/>\n<meta property=\"og:type\" content=\"article\" \/>\n<meta property=\"og:title\" content=\"Valentina Su\u00e1rez-Zuloaga, nueva directora creativa de Mercedes-Benz Fashion Week Madrid\" \/>\n<meta property=\"og:description\" content=\"La pasarela\u00a0Mercedes-Benz Fashion Week Madrid\u00a0anuncia a\u00a0Valentina\u00a0Su\u00e1rez-Zuloaga\u00a0como su\u00a0nueva\u00a0directora creativa, una figura clave en la\u00a0promoci\u00f3n de la\" \/>\n<meta property=\"og:url\" content=\"https:\/\/graziamagazine.com\/es\/articles\/valentina-suarez-zuloaga-nueva-directora-creativa-mbfwmadrid\/\" \/>\n<meta property=\"og:site_name\" content=\"Grazia\" \/>\n<meta property=\"og:image\" content=\"https:\/\/graziamagazine.com\/es\/wp-content\/uploads\/sites\/12\/2025\/02\/IMG_Valentina_Directoracreativa_MBFWMadrid1.jpeg\" \/>\n\t<meta property=\"og:image:width\" content=\"1290\" \/>\n\t<meta property=\"og:image:height\" content=\"851\" \/>\n\t<meta property=\"og:image:type\" content=\"image\/jpeg\" \/>\n<meta name=\"twitter:card\" content=\"summary_large_image\" \/>\n<meta name=\"twitter:label1\" content=\"Est. reading time\" \/>\n\t<meta name=\"twitter:data1\" content=\"2 minutos\" \/>\n<script type=\"application\/ld+json\" class=\"yoast-schema-graph\">{\"@context\":\"https:\/\/schema.org\",\"@graph\":[{\"@type\":\"WebPage\",\"@id\":\"https:\/\/graziamagazine.com\/es\/articles\/valentina-suarez-zuloaga-nueva-directora-creativa-mbfwmadrid\/\",\"url\":\"https:\/\/graziamagazine.com\/es\/articles\/valentina-suarez-zuloaga-nueva-directora-creativa-mbfwmadrid\/\",\"name\":\"Valentina Su\u00e1rez-Zuloaga, nueva directora creativa MBFWMadrid\",\"isPartOf\":{\"@id\":\"https:\/\/graziamagazine.com\/es\/#website\"},\"datePublished\":\"2025-02-07T09:49:51+00:00\",\"dateModified\":\"2025-02-07T09:49:51+00:00\",\"description\":\"La pasarela\u00a0Mercedes-Benz Fashion Week Madrid\u00a0anuncia a\u00a0Valentina\u00a0Su\u00e1rez-Zuloaga\u00a0como su\u00a0nueva\u00a0directora creativa, una figura clave en la\u00a0promoci\u00f3n de la\",\"breadcrumb\":{\"@id\":\"https:\/\/graziamagazine.com\/es\/articles\/valentina-suarez-zuloaga-nueva-directora-creativa-mbfwmadrid\/#breadcrumb\"},\"inLanguage\":\"es\",\"potentialAction\":[{\"@type\":\"ReadAction\",\"target\":[\"https:\/\/graziamagazine.com\/es\/articles\/valentina-suarez-zuloaga-nueva-directora-creativa-mbfwmadrid\/\"]}]},{\"@type\":\"BreadcrumbList\",\"@id\":\"https:\/\/graziamagazine.com\/es\/articles\/valentina-suarez-zuloaga-nueva-directora-creativa-mbfwmadrid\/#breadcrumb\",\"itemListElement\":[{\"@type\":\"ListItem\",\"position\":1,\"name\":\"Portada\",\"item\":\"https:\/\/graziamagazine.com\/es\/\"},{\"@type\":\"ListItem\",\"position\":2,\"name\":\"Valentina Su\u00e1rez-Zuloaga, nueva directora creativa de Mercedes-Benz Fashion Week Madrid\"}]},{\"@type\":\"WebSite\",\"@id\":\"https:\/\/graziamagazine.com\/es\/#website\",\"url\":\"https:\/\/graziamagazine.com\/es\/\",\"name\":\"Grazia\",\"description\":\"Moda, belleza, celebrities, estilo de vida...\",\"potentialAction\":[{\"@type\":\"SearchAction\",\"target\":{\"@type\":\"EntryPoint\",\"urlTemplate\":\"https:\/\/graziamagazine.com\/es\/?s={search_term_string}\"},\"query-input\":\"required name=search_term_string\"}],\"inLanguage\":\"es\"}]}<\/script>\n<!-- \/ Yoast SEO Premium plugin. -->","yoast_head_json":{"title":"Valentina Su\u00e1rez-Zuloaga, nueva directora creativa MBFWMadrid","description":"La pasarela\u00a0Mercedes-Benz Fashion Week Madrid\u00a0anuncia a\u00a0Valentina\u00a0Su\u00e1rez-Zuloaga\u00a0como su\u00a0nueva\u00a0directora creativa, una figura clave en la\u00a0promoci\u00f3n de la","robots":{"index":"index","follow":"follow","max-snippet":"max-snippet:-1","max-image-preview":"max-image-preview:large","max-video-preview":"max-video-preview:-1"},"canonical":"https:\/\/graziamagazine.com\/es\/articles\/valentina-suarez-zuloaga-nueva-directora-creativa-mbfwmadrid\/","og_locale":"es_ES","og_type":"article","og_title":"Valentina Su\u00e1rez-Zuloaga, nueva directora creativa de Mercedes-Benz Fashion Week Madrid","og_description":"La pasarela\u00a0Mercedes-Benz Fashion Week Madrid\u00a0anuncia a\u00a0Valentina\u00a0Su\u00e1rez-Zuloaga\u00a0como su\u00a0nueva\u00a0directora creativa, una figura clave en la\u00a0promoci\u00f3n de la","og_url":"https:\/\/graziamagazine.com\/es\/articles\/valentina-suarez-zuloaga-nueva-directora-creativa-mbfwmadrid\/","og_site_name":"Grazia","og_image":[{"width":1290,"height":851,"url":"https:\/\/graziamagazine.com\/es\/wp-content\/uploads\/sites\/12\/2025\/02\/IMG_Valentina_Directoracreativa_MBFWMadrid1.jpeg","type":"image\/jpeg"}],"twitter_card":"summary_large_image","twitter_misc":{"Est. reading time":"2 minutos"},"schema":{"@context":"https:\/\/schema.org","@graph":[{"@type":"WebPage","@id":"https:\/\/graziamagazine.com\/es\/articles\/valentina-suarez-zuloaga-nueva-directora-creativa-mbfwmadrid\/","url":"https:\/\/graziamagazine.com\/es\/articles\/valentina-suarez-zuloaga-nueva-directora-creativa-mbfwmadrid\/","name":"Valentina Su\u00e1rez-Zuloaga, nueva directora creativa MBFWMadrid","isPartOf":{"@id":"https:\/\/graziamagazine.com\/es\/#website"},"datePublished":"2025-02-07T09:49:51+00:00","dateModified":"2025-02-07T09:49:51+00:00","description":"La pasarela\u00a0Mercedes-Benz Fashion Week Madrid\u00a0anuncia a\u00a0Valentina\u00a0Su\u00e1rez-Zuloaga\u00a0como su\u00a0nueva\u00a0directora creativa, una figura clave en la\u00a0promoci\u00f3n de la","breadcrumb":{"@id":"https:\/\/graziamagazine.com\/es\/articles\/valentina-suarez-zuloaga-nueva-directora-creativa-mbfwmadrid\/#breadcrumb"},"inLanguage":"es","potentialAction":[{"@type":"ReadAction","target":["https:\/\/graziamagazine.com\/es\/articles\/valentina-suarez-zuloaga-nueva-directora-creativa-mbfwmadrid\/"]}]},{"@type":"BreadcrumbList","@id":"https:\/\/graziamagazine.com\/es\/articles\/valentina-suarez-zuloaga-nueva-directora-creativa-mbfwmadrid\/#breadcrumb","itemListElement":[{"@type":"ListItem","position":1,"name":"Portada","item":"https:\/\/graziamagazine.com\/es\/"},{"@type":"ListItem","position":2,"name":"Valentina Su\u00e1rez-Zuloaga, nueva directora creativa de Mercedes-Benz Fashion Week Madrid"}]},{"@type":"WebSite","@id":"https:\/\/graziamagazine.com\/es\/#website","url":"https:\/\/graziamagazine.com\/es\/","name":"Grazia","description":"Moda, belleza, celebrities, estilo de vida...","potentialAction":[{"@type":"SearchAction","target":{"@type":"EntryPoint","urlTemplate":"https:\/\/graziamagazine.com\/es\/?s={search_term_string}"},"query-input":"required name=search_term_string"}],"inLanguage":"es"}]}},"jetpack_sharing_enabled":true,"distributor_meta":false,"distributor_terms":false,"distributor_media":false,"distributor_original_site_name":"Grazia","distributor_original_site_url":"https:\/\/graziamagazine.com\/es","push-errors":false,"_links":{"self":[{"href":"https:\/\/graziamagazine.com\/es\/wp-json\/wp\/v2\/articles\/182285"}],"collection":[{"href":"https:\/\/graziamagazine.com\/es\/wp-json\/wp\/v2\/articles"}],"about":[{"href":"https:\/\/graziamagazine.com\/es\/wp-json\/wp\/v2\/types\/articles"}],"author":[{"embeddable":true,"href":"https:\/\/graziamagazine.com\/es\/wp-json\/wp\/v2\/users\/11653"}],"wp:featuredmedia":[{"embeddable":true,"href":"https:\/\/graziamagazine.com\/es\/wp-json\/wp\/v2\/media\/182291"}],"wp:attachment":[{"href":"https:\/\/graziamagazine.com\/es\/wp-json\/wp\/v2\/media?parent=182285"}],"wp:term":[{"taxonomy":"category","embeddable":true,"href":"https:\/\/graziamagazine.com\/es\/wp-json\/wp\/v2\/categories?post=182285"}],"curies":[{"name":"wp","href":"https:\/\/api.w.org\/{rel}","templated":true}]}}