{"id":182135,"date":"2025-01-30T14:02:04","date_gmt":"2025-01-30T13:02:04","guid":{"rendered":"https:\/\/graziamagazine.com\/es\/?post_type=articles&#038;p=182135"},"modified":"2025-01-30T14:02:56","modified_gmt":"2025-01-30T13:02:56","slug":"richard-gere-goya-internacional-2025","status":"publish","type":"articles","link":"https:\/\/graziamagazine.com\/es\/articles\/richard-gere-goya-internacional-2025\/","title":{"rendered":"Richard Gere, recibir\u00e1 el Goya Internacional 2025"},"content":{"rendered":"<div class=\"inner animado is-visible\">\n<p><em data-olk-copy-source=\"MessageBody\">D\u00edas del cielo, <\/em><em>Oficial y caballero<\/em>,\u00a0<em>American Gigolo<\/em>,\u00a0<em>The Cotton Club<\/em>, \u00a0<em>Pretty Woman<\/em>, y el musical\u00a0<em>Chicago<\/em>, por el que gan\u00f3 el Globo de Oro, son s\u00f3lo algunos de los muchos t\u00edtulos indisolublemente ligados a\u00a0<strong>Richard Gere<\/strong>, en la memoria y las emociones de espectadores de todo el mundo en las \u00faltimas d\u00e9cadas.<\/p>\n<p>Mundialmente conocido, el comprometido actor y productor estadounidense ser\u00e1 distinguido con el cuarto<strong>\u00a0Goya Internacional\u00a0<\/strong>de la historia. Creado para reconocer a personalidades que contribuyen al cine como arte que une culturas y espectadores y espectadoras de todo el planeta, se le ha concedido \u00abpor su extraordinaria contribuci\u00f3n al arte cinematogr\u00e1fico, protagonizando algunas de las pel\u00edculas m\u00e1s ic\u00f3nicas de la historia del cine, y el compromiso social, manifestado en lo personal y en lo profesional, desarrollado durante d\u00e9cadas\u00bb.<\/p>\n<p>Con un indudable atractivo f\u00edsico del que ha hecho gala en sus numerosas apariciones en la gran pantalla, Gere lleva cinco d\u00e9cadas actuando y recoger\u00e1 el Goya Internacional en el a\u00f1o en el que se cumple el 50 aniversario de su debut en la gran pantalla.<\/p>\n<p><strong>Terrence Malick\u00a0<\/strong>\u2013fotografiado por el legendario director de fotograf\u00eda espa\u00f1ol\u00a0<strong>N\u00e9stor Almendros<\/strong>\u2013,\u00a0<strong>Francis Ford Coppola<\/strong>,\u00a0<strong>John Schlesinger<\/strong>,\u00a0<strong>Robert Altman<\/strong>,\u00a0<strong>Paul Schrader<\/strong>,\u00a0<strong>Richard Brooks<\/strong>,\u00a0<strong>Lasse Hallstr\u00f6m<\/strong>,\u00a0<strong>Mike Figgis<\/strong>,\u00a0<strong>Todd Haynes<\/strong>,\u00a0<strong>Rob Marshall, Mira Nair\u00a0<\/strong>y\u00a0<strong>Jerry Zucker<\/strong>\u00a0son algunos de los directores\/as que conforman la filmograf\u00eda del tambi\u00e9n protagonista de\u00a0<em>D\u00edas del cielo, C\u00f3nsul honorario, Atrapados sin salida, Buscando al se\u00f1or Goodbar, Siempre a tu lado (Hachiko), Asuntos sucios, Mr. Jones, El primer caballero, Chacal, La gran estafa, I\u2019m not there, El caso Wells, Amelia<\/em>\u00a0y\u00a0<em>Los amos de Brooklyn.\u00a0<\/em>Gere<em>\u00a0naci\u00f3 en<\/em>\u00a0Filadelfia hace 75 a\u00f1os y creci\u00f3 en una peque\u00f1a ciudad de la Parte Alta del Estado de Nueva York.<\/p>\n<p><strong>Julia Roberts<\/strong>\u00a0(con quien rod\u00f3 la ya cl\u00e1sica\u00a0<em>Pretty Woman<\/em>\u00a0y\u00a0<em>Novia a la fuga<\/em>),\u00a0<strong>Kim Bassinger<\/strong>\u00a0(<em>Asuntos sucios<\/em>\u00a0y\u00a0<em>An\u00e1lisis final<\/em>),\u00a0<strong>Jodie Foster<\/strong>\u00a0(<em>Sommersby<\/em>),\u00a0<strong>Winona Ryder<\/strong>\u00a0(<em>Oto\u00f1o en Nueva York<\/em>),\u00a0<strong>Susan Sarandon<\/strong>\u00a0(<em>\u00bfBailamos?\u00a0<\/em>y\u00a0<em>El fraude<\/em>),\u00a0<strong>Diane Keaton<\/strong>\u00a0(<em>Buscando al se\u00f1or Goodba),\u00a0<\/em><strong>Diane Lane<\/strong>\u00a0(The\u00a0<em>Cotton Club, Infiel<\/em>\u00a0y\u00a0<em>Noches de tormenta<\/em>) y\u00a0<strong>Uma Thurman<\/strong>\u00a0(<em>An\u00e1lisis final\u00a0<\/em>y la recientemente estrenada\u00a0<em>Oh, Canada<\/em>) han sido algunas de las co-protagonistas de Gere, que en el 2007 recibi\u00f3 el Premio Donostia del Festival de San Sebasti\u00e1n.<\/p>\n<p><img decoding=\"async\" src=\"https:\/\/imagenes.elpais.com\/resizer\/v2\/2L3WQWTT2RBYLDOUA3E5ZQGIVQ.jpeg?auth=4f32da8ecbcc67149da227c6909a09bc65b316bccf5b5ae11bf2f3f4fac804f3&amp;width=1960\" \/><\/p>\n<p>&nbsp;<\/p>\n<p>Hace m\u00e1s de 30 a\u00f1os fund\u00f3 la Gere Foundation para canalizar su intenso activismo en favor de la autonom\u00eda del T\u00edbet y la preservaci\u00f3n de la cultura tibetana enarbolada por el Dalai Lama \u2013Gere practica el budismo desde los veinte a\u00f1os\u2013; as\u00ed como su apoyo a los derechos de los pueblos ind\u00edgenas, los refugiados y las personas sin hogar. Su profundo compromiso con estas causas traspasa fronteras y le ha llevado a colaborar, entre otras, con las ONG\u2019s Survival International, Open Arms y Hogar S\u00ed. El actor tambi\u00e9n es un fuerte defensor de la\u00a0protecci\u00f3n del medioambiente y a trav\u00e9s de su fundaci\u00f3n respalda un ambicioso proyecto de conservaci\u00f3n natural, Sierra a Mar, en M\u00e9xico.<\/p>\n<p>Richard Gere, que ha encontrado su sitio en Espa\u00f1a \u2013reside en nuestro pa\u00eds desde el pasado oto\u00f1o\u2013 empez\u00f3 como m\u00fasico \u2013toca varios instrumentos\u2013 antes de dedicarse a la actuaci\u00f3n. Fiel a su imagen \u2013inconfundible su pelo largo y plateado\u2013, el que fue icono de moda en los a\u00f1os ochenta \u2013los trajes de Armani que luci\u00f3 en\u00a0<em>American Gigolo<\/em>\u00a0le convirtieron en el hombre del momento\u2013 ha manifestado que la persona que m\u00e1s influencia ha tenido en su vida ha sido su padre, en quien se inspir\u00f3 para su \u00faltima pel\u00edcula\u00a0<em>Oh, Canada.<\/em><\/p>\n<p>Tras\u00a0<strong>Cate Blanchett<\/strong>,\u00a0<strong>Juliette Binoche<\/strong>\u00a0y\u00a0<strong>Sigourney Weaver<\/strong>, la Academia de Cine distingue a uno de los actores m\u00e1s carism\u00e1ticos y comprometidos de la industria cinematogr\u00e1fica.<\/p>\n<p><em>*Imagen: Getty Images<\/em><\/p>\n<\/div>\n","protected":false},"author":11653,"featured_media":182136,"template":"","format":"standard","categories":[2971,13],"acf":{"banner":""},"yoast_head":"<!-- This site is optimized with the Yoast SEO Premium plugin v18.5 (Yoast SEO v20.4) - https:\/\/yoast.com\/wordpress\/plugins\/seo\/ -->\n<title>Richard Gere, Goya Internacional 2025<\/title>\n<meta name=\"description\" content=\"El actor y productor estadounidense recibir\u00e1 la m\u00e1xima distinci\u00f3n del cine espa\u00f1ol a un cineasta internacional el 8 de febrero en Granada.\" \/>\n<meta name=\"robots\" content=\"index, follow, max-snippet:-1, max-image-preview:large, max-video-preview:-1\" \/>\n<link rel=\"canonical\" href=\"https:\/\/graziamagazine.com\/es\/articles\/richard-gere-goya-internacional-2025\/\" \/>\n<meta property=\"og:locale\" content=\"es_ES\" \/>\n<meta property=\"og:type\" content=\"article\" \/>\n<meta property=\"og:title\" content=\"Richard Gere, recibir\u00e1 el Goya Internacional 2025\" \/>\n<meta property=\"og:description\" content=\"El actor y productor estadounidense recibir\u00e1 la m\u00e1xima distinci\u00f3n del cine espa\u00f1ol a un cineasta internacional el 8 de febrero en Granada.\" \/>\n<meta property=\"og:url\" content=\"https:\/\/graziamagazine.com\/es\/articles\/richard-gere-goya-internacional-2025\/\" \/>\n<meta property=\"og:site_name\" content=\"Grazia\" \/>\n<meta property=\"article:modified_time\" content=\"2025-01-30T13:02:56+00:00\" \/>\n<meta property=\"og:image\" content=\"https:\/\/graziamagazine.com\/es\/wp-content\/uploads\/sites\/12\/2025\/01\/richard-gere-espana-kJlH-U603420465840N8C-1200x840@diario_abc-copia.jpg\" \/>\n\t<meta property=\"og:image:width\" content=\"1200\" \/>\n\t<meta property=\"og:image:height\" content=\"840\" \/>\n\t<meta property=\"og:image:type\" content=\"image\/jpeg\" \/>\n<meta name=\"twitter:card\" content=\"summary_large_image\" \/>\n<meta name=\"twitter:label1\" content=\"Est. reading time\" \/>\n\t<meta name=\"twitter:data1\" content=\"3 minutos\" \/>\n<script type=\"application\/ld+json\" class=\"yoast-schema-graph\">{\"@context\":\"https:\/\/schema.org\",\"@graph\":[{\"@type\":\"WebPage\",\"@id\":\"https:\/\/graziamagazine.com\/es\/articles\/richard-gere-goya-internacional-2025\/\",\"url\":\"https:\/\/graziamagazine.com\/es\/articles\/richard-gere-goya-internacional-2025\/\",\"name\":\"Richard Gere, Goya Internacional 2025\",\"isPartOf\":{\"@id\":\"https:\/\/graziamagazine.com\/es\/#website\"},\"datePublished\":\"2025-01-30T13:02:04+00:00\",\"dateModified\":\"2025-01-30T13:02:56+00:00\",\"description\":\"El actor y productor estadounidense recibir\u00e1 la m\u00e1xima distinci\u00f3n del cine espa\u00f1ol a un cineasta internacional el 8 de febrero en Granada.\",\"breadcrumb\":{\"@id\":\"https:\/\/graziamagazine.com\/es\/articles\/richard-gere-goya-internacional-2025\/#breadcrumb\"},\"inLanguage\":\"es\",\"potentialAction\":[{\"@type\":\"ReadAction\",\"target\":[\"https:\/\/graziamagazine.com\/es\/articles\/richard-gere-goya-internacional-2025\/\"]}]},{\"@type\":\"BreadcrumbList\",\"@id\":\"https:\/\/graziamagazine.com\/es\/articles\/richard-gere-goya-internacional-2025\/#breadcrumb\",\"itemListElement\":[{\"@type\":\"ListItem\",\"position\":1,\"name\":\"Portada\",\"item\":\"https:\/\/graziamagazine.com\/es\/\"},{\"@type\":\"ListItem\",\"position\":2,\"name\":\"Richard Gere, recibir\u00e1 el Goya Internacional 2025\"}]},{\"@type\":\"WebSite\",\"@id\":\"https:\/\/graziamagazine.com\/es\/#website\",\"url\":\"https:\/\/graziamagazine.com\/es\/\",\"name\":\"Grazia\",\"description\":\"Moda, belleza, celebrities, estilo de vida...\",\"potentialAction\":[{\"@type\":\"SearchAction\",\"target\":{\"@type\":\"EntryPoint\",\"urlTemplate\":\"https:\/\/graziamagazine.com\/es\/?s={search_term_string}\"},\"query-input\":\"required name=search_term_string\"}],\"inLanguage\":\"es\"}]}<\/script>\n<!-- \/ Yoast SEO Premium plugin. -->","yoast_head_json":{"title":"Richard Gere, Goya Internacional 2025","description":"El actor y productor estadounidense recibir\u00e1 la m\u00e1xima distinci\u00f3n del cine espa\u00f1ol a un cineasta internacional el 8 de febrero en Granada.","robots":{"index":"index","follow":"follow","max-snippet":"max-snippet:-1","max-image-preview":"max-image-preview:large","max-video-preview":"max-video-preview:-1"},"canonical":"https:\/\/graziamagazine.com\/es\/articles\/richard-gere-goya-internacional-2025\/","og_locale":"es_ES","og_type":"article","og_title":"Richard Gere, recibir\u00e1 el Goya Internacional 2025","og_description":"El actor y productor estadounidense recibir\u00e1 la m\u00e1xima distinci\u00f3n del cine espa\u00f1ol a un cineasta internacional el 8 de febrero en Granada.","og_url":"https:\/\/graziamagazine.com\/es\/articles\/richard-gere-goya-internacional-2025\/","og_site_name":"Grazia","article_modified_time":"2025-01-30T13:02:56+00:00","og_image":[{"width":1200,"height":840,"url":"https:\/\/graziamagazine.com\/es\/wp-content\/uploads\/sites\/12\/2025\/01\/richard-gere-espana-kJlH-U603420465840N8C-1200x840@diario_abc-copia.jpg","type":"image\/jpeg"}],"twitter_card":"summary_large_image","twitter_misc":{"Est. reading time":"3 minutos"},"schema":{"@context":"https:\/\/schema.org","@graph":[{"@type":"WebPage","@id":"https:\/\/graziamagazine.com\/es\/articles\/richard-gere-goya-internacional-2025\/","url":"https:\/\/graziamagazine.com\/es\/articles\/richard-gere-goya-internacional-2025\/","name":"Richard Gere, Goya Internacional 2025","isPartOf":{"@id":"https:\/\/graziamagazine.com\/es\/#website"},"datePublished":"2025-01-30T13:02:04+00:00","dateModified":"2025-01-30T13:02:56+00:00","description":"El actor y productor estadounidense recibir\u00e1 la m\u00e1xima distinci\u00f3n del cine espa\u00f1ol a un cineasta internacional el 8 de febrero en Granada.","breadcrumb":{"@id":"https:\/\/graziamagazine.com\/es\/articles\/richard-gere-goya-internacional-2025\/#breadcrumb"},"inLanguage":"es","potentialAction":[{"@type":"ReadAction","target":["https:\/\/graziamagazine.com\/es\/articles\/richard-gere-goya-internacional-2025\/"]}]},{"@type":"BreadcrumbList","@id":"https:\/\/graziamagazine.com\/es\/articles\/richard-gere-goya-internacional-2025\/#breadcrumb","itemListElement":[{"@type":"ListItem","position":1,"name":"Portada","item":"https:\/\/graziamagazine.com\/es\/"},{"@type":"ListItem","position":2,"name":"Richard Gere, recibir\u00e1 el Goya Internacional 2025"}]},{"@type":"WebSite","@id":"https:\/\/graziamagazine.com\/es\/#website","url":"https:\/\/graziamagazine.com\/es\/","name":"Grazia","description":"Moda, belleza, celebrities, estilo de vida...","potentialAction":[{"@type":"SearchAction","target":{"@type":"EntryPoint","urlTemplate":"https:\/\/graziamagazine.com\/es\/?s={search_term_string}"},"query-input":"required name=search_term_string"}],"inLanguage":"es"}]}},"jetpack_sharing_enabled":true,"distributor_meta":false,"distributor_terms":false,"distributor_media":false,"distributor_original_site_name":"Grazia","distributor_original_site_url":"https:\/\/graziamagazine.com\/es","push-errors":false,"_links":{"self":[{"href":"https:\/\/graziamagazine.com\/es\/wp-json\/wp\/v2\/articles\/182135"}],"collection":[{"href":"https:\/\/graziamagazine.com\/es\/wp-json\/wp\/v2\/articles"}],"about":[{"href":"https:\/\/graziamagazine.com\/es\/wp-json\/wp\/v2\/types\/articles"}],"author":[{"embeddable":true,"href":"https:\/\/graziamagazine.com\/es\/wp-json\/wp\/v2\/users\/11653"}],"wp:featuredmedia":[{"embeddable":true,"href":"https:\/\/graziamagazine.com\/es\/wp-json\/wp\/v2\/media\/182136"}],"wp:attachment":[{"href":"https:\/\/graziamagazine.com\/es\/wp-json\/wp\/v2\/media?parent=182135"}],"wp:term":[{"taxonomy":"category","embeddable":true,"href":"https:\/\/graziamagazine.com\/es\/wp-json\/wp\/v2\/categories?post=182135"}],"curies":[{"name":"wp","href":"https:\/\/api.w.org\/{rel}","templated":true}]}}