{"id":182079,"date":"2025-01-29T11:23:51","date_gmt":"2025-01-29T10:23:51","guid":{"rendered":"https:\/\/graziamagazine.com\/es\/?post_type=articles&#038;p=182079"},"modified":"2025-01-29T12:46:49","modified_gmt":"2025-01-29T11:46:49","slug":"el-desfile-de-chanel-alta-costura-en-7-claves","status":"publish","type":"articles","link":"https:\/\/graziamagazine.com\/es\/articles\/el-desfile-de-chanel-alta-costura-en-7-claves\/","title":{"rendered":"El desfile de Chanel Alta Costura en 7 claves"},"content":{"rendered":"<p data-pm-slice=\"1 1 []\">En el segundo d\u00eda de la Semana de la Alta Costura en Par\u00eds, Chanel logr\u00f3 capturar todas las miradas al celebrar su 110\u00ba aniversario en la Alta Costura.<\/p>\n<p data-pm-slice=\"1 1 []\">Un desfile marcado por la transici\u00f3n entre Virginie Viard y Matthieu Blazy en la direcci\u00f3n creativa, la colecci\u00f3n mostr\u00f3 una perfecta sinergia entre el legado cl\u00e1sico y las sensibilidades modernas.<\/p>\n<p data-pm-slice=\"1 1 []\">Con una atenci\u00f3n meticulosa a los detalles y una narrativa que rinde homenaje a sus or\u00edgenes, Chanel ofreci\u00f3 una experiencia inolvidable que reafirma su posici\u00f3n como referente de la elegancia atemporal.<\/p>\n<h3>Colores pastel, el toque de la temporada<\/h3>\n<div class=\"content-gallery\">\n<div id=\"gallery-1\" class=\"gallery galleryid- gallery-columns- gallery-size-\">\n<figure class=\"gallery-item\">\n<div class=\"gallery-icon landscape\"><img loading=\"lazy\" decoding=\"async\" class=\"lazy\" src=\"https:\/\/graziamagazine.com\/mx\/wp-content\/uploads\/sites\/13\/2025\/01\/Captura-de-Pantalla-2025-01-28-a-las-10.24.37.png\" alt=\"\" width=\"822\" height=\"1236\" \/><\/div>\n<\/figure>\n<figure class=\"gallery-item\">\n<div class=\"gallery-icon landscape\"><img loading=\"lazy\" decoding=\"async\" class=\"lazy\" src=\"https:\/\/graziamagazine.com\/mx\/wp-content\/uploads\/sites\/13\/2025\/01\/Captura-de-Pantalla-2025-01-28-a-las-10.26.57.png\" alt=\"\" width=\"822\" height=\"1236\" \/><\/div>\n<\/figure>\n<figure class=\"gallery-item\">\n<div class=\"gallery-icon landscape\"><img loading=\"lazy\" decoding=\"async\" class=\"lazy\" src=\"https:\/\/graziamagazine.com\/mx\/wp-content\/uploads\/sites\/13\/2025\/01\/Captura-de-Pantalla-2025-01-28-a-las-10.26.43.png\" alt=\"\" width=\"822\" height=\"1236\" \/><\/div>\n<\/figure>\n<\/div>\n<\/div>\n<p>Los tonos pastel dominaron la paleta crom\u00e1tica del desfile, evocando una sensaci\u00f3n de frescura y romanticismo.<\/p>\n<p>Desde rosas p\u00e1lidos hasta lavandas sutiles, cada pieza captur\u00f3 la delicadeza propia de la maison, mientras se integraban con bordados florales y detalles en perlas. Estos colores reflejan una reinterpretaci\u00f3n contempor\u00e1nea de la feminidad cl\u00e1sica que define a Chanel.<\/p>\n<h3>El tweed como elemento imperdible<\/h3>\n<div class=\"content-gallery\">\n<div id=\"gallery-2\" class=\"gallery galleryid- gallery-columns- gallery-size-\">\n<figure class=\"gallery-item\">\n<div class=\"gallery-icon landscape\"><img loading=\"lazy\" decoding=\"async\" class=\"lazy\" src=\"https:\/\/graziamagazine.com\/mx\/wp-content\/uploads\/sites\/13\/2025\/01\/Captura-de-Pantalla-2025-01-28-a-las-10.28.59.png\" alt=\"\" width=\"822\" height=\"1236\" \/><\/div>\n<\/figure>\n<figure class=\"gallery-item\">\n<div class=\"gallery-icon landscape\"><img loading=\"lazy\" decoding=\"async\" class=\"lazy\" src=\"https:\/\/graziamagazine.com\/mx\/wp-content\/uploads\/sites\/13\/2025\/01\/Captura-de-Pantalla-2025-01-28-a-las-10.29.37.png\" alt=\"\" width=\"822\" height=\"1236\" \/><\/div>\n<\/figure>\n<figure class=\"gallery-item\">\n<div class=\"gallery-icon landscape\"><img loading=\"lazy\" decoding=\"async\" class=\"lazy\" src=\"https:\/\/graziamagazine.com\/mx\/wp-content\/uploads\/sites\/13\/2025\/01\/Captura-de-Pantalla-2025-01-28-a-las-10.28.46.png\" alt=\"\" width=\"822\" height=\"1236\" \/><\/div>\n<\/figure>\n<\/div>\n<\/div>\n<p>No podr\u00eda faltar el ic\u00f3nico tweed, que en esta colecci\u00f3n se transform\u00f3 en conjuntos de dos piezas con cortes modernos y texturas enriquecidas.<\/p>\n<p>Desde chaquetas estructuradas hasta faldas midi con detalles deshilachados, el tweed se reinvent\u00f3 con tonos inesperados, demostrando que este tejido sigue siendo el alma de la casa.<\/p>\n<h3>Las mini faldas est\u00e1n de vuelta<\/h3>\n<div class=\"content-gallery\">\n<div id=\"gallery-3\" class=\"gallery galleryid- gallery-columns- gallery-size-\">\n<figure class=\"gallery-item\">\n<div class=\"gallery-icon landscape\"><img loading=\"lazy\" decoding=\"async\" class=\"lazy\" src=\"https:\/\/graziamagazine.com\/mx\/wp-content\/uploads\/sites\/13\/2025\/01\/Captura-de-Pantalla-2025-01-28-a-las-10.27.18.png\" alt=\"\" width=\"822\" height=\"1236\" \/><\/div>\n<\/figure>\n<figure class=\"gallery-item\">\n<div class=\"gallery-icon landscape\"><img loading=\"lazy\" decoding=\"async\" class=\"lazy\" src=\"https:\/\/graziamagazine.com\/mx\/wp-content\/uploads\/sites\/13\/2025\/01\/Captura-de-Pantalla-2025-01-28-a-las-10.25.53.png\" alt=\"\" width=\"822\" height=\"1236\" \/><\/div>\n<\/figure>\n<figure class=\"gallery-item\">\n<div class=\"gallery-icon landscape\"><img loading=\"lazy\" decoding=\"async\" class=\"lazy\" src=\"https:\/\/graziamagazine.com\/mx\/wp-content\/uploads\/sites\/13\/2025\/01\/Captura-de-Pantalla-2025-01-28-a-las-10.26.02.png\" alt=\"\" width=\"822\" height=\"1236\" \/><\/div>\n<\/figure>\n<\/div>\n<\/div>\n<p>Las mini faldas se robaron el protagonismo con una est\u00e9tica juguetona pero refinada. Virginie Viard demostr\u00f3 c\u00f3mo equilibrar lo atrevido y lo elegante, combin\u00e1ndolas con blusas fluidas y chaquetas estructuradas, convirti\u00e9ndolas en piezas vers\u00e1tiles para la mujer moderna.<\/p>\n<h3>Hombreras que dan personalidad<\/h3>\n<div class=\"content-gallery\">\n<div id=\"gallery-4\" class=\"gallery galleryid- gallery-columns- gallery-size-\">\n<figure class=\"gallery-item\">\n<div class=\"gallery-icon landscape\"><img loading=\"lazy\" decoding=\"async\" class=\"lazy\" src=\"https:\/\/graziamagazine.com\/mx\/wp-content\/uploads\/sites\/13\/2025\/01\/Captura-de-Pantalla-2025-01-28-a-las-11.12.19.png\" alt=\"\" width=\"966\" height=\"1530\" \/><\/div>\n<\/figure>\n<figure class=\"gallery-item\">\n<div class=\"gallery-icon landscape\"><img loading=\"lazy\" decoding=\"async\" class=\"lazy\" src=\"https:\/\/graziamagazine.com\/mx\/wp-content\/uploads\/sites\/13\/2025\/01\/Captura-de-Pantalla-2025-01-28-a-las-10.29.14.png\" alt=\"\" width=\"822\" height=\"1236\" \/><\/div>\n<\/figure>\n<\/div>\n<\/div>\n<p>Las hombreras amplias hicieron un regreso triunfal, otorgando una silueta poderosa y confiada a cada look. Este detalle estructural realz\u00f3 los conjuntos de chaquetas y vestidos, recordando la est\u00e9tica ochentera pero con un enfoque sutil y refinado.<\/p>\n<h3>Solapas satinadas, un toque distintivo<\/h3>\n<div class=\"content-gallery\">\n<div id=\"gallery-5\" class=\"gallery galleryid- gallery-columns- gallery-size-\">\n<figure class=\"gallery-item\">\n<div class=\"gallery-icon landscape\"><img loading=\"lazy\" decoding=\"async\" class=\"lazy\" src=\"https:\/\/graziamagazine.com\/mx\/wp-content\/uploads\/sites\/13\/2025\/01\/Captura-de-Pantalla-2025-01-28-a-las-11.12.22.png\" alt=\"\" width=\"966\" height=\"1530\" \/><\/div>\n<\/figure>\n<figure class=\"gallery-item\">\n<div class=\"gallery-icon landscape\"><img loading=\"lazy\" decoding=\"async\" class=\"lazy\" src=\"https:\/\/graziamagazine.com\/mx\/wp-content\/uploads\/sites\/13\/2025\/01\/Captura-de-Pantalla-2025-01-28-a-las-10.27.36.png\" alt=\"\" width=\"822\" height=\"1236\" \/><\/div>\n<\/figure>\n<\/div>\n<\/div>\n<p>El sat\u00e9n tuvo un papel crucial, adornando las solapas de chaquetas y abrigos con un brillo elegante. Este detalle elev\u00f3 la sofisticaci\u00f3n de las prendas, convirti\u00e9ndolas en piezas ideales para la noche.<\/p>\n<h3>volantes en diversas capas<\/h3>\n<div class=\"content-gallery\">\n<div id=\"gallery-6\" class=\"gallery galleryid- gallery-columns- gallery-size-\">\n<figure class=\"gallery-item\">\n<div class=\"gallery-icon landscape\"><img loading=\"lazy\" decoding=\"async\" class=\"lazy\" src=\"https:\/\/graziamagazine.com\/mx\/wp-content\/uploads\/sites\/13\/2025\/01\/Captura-de-Pantalla-2025-01-28-a-las-11.12.24.png\" alt=\"\" width=\"966\" height=\"1530\" \/><\/div>\n<\/figure>\n<figure class=\"gallery-item\">\n<div class=\"gallery-icon landscape\"><img loading=\"lazy\" decoding=\"async\" class=\"lazy\" src=\"https:\/\/graziamagazine.com\/mx\/wp-content\/uploads\/sites\/13\/2025\/01\/Captura-de-Pantalla-2025-01-28-a-las-11.12.28.png\" alt=\"\" width=\"966\" height=\"1530\" \/><\/div>\n<\/figure>\n<figure class=\"gallery-item\">\n<div class=\"gallery-icon landscape\"><img loading=\"lazy\" decoding=\"async\" class=\"lazy\" src=\"https:\/\/graziamagazine.com\/mx\/wp-content\/uploads\/sites\/13\/2025\/01\/Captura-de-Pantalla-2025-01-28-a-las-10.29.24.png\" alt=\"\" width=\"822\" height=\"1236\" \/><\/div>\n<\/figure>\n<\/div>\n<\/div>\n<p>Los volantes se presentaron en capas et\u00e9reas que flu\u00edan con cada paso de las modelos. Apareciendo en vestidos largos y faldas asim\u00e9tricas, aportaron un movimiento din\u00e1mico que contrast\u00f3 con las l\u00edneas estructuradas del resto de la colecci\u00f3n.<\/p>\n<h3>El cierre con el vestido de novia<\/h3>\n<div class=\"content-gallery\">\n<div id=\"gallery-7\" class=\"gallery galleryid- gallery-columns- gallery-size-\">\n<figure class=\"gallery-item\">\n<div class=\"gallery-icon landscape\"><img loading=\"lazy\" decoding=\"async\" class=\"lazy\" src=\"https:\/\/graziamagazine.com\/mx\/wp-content\/uploads\/sites\/13\/2025\/01\/Captura-de-Pantalla-2025-01-28-a-las-11.14.19.png\" alt=\"\" width=\"966\" height=\"1530\" \/><\/div>\n<\/figure>\n<figure class=\"gallery-item\">\n<div class=\"gallery-icon landscape\"><img loading=\"lazy\" decoding=\"async\" class=\"lazy\" src=\"https:\/\/graziamagazine.com\/mx\/wp-content\/uploads\/sites\/13\/2025\/01\/Captura-de-Pantalla-2025-01-28-a-las-10.29.52.png\" alt=\"Los highlights de la colecci\u00f3n Chanel Primavera\/Verano 2025\" width=\"822\" height=\"1236\" \/><\/div>\n<\/figure>\n<\/div>\n<\/div>\n<p>Como es tradici\u00f3n, el desfile cerr\u00f3 con un espectacular vestido de novia. Esta vez, se trat\u00f3 de un dise\u00f1o dulce y tierno en blanco marfil, adornado con bordados de plumas. Con una chaqueta con destellos plateados y un sombrero de c\u00f3ctel, el vestido encapsul\u00f3 la esencia del romanticismo de Chanel.<\/p>\n<p><em>*Im\u00e1genes: cortes\u00eda<\/em><\/p>\n<p>&nbsp;<\/p>\n","protected":false},"author":16349,"featured_media":182081,"template":"","format":"standard","categories":[1],"acf":[],"yoast_head":"<!-- This site is optimized with the Yoast SEO Premium plugin v18.5 (Yoast SEO v20.4) - https:\/\/yoast.com\/wordpress\/plugins\/seo\/ -->\n<title>El desfile de Chanel Alta Costura en 7 claves<\/title>\n<meta name=\"description\" content=\"Un desfile que une historia y modernidad con gui\u00f1os ic\u00f3nicos y sorpresas frescas, celebrando 110 a\u00f1os de elegancia.\" \/>\n<meta name=\"robots\" content=\"index, follow, max-snippet:-1, max-image-preview:large, max-video-preview:-1\" \/>\n<link rel=\"canonical\" href=\"https:\/\/graziamagazine.com\/es\/articles\/el-desfile-de-chanel-alta-costura-en-7-claves\/\" \/>\n<meta property=\"og:locale\" content=\"es_ES\" \/>\n<meta property=\"og:type\" content=\"article\" \/>\n<meta property=\"og:title\" content=\"El desfile de Chanel Alta Costura en 7 claves\" \/>\n<meta property=\"og:description\" content=\"Un desfile que une historia y modernidad con gui\u00f1os ic\u00f3nicos y sorpresas frescas, celebrando 110 a\u00f1os de elegancia.\" \/>\n<meta property=\"og:url\" content=\"https:\/\/graziamagazine.com\/es\/articles\/el-desfile-de-chanel-alta-costura-en-7-claves\/\" \/>\n<meta property=\"og:site_name\" content=\"Grazia\" \/>\n<meta property=\"article:modified_time\" content=\"2025-01-29T11:46:49+00:00\" \/>\n<meta property=\"og:image\" content=\"https:\/\/graziamagazine.com\/es\/wp-content\/uploads\/sites\/12\/2025\/01\/Captura-de-Pantalla-2025-01-28-a-las-11.08.32-1024x571.png\" \/>\n\t<meta property=\"og:image:width\" content=\"1024\" \/>\n\t<meta property=\"og:image:height\" content=\"571\" \/>\n\t<meta property=\"og:image:type\" content=\"image\/png\" \/>\n<meta name=\"twitter:card\" content=\"summary_large_image\" \/>\n<meta name=\"twitter:label1\" content=\"Est. reading time\" \/>\n\t<meta name=\"twitter:data1\" content=\"6 minutos\" \/>\n<script type=\"application\/ld+json\" class=\"yoast-schema-graph\">{\"@context\":\"https:\/\/schema.org\",\"@graph\":[{\"@type\":\"WebPage\",\"@id\":\"https:\/\/graziamagazine.com\/es\/articles\/el-desfile-de-chanel-alta-costura-en-7-claves\/\",\"url\":\"https:\/\/graziamagazine.com\/es\/articles\/el-desfile-de-chanel-alta-costura-en-7-claves\/\",\"name\":\"El desfile de Chanel Alta Costura en 7 claves\",\"isPartOf\":{\"@id\":\"https:\/\/graziamagazine.com\/es\/#website\"},\"datePublished\":\"2025-01-29T10:23:51+00:00\",\"dateModified\":\"2025-01-29T11:46:49+00:00\",\"description\":\"Un desfile que une historia y modernidad con gui\u00f1os ic\u00f3nicos y sorpresas frescas, celebrando 110 a\u00f1os de elegancia.\",\"breadcrumb\":{\"@id\":\"https:\/\/graziamagazine.com\/es\/articles\/el-desfile-de-chanel-alta-costura-en-7-claves\/#breadcrumb\"},\"inLanguage\":\"es\",\"potentialAction\":[{\"@type\":\"ReadAction\",\"target\":[\"https:\/\/graziamagazine.com\/es\/articles\/el-desfile-de-chanel-alta-costura-en-7-claves\/\"]}]},{\"@type\":\"BreadcrumbList\",\"@id\":\"https:\/\/graziamagazine.com\/es\/articles\/el-desfile-de-chanel-alta-costura-en-7-claves\/#breadcrumb\",\"itemListElement\":[{\"@type\":\"ListItem\",\"position\":1,\"name\":\"Portada\",\"item\":\"https:\/\/graziamagazine.com\/es\/\"},{\"@type\":\"ListItem\",\"position\":2,\"name\":\"El desfile de Chanel Alta Costura en 7 claves\"}]},{\"@type\":\"WebSite\",\"@id\":\"https:\/\/graziamagazine.com\/es\/#website\",\"url\":\"https:\/\/graziamagazine.com\/es\/\",\"name\":\"Grazia\",\"description\":\"Moda, belleza, celebrities, estilo de vida...\",\"potentialAction\":[{\"@type\":\"SearchAction\",\"target\":{\"@type\":\"EntryPoint\",\"urlTemplate\":\"https:\/\/graziamagazine.com\/es\/?s={search_term_string}\"},\"query-input\":\"required name=search_term_string\"}],\"inLanguage\":\"es\"}]}<\/script>\n<!-- \/ Yoast SEO Premium plugin. -->","yoast_head_json":{"title":"El desfile de Chanel Alta Costura en 7 claves","description":"Un desfile que une historia y modernidad con gui\u00f1os ic\u00f3nicos y sorpresas frescas, celebrando 110 a\u00f1os de elegancia.","robots":{"index":"index","follow":"follow","max-snippet":"max-snippet:-1","max-image-preview":"max-image-preview:large","max-video-preview":"max-video-preview:-1"},"canonical":"https:\/\/graziamagazine.com\/es\/articles\/el-desfile-de-chanel-alta-costura-en-7-claves\/","og_locale":"es_ES","og_type":"article","og_title":"El desfile de Chanel Alta Costura en 7 claves","og_description":"Un desfile que une historia y modernidad con gui\u00f1os ic\u00f3nicos y sorpresas frescas, celebrando 110 a\u00f1os de elegancia.","og_url":"https:\/\/graziamagazine.com\/es\/articles\/el-desfile-de-chanel-alta-costura-en-7-claves\/","og_site_name":"Grazia","article_modified_time":"2025-01-29T11:46:49+00:00","og_image":[{"width":1024,"height":571,"url":"https:\/\/graziamagazine.com\/es\/wp-content\/uploads\/sites\/12\/2025\/01\/Captura-de-Pantalla-2025-01-28-a-las-11.08.32-1024x571.png","type":"image\/png"}],"twitter_card":"summary_large_image","twitter_misc":{"Est. reading time":"6 minutos"},"schema":{"@context":"https:\/\/schema.org","@graph":[{"@type":"WebPage","@id":"https:\/\/graziamagazine.com\/es\/articles\/el-desfile-de-chanel-alta-costura-en-7-claves\/","url":"https:\/\/graziamagazine.com\/es\/articles\/el-desfile-de-chanel-alta-costura-en-7-claves\/","name":"El desfile de Chanel Alta Costura en 7 claves","isPartOf":{"@id":"https:\/\/graziamagazine.com\/es\/#website"},"datePublished":"2025-01-29T10:23:51+00:00","dateModified":"2025-01-29T11:46:49+00:00","description":"Un desfile que une historia y modernidad con gui\u00f1os ic\u00f3nicos y sorpresas frescas, celebrando 110 a\u00f1os de elegancia.","breadcrumb":{"@id":"https:\/\/graziamagazine.com\/es\/articles\/el-desfile-de-chanel-alta-costura-en-7-claves\/#breadcrumb"},"inLanguage":"es","potentialAction":[{"@type":"ReadAction","target":["https:\/\/graziamagazine.com\/es\/articles\/el-desfile-de-chanel-alta-costura-en-7-claves\/"]}]},{"@type":"BreadcrumbList","@id":"https:\/\/graziamagazine.com\/es\/articles\/el-desfile-de-chanel-alta-costura-en-7-claves\/#breadcrumb","itemListElement":[{"@type":"ListItem","position":1,"name":"Portada","item":"https:\/\/graziamagazine.com\/es\/"},{"@type":"ListItem","position":2,"name":"El desfile de Chanel Alta Costura en 7 claves"}]},{"@type":"WebSite","@id":"https:\/\/graziamagazine.com\/es\/#website","url":"https:\/\/graziamagazine.com\/es\/","name":"Grazia","description":"Moda, belleza, celebrities, estilo de vida...","potentialAction":[{"@type":"SearchAction","target":{"@type":"EntryPoint","urlTemplate":"https:\/\/graziamagazine.com\/es\/?s={search_term_string}"},"query-input":"required name=search_term_string"}],"inLanguage":"es"}]}},"jetpack_sharing_enabled":true,"distributor_meta":false,"distributor_terms":false,"distributor_media":false,"distributor_original_site_name":"Grazia","distributor_original_site_url":"https:\/\/graziamagazine.com\/es","push-errors":false,"_links":{"self":[{"href":"https:\/\/graziamagazine.com\/es\/wp-json\/wp\/v2\/articles\/182079"}],"collection":[{"href":"https:\/\/graziamagazine.com\/es\/wp-json\/wp\/v2\/articles"}],"about":[{"href":"https:\/\/graziamagazine.com\/es\/wp-json\/wp\/v2\/types\/articles"}],"author":[{"embeddable":true,"href":"https:\/\/graziamagazine.com\/es\/wp-json\/wp\/v2\/users\/16349"}],"wp:featuredmedia":[{"embeddable":true,"href":"https:\/\/graziamagazine.com\/es\/wp-json\/wp\/v2\/media\/182081"}],"wp:attachment":[{"href":"https:\/\/graziamagazine.com\/es\/wp-json\/wp\/v2\/media?parent=182079"}],"wp:term":[{"taxonomy":"category","embeddable":true,"href":"https:\/\/graziamagazine.com\/es\/wp-json\/wp\/v2\/categories?post=182079"}],"curies":[{"name":"wp","href":"https:\/\/api.w.org\/{rel}","templated":true}]}}