{"id":181987,"date":"2025-01-24T08:30:02","date_gmt":"2025-01-24T07:30:02","guid":{"rendered":"https:\/\/graziamagazine.com\/es\/?post_type=articles&#038;p=181987"},"modified":"2025-01-24T08:24:21","modified_gmt":"2025-01-24T07:24:21","slug":"5-tendencias-masculinas-vistas-en-milan-fashion-week","status":"publish","type":"articles","link":"https:\/\/graziamagazine.com\/es\/articles\/5-tendencias-masculinas-vistas-en-milan-fashion-week\/","title":{"rendered":"5 tendencias masculinas que nos deja Milan Fashion Week"},"content":{"rendered":"<p>La capital italiana de la moda nunca decepciona, y este a\u00f1o no fue la excepci\u00f3n. La Milan Men\u2019s Fashion Week marc\u00f3 el inicio del calendario fashion con una explosi\u00f3n de creatividad, mostrando c\u00f3mo el invierno puede ser tan vibrante como las estaciones m\u00e1s c\u00e1lidas.<\/p>\n<p>Aunque con una agenda m\u00e1s ligera de lo habitual, las propuestas dejaron claro que el armario masculino est\u00e1 listo para romper moldes y abrazar tendencias que combinan tradici\u00f3n, innovaci\u00f3n y un toque de audacia.<\/p>\n<h3>Apuesta Salvaje<\/h3>\n<figure id=\"attachment_145993\" class=\"wp-caption alignnone\" style=\"width: 800px\" aria-describedby=\"caption-attachment-145993\"><img loading=\"lazy\" decoding=\"async\" class=\"wp-image-145993 size-full\" src=\"https:\/\/graziamagazine.com\/mx\/wp-content\/uploads\/sites\/13\/2025\/01\/IMG_1378-2.jpg\" alt=\"Mil\u00e1n dicta tendencias masculinas del Men\u2019s Fashion Week\" width=\"800\" height=\"1200\" \/><\/figure>\n<p>Los abrigos de pelo, que dominaron el armario femenino en temporadas anteriores, ahora conquistan la moda masculina. Prada y Emporio Armani lideraron la apuesta con piezas que van desde texturas sint\u00e9ticas hasta acabados de lujo. Estas prendas no solo abrigan; tambi\u00e9n son una declaraci\u00f3n de estilo.<\/p>\n<h3><strong>Reviviendo el Oeste: Obsesi\u00f3n western<\/strong><\/h3>\n<figure id=\"attachment_145992\" class=\"wp-caption alignnone\" style=\"width: 800px\" aria-describedby=\"caption-attachment-145992\"><img loading=\"lazy\" decoding=\"async\" class=\"wp-image-145992 size-full\" src=\"https:\/\/graziamagazine.com\/mx\/wp-content\/uploads\/sites\/13\/2025\/01\/Captura-de-pantalla-2025-01-21-a-las-10.26.41.jpg\" alt=\"Mil\u00e1n dicta tendencias masculinas del Men\u2019s Fashion Week\" width=\"800\" height=\"1206\" \/><\/figure>\n<p>La moda americana y los gui\u00f1os al oeste se tomaron la pasarela. Desde botas cowboy con estampados florales hasta pa\u00f1uelos vaqueros combinados con denim lavado, firmas como Prada y PDF CHANNEL reinterpretaron el viejo oeste para darle un toque fresco y moderno al invierno.<\/p>\n<h3><strong>Cl\u00e1sico renovado: El reinado de los cuadros<\/strong><\/h3>\n<figure id=\"attachment_145994\" class=\"wp-caption alignnone\" style=\"width: 800px\" aria-describedby=\"caption-attachment-145994\"><img loading=\"lazy\" decoding=\"async\" class=\"wp-image-145994 size-full\" src=\"https:\/\/graziamagazine.com\/mx\/wp-content\/uploads\/sites\/13\/2025\/01\/IMG_1383-2.jpg\" alt=\"Mil\u00e1n dicta tendencias masculinas del Men\u2019s Fashion Week\" width=\"800\" height=\"1200\" \/><\/figure>\n<p>Cl\u00e1sico, elegante y siempre en tendencia. Este estampado brit\u00e1nico se adue\u00f1\u00f3 de trajes, abrigos y pantalones. La pata de gallo y los cuadros escoceses demostraron que lo tradicional nunca pasa de moda, especialmente cuando se reinventa con cortes contempor\u00e1neos.<\/p>\n<h3><strong>Elegancia urbana: Sastrer\u00eda y streetwear<\/strong><\/h3>\n<figure id=\"attachment_145996\" class=\"wp-caption alignnone\" style=\"width: 800px\" aria-describedby=\"caption-attachment-145996\"><img loading=\"lazy\" decoding=\"async\" class=\"wp-image-145996 size-full\" src=\"https:\/\/graziamagazine.com\/mx\/wp-content\/uploads\/sites\/13\/2025\/01\/temp-2-2.jpg\" alt=\"Mil\u00e1n dicta tendencias masculinas del Men\u2019s Fashion Week\" width=\"800\" height=\"1200\" \/><\/figure>\n<p>El streetwear sigue dejando su huella en la moda formal. Magliano combin\u00f3 pantalones deportivos con americanas oversize, mientras Saul Nash transform\u00f3 camisas tradicionales con capuchas y cremalleras. Una muestra de que la elegancia y la comodidad pueden ir de la mano.<\/p>\n<h3><strong>Abr\u00edgate con estilo: Capa sobre capa<\/strong><\/h3>\n<figure id=\"attachment_145995\" class=\"wp-caption alignnone\" style=\"width: 800px\" aria-describedby=\"caption-attachment-145995\"><img loading=\"lazy\" decoding=\"async\" class=\"wp-image-145995 size-full\" src=\"https:\/\/graziamagazine.com\/mx\/wp-content\/uploads\/sites\/13\/2025\/01\/IMG_1393-2.jpg\" alt=\"Mil\u00e1n dicta tendencias masculinas del Men\u2019s Fashion Week\" width=\"800\" height=\"1200\" \/><\/figure>\n<p>El arte del layering vuelve con fuerza. Woolrich y Prada apuestan por combinar m\u00faltiples abrigos para un look funcional y sofisticado. La clave est\u00e1 en superponer texturas y colores sin perder la silueta.<\/p>\n<p>La Milan Men\u2019s Fashion Week no solo define lo que veremos en las calles el pr\u00f3ximo invierno; tambi\u00e9n demuestra que la moda masculina es un espacio de innovaci\u00f3n y libertad creativa. Prep\u00e1rate para abrigarte con estilo y ser el centro de atenci\u00f3n.<\/p>\n<p><em>*Im\u00e1genes: Getty Images<\/em><\/p>\n","protected":false},"author":16349,"featured_media":181989,"template":"","format":"standard","categories":[1],"acf":[],"yoast_head":"<!-- This site is optimized with the Yoast SEO Premium plugin v18.5 (Yoast SEO v20.4) - https:\/\/yoast.com\/wordpress\/plugins\/seo\/ -->\n<title>5 tendencias masculinas vistas en Milan Fashion Week<\/title>\n<meta name=\"description\" content=\"Las claves de estilo m\u00e1s audaces presentadas en el Milan Men&#039;s Fashion Week para conquistar el pr\u00f3ximo invierno.\" \/>\n<meta name=\"robots\" content=\"index, follow, max-snippet:-1, max-image-preview:large, max-video-preview:-1\" \/>\n<link rel=\"canonical\" href=\"https:\/\/graziamagazine.com\/es\/articles\/5-tendencias-masculinas-vistas-en-milan-fashion-week\/\" \/>\n<meta property=\"og:locale\" content=\"es_ES\" \/>\n<meta property=\"og:type\" content=\"article\" \/>\n<meta property=\"og:title\" content=\"5 tendencias masculinas que nos deja Milan Fashion Week\" \/>\n<meta property=\"og:description\" content=\"Las claves de estilo m\u00e1s audaces presentadas en el Milan Men&#039;s Fashion Week para conquistar el pr\u00f3ximo invierno.\" \/>\n<meta property=\"og:url\" content=\"https:\/\/graziamagazine.com\/es\/articles\/5-tendencias-masculinas-vistas-en-milan-fashion-week\/\" \/>\n<meta property=\"og:site_name\" content=\"Grazia\" \/>\n<meta property=\"article:modified_time\" content=\"2025-01-24T07:24:21+00:00\" \/>\n<meta property=\"og:image\" content=\"https:\/\/graziamagazine.com\/es\/wp-content\/uploads\/sites\/12\/2025\/01\/Captura-de-Pantalla-2025-01-23-a-las-11.00.52-1024x650.png\" \/>\n\t<meta property=\"og:image:width\" content=\"1024\" \/>\n\t<meta property=\"og:image:height\" content=\"650\" \/>\n\t<meta property=\"og:image:type\" content=\"image\/png\" \/>\n<meta name=\"twitter:card\" content=\"summary_large_image\" \/>\n<meta name=\"twitter:label1\" content=\"Est. reading time\" \/>\n\t<meta name=\"twitter:data1\" content=\"3 minutos\" \/>\n<script type=\"application\/ld+json\" class=\"yoast-schema-graph\">{\"@context\":\"https:\/\/schema.org\",\"@graph\":[{\"@type\":\"WebPage\",\"@id\":\"https:\/\/graziamagazine.com\/es\/articles\/5-tendencias-masculinas-vistas-en-milan-fashion-week\/\",\"url\":\"https:\/\/graziamagazine.com\/es\/articles\/5-tendencias-masculinas-vistas-en-milan-fashion-week\/\",\"name\":\"5 tendencias masculinas vistas en Milan Fashion Week\",\"isPartOf\":{\"@id\":\"https:\/\/graziamagazine.com\/es\/#website\"},\"datePublished\":\"2025-01-24T07:30:02+00:00\",\"dateModified\":\"2025-01-24T07:24:21+00:00\",\"description\":\"Las claves de estilo m\u00e1s audaces presentadas en el Milan Men's Fashion Week para conquistar el pr\u00f3ximo invierno.\",\"breadcrumb\":{\"@id\":\"https:\/\/graziamagazine.com\/es\/articles\/5-tendencias-masculinas-vistas-en-milan-fashion-week\/#breadcrumb\"},\"inLanguage\":\"es\",\"potentialAction\":[{\"@type\":\"ReadAction\",\"target\":[\"https:\/\/graziamagazine.com\/es\/articles\/5-tendencias-masculinas-vistas-en-milan-fashion-week\/\"]}]},{\"@type\":\"BreadcrumbList\",\"@id\":\"https:\/\/graziamagazine.com\/es\/articles\/5-tendencias-masculinas-vistas-en-milan-fashion-week\/#breadcrumb\",\"itemListElement\":[{\"@type\":\"ListItem\",\"position\":1,\"name\":\"Portada\",\"item\":\"https:\/\/graziamagazine.com\/es\/\"},{\"@type\":\"ListItem\",\"position\":2,\"name\":\"5 tendencias masculinas que nos deja Milan Fashion Week\"}]},{\"@type\":\"WebSite\",\"@id\":\"https:\/\/graziamagazine.com\/es\/#website\",\"url\":\"https:\/\/graziamagazine.com\/es\/\",\"name\":\"Grazia\",\"description\":\"Moda, belleza, celebrities, estilo de vida...\",\"potentialAction\":[{\"@type\":\"SearchAction\",\"target\":{\"@type\":\"EntryPoint\",\"urlTemplate\":\"https:\/\/graziamagazine.com\/es\/?s={search_term_string}\"},\"query-input\":\"required name=search_term_string\"}],\"inLanguage\":\"es\"}]}<\/script>\n<!-- \/ Yoast SEO Premium plugin. -->","yoast_head_json":{"title":"5 tendencias masculinas vistas en Milan Fashion Week","description":"Las claves de estilo m\u00e1s audaces presentadas en el Milan Men's Fashion Week para conquistar el pr\u00f3ximo invierno.","robots":{"index":"index","follow":"follow","max-snippet":"max-snippet:-1","max-image-preview":"max-image-preview:large","max-video-preview":"max-video-preview:-1"},"canonical":"https:\/\/graziamagazine.com\/es\/articles\/5-tendencias-masculinas-vistas-en-milan-fashion-week\/","og_locale":"es_ES","og_type":"article","og_title":"5 tendencias masculinas que nos deja Milan Fashion Week","og_description":"Las claves de estilo m\u00e1s audaces presentadas en el Milan Men's Fashion Week para conquistar el pr\u00f3ximo invierno.","og_url":"https:\/\/graziamagazine.com\/es\/articles\/5-tendencias-masculinas-vistas-en-milan-fashion-week\/","og_site_name":"Grazia","article_modified_time":"2025-01-24T07:24:21+00:00","og_image":[{"width":1024,"height":650,"url":"https:\/\/graziamagazine.com\/es\/wp-content\/uploads\/sites\/12\/2025\/01\/Captura-de-Pantalla-2025-01-23-a-las-11.00.52-1024x650.png","type":"image\/png"}],"twitter_card":"summary_large_image","twitter_misc":{"Est. reading time":"3 minutos"},"schema":{"@context":"https:\/\/schema.org","@graph":[{"@type":"WebPage","@id":"https:\/\/graziamagazine.com\/es\/articles\/5-tendencias-masculinas-vistas-en-milan-fashion-week\/","url":"https:\/\/graziamagazine.com\/es\/articles\/5-tendencias-masculinas-vistas-en-milan-fashion-week\/","name":"5 tendencias masculinas vistas en Milan Fashion Week","isPartOf":{"@id":"https:\/\/graziamagazine.com\/es\/#website"},"datePublished":"2025-01-24T07:30:02+00:00","dateModified":"2025-01-24T07:24:21+00:00","description":"Las claves de estilo m\u00e1s audaces presentadas en el Milan Men's Fashion Week para conquistar el pr\u00f3ximo invierno.","breadcrumb":{"@id":"https:\/\/graziamagazine.com\/es\/articles\/5-tendencias-masculinas-vistas-en-milan-fashion-week\/#breadcrumb"},"inLanguage":"es","potentialAction":[{"@type":"ReadAction","target":["https:\/\/graziamagazine.com\/es\/articles\/5-tendencias-masculinas-vistas-en-milan-fashion-week\/"]}]},{"@type":"BreadcrumbList","@id":"https:\/\/graziamagazine.com\/es\/articles\/5-tendencias-masculinas-vistas-en-milan-fashion-week\/#breadcrumb","itemListElement":[{"@type":"ListItem","position":1,"name":"Portada","item":"https:\/\/graziamagazine.com\/es\/"},{"@type":"ListItem","position":2,"name":"5 tendencias masculinas que nos deja Milan Fashion Week"}]},{"@type":"WebSite","@id":"https:\/\/graziamagazine.com\/es\/#website","url":"https:\/\/graziamagazine.com\/es\/","name":"Grazia","description":"Moda, belleza, celebrities, estilo de vida...","potentialAction":[{"@type":"SearchAction","target":{"@type":"EntryPoint","urlTemplate":"https:\/\/graziamagazine.com\/es\/?s={search_term_string}"},"query-input":"required name=search_term_string"}],"inLanguage":"es"}]}},"jetpack_sharing_enabled":true,"distributor_meta":false,"distributor_terms":false,"distributor_media":false,"distributor_original_site_name":"Grazia","distributor_original_site_url":"https:\/\/graziamagazine.com\/es","push-errors":false,"_links":{"self":[{"href":"https:\/\/graziamagazine.com\/es\/wp-json\/wp\/v2\/articles\/181987"}],"collection":[{"href":"https:\/\/graziamagazine.com\/es\/wp-json\/wp\/v2\/articles"}],"about":[{"href":"https:\/\/graziamagazine.com\/es\/wp-json\/wp\/v2\/types\/articles"}],"author":[{"embeddable":true,"href":"https:\/\/graziamagazine.com\/es\/wp-json\/wp\/v2\/users\/16349"}],"wp:featuredmedia":[{"embeddable":true,"href":"https:\/\/graziamagazine.com\/es\/wp-json\/wp\/v2\/media\/181989"}],"wp:attachment":[{"href":"https:\/\/graziamagazine.com\/es\/wp-json\/wp\/v2\/media?parent=181987"}],"wp:term":[{"taxonomy":"category","embeddable":true,"href":"https:\/\/graziamagazine.com\/es\/wp-json\/wp\/v2\/categories?post=181987"}],"curies":[{"name":"wp","href":"https:\/\/api.w.org\/{rel}","templated":true}]}}