{"id":181962,"date":"2025-01-22T14:27:11","date_gmt":"2025-01-22T13:27:11","guid":{"rendered":"https:\/\/graziamagazine.com\/es\/?post_type=articles&#038;p=181962"},"modified":"2025-01-22T14:27:11","modified_gmt":"2025-01-22T13:27:11","slug":"mirada-al-futuro-la-coleccion-masculina-de-louis-vuitton-en-pfw","status":"publish","type":"articles","link":"https:\/\/graziamagazine.com\/es\/articles\/mirada-al-futuro-la-coleccion-masculina-de-louis-vuitton-en-pfw\/","title":{"rendered":"Mirada al futuro, la colecci\u00f3n masculina de Louis Vuitton en PFW"},"content":{"rendered":"<p class=\"x_MsoNormal\"><span data-olk-copy-source=\"MessageBody\">La colecci\u00f3n masculina Oto\u00f1o-Invierno 2025 de\u00a0<span class=\"mark4otwz3943\" data-markjs=\"true\" data-ogac=\"\" data-ogab=\"\" data-ogsc=\"\" data-ogsb=\"\">Louis<\/span>\u00a0<span class=\"markhcps03ll2\" data-markjs=\"true\" data-ogac=\"\" data-ogab=\"\" data-ogsc=\"\" data-ogsb=\"\">Vuitton<\/span>\u00a0mira hacia el futuro a trav\u00e9s del telescopio de la historia. Una colaboraci\u00f3n entre los Directores Creativos masculinos Pharrell Williams y NIGO, es una manifestaci\u00f3n art\u00edstica de una amistad para toda la vida.<\/span><\/p>\n<p class=\"x_MsoNormal\">La propuesta escenifica una simbiosis entre un archivo y un referente: NIGO, cuyos extensos archivos del vestuario de trabajo del siglo XX nutren la colecci\u00f3n, y la expresi\u00f3n estil\u00edstica de Pharrell Williams como representaci\u00f3n de la historia compartida del d\u00fao con el streetwear. Reflexionando sobre el Jap\u00f3n natal de NIGO vital para el coraz\u00f3n de Pharrell Williams a trav\u00e9s del prisma de sus mutuas ra\u00edces subculturales, la colecci\u00f3n rinde homenaje al lugar en el que el entramado de su sinergia creativa fue hilado.<\/p>\n<p><img decoding=\"async\" src=\"https:\/\/press.louisvuitton.com\/men\/wp-content\/uploads\/2025\/01\/f543529d130f4b5bab5bec860cdc685c-1500x2250.jpg.webp\" alt=\"LOUIS VUITTON MEN'S FALL-WINTER 2025 SHOW FINALE 3\" \/><\/p>\n<p class=\"x_MsoNormal\">Demostrando una polinizaci\u00f3n cruzada entre la Maison y los dos colaboradores, la colecci\u00f3n es una expresi\u00f3n de la filosof\u00eda LVERS que define el ecosistema creativo de\u00a0<span class=\"mark4otwz3943\" data-markjs=\"true\" data-ogac=\"\" data-ogab=\"\" data-ogsc=\"\" data-ogsb=\"\">Louis<\/span>\u00a0<span class=\"markhcps03ll2\" data-markjs=\"true\" data-ogac=\"\" data-ogab=\"\" data-ogsc=\"\" data-ogsb=\"\">Vuitton<\/span>\u00a0Studio Pr\u00eat-\u00e0-Porter Homme: una comunidad de personas con ideas afines conectadas por el aprecio por el discernimiento, el savoir-faire y los viajes que contin\u00faan alimentando la creatividad del futuro. Representando la ideolog\u00eda de LVERS, el elenco cuenta con un grupo diverso de seres humanos que encarnan las generaciones del ma\u00f1ana.<\/p>\n<p><img decoding=\"async\" src=\"https:\/\/hips.hearstapps.com\/hmg-prod\/images\/louis-vuitton-menrsquo-s-fall-winter-2025-show-look-46-6790c3dd8e610.jpg?resize=2048:*\" alt=\"male model on runway showcasing a winter outfit\" \/><\/p>\n<h3>CREANDO RECUERDOS<\/h3>\n<p>Un conjunto de Wonderwall \u2013 compa\u00f1\u00eda de dise\u00f1o fundada por Masamichi Katayama \u2013 muestra una esfera de vitrinas de archivo creada con madera reutilizada, la cual orbita el escenario redondo en el Cour Carr\u00e9e du Louvre. Evocando el ambiente de los archivos Louis Vuitton, los contenedores de la exhibici\u00f3n de 24 horas son curados con pr\u00e9stamos pertenecientes a las colecciones de la Casa, a Pharrell Williams y a NIGO, respectivamente, as\u00ed como a coleccionistas privados.<\/p>\n<p><img decoding=\"async\" src=\"https:\/\/press.louisvuitton.com\/men\/wp-content\/uploads\/2025\/01\/cc41812ac7a0d38198411b05aeaf05c7-1500x1875.jpg.webp\" alt=\"LOUIS VUITTON MEN'S FALL-WINTER 2025 SHOW LOOK 1\" \/><\/p>\n<p>Cada unidad de archivo ilustra un momento cultural en el tiempo: un concepto, fen\u00f3meno o experiencia que caus\u00f3 un impacto \u2013 o fue impactado por \u2013 Louis Vuitton, Pharrell Williams y NIGO. Siendo conversaciones entre el pasado y el futuro, las vitrinas reflejan las intersecciones entre la Maison y los dos colaboradores, as\u00ed como las convergencias creativas que aceleran las ideas futuras.<\/p>\n<p><img decoding=\"async\" src=\"https:\/\/hips.hearstapps.com\/hmg-prod\/images\/louis-vuitton-menrsquo-s-fall-winter-2025-show-look-3-6790c43787a09.jpg?resize=2048:*\" alt=\"a model walking in a fashion show wearing a brown suit and holding a yellow handbag\" \/><\/p>\n<h3>ARCHIVOS DEL FUTURO<\/h3>\n<p>Plasmada en los gr\u00e1ficos Phriendship de las caras de Pharrell Williams y NIGO de la colecci\u00f3n est\u00e1 la celebraci\u00f3n de la amistad creativa entretejida con la historia de Louis Vuitton. Con ra\u00edces mutuas dentro de la comunidad del streetwear, el d\u00fao fue presentado en 2003 y en conjunto lanzaron las marcas de streetwear Billionaire Boys Club e ICECREAM en el mismo a\u00f1o. En 2004, Pharrell Williams y NIGO colaboraron por primera vez con Louis Vuitton en lo que se m\u00e1s tarde se convertir\u00eda en los lentes para sol LV Millionaires 1.0. NIGO fund\u00f3 la marca de streetwear Human Made en 2010 apoyado por Pharrell Williams y en 2020, el antiguo Director Art\u00edstico de ropa masculina, Virgil Abloh, lo invit\u00f3 a colaborar en la colecci\u00f3n c\u00e1psula de Louis Vuitton, LV\u00b2.<\/p>\n<p><img decoding=\"async\" src=\"https:\/\/hips.hearstapps.com\/hmg-prod\/images\/louis-vuitton-menrsquo-s-fall-winter-2025-show-look-48-6790c21b9f89b.jpg?resize=2048:*\" alt=\"fashion model showcasing urban militaryinspired outfit with bag\" \/><\/p>\n<p>Como coleccionista de ropa hist\u00f3rica, incluyendo ropa de trabajo, streetwear y textiles japoneses, NIGO mantiene sus archivos en Tokio, donde acumula m\u00e1s de 10,000 rarezas. El fundador de la marca de streetwear, A Bathing Ape, ha trabajado como Director Art\u00edstico para Kenzo desde 2021. Pharrell Williams fue nombrado Director Creativo de las colecciones masculinas de Louis Vuitton en 2023.<\/p>\n<p><img decoding=\"async\" src=\"https:\/\/press.louisvuitton.com\/men\/wp-content\/uploads\/2025\/01\/c818db85486b9a7bb9c4325e3ef5e275-1500x2250.jpg.webp\" alt=\"LOUIS VUITTON MEN'S FALL-WINTER 2025 SHOW DETAIL 1\" \/><\/p>\n<h3>STREETWEAR DANDY<\/h3>\n<p>Haciendo eco de las ra\u00edces del streetwear compartidas entre Pharrell Williams y NIGO, las siluetas empapadas de recuerdos de inicios de los a\u00f1os 2000 cobran forma en el esp\u00edritu del futuro. Enmarcada por la elegancia dandy que personifica cada propuesta masculina Louis Vuitton, la colecci\u00f3n propone un intercambio de c\u00f3digos entre las ideas del streetwear y el dandy. La metamorfosis crea expresiones compuestas por trajes, ropa de trabajo y ropa deportiva con una polinizaci\u00f3n cruzada en forma y fabricaci\u00f3n. Las siluetas de la ropa de trabajo \u2013 ingenieros, chefs, jardineros y dem\u00e1s \u2013 son formalizadas o amplificadas en valor material.<\/p>\n<p><img decoding=\"async\" src=\"https:\/\/press.louisvuitton.com\/men\/wp-content\/uploads\/2025\/01\/fb6050bcec96e4d0b02667edff871c05-1500x2250.jpg.webp\" alt=\"LOUIS VUITTON MEN'S FALL-WINTER 2025 SHOW BACKSTAGE 1\" \/><\/p>\n<p>Las chamarras ilustres del armario de la comunidad de streetwear son enaltecidas: una bomber esculpida es adornada con una heroica flor amarilla; una parka se hibrida con otra parka; y las chamarras varsity construidas con las pieles de la Maison son adornadas con insignias. Las piezas insignia adaptadas del streetwear que vienen de los guardarropas deportivos y de rendimiento son enaltecidas con una sutileza t\u00e9cnica o artesanal. Las l\u00edneas tradicionales de sastrer\u00eda se vuelven casuales por su corte o volumen; algunas cortadas y reimaginadas en cuero; otras infundidas con construcci\u00f3n japonesa. Un aire de rockabilly y mod rinde homenaje a culturas clave para los archivos y expresiones art\u00edsticas de Pharrell Williams y NIGO.<\/p>\n<p><img decoding=\"async\" src=\"https:\/\/hips.hearstapps.com\/hmg-prod\/images\/louis-vuitton-menrsquo-s-fall-winter-2025-show-detail-24-6790b2035e07f.jpg?crop=0.891xw:1.00xh;0,0&amp;resize=768:*\" alt=\"a transparent trunk adorned with colorful flowers being wheeled on a cart\" \/><\/p>\n<h3>Las celebrities invitadas<\/h3>\n<p>Al desfile acudieron figuras destacadas, entre las que se encontraban\u00a0<strong>Victor Wembanyama, j-hope, Bradley Cooper, Adrien Brody,<\/strong><span class=\"x_MsoHyperlinkFollowed\">\u00a0<\/span><strong>Miguel Bernardeau, \u00a0Callum Turner, Travis Scott, Future, Jackson Wang, BamBam, Idris Elba, Gong Yoo, Omar Sy, Pusha T, Malice, Tyshawn Jones, Dylan Wang, Zhu Yilong, Sho Hirano, Slick Rick, Shaboozey, Yuto Horigome, A$AP Nast, Skepta, Shygirl, Don Toliver, Jeremy Sochan, Pio Marma\u00ef, Aaron Pierre, Tosin Cole, Ethan Herisse, Ebon Moss-Bachrach, Stefon Diggs, Mahmood, AP Dhillon, J Balvin, Rauw Alejandro, Th\u00e9o Christine, Antoine Dupont, Enzo Lefort, Diego Klein, Bayou, C\u00e9sar Domboy, Melvin Boomer, Kevin Chu, Emilio Sakraya, Shou Lou<\/strong>, entre otros.<\/p>\n<p><em>*Im\u00e1genes: cortes\u00eda<\/em><\/p>\n","protected":false},"author":11653,"featured_media":181963,"template":"","format":"standard","categories":[1],"acf":[],"yoast_head":"<!-- This site is optimized with the Yoast SEO Premium plugin v18.5 (Yoast SEO v20.4) - https:\/\/yoast.com\/wordpress\/plugins\/seo\/ -->\n<title>Mirada al futuro, la colecci\u00f3n masculina de Louis Vuitton en PFW<\/title>\n<meta name=\"description\" content=\"La colecci\u00f3n masculina Oto\u00f1o-Invierno 2025 de\u00a0Louis\u00a0Vuitton\u00a0mira hacia el futuro a trav\u00e9s del telescopio de la historia. Una colaboraci\u00f3n entre los\" \/>\n<meta name=\"robots\" content=\"index, follow, max-snippet:-1, max-image-preview:large, max-video-preview:-1\" \/>\n<link rel=\"canonical\" href=\"https:\/\/graziamagazine.com\/es\/articles\/mirada-al-futuro-la-coleccion-masculina-de-louis-vuitton-en-pfw\/\" \/>\n<meta property=\"og:locale\" content=\"es_ES\" \/>\n<meta property=\"og:type\" content=\"article\" \/>\n<meta property=\"og:title\" content=\"Mirada al futuro, la colecci\u00f3n masculina de Louis Vuitton en PFW\" \/>\n<meta property=\"og:description\" content=\"La colecci\u00f3n masculina Oto\u00f1o-Invierno 2025 de\u00a0Louis\u00a0Vuitton\u00a0mira hacia el futuro a trav\u00e9s del telescopio de la historia. Una colaboraci\u00f3n entre los\" \/>\n<meta property=\"og:url\" content=\"https:\/\/graziamagazine.com\/es\/articles\/mirada-al-futuro-la-coleccion-masculina-de-louis-vuitton-en-pfw\/\" \/>\n<meta property=\"og:site_name\" content=\"Grazia\" \/>\n<meta property=\"og:image\" content=\"https:\/\/graziamagazine.com\/es\/wp-content\/uploads\/sites\/12\/2025\/01\/LOUIS-VUITTON-MEN-FALL-WINTER-2025-SHOW-FINALE-1.jpg\" \/>\n\t<meta property=\"og:image:width\" content=\"1916\" \/>\n\t<meta property=\"og:image:height\" content=\"1916\" \/>\n\t<meta property=\"og:image:type\" content=\"image\/jpeg\" \/>\n<meta name=\"twitter:card\" content=\"summary_large_image\" \/>\n<meta name=\"twitter:label1\" content=\"Est. reading time\" \/>\n\t<meta name=\"twitter:data1\" content=\"6 minutos\" \/>\n<script type=\"application\/ld+json\" class=\"yoast-schema-graph\">{\"@context\":\"https:\/\/schema.org\",\"@graph\":[{\"@type\":\"WebPage\",\"@id\":\"https:\/\/graziamagazine.com\/es\/articles\/mirada-al-futuro-la-coleccion-masculina-de-louis-vuitton-en-pfw\/\",\"url\":\"https:\/\/graziamagazine.com\/es\/articles\/mirada-al-futuro-la-coleccion-masculina-de-louis-vuitton-en-pfw\/\",\"name\":\"Mirada al futuro, la colecci\u00f3n masculina de Louis Vuitton en PFW\",\"isPartOf\":{\"@id\":\"https:\/\/graziamagazine.com\/es\/#website\"},\"datePublished\":\"2025-01-22T13:27:11+00:00\",\"dateModified\":\"2025-01-22T13:27:11+00:00\",\"description\":\"La colecci\u00f3n masculina Oto\u00f1o-Invierno 2025 de\u00a0Louis\u00a0Vuitton\u00a0mira hacia el futuro a trav\u00e9s del telescopio de la historia. Una colaboraci\u00f3n entre los\",\"breadcrumb\":{\"@id\":\"https:\/\/graziamagazine.com\/es\/articles\/mirada-al-futuro-la-coleccion-masculina-de-louis-vuitton-en-pfw\/#breadcrumb\"},\"inLanguage\":\"es\",\"potentialAction\":[{\"@type\":\"ReadAction\",\"target\":[\"https:\/\/graziamagazine.com\/es\/articles\/mirada-al-futuro-la-coleccion-masculina-de-louis-vuitton-en-pfw\/\"]}]},{\"@type\":\"BreadcrumbList\",\"@id\":\"https:\/\/graziamagazine.com\/es\/articles\/mirada-al-futuro-la-coleccion-masculina-de-louis-vuitton-en-pfw\/#breadcrumb\",\"itemListElement\":[{\"@type\":\"ListItem\",\"position\":1,\"name\":\"Portada\",\"item\":\"https:\/\/graziamagazine.com\/es\/\"},{\"@type\":\"ListItem\",\"position\":2,\"name\":\"Mirada al futuro, la colecci\u00f3n masculina de Louis Vuitton en PFW\"}]},{\"@type\":\"WebSite\",\"@id\":\"https:\/\/graziamagazine.com\/es\/#website\",\"url\":\"https:\/\/graziamagazine.com\/es\/\",\"name\":\"Grazia\",\"description\":\"Moda, belleza, celebrities, estilo de vida...\",\"potentialAction\":[{\"@type\":\"SearchAction\",\"target\":{\"@type\":\"EntryPoint\",\"urlTemplate\":\"https:\/\/graziamagazine.com\/es\/?s={search_term_string}\"},\"query-input\":\"required name=search_term_string\"}],\"inLanguage\":\"es\"}]}<\/script>\n<!-- \/ Yoast SEO Premium plugin. -->","yoast_head_json":{"title":"Mirada al futuro, la colecci\u00f3n masculina de Louis Vuitton en PFW","description":"La colecci\u00f3n masculina Oto\u00f1o-Invierno 2025 de\u00a0Louis\u00a0Vuitton\u00a0mira hacia el futuro a trav\u00e9s del telescopio de la historia. Una colaboraci\u00f3n entre los","robots":{"index":"index","follow":"follow","max-snippet":"max-snippet:-1","max-image-preview":"max-image-preview:large","max-video-preview":"max-video-preview:-1"},"canonical":"https:\/\/graziamagazine.com\/es\/articles\/mirada-al-futuro-la-coleccion-masculina-de-louis-vuitton-en-pfw\/","og_locale":"es_ES","og_type":"article","og_title":"Mirada al futuro, la colecci\u00f3n masculina de Louis Vuitton en PFW","og_description":"La colecci\u00f3n masculina Oto\u00f1o-Invierno 2025 de\u00a0Louis\u00a0Vuitton\u00a0mira hacia el futuro a trav\u00e9s del telescopio de la historia. Una colaboraci\u00f3n entre los","og_url":"https:\/\/graziamagazine.com\/es\/articles\/mirada-al-futuro-la-coleccion-masculina-de-louis-vuitton-en-pfw\/","og_site_name":"Grazia","og_image":[{"width":1916,"height":1916,"url":"https:\/\/graziamagazine.com\/es\/wp-content\/uploads\/sites\/12\/2025\/01\/LOUIS-VUITTON-MEN-FALL-WINTER-2025-SHOW-FINALE-1.jpg","type":"image\/jpeg"}],"twitter_card":"summary_large_image","twitter_misc":{"Est. reading time":"6 minutos"},"schema":{"@context":"https:\/\/schema.org","@graph":[{"@type":"WebPage","@id":"https:\/\/graziamagazine.com\/es\/articles\/mirada-al-futuro-la-coleccion-masculina-de-louis-vuitton-en-pfw\/","url":"https:\/\/graziamagazine.com\/es\/articles\/mirada-al-futuro-la-coleccion-masculina-de-louis-vuitton-en-pfw\/","name":"Mirada al futuro, la colecci\u00f3n masculina de Louis Vuitton en PFW","isPartOf":{"@id":"https:\/\/graziamagazine.com\/es\/#website"},"datePublished":"2025-01-22T13:27:11+00:00","dateModified":"2025-01-22T13:27:11+00:00","description":"La colecci\u00f3n masculina Oto\u00f1o-Invierno 2025 de\u00a0Louis\u00a0Vuitton\u00a0mira hacia el futuro a trav\u00e9s del telescopio de la historia. Una colaboraci\u00f3n entre los","breadcrumb":{"@id":"https:\/\/graziamagazine.com\/es\/articles\/mirada-al-futuro-la-coleccion-masculina-de-louis-vuitton-en-pfw\/#breadcrumb"},"inLanguage":"es","potentialAction":[{"@type":"ReadAction","target":["https:\/\/graziamagazine.com\/es\/articles\/mirada-al-futuro-la-coleccion-masculina-de-louis-vuitton-en-pfw\/"]}]},{"@type":"BreadcrumbList","@id":"https:\/\/graziamagazine.com\/es\/articles\/mirada-al-futuro-la-coleccion-masculina-de-louis-vuitton-en-pfw\/#breadcrumb","itemListElement":[{"@type":"ListItem","position":1,"name":"Portada","item":"https:\/\/graziamagazine.com\/es\/"},{"@type":"ListItem","position":2,"name":"Mirada al futuro, la colecci\u00f3n masculina de Louis Vuitton en PFW"}]},{"@type":"WebSite","@id":"https:\/\/graziamagazine.com\/es\/#website","url":"https:\/\/graziamagazine.com\/es\/","name":"Grazia","description":"Moda, belleza, celebrities, estilo de vida...","potentialAction":[{"@type":"SearchAction","target":{"@type":"EntryPoint","urlTemplate":"https:\/\/graziamagazine.com\/es\/?s={search_term_string}"},"query-input":"required name=search_term_string"}],"inLanguage":"es"}]}},"jetpack_sharing_enabled":true,"distributor_meta":false,"distributor_terms":false,"distributor_media":false,"distributor_original_site_name":"Grazia","distributor_original_site_url":"https:\/\/graziamagazine.com\/es","push-errors":false,"_links":{"self":[{"href":"https:\/\/graziamagazine.com\/es\/wp-json\/wp\/v2\/articles\/181962"}],"collection":[{"href":"https:\/\/graziamagazine.com\/es\/wp-json\/wp\/v2\/articles"}],"about":[{"href":"https:\/\/graziamagazine.com\/es\/wp-json\/wp\/v2\/types\/articles"}],"author":[{"embeddable":true,"href":"https:\/\/graziamagazine.com\/es\/wp-json\/wp\/v2\/users\/11653"}],"wp:featuredmedia":[{"embeddable":true,"href":"https:\/\/graziamagazine.com\/es\/wp-json\/wp\/v2\/media\/181963"}],"wp:attachment":[{"href":"https:\/\/graziamagazine.com\/es\/wp-json\/wp\/v2\/media?parent=181962"}],"wp:term":[{"taxonomy":"category","embeddable":true,"href":"https:\/\/graziamagazine.com\/es\/wp-json\/wp\/v2\/categories?post=181962"}],"curies":[{"name":"wp","href":"https:\/\/api.w.org\/{rel}","templated":true}]}}