{"id":181914,"date":"2025-01-21T11:00:58","date_gmt":"2025-01-21T10:00:58","guid":{"rendered":"https:\/\/graziamagazine.com\/es\/?post_type=articles&#038;p=181914"},"modified":"2025-01-21T11:00:58","modified_gmt":"2025-01-21T10:00:58","slug":"mercedes-benz-fashion-week-madrid-completa-su-calendario-con-cinco-desfiles-en-la-ciudad","status":"publish","type":"articles","link":"https:\/\/graziamagazine.com\/es\/articles\/mercedes-benz-fashion-week-madrid-completa-su-calendario-con-cinco-desfiles-en-la-ciudad\/","title":{"rendered":"Mercedes-Benz Fashion Week Madrid completa su calendario con cinco Desfiles en la Ciudad"},"content":{"rendered":"<p><a href=\"https:\/\/www.ifema.es\/mbfw-madrid\" target=\"_blank\"><strong data-olk-copy-source=\"MessageBody\">MBFWMadrid<\/strong>,<\/a>\u00a0organizada por\u00a0<b>IFEMA MADRID\u00a0<\/b><span lang=\"ES-TRAD\">con el apoyo del<\/span><b><span lang=\"ES-TRAD\">\u00a0Ayuntamiento de Madrid,\u00a0<\/span><\/b><span lang=\"ES-TRAD\">se\u00a0<\/span><b><span lang=\"ES-TRAD\">celebrar\u00e1 entre el 19 y el 23 de febrero<\/span><\/b><span lang=\"ES-TRAD\">, contando en su\u00a0<\/span><b><span lang=\"ES-TRAD\">primera jornada con cinco Desfiles en la Ciudad<\/span><\/b><span lang=\"ES-TRAD\">\u00a0de la mano de<b>\u00a0importantes dise\u00f1adores consagrados del panorama nacional<\/b><\/span><span lang=\"ES-TRAD\">.<\/span><\/p>\n<p>Con la incorporaci\u00f3n de estas firmas, que presentar\u00e1n sus colecciones en diferentes ubicaciones de la ciudad de Madrid, se completa la posici\u00f3n de la pasarela como escaparate de creatividad, estilo y\u00a0<span class=\"markvmw7uit9m\" data-markjs=\"true\" data-ogac=\"\" data-ogab=\"\" data-ogsc=\"\" data-ogsb=\"\">talent<\/span>o de la moda nacional, y ser\u00e1n el inicio de cinco jornadas de desfiles que se vivir\u00e1n en el\u00a0<b>Pabell\u00f3n 14.1 de IFEMA MADRID<\/b>.<\/p>\n<h3><b>Desfiles en la Ciudad, mi\u00e9rcoles 19 de febrero<\/b><\/h3>\n<p>El calendario de Desfiles en la Ciudad de MBFWMadrid comenzar\u00e1 con\u00a0<b>Mar\u00eda Lafuente<\/b>\u00a0y su enfoque sobre la moda\u00a0sostenible y el compromiso con el medio ambiente, le seguir\u00e1\u00a0<b>Rafael Urqu\u00edzar<\/b>, con una colecci\u00f3n que destaca por combinar innovaci\u00f3n, artesan\u00eda y un fuerte sentido est\u00e9tico. Tras ellos, ser\u00e1 turno para\u00a0<b>F\u00e9lix Ramiro<\/b>, con su propuesta en sastrer\u00eda que busca ofrecer dise\u00f1os sofisticados y personalizados; a continuaci\u00f3n,\u00a0<b>Pilar Dalbat<\/b>, presenta sus dise\u00f1os con los que busca\u00a0crear prendas que resistan al paso del tiempo. Y, por \u00faltimo, cerrar\u00e1n la jornada los j\u00f3venes dise\u00f1adores de\u00a0<b>UDIT<\/b><span style=\"font-family: Calibri\">,\u00a0<b>la\u00a0<\/b><\/span><b>Universidad de Dise\u00f1o, Innovaci\u00f3n y Tecnolog\u00eda.<\/b><b>\u00a0<\/b><\/p>\n<p>Junto a ellos,\u00a0<b>esa misma jornada<\/b>\u00a0tendr\u00e1 lugar el\u00a0<b>Virtual Show de Andrew Procid<\/b>\u00a0con sus propuestas en versi\u00f3n\u00a0<span class=\"mark1g3k7zlbe\" data-markjs=\"true\" data-ogac=\"\" data-ogab=\"\" data-ogsc=\"\" data-ogsb=\"\">fashion<\/span>\u00a0film.<b>\u00a0<\/b><\/p>\n<h3><b>Apoyando el sector de la moda<\/b><\/h3>\n<p><b>MBFWMadrid<\/b>, organizada por\u00a0<b>IFEMA MADRID<\/b>\u00a0con el apoyo del\u00a0<b>Ayuntamiento de Madrid<\/b>, cuenta con la participaci\u00f3n de empresas fieles a la cita, comprometidas con el sector de la moda espa\u00f1ola, como\u00a0<b><span class=\"marklxsm34oqc\" data-markjs=\"true\" data-ogac=\"\" data-ogab=\"\" data-ogsc=\"\" data-ogsb=\"\">Mercedes-Benz<\/span><\/b>,\u00a0<b>L\u2019Or\u00e9al Paris e Inditex<\/b>, que est\u00e1n presentes como\u00a0<b>Patrocinadores Principales<\/b>;\u00a0<b>Iberia<\/b>\u00a0y\u00a0<b>MO de Multi\u00f3pticas<\/b>\u00a0estar\u00e1n presentes como\u00a0<b>Patrocinadores<\/b>\u00a0y\u00a0<b>GHD<\/b>,\u00a0<b>Comunidad de Madrid<\/b>,\u00a0<b>M\u00e1laga de Moda<\/b>, junto a la identidad corporativa de\u00a0<b>Diputaci\u00f3n de M\u00e1laga<\/b>,\u00a0<b>UDIT, Universidad de Dise\u00f1o, Innovaci\u00f3n y Tecnolog\u00eda,<\/b>\u00a0<b>EAST CREMA COFFE x OATLY \u00a0y Schweppes<\/b>\u00a0como\u00a0<b>colaboradores<\/b>. Adem\u00e1s, participar\u00e1 la\u00a0<b>UNIVERSIDAD REY JUAN<\/b>\u00a0<b>CARLOS.<\/b><\/p>\n<p>La pasarela tambi\u00e9n contar\u00e1 con la\u00a0revista\u00a0\u00a1HOLA!\u00a0como\u00a0Media Partner\u00a0del evento, que prepara un stand espectacular donde los asistentes tendr\u00e1n la oportunidad de acercarse y hacerse con una de sus publicaciones, entre las que se\u00a0incluyen \u00a1HOLA!,\u00a0<span class=\"mark1g3k7zlbe\" data-markjs=\"true\" data-ogac=\"\" data-ogab=\"\" data-ogsc=\"\" data-ogsb=\"\">Fashion<\/span>, Living, \u00a1HOLA! Madrid y Alta Costura.\u00a0Como en pasadas ediciones,\u00a0\u00a1HOLA! TV vuelve a ser la televisi\u00f3n internacional\u00a0que dar\u00e1 cobertura a todo lo que suceda durante los d\u00edas del evento. Luc\u00eda Ria\u00f1o, destacada periodista del canal, ofrecer\u00e1 conexiones en directo cada noche, desde el plat\u00f3 TV ubicado en el Cibelespacio, brindando a la audiencia global del canal una cobertura detallada de lo m\u00e1s destacado en la pasarela madrile\u00f1a.<\/p>\n<p><em>*Imagen: cortes\u00eda<\/em><\/p>\n<p>&nbsp;<\/p>\n","protected":false},"author":11653,"featured_media":181915,"template":"","format":"standard","categories":[1],"acf":[],"yoast_head":"<!-- This site is optimized with the Yoast SEO Premium plugin v18.5 (Yoast SEO v20.4) - https:\/\/yoast.com\/wordpress\/plugins\/seo\/ -->\n<title>MBFWMadrid organiza cinco Desfiles en la Ciudad<\/title>\n<meta name=\"description\" content=\"Mar\u00eda Lafuente, Rafael Urqu\u00edzar, F\u00e9lix Ramiro, Pilar Dalbat y UDIT se suman al calendario de Mercedes-Benz Fashion Week Madrid.\" \/>\n<meta name=\"robots\" content=\"index, follow, max-snippet:-1, max-image-preview:large, max-video-preview:-1\" \/>\n<link rel=\"canonical\" href=\"https:\/\/graziamagazine.com\/es\/articles\/mercedes-benz-fashion-week-madrid-completa-su-calendario-con-cinco-desfiles-en-la-ciudad\/\" \/>\n<meta property=\"og:locale\" content=\"es_ES\" \/>\n<meta property=\"og:type\" content=\"article\" \/>\n<meta property=\"og:title\" content=\"Mercedes-Benz Fashion Week Madrid completa su calendario con cinco Desfiles en la Ciudad\" \/>\n<meta property=\"og:description\" content=\"Mar\u00eda Lafuente, Rafael Urqu\u00edzar, F\u00e9lix Ramiro, Pilar Dalbat y UDIT se suman al calendario de Mercedes-Benz Fashion Week Madrid.\" \/>\n<meta property=\"og:url\" content=\"https:\/\/graziamagazine.com\/es\/articles\/mercedes-benz-fashion-week-madrid-completa-su-calendario-con-cinco-desfiles-en-la-ciudad\/\" \/>\n<meta property=\"og:site_name\" content=\"Grazia\" \/>\n<meta property=\"og:image\" content=\"https:\/\/graziamagazine.com\/es\/wp-content\/uploads\/sites\/12\/2025\/01\/thumbnail_PS24_Ambiente_JCPajares_0071.jpg\" \/>\n\t<meta property=\"og:image:width\" content=\"1200\" \/>\n\t<meta property=\"og:image:height\" content=\"800\" \/>\n\t<meta property=\"og:image:type\" content=\"image\/jpeg\" \/>\n<meta name=\"twitter:card\" content=\"summary_large_image\" \/>\n<meta name=\"twitter:label1\" content=\"Est. reading time\" \/>\n\t<meta name=\"twitter:data1\" content=\"3 minutos\" \/>\n<script type=\"application\/ld+json\" class=\"yoast-schema-graph\">{\"@context\":\"https:\/\/schema.org\",\"@graph\":[{\"@type\":\"WebPage\",\"@id\":\"https:\/\/graziamagazine.com\/es\/articles\/mercedes-benz-fashion-week-madrid-completa-su-calendario-con-cinco-desfiles-en-la-ciudad\/\",\"url\":\"https:\/\/graziamagazine.com\/es\/articles\/mercedes-benz-fashion-week-madrid-completa-su-calendario-con-cinco-desfiles-en-la-ciudad\/\",\"name\":\"MBFWMadrid organiza cinco Desfiles en la Ciudad\",\"isPartOf\":{\"@id\":\"https:\/\/graziamagazine.com\/es\/#website\"},\"datePublished\":\"2025-01-21T10:00:58+00:00\",\"dateModified\":\"2025-01-21T10:00:58+00:00\",\"description\":\"Mar\u00eda Lafuente, Rafael Urqu\u00edzar, F\u00e9lix Ramiro, Pilar Dalbat y UDIT se suman al calendario de Mercedes-Benz Fashion Week Madrid.\",\"breadcrumb\":{\"@id\":\"https:\/\/graziamagazine.com\/es\/articles\/mercedes-benz-fashion-week-madrid-completa-su-calendario-con-cinco-desfiles-en-la-ciudad\/#breadcrumb\"},\"inLanguage\":\"es\",\"potentialAction\":[{\"@type\":\"ReadAction\",\"target\":[\"https:\/\/graziamagazine.com\/es\/articles\/mercedes-benz-fashion-week-madrid-completa-su-calendario-con-cinco-desfiles-en-la-ciudad\/\"]}]},{\"@type\":\"BreadcrumbList\",\"@id\":\"https:\/\/graziamagazine.com\/es\/articles\/mercedes-benz-fashion-week-madrid-completa-su-calendario-con-cinco-desfiles-en-la-ciudad\/#breadcrumb\",\"itemListElement\":[{\"@type\":\"ListItem\",\"position\":1,\"name\":\"Portada\",\"item\":\"https:\/\/graziamagazine.com\/es\/\"},{\"@type\":\"ListItem\",\"position\":2,\"name\":\"Mercedes-Benz Fashion Week Madrid completa su calendario con cinco Desfiles en la Ciudad\"}]},{\"@type\":\"WebSite\",\"@id\":\"https:\/\/graziamagazine.com\/es\/#website\",\"url\":\"https:\/\/graziamagazine.com\/es\/\",\"name\":\"Grazia\",\"description\":\"Moda, belleza, celebrities, estilo de vida...\",\"potentialAction\":[{\"@type\":\"SearchAction\",\"target\":{\"@type\":\"EntryPoint\",\"urlTemplate\":\"https:\/\/graziamagazine.com\/es\/?s={search_term_string}\"},\"query-input\":\"required name=search_term_string\"}],\"inLanguage\":\"es\"}]}<\/script>\n<!-- \/ Yoast SEO Premium plugin. -->","yoast_head_json":{"title":"MBFWMadrid organiza cinco Desfiles en la Ciudad","description":"Mar\u00eda Lafuente, Rafael Urqu\u00edzar, F\u00e9lix Ramiro, Pilar Dalbat y UDIT se suman al calendario de Mercedes-Benz Fashion Week Madrid.","robots":{"index":"index","follow":"follow","max-snippet":"max-snippet:-1","max-image-preview":"max-image-preview:large","max-video-preview":"max-video-preview:-1"},"canonical":"https:\/\/graziamagazine.com\/es\/articles\/mercedes-benz-fashion-week-madrid-completa-su-calendario-con-cinco-desfiles-en-la-ciudad\/","og_locale":"es_ES","og_type":"article","og_title":"Mercedes-Benz Fashion Week Madrid completa su calendario con cinco Desfiles en la Ciudad","og_description":"Mar\u00eda Lafuente, Rafael Urqu\u00edzar, F\u00e9lix Ramiro, Pilar Dalbat y UDIT se suman al calendario de Mercedes-Benz Fashion Week Madrid.","og_url":"https:\/\/graziamagazine.com\/es\/articles\/mercedes-benz-fashion-week-madrid-completa-su-calendario-con-cinco-desfiles-en-la-ciudad\/","og_site_name":"Grazia","og_image":[{"width":1200,"height":800,"url":"https:\/\/graziamagazine.com\/es\/wp-content\/uploads\/sites\/12\/2025\/01\/thumbnail_PS24_Ambiente_JCPajares_0071.jpg","type":"image\/jpeg"}],"twitter_card":"summary_large_image","twitter_misc":{"Est. reading time":"3 minutos"},"schema":{"@context":"https:\/\/schema.org","@graph":[{"@type":"WebPage","@id":"https:\/\/graziamagazine.com\/es\/articles\/mercedes-benz-fashion-week-madrid-completa-su-calendario-con-cinco-desfiles-en-la-ciudad\/","url":"https:\/\/graziamagazine.com\/es\/articles\/mercedes-benz-fashion-week-madrid-completa-su-calendario-con-cinco-desfiles-en-la-ciudad\/","name":"MBFWMadrid organiza cinco Desfiles en la Ciudad","isPartOf":{"@id":"https:\/\/graziamagazine.com\/es\/#website"},"datePublished":"2025-01-21T10:00:58+00:00","dateModified":"2025-01-21T10:00:58+00:00","description":"Mar\u00eda Lafuente, Rafael Urqu\u00edzar, F\u00e9lix Ramiro, Pilar Dalbat y UDIT se suman al calendario de Mercedes-Benz Fashion Week Madrid.","breadcrumb":{"@id":"https:\/\/graziamagazine.com\/es\/articles\/mercedes-benz-fashion-week-madrid-completa-su-calendario-con-cinco-desfiles-en-la-ciudad\/#breadcrumb"},"inLanguage":"es","potentialAction":[{"@type":"ReadAction","target":["https:\/\/graziamagazine.com\/es\/articles\/mercedes-benz-fashion-week-madrid-completa-su-calendario-con-cinco-desfiles-en-la-ciudad\/"]}]},{"@type":"BreadcrumbList","@id":"https:\/\/graziamagazine.com\/es\/articles\/mercedes-benz-fashion-week-madrid-completa-su-calendario-con-cinco-desfiles-en-la-ciudad\/#breadcrumb","itemListElement":[{"@type":"ListItem","position":1,"name":"Portada","item":"https:\/\/graziamagazine.com\/es\/"},{"@type":"ListItem","position":2,"name":"Mercedes-Benz Fashion Week Madrid completa su calendario con cinco Desfiles en la Ciudad"}]},{"@type":"WebSite","@id":"https:\/\/graziamagazine.com\/es\/#website","url":"https:\/\/graziamagazine.com\/es\/","name":"Grazia","description":"Moda, belleza, celebrities, estilo de vida...","potentialAction":[{"@type":"SearchAction","target":{"@type":"EntryPoint","urlTemplate":"https:\/\/graziamagazine.com\/es\/?s={search_term_string}"},"query-input":"required name=search_term_string"}],"inLanguage":"es"}]}},"jetpack_sharing_enabled":true,"distributor_meta":false,"distributor_terms":false,"distributor_media":false,"distributor_original_site_name":"Grazia","distributor_original_site_url":"https:\/\/graziamagazine.com\/es","push-errors":false,"_links":{"self":[{"href":"https:\/\/graziamagazine.com\/es\/wp-json\/wp\/v2\/articles\/181914"}],"collection":[{"href":"https:\/\/graziamagazine.com\/es\/wp-json\/wp\/v2\/articles"}],"about":[{"href":"https:\/\/graziamagazine.com\/es\/wp-json\/wp\/v2\/types\/articles"}],"author":[{"embeddable":true,"href":"https:\/\/graziamagazine.com\/es\/wp-json\/wp\/v2\/users\/11653"}],"wp:featuredmedia":[{"embeddable":true,"href":"https:\/\/graziamagazine.com\/es\/wp-json\/wp\/v2\/media\/181915"}],"wp:attachment":[{"href":"https:\/\/graziamagazine.com\/es\/wp-json\/wp\/v2\/media?parent=181914"}],"wp:term":[{"taxonomy":"category","embeddable":true,"href":"https:\/\/graziamagazine.com\/es\/wp-json\/wp\/v2\/categories?post=181914"}],"curies":[{"name":"wp","href":"https:\/\/api.w.org\/{rel}","templated":true}]}}