{"id":181826,"date":"2025-01-16T11:20:29","date_gmt":"2025-01-16T10:20:29","guid":{"rendered":"https:\/\/graziamagazine.com\/es\/?post_type=articles&#038;p=181826"},"modified":"2025-01-16T12:06:21","modified_gmt":"2025-01-16T11:06:21","slug":"veja-x-bimba-y-lola-la-colaboracion-inesperada-de-la-temporada","status":"publish","type":"articles","link":"https:\/\/graziamagazine.com\/es\/articles\/veja-x-bimba-y-lola-la-colaboracion-inesperada-de-la-temporada\/","title":{"rendered":"VEJA x BIMBA Y LOLA, la colaboraci\u00f3n inesperada de la temporada"},"content":{"rendered":"<p><span style=\"font-weight: 400\">Cuando dos universos creativos se encuentran, las posibilidades son infinitas. Este invierno, la colaboraci\u00f3n <strong>BIMBA Y LOLA x VEJA<\/strong> nos trae una interpretaci\u00f3n \u00fanica de las zapatillas<strong> Venturi II<\/strong>, redefiniendo el significado del calzado contempor\u00e1neo.<\/span><\/p>\n<p><img loading=\"lazy\" decoding=\"async\" class=\"alignnone wp-image-145695 size-full\" src=\"https:\/\/graziamagazine.com\/mx\/wp-content\/uploads\/sites\/13\/2025\/01\/unnamed.jpg\" alt=\"\" width=\"1080\" height=\"1350\" \/><\/p>\n<p><span style=\"font-weight: 400\">Por un lado, tenemos el dise\u00f1o atrevido y expresivo de BIMBA Y LOLA, conocido por su enfoque \u00fanico en la moda; por el otro, la maestr\u00eda en sostenibilidad de VEJA, que ha revolucionado el mercado del calzado con materiales responsables y tecnolog\u00eda innovadora.<\/span><\/p>\n<p><img loading=\"lazy\" decoding=\"async\" class=\"alignnone wp-image-145694 size-full\" src=\"https:\/\/graziamagazine.com\/mx\/wp-content\/uploads\/sites\/13\/2025\/01\/unnamed-1.jpg\" alt=\"\" width=\"1080\" height=\"1350\" \/><\/p>\n<p><span style=\"font-weight: 400\">Para esta colaboraci\u00f3n, el modelo Venturi II se reinventa con detalles cuidadosamente dise\u00f1ados que elevan la experiencia tanto en estilo como en comodidad. Desde la etiqueta que destaca la esencia de BIMBA Y LOLA hasta la costura en la leng\u00fceta con el logo de VEJA, cada elemento cuenta una historia.<\/span><\/p>\n<p><img loading=\"lazy\" decoding=\"async\" class=\"alignnone wp-image-145693 size-full\" src=\"https:\/\/graziamagazine.com\/mx\/wp-content\/uploads\/sites\/13\/2025\/01\/unnamed-2.jpg\" alt=\"\" width=\"1080\" height=\"1350\" \/><\/p>\n<p><span style=\"font-weight: 400\">Gracias a la estructura de soporte caracter\u00edstica de VEJA y su suela acolchada, estos tenis lucen visualmente muy atractivos y ofrecen un confort necesario. Disponibles en dos combinaciones de colores \u2013 neutros y verdes \u2013\u00a0 son una propuesta vers\u00e1til para cualquier outfit.<\/span><\/p>\n<p><img loading=\"lazy\" decoding=\"async\" class=\"alignnone wp-image-145692 size-full\" src=\"https:\/\/graziamagazine.com\/mx\/wp-content\/uploads\/sites\/13\/2025\/01\/VEJA_BIMBAYLOLA_SS25_POST_3.jpeg\" alt=\"\" width=\"1080\" height=\"1350\" \/><\/p>\n<p><span style=\"font-weight: 400\">Esta colaboraci\u00f3n celebra el dise\u00f1o y la responsabilidad ambiental en conjunto, demostrando que moda y sostenibilidad pueden coexistir de manera armoniosa.<\/span><\/p>\n<p>Disponibles en tiendas seleccionadas de BIMBA Y LOLA y\u00a0<strong><a href=\"https:\/\/www.bimbaylola.com\/es_es\/veja\"title=\"https:\/\/tracking.launchmetrics.com\/?ref=LhQAAAy2U1x9Xfo_XyRdQPZ-LUCR1W0KAQAAAL3cTKQeLv7Qp2vs0m_28aG39H1ZDAtwyXLN9d3lq0IQYtmdOEWmhUX819s6_Y8LlDcSGbVUkqP9JNCjK_Ajv5K2kVm2omif7pzLa2BhUdalCW5nGBQNxa5R60RJ4MK5tglIZRpfRXLWsWdkIlKGEnqmwi0-k3jZv0EJuekTo74xNPXspE_mtpslThGpja0WI0GEgHahCxcuYnHl48hlEa2wlfk9t9y2jvyZoYSXX34d\"  target=\"_blank\" rel=\"noopener noreferrer\" data-auth=\"NotApplicable\" data-linkindex=\"0\" target=\"_blank\">BIMBAYLOLA.COM<\/a><\/strong> a partir del 16 de enero de 2025, su precio es de 195 euros.<\/p>\n<p><em>*Im\u00e1genes: cortes\u00eda<\/em><\/p>\n","protected":false},"author":16349,"featured_media":181833,"template":"","format":"standard","categories":[1],"acf":[],"yoast_head":"<!-- This site is optimized with the Yoast SEO Premium plugin v18.5 (Yoast SEO v20.4) - https:\/\/yoast.com\/wordpress\/plugins\/seo\/ -->\n<title>VEJA x BIMBA Y LOLA, la colaboraci\u00f3n inesperada<\/title>\n<meta name=\"description\" content=\"La firma a\u00fana sus fuerzas con la marca de calzado brasile\u00f1a y lanza una de sus m\u00edticas siluetas con el caracter\u00edstico toque Bimba.\" \/>\n<meta name=\"robots\" content=\"index, follow, max-snippet:-1, max-image-preview:large, max-video-preview:-1\" \/>\n<link rel=\"canonical\" href=\"https:\/\/graziamagazine.com\/es\/articles\/veja-x-bimba-y-lola-la-colaboracion-inesperada-de-la-temporada\/\" \/>\n<meta property=\"og:locale\" content=\"es_ES\" \/>\n<meta property=\"og:type\" content=\"article\" \/>\n<meta property=\"og:title\" content=\"VEJA x BIMBA Y LOLA, la colaboraci\u00f3n inesperada de la temporada\" \/>\n<meta property=\"og:description\" content=\"La firma a\u00fana sus fuerzas con la marca de calzado brasile\u00f1a y lanza una de sus m\u00edticas siluetas con el caracter\u00edstico toque Bimba.\" \/>\n<meta property=\"og:url\" content=\"https:\/\/graziamagazine.com\/es\/articles\/veja-x-bimba-y-lola-la-colaboracion-inesperada-de-la-temporada\/\" \/>\n<meta property=\"og:site_name\" content=\"Grazia\" \/>\n<meta property=\"article:modified_time\" content=\"2025-01-16T11:06:21+00:00\" \/>\n<meta property=\"og:image\" content=\"https:\/\/graziamagazine.com\/es\/wp-content\/uploads\/sites\/12\/2025\/01\/VEJA-X-BIMBA-Y-LOLA-copia.jpg\" \/>\n\t<meta property=\"og:image:width\" content=\"1920\" \/>\n\t<meta property=\"og:image:height\" content=\"1280\" \/>\n\t<meta property=\"og:image:type\" content=\"image\/jpeg\" \/>\n<meta name=\"twitter:card\" content=\"summary_large_image\" \/>\n<meta name=\"twitter:label1\" content=\"Est. reading time\" \/>\n\t<meta name=\"twitter:data1\" content=\"2 minutos\" \/>\n<script type=\"application\/ld+json\" class=\"yoast-schema-graph\">{\"@context\":\"https:\/\/schema.org\",\"@graph\":[{\"@type\":\"WebPage\",\"@id\":\"https:\/\/graziamagazine.com\/es\/articles\/veja-x-bimba-y-lola-la-colaboracion-inesperada-de-la-temporada\/\",\"url\":\"https:\/\/graziamagazine.com\/es\/articles\/veja-x-bimba-y-lola-la-colaboracion-inesperada-de-la-temporada\/\",\"name\":\"VEJA x BIMBA Y LOLA, la colaboraci\u00f3n inesperada\",\"isPartOf\":{\"@id\":\"https:\/\/graziamagazine.com\/es\/#website\"},\"datePublished\":\"2025-01-16T10:20:29+00:00\",\"dateModified\":\"2025-01-16T11:06:21+00:00\",\"description\":\"La firma a\u00fana sus fuerzas con la marca de calzado brasile\u00f1a y lanza una de sus m\u00edticas siluetas con el caracter\u00edstico toque Bimba.\",\"breadcrumb\":{\"@id\":\"https:\/\/graziamagazine.com\/es\/articles\/veja-x-bimba-y-lola-la-colaboracion-inesperada-de-la-temporada\/#breadcrumb\"},\"inLanguage\":\"es\",\"potentialAction\":[{\"@type\":\"ReadAction\",\"target\":[\"https:\/\/graziamagazine.com\/es\/articles\/veja-x-bimba-y-lola-la-colaboracion-inesperada-de-la-temporada\/\"]}]},{\"@type\":\"BreadcrumbList\",\"@id\":\"https:\/\/graziamagazine.com\/es\/articles\/veja-x-bimba-y-lola-la-colaboracion-inesperada-de-la-temporada\/#breadcrumb\",\"itemListElement\":[{\"@type\":\"ListItem\",\"position\":1,\"name\":\"Portada\",\"item\":\"https:\/\/graziamagazine.com\/es\/\"},{\"@type\":\"ListItem\",\"position\":2,\"name\":\"VEJA x BIMBA Y LOLA, la colaboraci\u00f3n inesperada de la temporada\"}]},{\"@type\":\"WebSite\",\"@id\":\"https:\/\/graziamagazine.com\/es\/#website\",\"url\":\"https:\/\/graziamagazine.com\/es\/\",\"name\":\"Grazia\",\"description\":\"Moda, belleza, celebrities, estilo de vida...\",\"potentialAction\":[{\"@type\":\"SearchAction\",\"target\":{\"@type\":\"EntryPoint\",\"urlTemplate\":\"https:\/\/graziamagazine.com\/es\/?s={search_term_string}\"},\"query-input\":\"required name=search_term_string\"}],\"inLanguage\":\"es\"}]}<\/script>\n<!-- \/ Yoast SEO Premium plugin. -->","yoast_head_json":{"title":"VEJA x BIMBA Y LOLA, la colaboraci\u00f3n inesperada","description":"La firma a\u00fana sus fuerzas con la marca de calzado brasile\u00f1a y lanza una de sus m\u00edticas siluetas con el caracter\u00edstico toque Bimba.","robots":{"index":"index","follow":"follow","max-snippet":"max-snippet:-1","max-image-preview":"max-image-preview:large","max-video-preview":"max-video-preview:-1"},"canonical":"https:\/\/graziamagazine.com\/es\/articles\/veja-x-bimba-y-lola-la-colaboracion-inesperada-de-la-temporada\/","og_locale":"es_ES","og_type":"article","og_title":"VEJA x BIMBA Y LOLA, la colaboraci\u00f3n inesperada de la temporada","og_description":"La firma a\u00fana sus fuerzas con la marca de calzado brasile\u00f1a y lanza una de sus m\u00edticas siluetas con el caracter\u00edstico toque Bimba.","og_url":"https:\/\/graziamagazine.com\/es\/articles\/veja-x-bimba-y-lola-la-colaboracion-inesperada-de-la-temporada\/","og_site_name":"Grazia","article_modified_time":"2025-01-16T11:06:21+00:00","og_image":[{"width":1920,"height":1280,"url":"https:\/\/graziamagazine.com\/es\/wp-content\/uploads\/sites\/12\/2025\/01\/VEJA-X-BIMBA-Y-LOLA-copia.jpg","type":"image\/jpeg"}],"twitter_card":"summary_large_image","twitter_misc":{"Est. reading time":"2 minutos"},"schema":{"@context":"https:\/\/schema.org","@graph":[{"@type":"WebPage","@id":"https:\/\/graziamagazine.com\/es\/articles\/veja-x-bimba-y-lola-la-colaboracion-inesperada-de-la-temporada\/","url":"https:\/\/graziamagazine.com\/es\/articles\/veja-x-bimba-y-lola-la-colaboracion-inesperada-de-la-temporada\/","name":"VEJA x BIMBA Y LOLA, la colaboraci\u00f3n inesperada","isPartOf":{"@id":"https:\/\/graziamagazine.com\/es\/#website"},"datePublished":"2025-01-16T10:20:29+00:00","dateModified":"2025-01-16T11:06:21+00:00","description":"La firma a\u00fana sus fuerzas con la marca de calzado brasile\u00f1a y lanza una de sus m\u00edticas siluetas con el caracter\u00edstico toque Bimba.","breadcrumb":{"@id":"https:\/\/graziamagazine.com\/es\/articles\/veja-x-bimba-y-lola-la-colaboracion-inesperada-de-la-temporada\/#breadcrumb"},"inLanguage":"es","potentialAction":[{"@type":"ReadAction","target":["https:\/\/graziamagazine.com\/es\/articles\/veja-x-bimba-y-lola-la-colaboracion-inesperada-de-la-temporada\/"]}]},{"@type":"BreadcrumbList","@id":"https:\/\/graziamagazine.com\/es\/articles\/veja-x-bimba-y-lola-la-colaboracion-inesperada-de-la-temporada\/#breadcrumb","itemListElement":[{"@type":"ListItem","position":1,"name":"Portada","item":"https:\/\/graziamagazine.com\/es\/"},{"@type":"ListItem","position":2,"name":"VEJA x BIMBA Y LOLA, la colaboraci\u00f3n inesperada de la temporada"}]},{"@type":"WebSite","@id":"https:\/\/graziamagazine.com\/es\/#website","url":"https:\/\/graziamagazine.com\/es\/","name":"Grazia","description":"Moda, belleza, celebrities, estilo de vida...","potentialAction":[{"@type":"SearchAction","target":{"@type":"EntryPoint","urlTemplate":"https:\/\/graziamagazine.com\/es\/?s={search_term_string}"},"query-input":"required name=search_term_string"}],"inLanguage":"es"}]}},"jetpack_sharing_enabled":true,"distributor_meta":false,"distributor_terms":false,"distributor_media":false,"distributor_original_site_name":"Grazia","distributor_original_site_url":"https:\/\/graziamagazine.com\/es","push-errors":false,"_links":{"self":[{"href":"https:\/\/graziamagazine.com\/es\/wp-json\/wp\/v2\/articles\/181826"}],"collection":[{"href":"https:\/\/graziamagazine.com\/es\/wp-json\/wp\/v2\/articles"}],"about":[{"href":"https:\/\/graziamagazine.com\/es\/wp-json\/wp\/v2\/types\/articles"}],"author":[{"embeddable":true,"href":"https:\/\/graziamagazine.com\/es\/wp-json\/wp\/v2\/users\/16349"}],"wp:featuredmedia":[{"embeddable":true,"href":"https:\/\/graziamagazine.com\/es\/wp-json\/wp\/v2\/media\/181833"}],"wp:attachment":[{"href":"https:\/\/graziamagazine.com\/es\/wp-json\/wp\/v2\/media?parent=181826"}],"wp:term":[{"taxonomy":"category","embeddable":true,"href":"https:\/\/graziamagazine.com\/es\/wp-json\/wp\/v2\/categories?post=181826"}],"curies":[{"name":"wp","href":"https:\/\/api.w.org\/{rel}","templated":true}]}}