{"id":181629,"date":"2025-01-08T12:20:39","date_gmt":"2025-01-08T11:20:39","guid":{"rendered":"https:\/\/graziamagazine.com\/es\/?post_type=articles&#038;p=181629"},"modified":"2025-01-08T12:20:39","modified_gmt":"2025-01-08T11:20:39","slug":"la-espanola-sociedad-textil-lonia-compra-christian-lacroix","status":"publish","type":"articles","link":"https:\/\/graziamagazine.com\/es\/articles\/la-espanola-sociedad-textil-lonia-compra-christian-lacroix\/","title":{"rendered":"La espa\u00f1ola Sociedad Textil Lonia compra Christian Lacroix"},"content":{"rendered":"<p>La reconocida empresa gallega <strong>Sociedad Textil Lonia (STL)<\/strong>, propietaria de marcas como <strong>Carolina Herrera<\/strong> y <strong>Purificaci\u00f3n Garc\u00eda<\/strong>, ha dado un importante paso en su expansi\u00f3n internacional al adquirir la hist\u00f3rica firma de moda <strong>Christian Lacroix<\/strong>. Este movimiento estrat\u00e9gico no solo refuerza su posici\u00f3n en el mercado del lujo, sino que tambi\u00e9n promete revitalizar el legado de una casa ic\u00f3nica en la moda francesa.<\/p>\n<h3><strong>Christian Lacroix: una marca con historia<\/strong><\/h3>\n<p>Fundada en 1987 por el dise\u00f1ador que le da nombre, <strong>Christian Lacroix<\/strong> es sin\u00f3nimo de extravagancia, creatividad y opulencia. Sus dise\u00f1os, caracterizados por combinaciones audaces de colores, estampados barrocos y una marcada inspiraci\u00f3n en la alta costura, marcaron un antes y un despu\u00e9s en la moda de los a\u00f1os 80 y 90.<\/p>\n<figure id=\"attachment_181645\" aria-describedby=\"caption-attachment-181645\" style=\"width: 1200px\" class=\"wp-caption aligncenter\"><img loading=\"lazy\" decoding=\"async\" class=\"wp-image-181645 size-full\" src=\"https:\/\/graziamagazine.com\/es\/wp-content\/uploads\/sites\/12\/2025\/01\/5e723c1d-a98b-4481-80a6-9b588f396ab7_alta-libre-aspect-ratio_320h_0.jpg\" alt=\"\" width=\"1200\" height=\"1604\" srcset=\"https:\/\/graziamagazine.com\/es\/wp-content\/uploads\/sites\/12\/2025\/01\/5e723c1d-a98b-4481-80a6-9b588f396ab7_alta-libre-aspect-ratio_320h_0.jpg 1200w, https:\/\/graziamagazine.com\/es\/wp-content\/uploads\/sites\/12\/2025\/01\/5e723c1d-a98b-4481-80a6-9b588f396ab7_alta-libre-aspect-ratio_320h_0-224x300.jpg 224w, https:\/\/graziamagazine.com\/es\/wp-content\/uploads\/sites\/12\/2025\/01\/5e723c1d-a98b-4481-80a6-9b588f396ab7_alta-libre-aspect-ratio_320h_0-766x1024.jpg 766w, https:\/\/graziamagazine.com\/es\/wp-content\/uploads\/sites\/12\/2025\/01\/5e723c1d-a98b-4481-80a6-9b588f396ab7_alta-libre-aspect-ratio_320h_0-768x1027.jpg 768w, https:\/\/graziamagazine.com\/es\/wp-content\/uploads\/sites\/12\/2025\/01\/5e723c1d-a98b-4481-80a6-9b588f396ab7_alta-libre-aspect-ratio_320h_0-1149x1536.jpg 1149w, https:\/\/graziamagazine.com\/es\/wp-content\/uploads\/sites\/12\/2025\/01\/5e723c1d-a98b-4481-80a6-9b588f396ab7_alta-libre-aspect-ratio_320h_0-400x535.jpg 400w, https:\/\/graziamagazine.com\/es\/wp-content\/uploads\/sites\/12\/2025\/01\/5e723c1d-a98b-4481-80a6-9b588f396ab7_alta-libre-aspect-ratio_320h_0-155x207.jpg 155w\" sizes=\"(max-width: 1200px) 100vw, 1200px\" \/><figcaption id=\"caption-attachment-181645\" class=\"wp-caption-text\">Christian Lacroix, durante su \u00faltimo desfile en 2009.<\/figcaption><\/figure>\n<p>A pesar de su \u00e9xito inicial, la marca enfrent\u00f3 dificultades financieras que la llevaron a diversificar su negocio en \u00e1reas como perfumes y accesorios, dejando de lado la alta costura en 2009. Ahora, bajo el paraguas de Sociedad Textil Lonia, se espera un renacimiento que haga honor a su esp\u00edritu innovador y sofisticado.<\/p>\n<p><img loading=\"lazy\" decoding=\"async\" class=\"aligncenter size-full wp-image-181641\" src=\"https:\/\/graziamagazine.com\/es\/wp-content\/uploads\/sites\/12\/2025\/01\/christian-lacroix-1-a8uy08l5-2025-01-08-copia.jpg\" alt=\"\" width=\"1199\" height=\"800\" srcset=\"https:\/\/graziamagazine.com\/es\/wp-content\/uploads\/sites\/12\/2025\/01\/christian-lacroix-1-a8uy08l5-2025-01-08-copia.jpg 1199w, https:\/\/graziamagazine.com\/es\/wp-content\/uploads\/sites\/12\/2025\/01\/christian-lacroix-1-a8uy08l5-2025-01-08-copia-300x200.jpg 300w, https:\/\/graziamagazine.com\/es\/wp-content\/uploads\/sites\/12\/2025\/01\/christian-lacroix-1-a8uy08l5-2025-01-08-copia-1024x683.jpg 1024w, https:\/\/graziamagazine.com\/es\/wp-content\/uploads\/sites\/12\/2025\/01\/christian-lacroix-1-a8uy08l5-2025-01-08-copia-768x512.jpg 768w, https:\/\/graziamagazine.com\/es\/wp-content\/uploads\/sites\/12\/2025\/01\/christian-lacroix-1-a8uy08l5-2025-01-08-copia-400x267.jpg 400w, https:\/\/graziamagazine.com\/es\/wp-content\/uploads\/sites\/12\/2025\/01\/christian-lacroix-1-a8uy08l5-2025-01-08-copia-155x103.jpg 155w\" sizes=\"(max-width: 1199px) 100vw, 1199px\" \/><\/p>\n<h3><strong>La visi\u00f3n de Sociedad Textil Lonia<\/strong><\/h3>\n<p>STL, con sede en Ourense, se ha consolidado como uno de los grandes actores del sector de la moda gracias a su capacidad para gestionar marcas internacionales con \u00e9xito. La incorporaci\u00f3n de <strong>Christian Lacroix<\/strong> representa una oportunidad para expandir su portfolio hacia un segmento m\u00e1s art\u00edstico y exclusivo, manteniendo el ADN creativo de la firma.<\/p>\n<p>La empresa gallega ha demostrado ser experta en combinar tradici\u00f3n y modernidad, un enfoque que seguramente aplicar\u00e1 a esta nueva adquisici\u00f3n. Con ello, <strong>Lacroix<\/strong> podr\u00eda ganar relevancia en mercados clave y reconquistar a un p\u00fablico que aprecia la moda de autor.<\/p>\n<blockquote><p>\u201cNos emociona anunciar que la ic\u00f3nica Maison francesa Christian Lacroix se suma a STL\u201d, confirman desde la empresa gallega<\/p><\/blockquote>\n<figure id=\"attachment_181643\" aria-describedby=\"caption-attachment-181643\" style=\"width: 1707px\" class=\"wp-caption aligncenter\"><img loading=\"lazy\" decoding=\"async\" class=\"size-full wp-image-181643\" src=\"https:\/\/graziamagazine.com\/es\/wp-content\/uploads\/sites\/12\/2025\/01\/LACROIX-VOGUEB-6125-STORY-1-scaled.jpg\" alt=\"\" width=\"1707\" height=\"2560\" srcset=\"https:\/\/graziamagazine.com\/es\/wp-content\/uploads\/sites\/12\/2025\/01\/LACROIX-VOGUEB-6125-STORY-1-scaled.jpg 1707w, https:\/\/graziamagazine.com\/es\/wp-content\/uploads\/sites\/12\/2025\/01\/LACROIX-VOGUEB-6125-STORY-1-200x300.jpg 200w, https:\/\/graziamagazine.com\/es\/wp-content\/uploads\/sites\/12\/2025\/01\/LACROIX-VOGUEB-6125-STORY-1-683x1024.jpg 683w, https:\/\/graziamagazine.com\/es\/wp-content\/uploads\/sites\/12\/2025\/01\/LACROIX-VOGUEB-6125-STORY-1-768x1152.jpg 768w, https:\/\/graziamagazine.com\/es\/wp-content\/uploads\/sites\/12\/2025\/01\/LACROIX-VOGUEB-6125-STORY-1-1024x1536.jpg 1024w, https:\/\/graziamagazine.com\/es\/wp-content\/uploads\/sites\/12\/2025\/01\/LACROIX-VOGUEB-6125-STORY-1-1365x2048.jpg 1365w, https:\/\/graziamagazine.com\/es\/wp-content\/uploads\/sites\/12\/2025\/01\/LACROIX-VOGUEB-6125-STORY-1-400x600.jpg 400w, https:\/\/graziamagazine.com\/es\/wp-content\/uploads\/sites\/12\/2025\/01\/LACROIX-VOGUEB-6125-STORY-1-143x215.jpg 143w\" sizes=\"(max-width: 1707px) 100vw, 1707px\" \/><figcaption id=\"caption-attachment-181643\" class=\"wp-caption-text\">Christian Lacroix Alta Costura SS94 Par\u00eds.<\/figcaption><\/figure>\n<p>La compa\u00f1\u00eda espa\u00f1ola ha \u201c<strong>llegado a un acuerdo para adquirir el 100 por cien de Christian Lacroix, la reconocida Maison francesa fundada en 1987<\/strong>, en una transacci\u00f3n privada\u201d, han declarado desde la empresa con sede en Ourense a trav\u00e9s de un comunicado oficial. Contando con una herencia desde la que se da muestras de c\u00f3mo \u201cChristian Lacroix entiende la costura como emoci\u00f3n y belleza, exuberancia e imaginaci\u00f3n\u201d, las \u201ccreaciones de Lacroix, nacido en Arles, encarnan en combinaciones espectaculares sus ra\u00edces provenzales, su pasi\u00f3n por la cultura espa\u00f1ola, y su fascinaci\u00f3n por el arte y el \u2018savoir-faire\u2019\u201d, siendo estas \u201cuna constante en todo su trabajo, que se refleja a trav\u00e9s de una refinada capacidad de mezclar diferentes culturas y el amor por la artesan\u00eda, la teatralidad y la Alta Costura\u201d.<\/p>\n<h3><strong>\u00bfQu\u00e9 podemos esperar de esta nueva etapa?<\/strong><\/h3>\n<p>La compra por parte de STL abre un abanico de posibilidades para Christian Lacroix:<\/p>\n<ul>\n<li><strong>Reactivaci\u00f3n de colecciones<\/strong>: Podr\u00eda relanzarse con l\u00edneas pr\u00eat-\u00e0-porter o c\u00e1psulas exclusivas que combinen la esencia barroca de la marca con un enfoque contempor\u00e1neo.<\/li>\n<li><strong>Expansi\u00f3n internacional<\/strong>: La experiencia de STL en mercados globales permitir\u00e1 a Lacroix llegar a nuevas audiencias.<\/li>\n<li><strong>Innovaci\u00f3n en productos<\/strong>: M\u00e1s all\u00e1 de la moda, podr\u00edamos ver un enfoque en accesorios, fragancias y productos de lifestyle con el sello distintivo de la casa francesa.<\/li>\n<li><strong>Colaboraciones estrat\u00e9gicas<\/strong>: La revitalizaci\u00f3n de la marca podr\u00eda incluir alianzas con artistas o dise\u00f1adores emergentes para conectar con las generaciones m\u00e1s j\u00f3venes.<\/li>\n<\/ul>\n<blockquote><p>\u00abLas creaciones de Lacroix, nacido en Arles, encarnan en combinaciones espectaculares sus ra\u00edces provenzales, su pasi\u00f3n por la cultura espa\u00f1ola, y su fascinaci\u00f3n por el arte y el savoir-faire\u00bb<\/p><\/blockquote>\n<h3><strong>Un nuevo impulso para el lujo europeo<\/strong><\/h3>\n<p>La adquisici\u00f3n de Christian Lacroix por parte de Sociedad Textil Lonia es un ejemplo m\u00e1s del protagonismo de las empresas espa\u00f1olas en el panorama de la moda de lujo. Este movimiento no solo refuerza la presencia de STL en el sector, sino que tambi\u00e9n pone de relieve su compromiso con la preservaci\u00f3n y el impulso de marcas hist\u00f3ricas.<\/p>\n<figure id=\"attachment_181644\" aria-describedby=\"caption-attachment-181644\" style=\"width: 1280px\" class=\"wp-caption aligncenter\"><img loading=\"lazy\" decoding=\"async\" class=\"size-full wp-image-181644\" src=\"https:\/\/graziamagazine.com\/es\/wp-content\/uploads\/sites\/12\/2025\/01\/LACROIX-VOGUEB-6125-INLINE-2.jpg\" alt=\"\" width=\"1280\" height=\"1920\" srcset=\"https:\/\/graziamagazine.com\/es\/wp-content\/uploads\/sites\/12\/2025\/01\/LACROIX-VOGUEB-6125-INLINE-2.jpg 1280w, https:\/\/graziamagazine.com\/es\/wp-content\/uploads\/sites\/12\/2025\/01\/LACROIX-VOGUEB-6125-INLINE-2-200x300.jpg 200w, https:\/\/graziamagazine.com\/es\/wp-content\/uploads\/sites\/12\/2025\/01\/LACROIX-VOGUEB-6125-INLINE-2-683x1024.jpg 683w, https:\/\/graziamagazine.com\/es\/wp-content\/uploads\/sites\/12\/2025\/01\/LACROIX-VOGUEB-6125-INLINE-2-768x1152.jpg 768w, https:\/\/graziamagazine.com\/es\/wp-content\/uploads\/sites\/12\/2025\/01\/LACROIX-VOGUEB-6125-INLINE-2-1024x1536.jpg 1024w, https:\/\/graziamagazine.com\/es\/wp-content\/uploads\/sites\/12\/2025\/01\/LACROIX-VOGUEB-6125-INLINE-2-400x600.jpg 400w, https:\/\/graziamagazine.com\/es\/wp-content\/uploads\/sites\/12\/2025\/01\/LACROIX-VOGUEB-6125-INLINE-2-143x215.jpg 143w\" sizes=\"(max-width: 1280px) 100vw, 1280px\" \/><figcaption id=\"caption-attachment-181644\" class=\"wp-caption-text\">A$AP Rocky y Rihanna en los British Fashion Awards 2024.<\/figcaption><\/figure>\n<p>Con el respaldo de la experiencia y los recursos de STL, todo apunta a que <strong>Christian Lacroix<\/strong> est\u00e1 listo para escribir un nuevo y emocionante cap\u00edtulo en su historia.<\/p>\n<p><em>*Im\u00e1genes: Getty Images<\/em><\/p>\n","protected":false},"author":11653,"featured_media":181642,"template":"","format":"standard","categories":[2971,1],"acf":{"banner":""},"yoast_head":"<!-- This site is optimized with the Yoast SEO Premium plugin v18.5 (Yoast SEO v20.4) - https:\/\/yoast.com\/wordpress\/plugins\/seo\/ -->\n<title>La espa\u00f1ola Sociedad Textil Lonia compra Christian Lacroix<\/title>\n<meta name=\"description\" content=\"La empresa que tambi\u00e9n posee CH Carolina Herrera y Purificaci\u00f3n Garc\u00eda, ha adquirido el 100% de la francesa en una transacci\u00f3n privada.\" \/>\n<meta name=\"robots\" content=\"index, follow, max-snippet:-1, max-image-preview:large, max-video-preview:-1\" \/>\n<link rel=\"canonical\" href=\"https:\/\/graziamagazine.com\/es\/articles\/la-espanola-sociedad-textil-lonia-compra-christian-lacroix\/\" \/>\n<meta property=\"og:locale\" content=\"es_ES\" \/>\n<meta property=\"og:type\" content=\"article\" \/>\n<meta property=\"og:title\" content=\"La espa\u00f1ola Sociedad Textil Lonia compra Christian Lacroix\" \/>\n<meta property=\"og:description\" content=\"La empresa que tambi\u00e9n posee CH Carolina Herrera y Purificaci\u00f3n Garc\u00eda, ha adquirido el 100% de la francesa en una transacci\u00f3n privada.\" \/>\n<meta property=\"og:url\" content=\"https:\/\/graziamagazine.com\/es\/articles\/la-espanola-sociedad-textil-lonia-compra-christian-lacroix\/\" \/>\n<meta property=\"og:site_name\" content=\"Grazia\" \/>\n<meta property=\"og:image\" content=\"https:\/\/graziamagazine.com\/es\/wp-content\/uploads\/sites\/12\/2025\/01\/2025010721295398005.jpg\" \/>\n\t<meta property=\"og:image:width\" content=\"1200\" \/>\n\t<meta property=\"og:image:height\" content=\"674\" \/>\n\t<meta property=\"og:image:type\" content=\"image\/jpeg\" \/>\n<meta name=\"twitter:card\" content=\"summary_large_image\" \/>\n<meta name=\"twitter:label1\" content=\"Est. reading time\" \/>\n\t<meta name=\"twitter:data1\" content=\"4 minutos\" \/>\n<script type=\"application\/ld+json\" class=\"yoast-schema-graph\">{\"@context\":\"https:\/\/schema.org\",\"@graph\":[{\"@type\":\"WebPage\",\"@id\":\"https:\/\/graziamagazine.com\/es\/articles\/la-espanola-sociedad-textil-lonia-compra-christian-lacroix\/\",\"url\":\"https:\/\/graziamagazine.com\/es\/articles\/la-espanola-sociedad-textil-lonia-compra-christian-lacroix\/\",\"name\":\"La espa\u00f1ola Sociedad Textil Lonia compra Christian Lacroix\",\"isPartOf\":{\"@id\":\"https:\/\/graziamagazine.com\/es\/#website\"},\"datePublished\":\"2025-01-08T11:20:39+00:00\",\"dateModified\":\"2025-01-08T11:20:39+00:00\",\"description\":\"La empresa que tambi\u00e9n posee CH Carolina Herrera y Purificaci\u00f3n Garc\u00eda, ha adquirido el 100% de la francesa en una transacci\u00f3n privada.\",\"breadcrumb\":{\"@id\":\"https:\/\/graziamagazine.com\/es\/articles\/la-espanola-sociedad-textil-lonia-compra-christian-lacroix\/#breadcrumb\"},\"inLanguage\":\"es\",\"potentialAction\":[{\"@type\":\"ReadAction\",\"target\":[\"https:\/\/graziamagazine.com\/es\/articles\/la-espanola-sociedad-textil-lonia-compra-christian-lacroix\/\"]}]},{\"@type\":\"BreadcrumbList\",\"@id\":\"https:\/\/graziamagazine.com\/es\/articles\/la-espanola-sociedad-textil-lonia-compra-christian-lacroix\/#breadcrumb\",\"itemListElement\":[{\"@type\":\"ListItem\",\"position\":1,\"name\":\"Portada\",\"item\":\"https:\/\/graziamagazine.com\/es\/\"},{\"@type\":\"ListItem\",\"position\":2,\"name\":\"La espa\u00f1ola Sociedad Textil Lonia compra Christian Lacroix\"}]},{\"@type\":\"WebSite\",\"@id\":\"https:\/\/graziamagazine.com\/es\/#website\",\"url\":\"https:\/\/graziamagazine.com\/es\/\",\"name\":\"Grazia\",\"description\":\"Moda, belleza, celebrities, estilo de vida...\",\"potentialAction\":[{\"@type\":\"SearchAction\",\"target\":{\"@type\":\"EntryPoint\",\"urlTemplate\":\"https:\/\/graziamagazine.com\/es\/?s={search_term_string}\"},\"query-input\":\"required name=search_term_string\"}],\"inLanguage\":\"es\"}]}<\/script>\n<!-- \/ Yoast SEO Premium plugin. -->","yoast_head_json":{"title":"La espa\u00f1ola Sociedad Textil Lonia compra Christian Lacroix","description":"La empresa que tambi\u00e9n posee CH Carolina Herrera y Purificaci\u00f3n Garc\u00eda, ha adquirido el 100% de la francesa en una transacci\u00f3n privada.","robots":{"index":"index","follow":"follow","max-snippet":"max-snippet:-1","max-image-preview":"max-image-preview:large","max-video-preview":"max-video-preview:-1"},"canonical":"https:\/\/graziamagazine.com\/es\/articles\/la-espanola-sociedad-textil-lonia-compra-christian-lacroix\/","og_locale":"es_ES","og_type":"article","og_title":"La espa\u00f1ola Sociedad Textil Lonia compra Christian Lacroix","og_description":"La empresa que tambi\u00e9n posee CH Carolina Herrera y Purificaci\u00f3n Garc\u00eda, ha adquirido el 100% de la francesa en una transacci\u00f3n privada.","og_url":"https:\/\/graziamagazine.com\/es\/articles\/la-espanola-sociedad-textil-lonia-compra-christian-lacroix\/","og_site_name":"Grazia","og_image":[{"width":1200,"height":674,"url":"https:\/\/graziamagazine.com\/es\/wp-content\/uploads\/sites\/12\/2025\/01\/2025010721295398005.jpg","type":"image\/jpeg"}],"twitter_card":"summary_large_image","twitter_misc":{"Est. reading time":"4 minutos"},"schema":{"@context":"https:\/\/schema.org","@graph":[{"@type":"WebPage","@id":"https:\/\/graziamagazine.com\/es\/articles\/la-espanola-sociedad-textil-lonia-compra-christian-lacroix\/","url":"https:\/\/graziamagazine.com\/es\/articles\/la-espanola-sociedad-textil-lonia-compra-christian-lacroix\/","name":"La espa\u00f1ola Sociedad Textil Lonia compra Christian Lacroix","isPartOf":{"@id":"https:\/\/graziamagazine.com\/es\/#website"},"datePublished":"2025-01-08T11:20:39+00:00","dateModified":"2025-01-08T11:20:39+00:00","description":"La empresa que tambi\u00e9n posee CH Carolina Herrera y Purificaci\u00f3n Garc\u00eda, ha adquirido el 100% de la francesa en una transacci\u00f3n privada.","breadcrumb":{"@id":"https:\/\/graziamagazine.com\/es\/articles\/la-espanola-sociedad-textil-lonia-compra-christian-lacroix\/#breadcrumb"},"inLanguage":"es","potentialAction":[{"@type":"ReadAction","target":["https:\/\/graziamagazine.com\/es\/articles\/la-espanola-sociedad-textil-lonia-compra-christian-lacroix\/"]}]},{"@type":"BreadcrumbList","@id":"https:\/\/graziamagazine.com\/es\/articles\/la-espanola-sociedad-textil-lonia-compra-christian-lacroix\/#breadcrumb","itemListElement":[{"@type":"ListItem","position":1,"name":"Portada","item":"https:\/\/graziamagazine.com\/es\/"},{"@type":"ListItem","position":2,"name":"La espa\u00f1ola Sociedad Textil Lonia compra Christian Lacroix"}]},{"@type":"WebSite","@id":"https:\/\/graziamagazine.com\/es\/#website","url":"https:\/\/graziamagazine.com\/es\/","name":"Grazia","description":"Moda, belleza, celebrities, estilo de vida...","potentialAction":[{"@type":"SearchAction","target":{"@type":"EntryPoint","urlTemplate":"https:\/\/graziamagazine.com\/es\/?s={search_term_string}"},"query-input":"required name=search_term_string"}],"inLanguage":"es"}]}},"jetpack_sharing_enabled":true,"distributor_meta":false,"distributor_terms":false,"distributor_media":false,"distributor_original_site_name":"Grazia","distributor_original_site_url":"https:\/\/graziamagazine.com\/es","push-errors":false,"_links":{"self":[{"href":"https:\/\/graziamagazine.com\/es\/wp-json\/wp\/v2\/articles\/181629"}],"collection":[{"href":"https:\/\/graziamagazine.com\/es\/wp-json\/wp\/v2\/articles"}],"about":[{"href":"https:\/\/graziamagazine.com\/es\/wp-json\/wp\/v2\/types\/articles"}],"author":[{"embeddable":true,"href":"https:\/\/graziamagazine.com\/es\/wp-json\/wp\/v2\/users\/11653"}],"wp:featuredmedia":[{"embeddable":true,"href":"https:\/\/graziamagazine.com\/es\/wp-json\/wp\/v2\/media\/181642"}],"wp:attachment":[{"href":"https:\/\/graziamagazine.com\/es\/wp-json\/wp\/v2\/media?parent=181629"}],"wp:term":[{"taxonomy":"category","embeddable":true,"href":"https:\/\/graziamagazine.com\/es\/wp-json\/wp\/v2\/categories?post=181629"}],"curies":[{"name":"wp","href":"https:\/\/api.w.org\/{rel}","templated":true}]}}