{"id":181597,"date":"2025-01-08T10:12:38","date_gmt":"2025-01-08T09:12:38","guid":{"rendered":"https:\/\/graziamagazine.com\/es\/?post_type=articles&#038;p=181597"},"modified":"2025-01-08T10:12:38","modified_gmt":"2025-01-08T09:12:38","slug":"nicholas-galitzine-nuevo-embajador-de-las-fragancias-emporio-armani","status":"publish","type":"articles","link":"https:\/\/graziamagazine.com\/es\/articles\/nicholas-galitzine-nuevo-embajador-de-las-fragancias-emporio-armani\/","title":{"rendered":"Nicholas Galitzine, nuevo embajador de las fragancias Emporio Armani"},"content":{"rendered":"<p>Es uno de los actores de moda y fue n<span style=\"font-weight: 400\">ombrado uno de los \u00ab10 actores a seguir\u00bb de Variety en 2023, algo que no nos extra\u00f1a al verle. Su fama ha aumentado desde que\u00a0<\/span>protagoniz\u00f3 junto a Anne Hathaway una de las comedias rom\u00e1nticas del 2024, <span style=\"font-weight: 400\">que se convirti\u00f3 en el debut de comedia rom\u00e1ntica n\u00famero 1 de todos los tiempos de Amazon MGM Studios<\/span>: <em>La idea de ti<\/em>. Aunque no ha sido el \u00fanico \u00e9xito reciente de su carrera, tambi\u00e9n se convirti\u00f3 en un fen\u00f3meno mundial el protagonismo en <span style=\"font-weight: 400\"><em>Rojo, blanco y sangre azul<\/em> de Prime Video, basada en la novela superventas del mismo nombre o en otro \u00e9xito en Netfli, <em>Corazones malheridos<\/em> junto a Sofia Carson.<\/span><\/p>\n<p>A todos estos \u00e9xitos el actor suma uno m\u00e1s y comienza el 2025 convirti\u00e9ndose en embajador global de las fragancias de Emporio Armani y protagonizando la nueva campa\u00f1a de perfumes de la casa italiana <span style=\"font-weight: 400\">STRONGER WITH YOU PARFUM<\/span>. Una <span style=\"font-weight: 400\">nueva y cautivadora fragancia que encarna la energ\u00eda liberadora que se encuentra en la uni\u00f3n.<\/span><\/p>\n<p><img loading=\"lazy\" decoding=\"async\" class=\"aligncenter size-full wp-image-181633\" src=\"https:\/\/graziamagazine.com\/es\/wp-content\/uploads\/sites\/12\/2025\/01\/EA_2025_SWY_EDP_Nicholas_BTS_Visuals_4_1x1-copia-scaled.jpeg\" alt=\"\" width=\"2560\" height=\"2560\" srcset=\"https:\/\/graziamagazine.com\/es\/wp-content\/uploads\/sites\/12\/2025\/01\/EA_2025_SWY_EDP_Nicholas_BTS_Visuals_4_1x1-copia-scaled.jpeg 2560w, https:\/\/graziamagazine.com\/es\/wp-content\/uploads\/sites\/12\/2025\/01\/EA_2025_SWY_EDP_Nicholas_BTS_Visuals_4_1x1-copia-300x300.jpeg 300w, https:\/\/graziamagazine.com\/es\/wp-content\/uploads\/sites\/12\/2025\/01\/EA_2025_SWY_EDP_Nicholas_BTS_Visuals_4_1x1-copia-1024x1024.jpeg 1024w, https:\/\/graziamagazine.com\/es\/wp-content\/uploads\/sites\/12\/2025\/01\/EA_2025_SWY_EDP_Nicholas_BTS_Visuals_4_1x1-copia-150x150.jpeg 150w, https:\/\/graziamagazine.com\/es\/wp-content\/uploads\/sites\/12\/2025\/01\/EA_2025_SWY_EDP_Nicholas_BTS_Visuals_4_1x1-copia-768x768.jpeg 768w, https:\/\/graziamagazine.com\/es\/wp-content\/uploads\/sites\/12\/2025\/01\/EA_2025_SWY_EDP_Nicholas_BTS_Visuals_4_1x1-copia-1536x1536.jpeg 1536w, https:\/\/graziamagazine.com\/es\/wp-content\/uploads\/sites\/12\/2025\/01\/EA_2025_SWY_EDP_Nicholas_BTS_Visuals_4_1x1-copia-2048x2048.jpeg 2048w, https:\/\/graziamagazine.com\/es\/wp-content\/uploads\/sites\/12\/2025\/01\/EA_2025_SWY_EDP_Nicholas_BTS_Visuals_4_1x1-copia-400x400.jpeg 400w, https:\/\/graziamagazine.com\/es\/wp-content\/uploads\/sites\/12\/2025\/01\/EA_2025_SWY_EDP_Nicholas_BTS_Visuals_4_1x1-copia-155x155.jpeg 155w\" sizes=\"(max-width: 2560px) 100vw, 2560px\" \/><\/p>\n<p><span style=\"font-weight: 400\">\u00abNicholas es un actor de notable versatilidad. Lo que m\u00e1s me impresiona de \u00e9l es su mirada profunda, intensa y magn\u00e9tica. Lo veo como el hombre perfecto para encarnar la energ\u00eda y la fuerza de esta fragancia\u00bb, afirma Giorgio Armani.<\/span><\/p>\n<p><span style=\"font-weight: 400\">STRONGER WITH YOU PARFUM es la nueva y cautivadora fragancia que encarna la energ\u00eda liberadora que se encuentra en la uni\u00f3n. Entrelazando el caracter\u00edstico acorde de casta\u00f1a con una vainilla especiada y c\u00e1lida, este suave aroma deja una impresi\u00f3n inolvidable de unidad y fuerza, todo ello capturado en el ic\u00f3nico frasco de STRONGER WITH YOU.<\/span><\/p>\n<p><img loading=\"lazy\" decoding=\"async\" class=\"aligncenter size-full wp-image-181634\" src=\"https:\/\/graziamagazine.com\/es\/wp-content\/uploads\/sites\/12\/2025\/01\/EA_2025_SWY_EDP_Nicholas_BTS_Visuals_2_9x16-copia-scaled.jpeg\" alt=\"\" width=\"1440\" height=\"2560\" srcset=\"https:\/\/graziamagazine.com\/es\/wp-content\/uploads\/sites\/12\/2025\/01\/EA_2025_SWY_EDP_Nicholas_BTS_Visuals_2_9x16-copia-scaled.jpeg 1440w, https:\/\/graziamagazine.com\/es\/wp-content\/uploads\/sites\/12\/2025\/01\/EA_2025_SWY_EDP_Nicholas_BTS_Visuals_2_9x16-copia-169x300.jpeg 169w, https:\/\/graziamagazine.com\/es\/wp-content\/uploads\/sites\/12\/2025\/01\/EA_2025_SWY_EDP_Nicholas_BTS_Visuals_2_9x16-copia-576x1024.jpeg 576w, https:\/\/graziamagazine.com\/es\/wp-content\/uploads\/sites\/12\/2025\/01\/EA_2025_SWY_EDP_Nicholas_BTS_Visuals_2_9x16-copia-768x1365.jpeg 768w, https:\/\/graziamagazine.com\/es\/wp-content\/uploads\/sites\/12\/2025\/01\/EA_2025_SWY_EDP_Nicholas_BTS_Visuals_2_9x16-copia-864x1536.jpeg 864w, https:\/\/graziamagazine.com\/es\/wp-content\/uploads\/sites\/12\/2025\/01\/EA_2025_SWY_EDP_Nicholas_BTS_Visuals_2_9x16-copia-1152x2048.jpeg 1152w, https:\/\/graziamagazine.com\/es\/wp-content\/uploads\/sites\/12\/2025\/01\/EA_2025_SWY_EDP_Nicholas_BTS_Visuals_2_9x16-copia-400x711.jpeg 400w, https:\/\/graziamagazine.com\/es\/wp-content\/uploads\/sites\/12\/2025\/01\/EA_2025_SWY_EDP_Nicholas_BTS_Visuals_2_9x16-copia-121x215.jpeg 121w\" sizes=\"(max-width: 1440px) 100vw, 1440px\" \/><\/p>\n<p><span style=\"font-weight: 400\">\u00abEs un privilegio absoluto encarnar la energ\u00eda juvenil y el estilo ic\u00f3nico de la fragancia Emporio Armani, un esp\u00edritu reflejado y amplificado por el nuevo STRONGER WITH YOU PARFUM y su mensaje de unidad y uni\u00f3n, valores que aprecio profundamente\u00bb, ha confesado Nicholas Galitzine.<\/span><\/p>\n<p><em>*Im\u00e1genes: cortes\u00eda<\/em><\/p>\n","protected":false},"author":11653,"featured_media":181632,"template":"","format":"standard","categories":[2971,13],"acf":{"banner":""},"yoast_head":"<!-- This site is optimized with the Yoast SEO Premium plugin v18.5 (Yoast SEO v20.4) - https:\/\/yoast.com\/wordpress\/plugins\/seo\/ -->\n<title>Nicholas Galitzine, nuevo embajador de las fragancias Emporio Armani | Grazia<\/title>\n<meta name=\"description\" content=\"Es uno de los actores de moda y fue nombrado uno de los &quot;10 actores a seguir&quot; de Variety en 2023, algo que no nos extra\u00f1a al verle. Su fama ha aumentado\" \/>\n<meta name=\"robots\" content=\"index, follow, max-snippet:-1, max-image-preview:large, max-video-preview:-1\" \/>\n<link rel=\"canonical\" href=\"https:\/\/graziamagazine.com\/es\/articles\/nicholas-galitzine-nuevo-embajador-de-las-fragancias-emporio-armani\/\" \/>\n<meta property=\"og:locale\" content=\"es_ES\" \/>\n<meta property=\"og:type\" content=\"article\" \/>\n<meta property=\"og:title\" content=\"Nicholas Galitzine, nuevo embajador de las fragancias Emporio Armani\" \/>\n<meta property=\"og:description\" content=\"Es uno de los actores de moda y fue nombrado uno de los &quot;10 actores a seguir&quot; de Variety en 2023, algo que no nos extra\u00f1a al verle. Su fama ha aumentado\" \/>\n<meta property=\"og:url\" content=\"https:\/\/graziamagazine.com\/es\/articles\/nicholas-galitzine-nuevo-embajador-de-las-fragancias-emporio-armani\/\" \/>\n<meta property=\"og:site_name\" content=\"Grazia\" \/>\n<meta property=\"og:image\" content=\"https:\/\/graziamagazine.com\/es\/wp-content\/uploads\/sites\/12\/2025\/01\/EA_2025_SWY_EDP_Nicholas_BTS_Visuals_3_300x250.jpg\" \/>\n\t<meta property=\"og:image:width\" content=\"1250\" \/>\n\t<meta property=\"og:image:height\" content=\"1042\" \/>\n\t<meta property=\"og:image:type\" content=\"image\/jpeg\" \/>\n<meta name=\"twitter:card\" content=\"summary_large_image\" \/>\n<meta name=\"twitter:label1\" content=\"Est. reading time\" \/>\n\t<meta name=\"twitter:data1\" content=\"2 minutos\" \/>\n<script type=\"application\/ld+json\" class=\"yoast-schema-graph\">{\"@context\":\"https:\/\/schema.org\",\"@graph\":[{\"@type\":\"WebPage\",\"@id\":\"https:\/\/graziamagazine.com\/es\/articles\/nicholas-galitzine-nuevo-embajador-de-las-fragancias-emporio-armani\/\",\"url\":\"https:\/\/graziamagazine.com\/es\/articles\/nicholas-galitzine-nuevo-embajador-de-las-fragancias-emporio-armani\/\",\"name\":\"Nicholas Galitzine, nuevo embajador de las fragancias Emporio Armani | Grazia\",\"isPartOf\":{\"@id\":\"https:\/\/graziamagazine.com\/es\/#website\"},\"datePublished\":\"2025-01-08T09:12:38+00:00\",\"dateModified\":\"2025-01-08T09:12:38+00:00\",\"description\":\"Es uno de los actores de moda y fue nombrado uno de los \\\"10 actores a seguir\\\" de Variety en 2023, algo que no nos extra\u00f1a al verle. Su fama ha aumentado\",\"breadcrumb\":{\"@id\":\"https:\/\/graziamagazine.com\/es\/articles\/nicholas-galitzine-nuevo-embajador-de-las-fragancias-emporio-armani\/#breadcrumb\"},\"inLanguage\":\"es\",\"potentialAction\":[{\"@type\":\"ReadAction\",\"target\":[\"https:\/\/graziamagazine.com\/es\/articles\/nicholas-galitzine-nuevo-embajador-de-las-fragancias-emporio-armani\/\"]}]},{\"@type\":\"BreadcrumbList\",\"@id\":\"https:\/\/graziamagazine.com\/es\/articles\/nicholas-galitzine-nuevo-embajador-de-las-fragancias-emporio-armani\/#breadcrumb\",\"itemListElement\":[{\"@type\":\"ListItem\",\"position\":1,\"name\":\"Portada\",\"item\":\"https:\/\/graziamagazine.com\/es\/\"},{\"@type\":\"ListItem\",\"position\":2,\"name\":\"Nicholas Galitzine, nuevo embajador de las fragancias Emporio Armani\"}]},{\"@type\":\"WebSite\",\"@id\":\"https:\/\/graziamagazine.com\/es\/#website\",\"url\":\"https:\/\/graziamagazine.com\/es\/\",\"name\":\"Grazia\",\"description\":\"Moda, belleza, celebrities, estilo de vida...\",\"potentialAction\":[{\"@type\":\"SearchAction\",\"target\":{\"@type\":\"EntryPoint\",\"urlTemplate\":\"https:\/\/graziamagazine.com\/es\/?s={search_term_string}\"},\"query-input\":\"required name=search_term_string\"}],\"inLanguage\":\"es\"}]}<\/script>\n<!-- \/ Yoast SEO Premium plugin. -->","yoast_head_json":{"title":"Nicholas Galitzine, nuevo embajador de las fragancias Emporio Armani | Grazia","description":"Es uno de los actores de moda y fue nombrado uno de los \"10 actores a seguir\" de Variety en 2023, algo que no nos extra\u00f1a al verle. Su fama ha aumentado","robots":{"index":"index","follow":"follow","max-snippet":"max-snippet:-1","max-image-preview":"max-image-preview:large","max-video-preview":"max-video-preview:-1"},"canonical":"https:\/\/graziamagazine.com\/es\/articles\/nicholas-galitzine-nuevo-embajador-de-las-fragancias-emporio-armani\/","og_locale":"es_ES","og_type":"article","og_title":"Nicholas Galitzine, nuevo embajador de las fragancias Emporio Armani","og_description":"Es uno de los actores de moda y fue nombrado uno de los \"10 actores a seguir\" de Variety en 2023, algo que no nos extra\u00f1a al verle. Su fama ha aumentado","og_url":"https:\/\/graziamagazine.com\/es\/articles\/nicholas-galitzine-nuevo-embajador-de-las-fragancias-emporio-armani\/","og_site_name":"Grazia","og_image":[{"width":1250,"height":1042,"url":"https:\/\/graziamagazine.com\/es\/wp-content\/uploads\/sites\/12\/2025\/01\/EA_2025_SWY_EDP_Nicholas_BTS_Visuals_3_300x250.jpg","type":"image\/jpeg"}],"twitter_card":"summary_large_image","twitter_misc":{"Est. reading time":"2 minutos"},"schema":{"@context":"https:\/\/schema.org","@graph":[{"@type":"WebPage","@id":"https:\/\/graziamagazine.com\/es\/articles\/nicholas-galitzine-nuevo-embajador-de-las-fragancias-emporio-armani\/","url":"https:\/\/graziamagazine.com\/es\/articles\/nicholas-galitzine-nuevo-embajador-de-las-fragancias-emporio-armani\/","name":"Nicholas Galitzine, nuevo embajador de las fragancias Emporio Armani | Grazia","isPartOf":{"@id":"https:\/\/graziamagazine.com\/es\/#website"},"datePublished":"2025-01-08T09:12:38+00:00","dateModified":"2025-01-08T09:12:38+00:00","description":"Es uno de los actores de moda y fue nombrado uno de los \"10 actores a seguir\" de Variety en 2023, algo que no nos extra\u00f1a al verle. Su fama ha aumentado","breadcrumb":{"@id":"https:\/\/graziamagazine.com\/es\/articles\/nicholas-galitzine-nuevo-embajador-de-las-fragancias-emporio-armani\/#breadcrumb"},"inLanguage":"es","potentialAction":[{"@type":"ReadAction","target":["https:\/\/graziamagazine.com\/es\/articles\/nicholas-galitzine-nuevo-embajador-de-las-fragancias-emporio-armani\/"]}]},{"@type":"BreadcrumbList","@id":"https:\/\/graziamagazine.com\/es\/articles\/nicholas-galitzine-nuevo-embajador-de-las-fragancias-emporio-armani\/#breadcrumb","itemListElement":[{"@type":"ListItem","position":1,"name":"Portada","item":"https:\/\/graziamagazine.com\/es\/"},{"@type":"ListItem","position":2,"name":"Nicholas Galitzine, nuevo embajador de las fragancias Emporio Armani"}]},{"@type":"WebSite","@id":"https:\/\/graziamagazine.com\/es\/#website","url":"https:\/\/graziamagazine.com\/es\/","name":"Grazia","description":"Moda, belleza, celebrities, estilo de vida...","potentialAction":[{"@type":"SearchAction","target":{"@type":"EntryPoint","urlTemplate":"https:\/\/graziamagazine.com\/es\/?s={search_term_string}"},"query-input":"required name=search_term_string"}],"inLanguage":"es"}]}},"jetpack_sharing_enabled":true,"distributor_meta":false,"distributor_terms":false,"distributor_media":false,"distributor_original_site_name":"Grazia","distributor_original_site_url":"https:\/\/graziamagazine.com\/es","push-errors":false,"_links":{"self":[{"href":"https:\/\/graziamagazine.com\/es\/wp-json\/wp\/v2\/articles\/181597"}],"collection":[{"href":"https:\/\/graziamagazine.com\/es\/wp-json\/wp\/v2\/articles"}],"about":[{"href":"https:\/\/graziamagazine.com\/es\/wp-json\/wp\/v2\/types\/articles"}],"author":[{"embeddable":true,"href":"https:\/\/graziamagazine.com\/es\/wp-json\/wp\/v2\/users\/11653"}],"wp:featuredmedia":[{"embeddable":true,"href":"https:\/\/graziamagazine.com\/es\/wp-json\/wp\/v2\/media\/181632"}],"wp:attachment":[{"href":"https:\/\/graziamagazine.com\/es\/wp-json\/wp\/v2\/media?parent=181597"}],"wp:term":[{"taxonomy":"category","embeddable":true,"href":"https:\/\/graziamagazine.com\/es\/wp-json\/wp\/v2\/categories?post=181597"}],"curies":[{"name":"wp","href":"https:\/\/api.w.org\/{rel}","templated":true}]}}