{"id":181485,"date":"2024-12-31T13:02:22","date_gmt":"2024-12-31T12:02:22","guid":{"rendered":"https:\/\/graziamagazine.com\/es\/?post_type=articles&#038;p=181485"},"modified":"2024-12-31T13:14:44","modified_gmt":"2024-12-31T12:14:44","slug":"sombras-doradas-para-brillar-en-nochevieja","status":"publish","type":"articles","link":"https:\/\/graziamagazine.com\/es\/articles\/sombras-doradas-para-brillar-en-nochevieja\/","title":{"rendered":"Sombras doradas para brillar en Nochevieja"},"content":{"rendered":"<p>Cuando pensamos en la noche de Fin de A\u00f1o, nos vienen a la mente glamour, brillo y momentos inolvidables. La elecci\u00f3n del maquillaje juega un papel clave para completar el look festivo, y no hay nada m\u00e1s adecuado para esta ocasi\u00f3n que unas <strong>sombras de ojos doradas<\/strong>. Elegantes, vers\u00e1tiles y llenas de luminosidad, son la opci\u00f3n ideal para despedir el a\u00f1o con estilo.<\/p>\n<h3><strong>\u00bfPor qu\u00e9 elegir sombras de ojos doradas para Nochevieja?<\/strong><\/h3>\n<ul>\n<li><strong>Simbolizan lujo y celebraci\u00f3n: <\/strong>El dorado es un color asociado con la riqueza, la prosperidad y los buenos deseos, lo que lo convierte en la elecci\u00f3n perfecta para una noche tan especial. Aporta un toque sofisticado que eleva cualquier look de maquillaje.<\/li>\n<li><strong>Favorecen a todos los tonos de piel: <\/strong>Las sombras doradas tienen la ventaja de ser universales. Ya sea que tengas la piel clara, media u oscura, este tono realza la mirada y aporta un brillo c\u00e1lido que favorece a todas.<\/li>\n<li><strong>Combinan con cualquier look: <\/strong>Desde un vestido negro cl\u00e1sico hasta un conjunto en tonos met\u00e1licos, las sombras doradas se integran perfectamente con cualquier paleta de colores, haci\u00e9ndolas ideales para Nochevieja.<\/li>\n<li><strong>Realzan la mirada: <\/strong>El brillo sutil del dorado refleja la luz, creando un efecto luminoso que hace que los ojos parezcan m\u00e1s grandes y despiertos. Adem\u00e1s, es un color que destaca especialmente en ambientes nocturnos.<\/li>\n<\/ul>\n        <blockquote class=\"instagram-media \" style=\"background: #ffffff;border: 0;margin: 1px;width: 100%;padding: 0;\"  data-instgrm-permalink=\"https:\/\/www.instagram.com\/p\/DBPFzw0IJ1S\/\" data-instgrm-version=\"14\"><\/blockquote>\n<h3><strong>C\u00f3mo llevar sombras doradas en Fin de A\u00f1o<\/strong><\/h3>\n<ul>\n<li><strong>Ojos ahumados dorados: <\/strong>Combina las sombras doradas con tonos marrones o negros para un efecto ahumado elegante. Aplica el dorado en el p\u00e1rpado m\u00f3vil y usa los tonos oscuros para marcar la cuenca y la l\u00ednea de las pesta\u00f1as.<\/li>\n<li><strong>Dorado monocrom\u00e1tico: <\/strong>Si buscas un look minimalista y sofisticado, apuesta por un dorado uniforme en todo el p\u00e1rpado. Puedes intensificarlo con una sombra met\u00e1lica o glitter para un extra de brillo.<\/li>\n<li><strong>Liner dorado: <\/strong>Si prefieres algo m\u00e1s discreto, utiliza un delineador dorado para trazar una l\u00ednea en el p\u00e1rpado superior o inferior. Es una forma sutil pero efectiva de a\u00f1adir un toque festivo a tu maquillaje.<\/li>\n<li><strong>Dorado combinado con glitter: <\/strong>Nochevieja es el momento perfecto para arriesgar. A\u00f1ade una capa de purpurina dorada sobre tu sombra para lograr un look deslumbrante que capte todas las miradas.<\/li>\n<\/ul>\n<h3>sombras para lucir esta nochevieja<\/h3>\n<p><strong>DiorShow Sytlo<\/strong><\/p>\n<p>Un l\u00e1piz contorno de ojos waterproof, en el tono 556 Pearly Gold, que aporta un color intenso de textura cremosa, perfecto para marcar el ojo, aplicar en el p\u00e1rpado m\u00f3vil, dar un toque en las pesta\u00f1as.<\/p>\n<p><img loading=\"lazy\" decoding=\"async\" class=\"aligncenter size-full wp-image-181496\" src=\"https:\/\/graziamagazine.com\/es\/wp-content\/uploads\/sites\/12\/2024\/12\/Y0423000_C042300556_E01_ZHC-copia.jpg\" alt=\"\" width=\"1800\" height=\"1200\" srcset=\"https:\/\/graziamagazine.com\/es\/wp-content\/uploads\/sites\/12\/2024\/12\/Y0423000_C042300556_E01_ZHC-copia.jpg 1800w, https:\/\/graziamagazine.com\/es\/wp-content\/uploads\/sites\/12\/2024\/12\/Y0423000_C042300556_E01_ZHC-copia-300x200.jpg 300w, https:\/\/graziamagazine.com\/es\/wp-content\/uploads\/sites\/12\/2024\/12\/Y0423000_C042300556_E01_ZHC-copia-1024x683.jpg 1024w, https:\/\/graziamagazine.com\/es\/wp-content\/uploads\/sites\/12\/2024\/12\/Y0423000_C042300556_E01_ZHC-copia-768x512.jpg 768w, https:\/\/graziamagazine.com\/es\/wp-content\/uploads\/sites\/12\/2024\/12\/Y0423000_C042300556_E01_ZHC-copia-1536x1024.jpg 1536w, https:\/\/graziamagazine.com\/es\/wp-content\/uploads\/sites\/12\/2024\/12\/Y0423000_C042300556_E01_ZHC-copia-400x267.jpg 400w, https:\/\/graziamagazine.com\/es\/wp-content\/uploads\/sites\/12\/2024\/12\/Y0423000_C042300556_E01_ZHC-copia-155x103.jpg 155w\" sizes=\"(max-width: 1800px) 100vw, 1800px\" \/><\/p>\n<p><a href=\"https:\/\/www.dior.com\/es_es\/beauty\/products\/diorshow-stylo-Y0423000.html\" target=\"_blank\">Su precio es de 33 euros en la web de Dior Beauty<\/a><\/p>\n<p>Lo puedes combinar con el Diorwshow Mono Couleur, una sombra de ojos intensa, en polvo cremoso y de larga duraci\u00f3n.<\/p>\n<p><img loading=\"lazy\" decoding=\"async\" class=\"aligncenter size-full wp-image-181497\" src=\"https:\/\/graziamagazine.com\/es\/wp-content\/uploads\/sites\/12\/2024\/12\/Captura-de-pantalla-2024-12-31-a-las-12.27.10.png\" alt=\"\" width=\"1556\" height=\"856\" srcset=\"https:\/\/graziamagazine.com\/es\/wp-content\/uploads\/sites\/12\/2024\/12\/Captura-de-pantalla-2024-12-31-a-las-12.27.10.png 1556w, https:\/\/graziamagazine.com\/es\/wp-content\/uploads\/sites\/12\/2024\/12\/Captura-de-pantalla-2024-12-31-a-las-12.27.10-300x165.png 300w, https:\/\/graziamagazine.com\/es\/wp-content\/uploads\/sites\/12\/2024\/12\/Captura-de-pantalla-2024-12-31-a-las-12.27.10-1024x563.png 1024w, https:\/\/graziamagazine.com\/es\/wp-content\/uploads\/sites\/12\/2024\/12\/Captura-de-pantalla-2024-12-31-a-las-12.27.10-768x422.png 768w, https:\/\/graziamagazine.com\/es\/wp-content\/uploads\/sites\/12\/2024\/12\/Captura-de-pantalla-2024-12-31-a-las-12.27.10-1536x845.png 1536w, https:\/\/graziamagazine.com\/es\/wp-content\/uploads\/sites\/12\/2024\/12\/Captura-de-pantalla-2024-12-31-a-las-12.27.10-400x220.png 400w, https:\/\/graziamagazine.com\/es\/wp-content\/uploads\/sites\/12\/2024\/12\/Captura-de-pantalla-2024-12-31-a-las-12.27.10-155x85.png 155w\" sizes=\"(max-width: 1556px) 100vw, 1556px\" \/><\/p>\n<p><a href=\"https:\/\/www.dior.com\/es_es\/beauty\/products\/diorshow-mono-couleur-Y0424000.html\" target=\"_blank\">Su precio es de 37 euros en la web de Dior Beauty<\/a><\/p>\n<div class=\"row u-margin-bottom--xs product-detail__name-wrapper\">\n<div class=\"col-12\"><\/div>\n<\/div>\n<p><strong>Jelly Slime All-Over Highlighter en edici\u00f3n limitada, de M.A.C.<\/strong><\/p>\n<p class=\"product-full__short-desc\">Un iluminador l\u00edquido en gel multiusos, desde los p\u00e1rpados al rostro o el cuerpo, para aportar luz a cualquier parte del cuerpo en donde lo apliques.<\/p>\n<p><img loading=\"lazy\" decoding=\"async\" class=\"aligncenter size-full wp-image-181495\" src=\"https:\/\/graziamagazine.com\/es\/wp-content\/uploads\/sites\/12\/2024\/12\/mac_sku_S1QR03_1x1_0-copia-e1735644019416.jpg\" alt=\"\" width=\"1053\" height=\"809\" srcset=\"https:\/\/graziamagazine.com\/es\/wp-content\/uploads\/sites\/12\/2024\/12\/mac_sku_S1QR03_1x1_0-copia-e1735644019416.jpg 1053w, https:\/\/graziamagazine.com\/es\/wp-content\/uploads\/sites\/12\/2024\/12\/mac_sku_S1QR03_1x1_0-copia-e1735644019416-300x230.jpg 300w, https:\/\/graziamagazine.com\/es\/wp-content\/uploads\/sites\/12\/2024\/12\/mac_sku_S1QR03_1x1_0-copia-e1735644019416-1024x787.jpg 1024w, https:\/\/graziamagazine.com\/es\/wp-content\/uploads\/sites\/12\/2024\/12\/mac_sku_S1QR03_1x1_0-copia-e1735644019416-768x590.jpg 768w, https:\/\/graziamagazine.com\/es\/wp-content\/uploads\/sites\/12\/2024\/12\/mac_sku_S1QR03_1x1_0-copia-e1735644019416-400x307.jpg 400w, https:\/\/graziamagazine.com\/es\/wp-content\/uploads\/sites\/12\/2024\/12\/mac_sku_S1QR03_1x1_0-copia-e1735644019416-155x119.jpg 155w\" sizes=\"(max-width: 1053px) 100vw, 1053px\" \/><\/p>\n<div class=\"product-full__rating js-product-full__rating jquery-once-1-processed jquery-once-2-processed js-read-reviews-processed\">\n<div class=\"product-full__rating-noclick\">\n<div class=\"product__rating product-review-snippet product-review-snippet-v1\">\n<div class=\"product-review-snippet__stars\">\n<div class=\"product__rating-stars\">\n<p class=\"product__rating-percentage js-product__rating-percentage\"><a href=\"https:\/\/www.maccosmetics.es\/product\/20158\/132570\/productos\/maquillaje\/rostro\/highlighting-contouring\/jelly-slime-all-over-highlighter-gift-of-gold?shade=24K_Copper\" target=\"_blank\">Su precio es de 43 euros en la web de MAC Cosmetics.<\/a><\/p>\n<\/div>\n<p class=\"headline product-details-main__title-text\"><strong>Aloe Vera sombra de ojos en stick, de Catrice<\/strong><\/p>\n<p id=\"MOD-ProductDetails-1-subline\" class=\"product-details-main__subline\">Sombra de ojos en barra de gran pigmentaci\u00f3n, con una textura resistente a los roces y extracto de aloe vera y en tono Golden Toffee.<\/p>\n<p><img loading=\"lazy\" decoding=\"async\" class=\"aligncenter size-full wp-image-181501\" src=\"https:\/\/graziamagazine.com\/es\/wp-content\/uploads\/sites\/12\/2024\/12\/4973184-copia.jpg\" alt=\"\" width=\"2000\" height=\"2000\" srcset=\"https:\/\/graziamagazine.com\/es\/wp-content\/uploads\/sites\/12\/2024\/12\/4973184-copia.jpg 2000w, https:\/\/graziamagazine.com\/es\/wp-content\/uploads\/sites\/12\/2024\/12\/4973184-copia-300x300.jpg 300w, https:\/\/graziamagazine.com\/es\/wp-content\/uploads\/sites\/12\/2024\/12\/4973184-copia-1024x1024.jpg 1024w, https:\/\/graziamagazine.com\/es\/wp-content\/uploads\/sites\/12\/2024\/12\/4973184-copia-150x150.jpg 150w, https:\/\/graziamagazine.com\/es\/wp-content\/uploads\/sites\/12\/2024\/12\/4973184-copia-768x768.jpg 768w, https:\/\/graziamagazine.com\/es\/wp-content\/uploads\/sites\/12\/2024\/12\/4973184-copia-1536x1536.jpg 1536w, https:\/\/graziamagazine.com\/es\/wp-content\/uploads\/sites\/12\/2024\/12\/4973184-copia-400x400.jpg 400w, https:\/\/graziamagazine.com\/es\/wp-content\/uploads\/sites\/12\/2024\/12\/4973184-copia-155x155.jpg 155w\" sizes=\"(max-width: 2000px) 100vw, 2000px\" \/><\/p>\n<\/div>\n<p><a href=\"https:\/\/www.primor.eu\/es_es\/catrice-aloe-vera-sombra-de-ojos-stick-109254.html?#803=44092\" target=\"_blank\">Su precio ahora es de 4,44 euros en Primor<\/a><\/p>\n<p>Shadowstix, de Fenty Beauty<\/p>\n<p>Una colecci\u00f3n de sombras de ojos en barra cremosas y duraderas que proporcionan un color intenso con una sola pasada.<\/p>\n<p><img loading=\"lazy\" decoding=\"async\" class=\"aligncenter size-full wp-image-181504\" src=\"https:\/\/graziamagazine.com\/es\/wp-content\/uploads\/sites\/12\/2024\/12\/693262_swatch-copia.jpg\" alt=\"\" width=\"1500\" height=\"1500\" srcset=\"https:\/\/graziamagazine.com\/es\/wp-content\/uploads\/sites\/12\/2024\/12\/693262_swatch-copia.jpg 1500w, https:\/\/graziamagazine.com\/es\/wp-content\/uploads\/sites\/12\/2024\/12\/693262_swatch-copia-300x300.jpg 300w, https:\/\/graziamagazine.com\/es\/wp-content\/uploads\/sites\/12\/2024\/12\/693262_swatch-copia-1024x1024.jpg 1024w, https:\/\/graziamagazine.com\/es\/wp-content\/uploads\/sites\/12\/2024\/12\/693262_swatch-copia-150x150.jpg 150w, https:\/\/graziamagazine.com\/es\/wp-content\/uploads\/sites\/12\/2024\/12\/693262_swatch-copia-768x768.jpg 768w, https:\/\/graziamagazine.com\/es\/wp-content\/uploads\/sites\/12\/2024\/12\/693262_swatch-copia-400x400.jpg 400w, https:\/\/graziamagazine.com\/es\/wp-content\/uploads\/sites\/12\/2024\/12\/693262_swatch-copia-155x155.jpg 155w\" sizes=\"(max-width: 1500px) 100vw, 1500px\" \/><\/p>\n<p><a href=\"https:\/\/www.sephora.es\/p\/shadowstix---sombra-de-ojos-en-barra-P10052833.html#product-info\" target=\"_blank\">Su precio es de 25,99 euros en Sephora<\/a><\/p>\n<div class=\"product-review-snippet__stars\">\n<div class=\"bazaarvoice-ratings product-details-main__rating\">\n<div id=\"MOD-ProductDetails-1-product-details-bazaarVoiceRatings-:rap:\" data-bv-product-id=\"937568\" data-bv-show=\"rating_summary\" data-bv-seo=\"true\" data-third-party-tool=\"bazaarvoiceRatings\" data-bv-ready=\"true\">\n<div class=\"bv_main_container\"><strong>Sombra de ojos d\u00fao in the bloom&#8217;light, de Essence<\/strong><\/div>\n<\/div>\n<\/div>\n<div class=\"product__rating-stars\">\n<p id=\"MOD-ProductDetails-1-subline\" class=\"product-details-main__subline\">Sombra de ojos l\u00edquida 2 en 1 con textura gel mate y glitter<\/p>\n<p><img loading=\"lazy\" decoding=\"async\" class=\"aligncenter size-full wp-image-181500\" src=\"https:\/\/graziamagazine.com\/es\/wp-content\/uploads\/sites\/12\/2024\/12\/4391391-copia.jpg\" alt=\"\" width=\"2000\" height=\"2000\" srcset=\"https:\/\/graziamagazine.com\/es\/wp-content\/uploads\/sites\/12\/2024\/12\/4391391-copia.jpg 2000w, https:\/\/graziamagazine.com\/es\/wp-content\/uploads\/sites\/12\/2024\/12\/4391391-copia-300x300.jpg 300w, https:\/\/graziamagazine.com\/es\/wp-content\/uploads\/sites\/12\/2024\/12\/4391391-copia-1024x1024.jpg 1024w, https:\/\/graziamagazine.com\/es\/wp-content\/uploads\/sites\/12\/2024\/12\/4391391-copia-150x150.jpg 150w, https:\/\/graziamagazine.com\/es\/wp-content\/uploads\/sites\/12\/2024\/12\/4391391-copia-768x768.jpg 768w, https:\/\/graziamagazine.com\/es\/wp-content\/uploads\/sites\/12\/2024\/12\/4391391-copia-1536x1536.jpg 1536w, https:\/\/graziamagazine.com\/es\/wp-content\/uploads\/sites\/12\/2024\/12\/4391391-copia-400x400.jpg 400w, https:\/\/graziamagazine.com\/es\/wp-content\/uploads\/sites\/12\/2024\/12\/4391391-copia-155x155.jpg 155w\" sizes=\"(max-width: 2000px) 100vw, 2000px\" \/><\/p>\n<\/div>\n<p><a href=\"https:\/\/www.essence.eu\/es-es\/p\/949205\/in-the-bloomlight-duo-eyeshadow\" target=\"_blank\">Su precio es de 3,59 euros en la web de Essence<\/a><\/p>\n<div class=\"product__rating-stars\">\n<div id=\"MOD-ProductDetails-1-product-details-bazaarVoiceRatings-:r8j:\" data-bv-product-id=\"949205\" data-bv-show=\"rating_summary\" data-bv-seo=\"true\" data-third-party-tool=\"bazaarvoiceRatings\" data-bv-ready=\"true\">\n<div class=\"bv_main_container\">\n<div class=\"product-brief__headline\">\n<p class=\"product-brief__header\"><strong>Long-Wear Cream Shadow Stick, de Bobbi Brown<\/strong><\/p>\n<p>La sombra de ojos Golden Rush en formato stick forma parte de la colecci\u00f3n de Navidad 2024. Un amarillo dorado que se desliza con facilidad y tiene una duraci\u00f3n de 24 horas.<\/p>\n<p><img loading=\"lazy\" decoding=\"async\" class=\"aligncenter wp-image-181502 size-full\" src=\"https:\/\/graziamagazine.com\/es\/wp-content\/uploads\/sites\/12\/2024\/12\/bb_sku_H3Z190_1x1_0-copia-e1735645766580.jpg\" alt=\"\" width=\"1996\" height=\"1652\" srcset=\"https:\/\/graziamagazine.com\/es\/wp-content\/uploads\/sites\/12\/2024\/12\/bb_sku_H3Z190_1x1_0-copia-e1735645766580.jpg 1996w, https:\/\/graziamagazine.com\/es\/wp-content\/uploads\/sites\/12\/2024\/12\/bb_sku_H3Z190_1x1_0-copia-e1735645766580-300x248.jpg 300w, https:\/\/graziamagazine.com\/es\/wp-content\/uploads\/sites\/12\/2024\/12\/bb_sku_H3Z190_1x1_0-copia-e1735645766580-1024x848.jpg 1024w, https:\/\/graziamagazine.com\/es\/wp-content\/uploads\/sites\/12\/2024\/12\/bb_sku_H3Z190_1x1_0-copia-e1735645766580-768x636.jpg 768w, https:\/\/graziamagazine.com\/es\/wp-content\/uploads\/sites\/12\/2024\/12\/bb_sku_H3Z190_1x1_0-copia-e1735645766580-1536x1271.jpg 1536w, https:\/\/graziamagazine.com\/es\/wp-content\/uploads\/sites\/12\/2024\/12\/bb_sku_H3Z190_1x1_0-copia-e1735645766580-400x331.jpg 400w, https:\/\/graziamagazine.com\/es\/wp-content\/uploads\/sites\/12\/2024\/12\/bb_sku_H3Z190_1x1_0-copia-e1735645766580-155x128.jpg 155w\" sizes=\"(max-width: 1996px) 100vw, 1996px\" \/><\/p>\n<\/div>\n<p><a href=\"https:\/\/www.bobbibrown.es\/product\/2330\/24845\/makeup\/eyes\/sombra-de-ojos\/long-wear-cream-shadow-stick#\/shade\/Gold_Rush_-_Colecci%C3%B3n_de_Navidad\" target=\"_blank\">Su precio es de 42 euros en la web de Bobbi Brown<\/a><\/p>\n<p class=\"product-brief__short-desc\"><strong>Eyephoria Mini Palette, de Rabanne<\/strong><\/p>\n<\/div>\n<p class=\"product-brief__short-desc\">Paleta de sombras duo de alta pigmentaci\u00f3n, vers\u00e1til, multi acabado y multi sensorial, creadas para experimentar con los colores, esta paleta de sombras de ojos en crema reinventa la experiencia con innovadores acabados y sensaciones, con un impacto total en una sola aplicaci\u00f3n y una f\u00f3rmula a la vez modulable y ligera.<\/p>\n<p><img loading=\"lazy\" decoding=\"async\" class=\"aligncenter size-full wp-image-181503\" src=\"https:\/\/graziamagazine.com\/es\/wp-content\/uploads\/sites\/12\/2024\/12\/705413_swatch-copia.jpg\" alt=\"\" width=\"1500\" height=\"1500\" srcset=\"https:\/\/graziamagazine.com\/es\/wp-content\/uploads\/sites\/12\/2024\/12\/705413_swatch-copia.jpg 1500w, https:\/\/graziamagazine.com\/es\/wp-content\/uploads\/sites\/12\/2024\/12\/705413_swatch-copia-300x300.jpg 300w, https:\/\/graziamagazine.com\/es\/wp-content\/uploads\/sites\/12\/2024\/12\/705413_swatch-copia-1024x1024.jpg 1024w, https:\/\/graziamagazine.com\/es\/wp-content\/uploads\/sites\/12\/2024\/12\/705413_swatch-copia-150x150.jpg 150w, https:\/\/graziamagazine.com\/es\/wp-content\/uploads\/sites\/12\/2024\/12\/705413_swatch-copia-768x768.jpg 768w, https:\/\/graziamagazine.com\/es\/wp-content\/uploads\/sites\/12\/2024\/12\/705413_swatch-copia-400x400.jpg 400w, https:\/\/graziamagazine.com\/es\/wp-content\/uploads\/sites\/12\/2024\/12\/705413_swatch-copia-155x155.jpg 155w\" sizes=\"(max-width: 1500px) 100vw, 1500px\" \/><\/p>\n<\/div>\n<div class=\"bazaarvoice-ratings product-details-main__rating\">\n<div id=\"MOD-ProductDetails-1-product-details-bazaarVoiceRatings-:r8j:\" data-bv-product-id=\"949205\" data-bv-show=\"rating_summary\" data-bv-seo=\"true\" data-third-party-tool=\"bazaarvoiceRatings\" data-bv-ready=\"true\">\n<p><a href=\"https:\/\/www.sephora.es\/p\/eyephoria-mini-palette---paleta-de-sombras-de-ojos-de-alta-pigmentacion-P10052689.html#product-info\" target=\"_blank\">El precio de la paleta Date Nigth es de 25,99 euros en Sephora.\u00a0<\/a><\/p>\n<div class=\"bv_main_container\"><\/div>\n<div>\n<p class=\"bazaarvoice-ratings product-details-main__rating\"><strong>Colorful Special Effects, de Sephora<\/strong><\/p>\n<p class=\"bazaarvoice-ratings product-details-main__rating\">Sombras de ojos en barra con un acabado de purpurina met\u00e1lica que aguantan hasta 12 horas para un resultado brillante.<\/p>\n<p><img loading=\"lazy\" decoding=\"async\" class=\"aligncenter size-full wp-image-181505\" src=\"https:\/\/graziamagazine.com\/es\/wp-content\/uploads\/sites\/12\/2024\/12\/617138_swatch-copia.jpg\" alt=\"\" width=\"1500\" height=\"1500\" srcset=\"https:\/\/graziamagazine.com\/es\/wp-content\/uploads\/sites\/12\/2024\/12\/617138_swatch-copia.jpg 1500w, https:\/\/graziamagazine.com\/es\/wp-content\/uploads\/sites\/12\/2024\/12\/617138_swatch-copia-300x300.jpg 300w, https:\/\/graziamagazine.com\/es\/wp-content\/uploads\/sites\/12\/2024\/12\/617138_swatch-copia-1024x1024.jpg 1024w, https:\/\/graziamagazine.com\/es\/wp-content\/uploads\/sites\/12\/2024\/12\/617138_swatch-copia-150x150.jpg 150w, https:\/\/graziamagazine.com\/es\/wp-content\/uploads\/sites\/12\/2024\/12\/617138_swatch-copia-768x768.jpg 768w, https:\/\/graziamagazine.com\/es\/wp-content\/uploads\/sites\/12\/2024\/12\/617138_swatch-copia-400x400.jpg 400w, https:\/\/graziamagazine.com\/es\/wp-content\/uploads\/sites\/12\/2024\/12\/617138_swatch-copia-155x155.jpg 155w\" sizes=\"(max-width: 1500px) 100vw, 1500px\" \/><\/p>\n<p><a href=\"https:\/\/www.sephora.es\/p\/colorful-efectos-especiales-met%C3%A1lico---sombra-de-ojos-met%C3%A1lica-en-stick-P10058385.html#product-info\" target=\"_blank\">Su precio es de 12,99 euros en Sephora<\/a><\/p>\n<p class=\"product-info__name default-focus\"><strong>Ombre Skin, de Clarins<\/strong><\/p>\n<p>La sombra de ojos cubre la piel con un velo de color sin dejar marcas. Al aplicarla, el maquillaje queda natural, homog\u00e9neo e intenso. Una textura en polvo cremosa, fina y ligera que se funde con delicadeza y se fusiona de inmediato con la piel, dej\u00e1ndola incre\u00edblemente suave al tacto.<\/p>\n<p><img loading=\"lazy\" decoding=\"async\" class=\"aligncenter size-full wp-image-181507\" src=\"https:\/\/graziamagazine.com\/es\/wp-content\/uploads\/sites\/12\/2024\/12\/3730860_2-copia-e1735647278318.jpg\" alt=\"\" width=\"576\" height=\"342\" srcset=\"https:\/\/graziamagazine.com\/es\/wp-content\/uploads\/sites\/12\/2024\/12\/3730860_2-copia-e1735647278318.jpg 576w, https:\/\/graziamagazine.com\/es\/wp-content\/uploads\/sites\/12\/2024\/12\/3730860_2-copia-e1735647278318-300x178.jpg 300w, https:\/\/graziamagazine.com\/es\/wp-content\/uploads\/sites\/12\/2024\/12\/3730860_2-copia-e1735647278318-400x238.jpg 400w, https:\/\/graziamagazine.com\/es\/wp-content\/uploads\/sites\/12\/2024\/12\/3730860_2-copia-e1735647278318-155x92.jpg 155w\" sizes=\"(max-width: 576px) 100vw, 576px\" \/><\/p>\n<p><a href=\"https:\/\/www.clarins.es\/ombre-skin\/80099357.html#i-component-placeholder-observer__discover-more\" target=\"_blank\">Su precio es de 33,50 euros en la web de Clarins.\u00a0<\/a><\/p>\n<div class=\"productbazaarvoice-loader component-loader hide-loader\" data-loader-fade-in-animation=\"false\"><\/div>\n<\/div>\n<\/div>\n<\/div>\n<\/div>\n<\/div>\n<div><\/div>\n<div class=\"product-review-snippet__stars\">\n<div class=\"product__rating-stars\">\n<div>\u00a0<strong style=\"color: #000000;font-family: BrandonGrotesque, Arial, Helvetica, sans-serif;font-size: 23px;letter-spacing: 2px;text-transform: uppercase\">Consejos para aplicar sombras doradas<\/strong><\/div>\n<\/div>\n<\/div>\n<\/div>\n<\/div>\n<\/div>\n<ul>\n<li><strong>Prepara tus p\u00e1rpados:<\/strong> Usa un primer para ojos para fijar el color y garantizar que las sombras duren toda la noche.<\/li>\n<li><strong>Elige la textura adecuada:<\/strong> Las sombras doradas est\u00e1n disponibles en acabados mate, met\u00e1licos y con glitter. Para un look de Nochevieja, los acabados brillantes son la mejor elecci\u00f3n.<\/li>\n<li><strong>Combina con m\u00e1scara de pesta\u00f1as:<\/strong> Unas pesta\u00f1as voluminosas complementan a la perfecci\u00f3n el brillo del dorado, intensificando la mirada.<\/li>\n<li><strong>Luce una piel luminosa:<\/strong> Completa tu look con un iluminador en los p\u00f3mulos y tonos c\u00e1lidos en los labios, como un nude o un rojo cl\u00e1sico.<\/li>\n<\/ul>\n<p>Despide el a\u00f1o con una mirada deslumbrante y prep\u00e1rate para empezar el pr\u00f3ximo llena de estilo y confianza. \u00a1Feliz A\u00f1o Nuevo!<\/p>\n<p><em>*Im\u00e1genes: Getty Images y cortes\u00eda<\/em><\/p>\n","protected":false},"author":11653,"featured_media":181499,"template":"","format":"standard","categories":[7],"acf":[],"yoast_head":"<!-- This site is optimized with the Yoast SEO Premium plugin v18.5 (Yoast SEO v20.4) - https:\/\/yoast.com\/wordpress\/plugins\/seo\/ -->\n<title>Sombras doradas para brillar en Nochevieja | Grazia<\/title>\n<meta name=\"description\" content=\"El dorado es el color m\u00e1s festivo y de mejor buena suerte, as\u00ed que te damos ideas para brillar esta Nochevieja con el toque perfecto.\" \/>\n<meta name=\"robots\" content=\"index, follow, max-snippet:-1, max-image-preview:large, max-video-preview:-1\" \/>\n<link rel=\"canonical\" href=\"https:\/\/graziamagazine.com\/es\/articles\/sombras-doradas-para-brillar-en-nochevieja\/\" \/>\n<meta property=\"og:locale\" content=\"es_ES\" \/>\n<meta property=\"og:type\" content=\"article\" \/>\n<meta property=\"og:title\" content=\"Sombras doradas para brillar en Nochevieja\" \/>\n<meta property=\"og:description\" content=\"El dorado es el color m\u00e1s festivo y de mejor buena suerte, as\u00ed que te damos ideas para brillar esta Nochevieja con el toque perfecto.\" \/>\n<meta property=\"og:url\" content=\"https:\/\/graziamagazine.com\/es\/articles\/sombras-doradas-para-brillar-en-nochevieja\/\" \/>\n<meta property=\"og:site_name\" content=\"Grazia\" \/>\n<meta property=\"article:modified_time\" content=\"2024-12-31T12:14:44+00:00\" \/>\n<meta property=\"og:image\" content=\"https:\/\/graziamagazine.com\/es\/wp-content\/uploads\/sites\/12\/2024\/12\/Captura-de-pantalla-2024-12-31-a-las-12.15.57-copia.jpg\" \/>\n\t<meta property=\"og:image:width\" content=\"2262\" \/>\n\t<meta property=\"og:image:height\" content=\"1410\" \/>\n\t<meta property=\"og:image:type\" content=\"image\/jpeg\" \/>\n<meta name=\"twitter:card\" content=\"summary_large_image\" \/>\n<meta name=\"twitter:label1\" content=\"Est. reading time\" \/>\n\t<meta name=\"twitter:data1\" content=\"7 minutos\" \/>\n<script type=\"application\/ld+json\" class=\"yoast-schema-graph\">{\"@context\":\"https:\/\/schema.org\",\"@graph\":[{\"@type\":\"WebPage\",\"@id\":\"https:\/\/graziamagazine.com\/es\/articles\/sombras-doradas-para-brillar-en-nochevieja\/\",\"url\":\"https:\/\/graziamagazine.com\/es\/articles\/sombras-doradas-para-brillar-en-nochevieja\/\",\"name\":\"Sombras doradas para brillar en Nochevieja | Grazia\",\"isPartOf\":{\"@id\":\"https:\/\/graziamagazine.com\/es\/#website\"},\"datePublished\":\"2024-12-31T12:02:22+00:00\",\"dateModified\":\"2024-12-31T12:14:44+00:00\",\"description\":\"El dorado es el color m\u00e1s festivo y de mejor buena suerte, as\u00ed que te damos ideas para brillar esta Nochevieja con el toque perfecto.\",\"breadcrumb\":{\"@id\":\"https:\/\/graziamagazine.com\/es\/articles\/sombras-doradas-para-brillar-en-nochevieja\/#breadcrumb\"},\"inLanguage\":\"es\",\"potentialAction\":[{\"@type\":\"ReadAction\",\"target\":[\"https:\/\/graziamagazine.com\/es\/articles\/sombras-doradas-para-brillar-en-nochevieja\/\"]}]},{\"@type\":\"BreadcrumbList\",\"@id\":\"https:\/\/graziamagazine.com\/es\/articles\/sombras-doradas-para-brillar-en-nochevieja\/#breadcrumb\",\"itemListElement\":[{\"@type\":\"ListItem\",\"position\":1,\"name\":\"Portada\",\"item\":\"https:\/\/graziamagazine.com\/es\/\"},{\"@type\":\"ListItem\",\"position\":2,\"name\":\"Sombras doradas para brillar en Nochevieja\"}]},{\"@type\":\"WebSite\",\"@id\":\"https:\/\/graziamagazine.com\/es\/#website\",\"url\":\"https:\/\/graziamagazine.com\/es\/\",\"name\":\"Grazia\",\"description\":\"Moda, belleza, celebrities, estilo de vida...\",\"potentialAction\":[{\"@type\":\"SearchAction\",\"target\":{\"@type\":\"EntryPoint\",\"urlTemplate\":\"https:\/\/graziamagazine.com\/es\/?s={search_term_string}\"},\"query-input\":\"required name=search_term_string\"}],\"inLanguage\":\"es\"}]}<\/script>\n<!-- \/ Yoast SEO Premium plugin. -->","yoast_head_json":{"title":"Sombras doradas para brillar en Nochevieja | Grazia","description":"El dorado es el color m\u00e1s festivo y de mejor buena suerte, as\u00ed que te damos ideas para brillar esta Nochevieja con el toque perfecto.","robots":{"index":"index","follow":"follow","max-snippet":"max-snippet:-1","max-image-preview":"max-image-preview:large","max-video-preview":"max-video-preview:-1"},"canonical":"https:\/\/graziamagazine.com\/es\/articles\/sombras-doradas-para-brillar-en-nochevieja\/","og_locale":"es_ES","og_type":"article","og_title":"Sombras doradas para brillar en Nochevieja","og_description":"El dorado es el color m\u00e1s festivo y de mejor buena suerte, as\u00ed que te damos ideas para brillar esta Nochevieja con el toque perfecto.","og_url":"https:\/\/graziamagazine.com\/es\/articles\/sombras-doradas-para-brillar-en-nochevieja\/","og_site_name":"Grazia","article_modified_time":"2024-12-31T12:14:44+00:00","og_image":[{"width":2262,"height":1410,"url":"https:\/\/graziamagazine.com\/es\/wp-content\/uploads\/sites\/12\/2024\/12\/Captura-de-pantalla-2024-12-31-a-las-12.15.57-copia.jpg","type":"image\/jpeg"}],"twitter_card":"summary_large_image","twitter_misc":{"Est. reading time":"7 minutos"},"schema":{"@context":"https:\/\/schema.org","@graph":[{"@type":"WebPage","@id":"https:\/\/graziamagazine.com\/es\/articles\/sombras-doradas-para-brillar-en-nochevieja\/","url":"https:\/\/graziamagazine.com\/es\/articles\/sombras-doradas-para-brillar-en-nochevieja\/","name":"Sombras doradas para brillar en Nochevieja | Grazia","isPartOf":{"@id":"https:\/\/graziamagazine.com\/es\/#website"},"datePublished":"2024-12-31T12:02:22+00:00","dateModified":"2024-12-31T12:14:44+00:00","description":"El dorado es el color m\u00e1s festivo y de mejor buena suerte, as\u00ed que te damos ideas para brillar esta Nochevieja con el toque perfecto.","breadcrumb":{"@id":"https:\/\/graziamagazine.com\/es\/articles\/sombras-doradas-para-brillar-en-nochevieja\/#breadcrumb"},"inLanguage":"es","potentialAction":[{"@type":"ReadAction","target":["https:\/\/graziamagazine.com\/es\/articles\/sombras-doradas-para-brillar-en-nochevieja\/"]}]},{"@type":"BreadcrumbList","@id":"https:\/\/graziamagazine.com\/es\/articles\/sombras-doradas-para-brillar-en-nochevieja\/#breadcrumb","itemListElement":[{"@type":"ListItem","position":1,"name":"Portada","item":"https:\/\/graziamagazine.com\/es\/"},{"@type":"ListItem","position":2,"name":"Sombras doradas para brillar en Nochevieja"}]},{"@type":"WebSite","@id":"https:\/\/graziamagazine.com\/es\/#website","url":"https:\/\/graziamagazine.com\/es\/","name":"Grazia","description":"Moda, belleza, celebrities, estilo de vida...","potentialAction":[{"@type":"SearchAction","target":{"@type":"EntryPoint","urlTemplate":"https:\/\/graziamagazine.com\/es\/?s={search_term_string}"},"query-input":"required name=search_term_string"}],"inLanguage":"es"}]}},"jetpack_sharing_enabled":true,"distributor_meta":false,"distributor_terms":false,"distributor_media":false,"distributor_original_site_name":"Grazia","distributor_original_site_url":"https:\/\/graziamagazine.com\/es","push-errors":false,"_links":{"self":[{"href":"https:\/\/graziamagazine.com\/es\/wp-json\/wp\/v2\/articles\/181485"}],"collection":[{"href":"https:\/\/graziamagazine.com\/es\/wp-json\/wp\/v2\/articles"}],"about":[{"href":"https:\/\/graziamagazine.com\/es\/wp-json\/wp\/v2\/types\/articles"}],"author":[{"embeddable":true,"href":"https:\/\/graziamagazine.com\/es\/wp-json\/wp\/v2\/users\/11653"}],"wp:featuredmedia":[{"embeddable":true,"href":"https:\/\/graziamagazine.com\/es\/wp-json\/wp\/v2\/media\/181499"}],"wp:attachment":[{"href":"https:\/\/graziamagazine.com\/es\/wp-json\/wp\/v2\/media?parent=181485"}],"wp:term":[{"taxonomy":"category","embeddable":true,"href":"https:\/\/graziamagazine.com\/es\/wp-json\/wp\/v2\/categories?post=181485"}],"curies":[{"name":"wp","href":"https:\/\/api.w.org\/{rel}","templated":true}]}}