{"id":181291,"date":"2024-12-20T09:00:32","date_gmt":"2024-12-20T08:00:32","guid":{"rendered":"https:\/\/graziamagazine.com\/es\/?post_type=articles&#038;p=181291"},"modified":"2024-12-19T22:16:47","modified_gmt":"2024-12-19T21:16:47","slug":"abre-en-madrid-la-primera-tienda-miniso-land-de-europa","status":"publish","type":"articles","link":"https:\/\/graziamagazine.com\/es\/articles\/abre-en-madrid-la-primera-tienda-miniso-land-de-europa\/","title":{"rendered":"Abre en Madrid la primera tienda MINISO Land de Europa"},"content":{"rendered":"<p>La capital est\u00e1 de enhorabuena y es que acaba de abrir sus puertas un nuevo templo para los amantes de los productos que llegan del mercado oriental. En una de las grandes arterias madrile\u00f1as, la Gran V\u00eda, se encuentra la primera tienda MINISO Land de Europa, un espacio que contin\u00faa la estela de la primera tienda de estas caracter\u00edsticas que se inaugur\u00f3 en Shanh\u00e1i en el mes de octubre.<\/p>\n<p>Este espacio se convierte en la mayor apuesta de la marca en Europa, tras las aperturas en localizaciones de prestigio mundial como Times Square (Nueva York), Campos El\u00edseos (Par\u00eds) u Oxford Street (Londres).\u00a0<b>Este espacio trae por primera vez a Europa la nueva experiencia de compra bajo el concepto \u00abMINISO IP Store\u00bb,<\/b>\u00a0creando un entorno lleno de diversi\u00f3n y entretenimiento para consumidor<\/p>\n<blockquote><p><span data-olk-copy-source=\"MessageBody\">La primera MINISO Land se inaugur\u00f3 en Shangh\u00e1i (China) en octubre, creando una gran expectaci\u00f3n y batiendo el r\u00e9cord de ventas de la marca<\/span><\/p><\/blockquote>\n<p><img loading=\"lazy\" decoding=\"async\" class=\"aligncenter size-full wp-image-181292\" src=\"https:\/\/graziamagazine.com\/es\/wp-content\/uploads\/sites\/12\/2024\/12\/MinisoGranVia-16-copia-scaled.jpeg\" alt=\"\" width=\"2560\" height=\"926\" srcset=\"https:\/\/graziamagazine.com\/es\/wp-content\/uploads\/sites\/12\/2024\/12\/MinisoGranVia-16-copia-scaled.jpeg 2560w, https:\/\/graziamagazine.com\/es\/wp-content\/uploads\/sites\/12\/2024\/12\/MinisoGranVia-16-copia-300x109.jpeg 300w, https:\/\/graziamagazine.com\/es\/wp-content\/uploads\/sites\/12\/2024\/12\/MinisoGranVia-16-copia-1024x370.jpeg 1024w, https:\/\/graziamagazine.com\/es\/wp-content\/uploads\/sites\/12\/2024\/12\/MinisoGranVia-16-copia-768x278.jpeg 768w, https:\/\/graziamagazine.com\/es\/wp-content\/uploads\/sites\/12\/2024\/12\/MinisoGranVia-16-copia-1536x556.jpeg 1536w, https:\/\/graziamagazine.com\/es\/wp-content\/uploads\/sites\/12\/2024\/12\/MinisoGranVia-16-copia-2048x741.jpeg 2048w, https:\/\/graziamagazine.com\/es\/wp-content\/uploads\/sites\/12\/2024\/12\/MinisoGranVia-16-copia-400x145.jpeg 400w, https:\/\/graziamagazine.com\/es\/wp-content\/uploads\/sites\/12\/2024\/12\/MinisoGranVia-16-copia-155x56.jpeg 155w\" sizes=\"(max-width: 2560px) 100vw, 2560px\" \/><\/p>\n<h3>Un flasgship lleno de experiencias<\/h3>\n<p>Esta nueva tienda con<b>\u00a0m\u00e1s de mil metros cuadrados\u00a0<\/b>es uno de los locales m\u00e1s grandes a nivel comercial y m\u00e1s codiciados de la capital espa\u00f1ola. As\u00ed, MINISO vuelve a revolucionar el mercado con este espacio pionero\u00a0que se convierte en una\u00a0<b>tienda\u00a0<\/b><b>de licencias coleccionables con m\u00e1s de 6 mil referencias \u2013\u00a0<\/b><i>de las cuales el 70% corresponden a licencias<\/i><b>&#8211;\u00a0<\/b>en constante rotaci\u00f3n de sagas ic\u00f3nicas\u00a0que cuentan con\u00a0<b>legiones de fans en todo el mundo<\/b>, como la reci\u00e9n llegada\u00a0<b>Harry Potter\u00a0<\/b>hasta las populares colaboraciones con<b>\u00a0<\/b><b>Sanrio, Disney, Stitch<\/b>,\u00a0<b>Minions, Winnie de Pooh, Hello Kitty o BT21<\/b>. El dise\u00f1o de la tienda crea una forma \u00fanica <span data-olk-copy-source=\"MessageBody\">e inolvidable de comprar y jugar en un entorno basado en escenarios.<\/span><\/p>\n<p><img loading=\"lazy\" decoding=\"async\" class=\"aligncenter size-full wp-image-181296\" src=\"https:\/\/graziamagazine.com\/es\/wp-content\/uploads\/sites\/12\/2024\/12\/MinisoGranVia-2-copia-scaled.jpeg\" alt=\"\" width=\"2560\" height=\"1706\" srcset=\"https:\/\/graziamagazine.com\/es\/wp-content\/uploads\/sites\/12\/2024\/12\/MinisoGranVia-2-copia-scaled.jpeg 2560w, https:\/\/graziamagazine.com\/es\/wp-content\/uploads\/sites\/12\/2024\/12\/MinisoGranVia-2-copia-300x200.jpeg 300w, https:\/\/graziamagazine.com\/es\/wp-content\/uploads\/sites\/12\/2024\/12\/MinisoGranVia-2-copia-1024x683.jpeg 1024w, https:\/\/graziamagazine.com\/es\/wp-content\/uploads\/sites\/12\/2024\/12\/MinisoGranVia-2-copia-768x512.jpeg 768w, https:\/\/graziamagazine.com\/es\/wp-content\/uploads\/sites\/12\/2024\/12\/MinisoGranVia-2-copia-1536x1024.jpeg 1536w, https:\/\/graziamagazine.com\/es\/wp-content\/uploads\/sites\/12\/2024\/12\/MinisoGranVia-2-copia-2048x1365.jpeg 2048w, https:\/\/graziamagazine.com\/es\/wp-content\/uploads\/sites\/12\/2024\/12\/MinisoGranVia-2-copia-400x267.jpeg 400w, https:\/\/graziamagazine.com\/es\/wp-content\/uploads\/sites\/12\/2024\/12\/MinisoGranVia-2-copia-155x103.jpeg 155w\" sizes=\"(max-width: 2560px) 100vw, 2560px\" \/><\/p>\n<p class=\"x_m7101550305080806247m-8745504072196228081msolistparagraph\" data-olk-copy-source=\"MessageBody\">Adem\u00e1s de las colecciones, las dos plantas de la tienda est\u00e1n llenas de\u00a0juguetes, productos de deporte, cosm\u00e9tica y belleza, electr\u00f3nica, hogar, viaje, papeler\u00eda, mascotas, alimentaci\u00f3n, bolsos y accesorios. Muchos de los productos de MINISO cuentan con\u00a0<b>premios internacionales de dise\u00f1o<\/b>, lo que refleja el esfuerzo por unir funcionalidad y l\u00edneas innovadoras.<\/p>\n<p data-olk-copy-source=\"MessageBody\"><i data-olk-copy-source=\"MessageBody\">\u201cEstamos felices de<\/i>\u00a0<i>abrir esta nueva tienda insignia que, sin duda, muestra la filosof\u00eda de la alegr\u00eda de MINISO, impregnando con ella la Gran V\u00eda, una de las v\u00edas comerciales m\u00e1s transitadas del mundo, justo a tiempo para la temporada navide\u00f1a.\u00a0<\/i><i>Este formato de tienda de alto nivel muestra\u00a0<\/i><i>perfectamente todas nuestras licencias, acompa\u00f1adas de una experiencia de compra divertida y \u00fanica, que encarna el lema de MINISO \u201clife is for fun<\/i><i>\u201d,<\/i>\u00a0apunta Ana Rivera, CEO de MINISO Espa\u00f1a.<\/p>\n<p data-olk-copy-source=\"MessageBody\"><img loading=\"lazy\" decoding=\"async\" class=\"aligncenter size-full wp-image-181294\" src=\"https:\/\/graziamagazine.com\/es\/wp-content\/uploads\/sites\/12\/2024\/12\/MinisoGranVia-5-copia-scaled.jpeg\" alt=\"\" width=\"1909\" height=\"2560\" srcset=\"https:\/\/graziamagazine.com\/es\/wp-content\/uploads\/sites\/12\/2024\/12\/MinisoGranVia-5-copia-scaled.jpeg 1909w, https:\/\/graziamagazine.com\/es\/wp-content\/uploads\/sites\/12\/2024\/12\/MinisoGranVia-5-copia-224x300.jpeg 224w, https:\/\/graziamagazine.com\/es\/wp-content\/uploads\/sites\/12\/2024\/12\/MinisoGranVia-5-copia-763x1024.jpeg 763w, https:\/\/graziamagazine.com\/es\/wp-content\/uploads\/sites\/12\/2024\/12\/MinisoGranVia-5-copia-768x1030.jpeg 768w, https:\/\/graziamagazine.com\/es\/wp-content\/uploads\/sites\/12\/2024\/12\/MinisoGranVia-5-copia-1145x1536.jpeg 1145w, https:\/\/graziamagazine.com\/es\/wp-content\/uploads\/sites\/12\/2024\/12\/MinisoGranVia-5-copia-1527x2048.jpeg 1527w, https:\/\/graziamagazine.com\/es\/wp-content\/uploads\/sites\/12\/2024\/12\/MinisoGranVia-5-copia-400x536.jpeg 400w, https:\/\/graziamagazine.com\/es\/wp-content\/uploads\/sites\/12\/2024\/12\/MinisoGranVia-5-copia-155x208.jpeg 155w\" sizes=\"(max-width: 1909px) 100vw, 1909px\" \/><\/p>\n<h3 data-olk-copy-source=\"MessageBody\">Un espacio para las cajas sorpresas<\/h3>\n<p class=\"x_MsoNormal\">Entre los productos que los clientes pueden encontrar en el \u00e1rea exclusiva de la nueva tienda de Gran V\u00eda son sus\u00a0ic\u00f3nicas cajas sorpresa conocidas como\u00a0<b>Blind Box\u00a0<\/b>y que tienen miles de fans en todo el mundo.<\/p>\n<p class=\"x_MsoNormal\">MINISO apuesta por esta evoluci\u00f3n de sus tiendas con el objetivo de dar respuesta a la\u00a0<b>demanda creciente de este producto de coleccionismo con millones de seguidores de todas las edades<\/b>. Estos productos tienen una rotaci\u00f3n que implica la introducci\u00f3n de\u00a0<b>entre 4 y 10 nuevas colecciones al mes<\/b>, o la actualizaci\u00f3n de las existentes para responder al inter\u00e9s y movimiento coleccionista. Adem\u00e1s, el aspecto est\u00e9tico del packaging es otro de los grandes atractivos de estos elementos de colecci\u00f3n, lo que ha hecho que el contenido de \u201cunboxing\u201d crezca en redes sociales como TikTok, donde este tipo de contenido cuenta con\u00a0<b>m\u00e1s de 245 millones de visualizaciones y supera las 13.600 publicaciones.<\/b><\/p>\n<p><img decoding=\"async\" src=\"https:\/\/bmemea.egnyte.com\/dd\/HUQxJFrii8\/?entryId=486dc828-b209-4a4e-b710-f34339ef6c30&amp;thumbNail=1&amp;w=1200&amp;h=1200&amp;type=proportional&amp;preview=true\" alt=\"image preview\" \/><\/p>\n<p>\u00bfD\u00f3nde? Gran V\u00eda 48 (Madrid)<\/p>\n<p><em>*Im\u00e1genes: cortes\u00eda<\/em><\/p>\n","protected":false},"author":11653,"featured_media":181295,"template":"","format":"standard","categories":[2971],"acf":{"banner":""},"yoast_head":"<!-- This site is optimized with the Yoast SEO Premium plugin v18.5 (Yoast SEO v20.4) - https:\/\/yoast.com\/wordpress\/plugins\/seo\/ -->\n<title>Abre en Madrid la primera tienda Miniso Land de Europa<\/title>\n<meta name=\"description\" content=\"La tienda de m\u00e1s de mil metros cuadrados contar\u00e1 con m\u00e1s de 6 mil referencias en dos plantas llenas de productos.\" \/>\n<meta name=\"robots\" content=\"index, follow, max-snippet:-1, max-image-preview:large, max-video-preview:-1\" \/>\n<link rel=\"canonical\" href=\"https:\/\/graziamagazine.com\/es\/articles\/abre-en-madrid-la-primera-tienda-miniso-land-de-europa\/\" \/>\n<meta property=\"og:locale\" content=\"es_ES\" \/>\n<meta property=\"og:type\" content=\"article\" \/>\n<meta property=\"og:title\" content=\"Abre en Madrid la primera tienda MINISO Land de Europa\" \/>\n<meta property=\"og:description\" content=\"La tienda de m\u00e1s de mil metros cuadrados contar\u00e1 con m\u00e1s de 6 mil referencias en dos plantas llenas de productos.\" \/>\n<meta property=\"og:url\" content=\"https:\/\/graziamagazine.com\/es\/articles\/abre-en-madrid-la-primera-tienda-miniso-land-de-europa\/\" \/>\n<meta property=\"og:site_name\" content=\"Grazia\" \/>\n<meta property=\"article:modified_time\" content=\"2024-12-19T21:16:47+00:00\" \/>\n<meta property=\"og:image\" content=\"https:\/\/graziamagazine.com\/es\/wp-content\/uploads\/sites\/12\/2024\/12\/MinisoGranVia-4-copia-scaled.jpeg\" \/>\n\t<meta property=\"og:image:width\" content=\"2560\" \/>\n\t<meta property=\"og:image:height\" content=\"1706\" \/>\n\t<meta property=\"og:image:type\" content=\"image\/jpeg\" \/>\n<meta name=\"twitter:card\" content=\"summary_large_image\" \/>\n<meta name=\"twitter:label1\" content=\"Est. reading time\" \/>\n\t<meta name=\"twitter:data1\" content=\"4 minutos\" \/>\n<script type=\"application\/ld+json\" class=\"yoast-schema-graph\">{\"@context\":\"https:\/\/schema.org\",\"@graph\":[{\"@type\":\"WebPage\",\"@id\":\"https:\/\/graziamagazine.com\/es\/articles\/abre-en-madrid-la-primera-tienda-miniso-land-de-europa\/\",\"url\":\"https:\/\/graziamagazine.com\/es\/articles\/abre-en-madrid-la-primera-tienda-miniso-land-de-europa\/\",\"name\":\"Abre en Madrid la primera tienda Miniso Land de Europa\",\"isPartOf\":{\"@id\":\"https:\/\/graziamagazine.com\/es\/#website\"},\"datePublished\":\"2024-12-20T08:00:32+00:00\",\"dateModified\":\"2024-12-19T21:16:47+00:00\",\"description\":\"La tienda de m\u00e1s de mil metros cuadrados contar\u00e1 con m\u00e1s de 6 mil referencias en dos plantas llenas de productos.\",\"breadcrumb\":{\"@id\":\"https:\/\/graziamagazine.com\/es\/articles\/abre-en-madrid-la-primera-tienda-miniso-land-de-europa\/#breadcrumb\"},\"inLanguage\":\"es\",\"potentialAction\":[{\"@type\":\"ReadAction\",\"target\":[\"https:\/\/graziamagazine.com\/es\/articles\/abre-en-madrid-la-primera-tienda-miniso-land-de-europa\/\"]}]},{\"@type\":\"BreadcrumbList\",\"@id\":\"https:\/\/graziamagazine.com\/es\/articles\/abre-en-madrid-la-primera-tienda-miniso-land-de-europa\/#breadcrumb\",\"itemListElement\":[{\"@type\":\"ListItem\",\"position\":1,\"name\":\"Portada\",\"item\":\"https:\/\/graziamagazine.com\/es\/\"},{\"@type\":\"ListItem\",\"position\":2,\"name\":\"Abre en Madrid la primera tienda MINISO Land de Europa\"}]},{\"@type\":\"WebSite\",\"@id\":\"https:\/\/graziamagazine.com\/es\/#website\",\"url\":\"https:\/\/graziamagazine.com\/es\/\",\"name\":\"Grazia\",\"description\":\"Moda, belleza, celebrities, estilo de vida...\",\"potentialAction\":[{\"@type\":\"SearchAction\",\"target\":{\"@type\":\"EntryPoint\",\"urlTemplate\":\"https:\/\/graziamagazine.com\/es\/?s={search_term_string}\"},\"query-input\":\"required name=search_term_string\"}],\"inLanguage\":\"es\"}]}<\/script>\n<!-- \/ Yoast SEO Premium plugin. -->","yoast_head_json":{"title":"Abre en Madrid la primera tienda Miniso Land de Europa","description":"La tienda de m\u00e1s de mil metros cuadrados contar\u00e1 con m\u00e1s de 6 mil referencias en dos plantas llenas de productos.","robots":{"index":"index","follow":"follow","max-snippet":"max-snippet:-1","max-image-preview":"max-image-preview:large","max-video-preview":"max-video-preview:-1"},"canonical":"https:\/\/graziamagazine.com\/es\/articles\/abre-en-madrid-la-primera-tienda-miniso-land-de-europa\/","og_locale":"es_ES","og_type":"article","og_title":"Abre en Madrid la primera tienda MINISO Land de Europa","og_description":"La tienda de m\u00e1s de mil metros cuadrados contar\u00e1 con m\u00e1s de 6 mil referencias en dos plantas llenas de productos.","og_url":"https:\/\/graziamagazine.com\/es\/articles\/abre-en-madrid-la-primera-tienda-miniso-land-de-europa\/","og_site_name":"Grazia","article_modified_time":"2024-12-19T21:16:47+00:00","og_image":[{"width":2560,"height":1706,"url":"https:\/\/graziamagazine.com\/es\/wp-content\/uploads\/sites\/12\/2024\/12\/MinisoGranVia-4-copia-scaled.jpeg","type":"image\/jpeg"}],"twitter_card":"summary_large_image","twitter_misc":{"Est. reading time":"4 minutos"},"schema":{"@context":"https:\/\/schema.org","@graph":[{"@type":"WebPage","@id":"https:\/\/graziamagazine.com\/es\/articles\/abre-en-madrid-la-primera-tienda-miniso-land-de-europa\/","url":"https:\/\/graziamagazine.com\/es\/articles\/abre-en-madrid-la-primera-tienda-miniso-land-de-europa\/","name":"Abre en Madrid la primera tienda Miniso Land de Europa","isPartOf":{"@id":"https:\/\/graziamagazine.com\/es\/#website"},"datePublished":"2024-12-20T08:00:32+00:00","dateModified":"2024-12-19T21:16:47+00:00","description":"La tienda de m\u00e1s de mil metros cuadrados contar\u00e1 con m\u00e1s de 6 mil referencias en dos plantas llenas de productos.","breadcrumb":{"@id":"https:\/\/graziamagazine.com\/es\/articles\/abre-en-madrid-la-primera-tienda-miniso-land-de-europa\/#breadcrumb"},"inLanguage":"es","potentialAction":[{"@type":"ReadAction","target":["https:\/\/graziamagazine.com\/es\/articles\/abre-en-madrid-la-primera-tienda-miniso-land-de-europa\/"]}]},{"@type":"BreadcrumbList","@id":"https:\/\/graziamagazine.com\/es\/articles\/abre-en-madrid-la-primera-tienda-miniso-land-de-europa\/#breadcrumb","itemListElement":[{"@type":"ListItem","position":1,"name":"Portada","item":"https:\/\/graziamagazine.com\/es\/"},{"@type":"ListItem","position":2,"name":"Abre en Madrid la primera tienda MINISO Land de Europa"}]},{"@type":"WebSite","@id":"https:\/\/graziamagazine.com\/es\/#website","url":"https:\/\/graziamagazine.com\/es\/","name":"Grazia","description":"Moda, belleza, celebrities, estilo de vida...","potentialAction":[{"@type":"SearchAction","target":{"@type":"EntryPoint","urlTemplate":"https:\/\/graziamagazine.com\/es\/?s={search_term_string}"},"query-input":"required name=search_term_string"}],"inLanguage":"es"}]}},"jetpack_sharing_enabled":true,"distributor_meta":false,"distributor_terms":false,"distributor_media":false,"distributor_original_site_name":"Grazia","distributor_original_site_url":"https:\/\/graziamagazine.com\/es","push-errors":false,"_links":{"self":[{"href":"https:\/\/graziamagazine.com\/es\/wp-json\/wp\/v2\/articles\/181291"}],"collection":[{"href":"https:\/\/graziamagazine.com\/es\/wp-json\/wp\/v2\/articles"}],"about":[{"href":"https:\/\/graziamagazine.com\/es\/wp-json\/wp\/v2\/types\/articles"}],"author":[{"embeddable":true,"href":"https:\/\/graziamagazine.com\/es\/wp-json\/wp\/v2\/users\/11653"}],"wp:featuredmedia":[{"embeddable":true,"href":"https:\/\/graziamagazine.com\/es\/wp-json\/wp\/v2\/media\/181295"}],"wp:attachment":[{"href":"https:\/\/graziamagazine.com\/es\/wp-json\/wp\/v2\/media?parent=181291"}],"wp:term":[{"taxonomy":"category","embeddable":true,"href":"https:\/\/graziamagazine.com\/es\/wp-json\/wp\/v2\/categories?post=181291"}],"curies":[{"name":"wp","href":"https:\/\/api.w.org\/{rel}","templated":true}]}}