{"id":181281,"date":"2024-12-19T15:27:01","date_gmt":"2024-12-19T14:27:01","guid":{"rendered":"https:\/\/graziamagazine.com\/es\/?post_type=articles&#038;p=181281"},"modified":"2024-12-19T15:27:01","modified_gmt":"2024-12-19T14:27:01","slug":"20-anos-de-carcel-para-dominique-pelicot","status":"publish","type":"articles","link":"https:\/\/graziamagazine.com\/es\/articles\/20-anos-de-carcel-para-dominique-pelicot\/","title":{"rendered":"20 a\u00f1os de c\u00e1rcel para Dominique Pelicot"},"content":{"rendered":"<p>El caso de Gis\u00e8le Pelicot ha conmocionado a Francia y al mundo durante los \u00faltimos meses, revelando una serie de abusos sexuales perpetrados durante casi una d\u00e9cada. Hoy ese horror ha llegado a su fin ya que el tribunal penal de Avi\u00f1\u00f3n ha dictado una sentencia ejemplar en uno de los casos de violencia sexual m\u00e1s atroces de los \u00faltimos a\u00f1os. Dominique Pelicot, de 73 a\u00f1os, fue condenado a la pena m\u00e1xima de 20 a\u00f1os de prisi\u00f3n por drogar y violar repetidamente a su esposa, Gis\u00e8le Pelicot, adem\u00e1s de facilitar que otros hombres abusaran de ella mientras se encontraba inconsciente.<\/p>\n<p>Este fallo pone fin a casi una d\u00e9cada de horror para la v\u00edctima, quien mostr\u00f3 una valent\u00eda admirable al renunciar a su anonimato para visibilizar la gravedad de su caso.<\/p>\n<h3><strong>Un caso que sacudi\u00f3 a la opini\u00f3n p\u00fablica<\/strong><\/h3>\n<p>Durante a\u00f1os, Gis\u00e8le Pelicot, de 72 a\u00f1os, fue sometida a abusos sistem\u00e1ticos mientras era drogada sin su conocimiento. Su esposo no solo la violent\u00f3 directamente, sino que tambi\u00e9n organiz\u00f3 encuentros para que m\u00e1s de 50 hombres participaran en las agresiones. Las pruebas, obtenidas de grabaciones realizadas por el propio agresor, fueron fundamentales para esclarecer los hechos.<\/p>\n<p>El tribunal tambi\u00e9n juzg\u00f3 a los otros implicados, dictando penas que en total superan los 400 a\u00f1os de prisi\u00f3n. Sin embargo, algunas condenas resultaron ser menores de lo solicitado por la Fiscal\u00eda, lo que ha generado un debate sobre la proporcionalidad de las penas en delitos de violencia sexual.<\/p>\n<blockquote><p>Gis\u00e8le Pelicot quiso que el juicio fuera abierto para que la verg\u00fcenza cambiara de bando<\/p><\/blockquote>\n<p><img loading=\"lazy\" decoding=\"async\" class=\"aligncenter size-full wp-image-181284\" src=\"https:\/\/graziamagazine.com\/es\/wp-content\/uploads\/sites\/12\/2024\/12\/gettyimages_1726702697_3460155359433335716_264373139.jpg\" alt=\"\" width=\"1439\" height=\"959\" srcset=\"https:\/\/graziamagazine.com\/es\/wp-content\/uploads\/sites\/12\/2024\/12\/gettyimages_1726702697_3460155359433335716_264373139.jpg 1439w, https:\/\/graziamagazine.com\/es\/wp-content\/uploads\/sites\/12\/2024\/12\/gettyimages_1726702697_3460155359433335716_264373139-300x200.jpg 300w, https:\/\/graziamagazine.com\/es\/wp-content\/uploads\/sites\/12\/2024\/12\/gettyimages_1726702697_3460155359433335716_264373139-1024x682.jpg 1024w, https:\/\/graziamagazine.com\/es\/wp-content\/uploads\/sites\/12\/2024\/12\/gettyimages_1726702697_3460155359433335716_264373139-768x512.jpg 768w, https:\/\/graziamagazine.com\/es\/wp-content\/uploads\/sites\/12\/2024\/12\/gettyimages_1726702697_3460155359433335716_264373139-400x267.jpg 400w, https:\/\/graziamagazine.com\/es\/wp-content\/uploads\/sites\/12\/2024\/12\/gettyimages_1726702697_3460155359433335716_264373139-155x103.jpg 155w\" sizes=\"(max-width: 1439px) 100vw, 1439px\" \/><\/p>\n<h3><strong>Gis\u00e8le Pelicot: un s\u00edmbolo de resistencia<\/strong><\/h3>\n<p>Renunciar al anonimato no fue una decisi\u00f3n f\u00e1cil, pero Gis\u00e8le decidi\u00f3 hacerlo para trasladar el peso de la verg\u00fcenza desde las v\u00edctimas hacia los agresores. En sus propias palabras, su objetivo es que \u00abla verg\u00fcenza cambie de bando\u00bb y que las v\u00edctimas de violencia sexual puedan sentirse respaldadas y reconocidas.<\/p>\n<p>Tras el fallo, Gis\u00e8le expres\u00f3 su esperanza de que este caso impulse cambios profundos en la percepci\u00f3n social de la violencia de g\u00e9nero y en la lucha contra la cultura de la violaci\u00f3n.<\/p>\n<p>El caso Pelicot ha puesto de manifiesto la necesidad urgente de abordar la violencia sexual con mayor firmeza en Francia y en el resto de Europa. La ministra de Igualdad francesa calific\u00f3 a Gis\u00e8le como \u00abuna mujer que ha enfrentado al machismo y la cultura de la violaci\u00f3n\u00bb, destacando que este juicio debe marcar un antes y un despu\u00e9s en la protecci\u00f3n de las v\u00edctimas.<\/p>\n<p>En Espa\u00f1a, colectivos feministas han se\u00f1alado el caso como un ejemplo de c\u00f3mo la justicia puede actuar de manera contundente frente a los delitos sexuales. Sin embargo, tambi\u00e9n han subrayado la importancia de garantizar que las penas sean proporcionales y que las v\u00edctimas reciban apoyo integral.<\/p>\n<p><img loading=\"lazy\" decoding=\"async\" class=\"aligncenter size-full wp-image-181282\" src=\"https:\/\/graziamagazine.com\/es\/wp-content\/uploads\/sites\/12\/2024\/12\/gisele-pelicot-recibida-por-cientos-de-mujeres-a-las-puertas-del-juzgado-de-avinon-el-27-de-noviembre-de-2024.jpeg\" alt=\"\" width=\"1200\" height=\"720\" srcset=\"https:\/\/graziamagazine.com\/es\/wp-content\/uploads\/sites\/12\/2024\/12\/gisele-pelicot-recibida-por-cientos-de-mujeres-a-las-puertas-del-juzgado-de-avinon-el-27-de-noviembre-de-2024.jpeg 1200w, https:\/\/graziamagazine.com\/es\/wp-content\/uploads\/sites\/12\/2024\/12\/gisele-pelicot-recibida-por-cientos-de-mujeres-a-las-puertas-del-juzgado-de-avinon-el-27-de-noviembre-de-2024-300x180.jpeg 300w, https:\/\/graziamagazine.com\/es\/wp-content\/uploads\/sites\/12\/2024\/12\/gisele-pelicot-recibida-por-cientos-de-mujeres-a-las-puertas-del-juzgado-de-avinon-el-27-de-noviembre-de-2024-1024x614.jpeg 1024w, https:\/\/graziamagazine.com\/es\/wp-content\/uploads\/sites\/12\/2024\/12\/gisele-pelicot-recibida-por-cientos-de-mujeres-a-las-puertas-del-juzgado-de-avinon-el-27-de-noviembre-de-2024-768x461.jpeg 768w, https:\/\/graziamagazine.com\/es\/wp-content\/uploads\/sites\/12\/2024\/12\/gisele-pelicot-recibida-por-cientos-de-mujeres-a-las-puertas-del-juzgado-de-avinon-el-27-de-noviembre-de-2024-400x240.jpeg 400w, https:\/\/graziamagazine.com\/es\/wp-content\/uploads\/sites\/12\/2024\/12\/gisele-pelicot-recibida-por-cientos-de-mujeres-a-las-puertas-del-juzgado-de-avinon-el-27-de-noviembre-de-2024-155x93.jpeg 155w\" sizes=\"(max-width: 1200px) 100vw, 1200px\" \/><\/p>\n<h3><strong>Un precedente en la lucha contra la violencia sexual<\/strong><\/h3>\n<p>Este caso no solo establece un precedente legal, sino que tambi\u00e9n subraya la importancia de la denuncia y la visibilizaci\u00f3n para combatir la violencia de g\u00e9nero. La valent\u00eda de Gis\u00e8le Pelicot ha permitido que se haga justicia, y su testimonio sigue inspirando a otras mujeres a alzar la voz.<\/p>\n<p>Con esta sentencia, el mensaje es claro: los agresores no quedar\u00e1n impunes, y las v\u00edctimas no est\u00e1n solas. Este fallo hist\u00f3rico ser\u00e1 recordado como un paso m\u00e1s hacia una sociedad libre de violencia y basada en el respeto y la dignidad de todas las personas.<\/p>\n<p><em>*Im\u00e1genes: Getty Images<\/em><\/p>\n","protected":false},"author":11653,"featured_media":181285,"template":"","format":"standard","categories":[2971],"acf":{"banner":""},"yoast_head":"<!-- This site is optimized with the Yoast SEO Premium plugin v18.5 (Yoast SEO v20.4) - https:\/\/yoast.com\/wordpress\/plugins\/seo\/ -->\n<title>20 a\u00f1os de c\u00e1rcel para Dominique Pelicot<\/title>\n<meta name=\"description\" content=\"El principal acusado, exmarido de la v\u00edctima, ha sido considerado responsable de todos los cargos y recibe la pena m\u00e1xima en Francia.\" \/>\n<meta name=\"robots\" content=\"index, follow, max-snippet:-1, max-image-preview:large, max-video-preview:-1\" \/>\n<link rel=\"canonical\" href=\"https:\/\/graziamagazine.com\/es\/articles\/20-anos-de-carcel-para-dominique-pelicot\/\" \/>\n<meta property=\"og:locale\" content=\"es_ES\" \/>\n<meta property=\"og:type\" content=\"article\" \/>\n<meta property=\"og:title\" content=\"20 a\u00f1os de c\u00e1rcel para Dominique Pelicot\" \/>\n<meta property=\"og:description\" content=\"El principal acusado, exmarido de la v\u00edctima, ha sido considerado responsable de todos los cargos y recibe la pena m\u00e1xima en Francia.\" \/>\n<meta property=\"og:url\" content=\"https:\/\/graziamagazine.com\/es\/articles\/20-anos-de-carcel-para-dominique-pelicot\/\" \/>\n<meta property=\"og:site_name\" content=\"Grazia\" \/>\n<meta property=\"og:image\" content=\"https:\/\/graziamagazine.com\/es\/wp-content\/uploads\/sites\/12\/2024\/12\/Gisele-Pelicot-violacion-scaled-copia.jpg\" \/>\n\t<meta property=\"og:image:width\" content=\"2560\" \/>\n\t<meta property=\"og:image:height\" content=\"1707\" \/>\n\t<meta property=\"og:image:type\" content=\"image\/jpeg\" \/>\n<meta name=\"twitter:card\" content=\"summary_large_image\" \/>\n<meta name=\"twitter:label1\" content=\"Est. reading time\" \/>\n\t<meta name=\"twitter:data1\" content=\"3 minutos\" \/>\n<script type=\"application\/ld+json\" class=\"yoast-schema-graph\">{\"@context\":\"https:\/\/schema.org\",\"@graph\":[{\"@type\":\"WebPage\",\"@id\":\"https:\/\/graziamagazine.com\/es\/articles\/20-anos-de-carcel-para-dominique-pelicot\/\",\"url\":\"https:\/\/graziamagazine.com\/es\/articles\/20-anos-de-carcel-para-dominique-pelicot\/\",\"name\":\"20 a\u00f1os de c\u00e1rcel para Dominique Pelicot\",\"isPartOf\":{\"@id\":\"https:\/\/graziamagazine.com\/es\/#website\"},\"datePublished\":\"2024-12-19T14:27:01+00:00\",\"dateModified\":\"2024-12-19T14:27:01+00:00\",\"description\":\"El principal acusado, exmarido de la v\u00edctima, ha sido considerado responsable de todos los cargos y recibe la pena m\u00e1xima en Francia.\",\"breadcrumb\":{\"@id\":\"https:\/\/graziamagazine.com\/es\/articles\/20-anos-de-carcel-para-dominique-pelicot\/#breadcrumb\"},\"inLanguage\":\"es\",\"potentialAction\":[{\"@type\":\"ReadAction\",\"target\":[\"https:\/\/graziamagazine.com\/es\/articles\/20-anos-de-carcel-para-dominique-pelicot\/\"]}]},{\"@type\":\"BreadcrumbList\",\"@id\":\"https:\/\/graziamagazine.com\/es\/articles\/20-anos-de-carcel-para-dominique-pelicot\/#breadcrumb\",\"itemListElement\":[{\"@type\":\"ListItem\",\"position\":1,\"name\":\"Portada\",\"item\":\"https:\/\/graziamagazine.com\/es\/\"},{\"@type\":\"ListItem\",\"position\":2,\"name\":\"20 a\u00f1os de c\u00e1rcel para Dominique Pelicot\"}]},{\"@type\":\"WebSite\",\"@id\":\"https:\/\/graziamagazine.com\/es\/#website\",\"url\":\"https:\/\/graziamagazine.com\/es\/\",\"name\":\"Grazia\",\"description\":\"Moda, belleza, celebrities, estilo de vida...\",\"potentialAction\":[{\"@type\":\"SearchAction\",\"target\":{\"@type\":\"EntryPoint\",\"urlTemplate\":\"https:\/\/graziamagazine.com\/es\/?s={search_term_string}\"},\"query-input\":\"required name=search_term_string\"}],\"inLanguage\":\"es\"}]}<\/script>\n<!-- \/ Yoast SEO Premium plugin. -->","yoast_head_json":{"title":"20 a\u00f1os de c\u00e1rcel para Dominique Pelicot","description":"El principal acusado, exmarido de la v\u00edctima, ha sido considerado responsable de todos los cargos y recibe la pena m\u00e1xima en Francia.","robots":{"index":"index","follow":"follow","max-snippet":"max-snippet:-1","max-image-preview":"max-image-preview:large","max-video-preview":"max-video-preview:-1"},"canonical":"https:\/\/graziamagazine.com\/es\/articles\/20-anos-de-carcel-para-dominique-pelicot\/","og_locale":"es_ES","og_type":"article","og_title":"20 a\u00f1os de c\u00e1rcel para Dominique Pelicot","og_description":"El principal acusado, exmarido de la v\u00edctima, ha sido considerado responsable de todos los cargos y recibe la pena m\u00e1xima en Francia.","og_url":"https:\/\/graziamagazine.com\/es\/articles\/20-anos-de-carcel-para-dominique-pelicot\/","og_site_name":"Grazia","og_image":[{"width":2560,"height":1707,"url":"https:\/\/graziamagazine.com\/es\/wp-content\/uploads\/sites\/12\/2024\/12\/Gisele-Pelicot-violacion-scaled-copia.jpg","type":"image\/jpeg"}],"twitter_card":"summary_large_image","twitter_misc":{"Est. reading time":"3 minutos"},"schema":{"@context":"https:\/\/schema.org","@graph":[{"@type":"WebPage","@id":"https:\/\/graziamagazine.com\/es\/articles\/20-anos-de-carcel-para-dominique-pelicot\/","url":"https:\/\/graziamagazine.com\/es\/articles\/20-anos-de-carcel-para-dominique-pelicot\/","name":"20 a\u00f1os de c\u00e1rcel para Dominique Pelicot","isPartOf":{"@id":"https:\/\/graziamagazine.com\/es\/#website"},"datePublished":"2024-12-19T14:27:01+00:00","dateModified":"2024-12-19T14:27:01+00:00","description":"El principal acusado, exmarido de la v\u00edctima, ha sido considerado responsable de todos los cargos y recibe la pena m\u00e1xima en Francia.","breadcrumb":{"@id":"https:\/\/graziamagazine.com\/es\/articles\/20-anos-de-carcel-para-dominique-pelicot\/#breadcrumb"},"inLanguage":"es","potentialAction":[{"@type":"ReadAction","target":["https:\/\/graziamagazine.com\/es\/articles\/20-anos-de-carcel-para-dominique-pelicot\/"]}]},{"@type":"BreadcrumbList","@id":"https:\/\/graziamagazine.com\/es\/articles\/20-anos-de-carcel-para-dominique-pelicot\/#breadcrumb","itemListElement":[{"@type":"ListItem","position":1,"name":"Portada","item":"https:\/\/graziamagazine.com\/es\/"},{"@type":"ListItem","position":2,"name":"20 a\u00f1os de c\u00e1rcel para Dominique Pelicot"}]},{"@type":"WebSite","@id":"https:\/\/graziamagazine.com\/es\/#website","url":"https:\/\/graziamagazine.com\/es\/","name":"Grazia","description":"Moda, belleza, celebrities, estilo de vida...","potentialAction":[{"@type":"SearchAction","target":{"@type":"EntryPoint","urlTemplate":"https:\/\/graziamagazine.com\/es\/?s={search_term_string}"},"query-input":"required name=search_term_string"}],"inLanguage":"es"}]}},"jetpack_sharing_enabled":true,"distributor_meta":false,"distributor_terms":false,"distributor_media":false,"distributor_original_site_name":"Grazia","distributor_original_site_url":"https:\/\/graziamagazine.com\/es","push-errors":false,"_links":{"self":[{"href":"https:\/\/graziamagazine.com\/es\/wp-json\/wp\/v2\/articles\/181281"}],"collection":[{"href":"https:\/\/graziamagazine.com\/es\/wp-json\/wp\/v2\/articles"}],"about":[{"href":"https:\/\/graziamagazine.com\/es\/wp-json\/wp\/v2\/types\/articles"}],"author":[{"embeddable":true,"href":"https:\/\/graziamagazine.com\/es\/wp-json\/wp\/v2\/users\/11653"}],"wp:featuredmedia":[{"embeddable":true,"href":"https:\/\/graziamagazine.com\/es\/wp-json\/wp\/v2\/media\/181285"}],"wp:attachment":[{"href":"https:\/\/graziamagazine.com\/es\/wp-json\/wp\/v2\/media?parent=181281"}],"wp:term":[{"taxonomy":"category","embeddable":true,"href":"https:\/\/graziamagazine.com\/es\/wp-json\/wp\/v2\/categories?post=181281"}],"curies":[{"name":"wp","href":"https:\/\/api.w.org\/{rel}","templated":true}]}}