{"id":181017,"date":"2024-12-11T09:00:50","date_gmt":"2024-12-11T08:00:50","guid":{"rendered":"https:\/\/graziamagazine.com\/es\/?post_type=articles&#038;p=181017"},"modified":"2024-12-11T01:57:59","modified_gmt":"2024-12-11T00:57:59","slug":"mo-de-multiopticas-lanza-su-coleccion-para-la-nieve","status":"publish","type":"articles","link":"https:\/\/graziamagazine.com\/es\/articles\/mo-de-multiopticas-lanza-su-coleccion-para-la-nieve\/","title":{"rendered":"M\u00f3 de Multi\u00f3pticas lanza su colecci\u00f3n para la nieve"},"content":{"rendered":"<p>Despu\u00e9s de un oto\u00f1o bastante c\u00e1lido parece que la inminente llegada del invierno ha tra\u00eddo tambi\u00e9n una bajada considerable de las temperaturas y con ellas la nieve ha llegado a las pistas de esqu\u00ed. Ahora que se acercan las vacaciones de Navidad, si en tus planes est\u00e1 ir a esquiar y quieres darle un nuevo aire a tus <em>outfits<\/em> para ser la reina de las pistas, tenemos una idea que cumple la regla de las tres &#8216;b&#8217;: bueno, bonito y a muy buen precio.<\/p>\n<p><strong>Las gafas de esquiar se han convertido en uno de los accesorios m\u00e1s esenciales para cualquier esquiador o snowboarder<\/strong>, no solo por su funci\u00f3n protectora, sino tambi\u00e9n por su capacidad para mejorar la visibilidad en condiciones de alta monta\u00f1a.<\/p>\n<p>Y es que M\u00f3 de Multi\u00f3pticas acaba de hacer su primera incursi\u00f3n en el mundo de las gafas para la nieve con su primera colecci\u00f3n GSTAAD, inspirada en una de las estaciones de esqu\u00ed m\u00e1s famosas del mundo y con m\u00e1s glamour. En Gstaad, la moda se convierte en una expresi\u00f3n de elegancia atemporal, donde locl\u00e1sico, lo deportivo y lo contempor\u00e1neo se entrelazan.<\/p>\n<h3>la colecci\u00f3n<\/h3>\n<p>La colecci\u00f3n M\u00d3 GSTAAD incluye una cuidada propuesta de gafas RX y de sol para mujer, hombre y colecci\u00f3n de sol para ni\u00f1o en una paleta de colores donde predomina el rojo, el blanco, el negro y el carey. Dentro de la l\u00ednea M\u00d3 SPORT destaca un modelo t\u00e9cnico, <strong>Blackcomb<\/strong>, que combina tecnolog\u00eda de vanguardia, dise\u00f1o ergon\u00f3mico y estilo.<\/p>\n<p><img loading=\"lazy\" decoding=\"async\" class=\"aligncenter size-full wp-image-181019\" src=\"https:\/\/graziamagazine.com\/es\/wp-content\/uploads\/sites\/12\/2024\/12\/Captura-de-pantalla-2024-12-10-110400.png\" alt=\"\" width=\"577\" height=\"877\" srcset=\"https:\/\/graziamagazine.com\/es\/wp-content\/uploads\/sites\/12\/2024\/12\/Captura-de-pantalla-2024-12-10-110400.png 577w, https:\/\/graziamagazine.com\/es\/wp-content\/uploads\/sites\/12\/2024\/12\/Captura-de-pantalla-2024-12-10-110400-197x300.png 197w, https:\/\/graziamagazine.com\/es\/wp-content\/uploads\/sites\/12\/2024\/12\/Captura-de-pantalla-2024-12-10-110400-400x608.png 400w, https:\/\/graziamagazine.com\/es\/wp-content\/uploads\/sites\/12\/2024\/12\/Captura-de-pantalla-2024-12-10-110400-141x215.png 141w\" sizes=\"(max-width: 577px) 100vw, 577px\" \/><\/p>\n<p>Este modelo podemos encontrarlo en dos colores diferentes, ambos ideales para deslizarnos por las pistas de esqu\u00ed. Son una opci\u00f3n elegante y funcional para los entusiastas de los deportes de invierno, proporcionando protecci\u00f3n, comodidad y un amplio campo de visi\u00f3n. Acompa\u00f1ada de un set de lentes intercambiables lente roja espejada y lente naranja antiniebla polarizadas.<\/p>\n<div class=\"content-gallery\"><div class=\"gallery-placeholder\"><div class=\"spinner\"><\/div><\/div><span class=\"gallery-pagination\"><\/span><div id=\"gallery-1\" class=\"gallery galleryid-181017 gallery-columns- gallery-size-\"><figure class=\"gallery-item\"><div class=\"gallery-icon landscape\"><img loading=\"lazy\" decoding=\"async\" width=\"1836\" height=\"1184\" src=\"https:\/\/graziamagazine.com\/es\/wp-content\/uploads\/sites\/12\/2024\/12\/SS-0061I-BLACKCOMB-B_3-e1733877871860.jpg\" class=\"lazy\" alt=\"\" srcset=\"https:\/\/graziamagazine.com\/es\/wp-content\/uploads\/sites\/12\/2024\/12\/SS-0061I-BLACKCOMB-B_3-e1733877871860.jpg 1836w, https:\/\/graziamagazine.com\/es\/wp-content\/uploads\/sites\/12\/2024\/12\/SS-0061I-BLACKCOMB-B_3-e1733877871860-300x193.jpg 300w, https:\/\/graziamagazine.com\/es\/wp-content\/uploads\/sites\/12\/2024\/12\/SS-0061I-BLACKCOMB-B_3-e1733877871860-1024x660.jpg 1024w, https:\/\/graziamagazine.com\/es\/wp-content\/uploads\/sites\/12\/2024\/12\/SS-0061I-BLACKCOMB-B_3-e1733877871860-768x495.jpg 768w, https:\/\/graziamagazine.com\/es\/wp-content\/uploads\/sites\/12\/2024\/12\/SS-0061I-BLACKCOMB-B_3-e1733877871860-1536x991.jpg 1536w, https:\/\/graziamagazine.com\/es\/wp-content\/uploads\/sites\/12\/2024\/12\/SS-0061I-BLACKCOMB-B_3-e1733877871860-400x258.jpg 400w, https:\/\/graziamagazine.com\/es\/wp-content\/uploads\/sites\/12\/2024\/12\/SS-0061I-BLACKCOMB-B_3-e1733877871860-155x100.jpg 155w\" sizes=\"(max-width: 1836px) 100vw, 1836px\" \/><\/div><\/figure><figure class=\"gallery-item\"><div class=\"gallery-icon landscape\"><img loading=\"lazy\" decoding=\"async\" width=\"1827\" height=\"1174\" src=\"https:\/\/graziamagazine.com\/es\/wp-content\/uploads\/sites\/12\/2024\/12\/SS-0061I-BLACKCOMB-A_3-e1733877852712.jpg\" class=\"lazy\" alt=\"\" srcset=\"https:\/\/graziamagazine.com\/es\/wp-content\/uploads\/sites\/12\/2024\/12\/SS-0061I-BLACKCOMB-A_3-e1733877852712.jpg 1827w, https:\/\/graziamagazine.com\/es\/wp-content\/uploads\/sites\/12\/2024\/12\/SS-0061I-BLACKCOMB-A_3-e1733877852712-300x193.jpg 300w, https:\/\/graziamagazine.com\/es\/wp-content\/uploads\/sites\/12\/2024\/12\/SS-0061I-BLACKCOMB-A_3-e1733877852712-1024x658.jpg 1024w, https:\/\/graziamagazine.com\/es\/wp-content\/uploads\/sites\/12\/2024\/12\/SS-0061I-BLACKCOMB-A_3-e1733877852712-768x494.jpg 768w, https:\/\/graziamagazine.com\/es\/wp-content\/uploads\/sites\/12\/2024\/12\/SS-0061I-BLACKCOMB-A_3-e1733877852712-1536x987.jpg 1536w, https:\/\/graziamagazine.com\/es\/wp-content\/uploads\/sites\/12\/2024\/12\/SS-0061I-BLACKCOMB-A_3-e1733877852712-400x257.jpg 400w, https:\/\/graziamagazine.com\/es\/wp-content\/uploads\/sites\/12\/2024\/12\/SS-0061I-BLACKCOMB-A_3-e1733877852712-155x100.jpg 155w\" sizes=\"(max-width: 1827px) 100vw, 1827px\" \/><\/div><\/figure><\/div><\/div>\n<p>Las M\u00d3 BLACKCOMB tienen <a href=\"https:\/\/www.multiopticas.com\/es\/hombre-mujer\/mo-blackcomb-sun-white\/66390002.html\" target=\"_blank\">un precio de 79 euros en la web de Multi\u00f3pticas<\/a>.<\/p>\n<p>Dentro de la l\u00ednea de sol, encontramos diferentes modelos que no solo sirven para mirar de frente a la nieve, tambi\u00e9n son perfectas para la ciudad, una buena inversi\u00f3n para todo el a\u00f1o. Por un lado est\u00e1 <strong>la c\u00e1psula m\u00f3 GSTAAD Amaro Sun<\/strong>, dos modelos de l\u00ednea aviador y aires retro de forma redonda que incorpora carcasas desmontables de algod\u00f3n protegen sus ojos del fr\u00edo, la nieve y la luz intensa de las cumbres. Puedes elegirlas en color carey\/gold con lente polarizada verde o blanco\/silver con lente polarizada azul degradado.<\/p>\n<p><img loading=\"lazy\" decoding=\"async\" class=\"aligncenter size-full wp-image-181022\" src=\"https:\/\/graziamagazine.com\/es\/wp-content\/uploads\/sites\/12\/2024\/12\/mo-gstaad-campaign-capsula-copia.jpg\" alt=\"\" width=\"2118\" height=\"1314\" srcset=\"https:\/\/graziamagazine.com\/es\/wp-content\/uploads\/sites\/12\/2024\/12\/mo-gstaad-campaign-capsula-copia.jpg 2118w, https:\/\/graziamagazine.com\/es\/wp-content\/uploads\/sites\/12\/2024\/12\/mo-gstaad-campaign-capsula-copia-300x186.jpg 300w, https:\/\/graziamagazine.com\/es\/wp-content\/uploads\/sites\/12\/2024\/12\/mo-gstaad-campaign-capsula-copia-1024x635.jpg 1024w, https:\/\/graziamagazine.com\/es\/wp-content\/uploads\/sites\/12\/2024\/12\/mo-gstaad-campaign-capsula-copia-768x476.jpg 768w, https:\/\/graziamagazine.com\/es\/wp-content\/uploads\/sites\/12\/2024\/12\/mo-gstaad-campaign-capsula-copia-1536x953.jpg 1536w, https:\/\/graziamagazine.com\/es\/wp-content\/uploads\/sites\/12\/2024\/12\/mo-gstaad-campaign-capsula-copia-2048x1271.jpg 2048w, https:\/\/graziamagazine.com\/es\/wp-content\/uploads\/sites\/12\/2024\/12\/mo-gstaad-campaign-capsula-copia-400x248.jpg 400w, https:\/\/graziamagazine.com\/es\/wp-content\/uploads\/sites\/12\/2024\/12\/mo-gstaad-campaign-capsula-copia-155x96.jpg 155w\" sizes=\"(max-width: 2118px) 100vw, 2118px\" \/><\/p>\n<p><a href=\"https:\/\/www.multiopticas.com\/es\/gstaad.html?_gl=1*1rs5tde*_up*MQ..&amp;gclid=CjwKCAiA6t-6BhA3EiwAltRFGE0Z_luykfWZwCDo6qc0F4G0bV-Uk8t8ASISfMdTE0Je4s0rSBkFkhoC3cAQAvD_BwE\" target=\"_blank\">Su precio es de 69 euros.<\/a><\/p>\n<p>Ahora ya no tienes excusa para no ir s\u00faper equipada a la nieve, y la Navidad es un buen momento para que a\u00f1adas a tu carta a los Reyes Magos esta nueva colecci\u00f3n.<\/p>\n<p><em>*Im\u00e1genes: cortes\u00eda<\/em><\/p>\n","protected":false},"author":11653,"featured_media":181018,"template":"","format":"standard","categories":[1],"acf":[],"yoast_head":"<!-- This site is optimized with the Yoast SEO Premium plugin v18.5 (Yoast SEO v20.4) - https:\/\/yoast.com\/wordpress\/plugins\/seo\/ -->\n<title>M\u00f3 de Multi\u00f3pticas lanza su colecci\u00f3n para la nieve | Grazia<\/title>\n<meta name=\"description\" content=\"Las nuevas M\u00f3 Blackcomb se van a convertir en tus mejores aliadas en la nieve para esta temporada de esqu\u00ed.\" \/>\n<meta name=\"robots\" content=\"index, follow, max-snippet:-1, max-image-preview:large, max-video-preview:-1\" \/>\n<link rel=\"canonical\" href=\"https:\/\/graziamagazine.com\/es\/articles\/mo-de-multiopticas-lanza-su-coleccion-para-la-nieve\/\" \/>\n<meta property=\"og:locale\" content=\"es_ES\" \/>\n<meta property=\"og:type\" content=\"article\" \/>\n<meta property=\"og:title\" content=\"M\u00f3 de Multi\u00f3pticas lanza su colecci\u00f3n para la nieve\" \/>\n<meta property=\"og:description\" content=\"Las nuevas M\u00f3 Blackcomb se van a convertir en tus mejores aliadas en la nieve para esta temporada de esqu\u00ed.\" \/>\n<meta property=\"og:url\" content=\"https:\/\/graziamagazine.com\/es\/articles\/mo-de-multiopticas-lanza-su-coleccion-para-la-nieve\/\" \/>\n<meta property=\"og:site_name\" content=\"Grazia\" \/>\n<meta property=\"article:modified_time\" content=\"2024-12-11T00:57:59+00:00\" \/>\n<meta property=\"og:image\" content=\"https:\/\/graziamagazine.com\/es\/wp-content\/uploads\/sites\/12\/2024\/12\/Captura-de-pantalla-2024-12-10-105237.png\" \/>\n\t<meta property=\"og:image:width\" content=\"1311\" \/>\n\t<meta property=\"og:image:height\" content=\"872\" \/>\n\t<meta property=\"og:image:type\" content=\"image\/png\" \/>\n<meta name=\"twitter:card\" content=\"summary_large_image\" \/>\n<meta name=\"twitter:label1\" content=\"Est. reading time\" \/>\n\t<meta name=\"twitter:data1\" content=\"3 minutos\" \/>\n<script type=\"application\/ld+json\" class=\"yoast-schema-graph\">{\"@context\":\"https:\/\/schema.org\",\"@graph\":[{\"@type\":\"WebPage\",\"@id\":\"https:\/\/graziamagazine.com\/es\/articles\/mo-de-multiopticas-lanza-su-coleccion-para-la-nieve\/\",\"url\":\"https:\/\/graziamagazine.com\/es\/articles\/mo-de-multiopticas-lanza-su-coleccion-para-la-nieve\/\",\"name\":\"M\u00f3 de Multi\u00f3pticas lanza su colecci\u00f3n para la nieve | Grazia\",\"isPartOf\":{\"@id\":\"https:\/\/graziamagazine.com\/es\/#website\"},\"datePublished\":\"2024-12-11T08:00:50+00:00\",\"dateModified\":\"2024-12-11T00:57:59+00:00\",\"description\":\"Las nuevas M\u00f3 Blackcomb se van a convertir en tus mejores aliadas en la nieve para esta temporada de esqu\u00ed.\",\"breadcrumb\":{\"@id\":\"https:\/\/graziamagazine.com\/es\/articles\/mo-de-multiopticas-lanza-su-coleccion-para-la-nieve\/#breadcrumb\"},\"inLanguage\":\"es\",\"potentialAction\":[{\"@type\":\"ReadAction\",\"target\":[\"https:\/\/graziamagazine.com\/es\/articles\/mo-de-multiopticas-lanza-su-coleccion-para-la-nieve\/\"]}]},{\"@type\":\"BreadcrumbList\",\"@id\":\"https:\/\/graziamagazine.com\/es\/articles\/mo-de-multiopticas-lanza-su-coleccion-para-la-nieve\/#breadcrumb\",\"itemListElement\":[{\"@type\":\"ListItem\",\"position\":1,\"name\":\"Portada\",\"item\":\"https:\/\/graziamagazine.com\/es\/\"},{\"@type\":\"ListItem\",\"position\":2,\"name\":\"M\u00f3 de Multi\u00f3pticas lanza su colecci\u00f3n para la nieve\"}]},{\"@type\":\"WebSite\",\"@id\":\"https:\/\/graziamagazine.com\/es\/#website\",\"url\":\"https:\/\/graziamagazine.com\/es\/\",\"name\":\"Grazia\",\"description\":\"Moda, belleza, celebrities, estilo de vida...\",\"potentialAction\":[{\"@type\":\"SearchAction\",\"target\":{\"@type\":\"EntryPoint\",\"urlTemplate\":\"https:\/\/graziamagazine.com\/es\/?s={search_term_string}\"},\"query-input\":\"required name=search_term_string\"}],\"inLanguage\":\"es\"}]}<\/script>\n<!-- \/ Yoast SEO Premium plugin. -->","yoast_head_json":{"title":"M\u00f3 de Multi\u00f3pticas lanza su colecci\u00f3n para la nieve | Grazia","description":"Las nuevas M\u00f3 Blackcomb se van a convertir en tus mejores aliadas en la nieve para esta temporada de esqu\u00ed.","robots":{"index":"index","follow":"follow","max-snippet":"max-snippet:-1","max-image-preview":"max-image-preview:large","max-video-preview":"max-video-preview:-1"},"canonical":"https:\/\/graziamagazine.com\/es\/articles\/mo-de-multiopticas-lanza-su-coleccion-para-la-nieve\/","og_locale":"es_ES","og_type":"article","og_title":"M\u00f3 de Multi\u00f3pticas lanza su colecci\u00f3n para la nieve","og_description":"Las nuevas M\u00f3 Blackcomb se van a convertir en tus mejores aliadas en la nieve para esta temporada de esqu\u00ed.","og_url":"https:\/\/graziamagazine.com\/es\/articles\/mo-de-multiopticas-lanza-su-coleccion-para-la-nieve\/","og_site_name":"Grazia","article_modified_time":"2024-12-11T00:57:59+00:00","og_image":[{"width":1311,"height":872,"url":"https:\/\/graziamagazine.com\/es\/wp-content\/uploads\/sites\/12\/2024\/12\/Captura-de-pantalla-2024-12-10-105237.png","type":"image\/png"}],"twitter_card":"summary_large_image","twitter_misc":{"Est. reading time":"3 minutos"},"schema":{"@context":"https:\/\/schema.org","@graph":[{"@type":"WebPage","@id":"https:\/\/graziamagazine.com\/es\/articles\/mo-de-multiopticas-lanza-su-coleccion-para-la-nieve\/","url":"https:\/\/graziamagazine.com\/es\/articles\/mo-de-multiopticas-lanza-su-coleccion-para-la-nieve\/","name":"M\u00f3 de Multi\u00f3pticas lanza su colecci\u00f3n para la nieve | Grazia","isPartOf":{"@id":"https:\/\/graziamagazine.com\/es\/#website"},"datePublished":"2024-12-11T08:00:50+00:00","dateModified":"2024-12-11T00:57:59+00:00","description":"Las nuevas M\u00f3 Blackcomb se van a convertir en tus mejores aliadas en la nieve para esta temporada de esqu\u00ed.","breadcrumb":{"@id":"https:\/\/graziamagazine.com\/es\/articles\/mo-de-multiopticas-lanza-su-coleccion-para-la-nieve\/#breadcrumb"},"inLanguage":"es","potentialAction":[{"@type":"ReadAction","target":["https:\/\/graziamagazine.com\/es\/articles\/mo-de-multiopticas-lanza-su-coleccion-para-la-nieve\/"]}]},{"@type":"BreadcrumbList","@id":"https:\/\/graziamagazine.com\/es\/articles\/mo-de-multiopticas-lanza-su-coleccion-para-la-nieve\/#breadcrumb","itemListElement":[{"@type":"ListItem","position":1,"name":"Portada","item":"https:\/\/graziamagazine.com\/es\/"},{"@type":"ListItem","position":2,"name":"M\u00f3 de Multi\u00f3pticas lanza su colecci\u00f3n para la nieve"}]},{"@type":"WebSite","@id":"https:\/\/graziamagazine.com\/es\/#website","url":"https:\/\/graziamagazine.com\/es\/","name":"Grazia","description":"Moda, belleza, celebrities, estilo de vida...","potentialAction":[{"@type":"SearchAction","target":{"@type":"EntryPoint","urlTemplate":"https:\/\/graziamagazine.com\/es\/?s={search_term_string}"},"query-input":"required name=search_term_string"}],"inLanguage":"es"}]}},"jetpack_sharing_enabled":true,"distributor_meta":false,"distributor_terms":false,"distributor_media":false,"distributor_original_site_name":"Grazia","distributor_original_site_url":"https:\/\/graziamagazine.com\/es","push-errors":false,"_links":{"self":[{"href":"https:\/\/graziamagazine.com\/es\/wp-json\/wp\/v2\/articles\/181017"}],"collection":[{"href":"https:\/\/graziamagazine.com\/es\/wp-json\/wp\/v2\/articles"}],"about":[{"href":"https:\/\/graziamagazine.com\/es\/wp-json\/wp\/v2\/types\/articles"}],"author":[{"embeddable":true,"href":"https:\/\/graziamagazine.com\/es\/wp-json\/wp\/v2\/users\/11653"}],"wp:featuredmedia":[{"embeddable":true,"href":"https:\/\/graziamagazine.com\/es\/wp-json\/wp\/v2\/media\/181018"}],"wp:attachment":[{"href":"https:\/\/graziamagazine.com\/es\/wp-json\/wp\/v2\/media?parent=181017"}],"wp:term":[{"taxonomy":"category","embeddable":true,"href":"https:\/\/graziamagazine.com\/es\/wp-json\/wp\/v2\/categories?post=181017"}],"curies":[{"name":"wp","href":"https:\/\/api.w.org\/{rel}","templated":true}]}}