{"id":180906,"date":"2025-12-26T08:00:54","date_gmt":"2025-12-26T07:00:54","guid":{"rendered":"https:\/\/graziamagazine.com\/es\/?post_type=articles&#038;p=180906"},"modified":"2025-12-29T11:22:19","modified_gmt":"2025-12-29T10:22:19","slug":"5-tendencias-de-pasarela-para-inspirarte-esta-navidad","status":"publish","type":"articles","link":"https:\/\/graziamagazine.com\/es\/articles\/5-tendencias-de-pasarela-para-inspirarte-esta-navidad\/","title":{"rendered":"5 tendencias de pasarela para inspirarte esta Nochevieja"},"content":{"rendered":"<p><strong>Navidad<\/strong> no solo se trata de regalos bajo el \u00e1rbol y las enormes cenas en familia. Es tambi\u00e9n sobre moda y la elecci\u00f3n del atuendo ideal para las <strong>fiestas navide\u00f1as<\/strong>. Te dejamos una lista de opciones infalibles basadas en las tendencias de la temporada.<\/p>\n<h3>Lentejuelas<\/h3>\n<figure id=\"attachment_144416\" class=\"wp-caption alignnone\" style=\"width: 940px\" aria-describedby=\"caption-attachment-144416\"><img loading=\"lazy\" decoding=\"async\" class=\"wp-image-144416 size-full\" src=\"https:\/\/graziamagazine.com\/mx\/wp-content\/uploads\/sites\/13\/2024\/12\/WhatsApp-Image-2024-12-04-at-9.57.21-PM.jpeg\" alt=\"\" width=\"940\" height=\"1437\" \/><figcaption id=\"caption-attachment-144416\" class=\"wp-caption-text\">Michael Kors<\/figcaption><\/figure>\n<p>No pueden faltan durante las fiestas, sin embargo, puedes hacer una variaci\u00f3n, en lugar de las t\u00edpicas botas, busca estilizar el atuendo con unas zapatillas puntiagudas.<\/p>\n<h3>Terciopelo<\/h3>\n<figure id=\"attachment_144415\" class=\"wp-caption alignnone\" style=\"width: 937px\" aria-describedby=\"caption-attachment-144415\"><img loading=\"lazy\" decoding=\"async\" class=\"wp-image-144415 size-full\" src=\"https:\/\/graziamagazine.com\/mx\/wp-content\/uploads\/sites\/13\/2024\/12\/WhatsApp-Image-2024-12-04-at-9.57.21-PM-1.jpeg\" alt=\"\" width=\"937\" height=\"1436\" \/><figcaption id=\"caption-attachment-144415\" class=\"wp-caption-text\">Schiaparelli<\/figcaption><\/figure>\n<p><strong>Schiaparelli<\/strong> y <strong>Etro<\/strong> nos dieron una lecci\u00f3n en 2024 sobre c\u00f3mo llevar el terciopelo, el cual est\u00e1 en tendencia para las fiestas decembrinas.<\/p>\n<h3>Transparencias<\/h3>\n<figure id=\"attachment_144414\" class=\"wp-caption alignnone\" style=\"width: 938px\" aria-describedby=\"caption-attachment-144414\"><img loading=\"lazy\" decoding=\"async\" class=\"wp-image-144414 size-full\" src=\"https:\/\/graziamagazine.com\/mx\/wp-content\/uploads\/sites\/13\/2024\/12\/WhatsApp-Image-2024-12-04-at-9.57.20-PM.jpeg\" alt=\"\" width=\"938\" height=\"1442\" \/><figcaption id=\"caption-attachment-144414\" class=\"wp-caption-text\">Ferragamo<\/figcaption><\/figure>\n<p>Las transparencias fueron las protagonistas durante todo el a\u00f1o, as\u00ed que en navidad no ser\u00e1n la excepci\u00f3n. Puedes combinarlas con abrigos del mismo tono para combatir el frio. Fue <strong>Ferragamo<\/strong> el que nos dio la idea en su colecci\u00f3n Oto\u00f1o-Invierno 2024.<\/p>\n<h3>Metalizado<\/h3>\n<figure id=\"attachment_144413\" class=\"wp-caption alignnone\" style=\"width: 955px\" aria-describedby=\"caption-attachment-144413\"><img loading=\"lazy\" decoding=\"async\" class=\"wp-image-144413 size-full\" src=\"https:\/\/graziamagazine.com\/mx\/wp-content\/uploads\/sites\/13\/2024\/12\/WhatsApp-Image-2024-12-04-at-9.57.20-PM-1.jpeg\" alt=\"\" width=\"955\" height=\"1406\" \/><figcaption id=\"caption-attachment-144413\" class=\"wp-caption-text\">Diesel<\/figcaption><\/figure>\n<p>Los vestidos metalizados tambi\u00e9n son una opci\u00f3n conocida, sin embargo, <strong>Dior<\/strong> los llev\u00f3 a otro nivel con los flecos que rodean las piernas, los cuales present\u00f3 en su colecci\u00f3n Oto\u00f1o-Invierno 2024. Esa versi\u00f3n durante las fiestas navide\u00f1as, es la variaci\u00f3n perfecta de esta tendencia.<\/p>\n<h3>Cuadros<\/h3>\n<figure id=\"attachment_144417\" class=\"wp-caption alignnone\" style=\"width: 844px\" aria-describedby=\"caption-attachment-144417\"><img loading=\"lazy\" decoding=\"async\" class=\"wp-image-144417 size-full\" src=\"https:\/\/graziamagazine.com\/mx\/wp-content\/uploads\/sites\/13\/2024\/12\/WhatsApp-Image-2024-12-04-at-9.58.09-PM.jpeg\" alt=\"\" width=\"844\" height=\"1280\" \/><figcaption id=\"caption-attachment-144417\" class=\"wp-caption-text\">Loewe<\/figcaption><\/figure>\n<p><strong>Loewe<\/strong> nos hizo sacar los cuadros navide\u00f1os del <em>closet<\/em>. Los cl\u00e1sicos rojos, verdes y amarillos son tendencia que se queda durante la navidad. Aunque es una tendencia m\u00e1s aplicable a la Nochebuena, dale rienda suelta a la imaginaci\u00f3n para trasladarla a la celebraci\u00f3n de A\u00f1o Nuevo.<\/p>\n<p><em>*Im\u00e1genes: Getty Images<\/em><\/p>\n","protected":false},"author":11653,"featured_media":180907,"template":"","format":"standard","categories":[1],"acf":[],"yoast_head":"<!-- This site is optimized with the Yoast SEO Premium plugin v18.5 (Yoast SEO v20.4) - https:\/\/yoast.com\/wordpress\/plugins\/seo\/ -->\n<title>5 tendencias de pasarela para inspirarte esta Nochevieja<\/title>\n<meta name=\"description\" content=\"\u00bfNo sabes qu\u00e9 ponerte? Te dejamos varias ideas vistas sobre la pasarela para que consigas tu mejor look esta temporada de fiestas 2025.\" \/>\n<meta name=\"robots\" content=\"index, follow, max-snippet:-1, max-image-preview:large, max-video-preview:-1\" \/>\n<link rel=\"canonical\" href=\"https:\/\/graziamagazine.com\/es\/articles\/5-tendencias-de-pasarela-para-inspirarte-esta-navidad\/\" \/>\n<meta property=\"og:locale\" content=\"es_ES\" \/>\n<meta property=\"og:type\" content=\"article\" \/>\n<meta property=\"og:title\" content=\"5 tendencias de pasarela para inspirarte esta Nochevieja\" \/>\n<meta property=\"og:description\" content=\"\u00bfNo sabes qu\u00e9 ponerte? Te dejamos varias ideas vistas sobre la pasarela para que consigas tu mejor look esta temporada de fiestas 2025.\" \/>\n<meta property=\"og:url\" content=\"https:\/\/graziamagazine.com\/es\/articles\/5-tendencias-de-pasarela-para-inspirarte-esta-navidad\/\" \/>\n<meta property=\"og:site_name\" content=\"Grazia\" \/>\n<meta property=\"article:modified_time\" content=\"2025-12-29T10:22:19+00:00\" \/>\n<meta property=\"og:image\" content=\"https:\/\/graziamagazine.com\/es\/wp-content\/uploads\/sites\/12\/2024\/12\/WhatsApp-Image-2024-12-04-at-10.03.42-PM-e1733371496883.jpeg\" \/>\n\t<meta property=\"og:image:width\" content=\"961\" \/>\n\t<meta property=\"og:image:height\" content=\"674\" \/>\n\t<meta property=\"og:image:type\" content=\"image\/jpeg\" \/>\n<meta name=\"twitter:card\" content=\"summary_large_image\" \/>\n<meta name=\"twitter:label1\" content=\"Est. reading time\" \/>\n\t<meta name=\"twitter:data1\" content=\"3 minutos\" \/>\n<script type=\"application\/ld+json\" class=\"yoast-schema-graph\">{\"@context\":\"https:\/\/schema.org\",\"@graph\":[{\"@type\":\"WebPage\",\"@id\":\"https:\/\/graziamagazine.com\/es\/articles\/5-tendencias-de-pasarela-para-inspirarte-esta-navidad\/\",\"url\":\"https:\/\/graziamagazine.com\/es\/articles\/5-tendencias-de-pasarela-para-inspirarte-esta-navidad\/\",\"name\":\"5 tendencias de pasarela para inspirarte esta Nochevieja\",\"isPartOf\":{\"@id\":\"https:\/\/graziamagazine.com\/es\/#website\"},\"datePublished\":\"2025-12-26T07:00:54+00:00\",\"dateModified\":\"2025-12-29T10:22:19+00:00\",\"description\":\"\u00bfNo sabes qu\u00e9 ponerte? Te dejamos varias ideas vistas sobre la pasarela para que consigas tu mejor look esta temporada de fiestas 2025.\",\"breadcrumb\":{\"@id\":\"https:\/\/graziamagazine.com\/es\/articles\/5-tendencias-de-pasarela-para-inspirarte-esta-navidad\/#breadcrumb\"},\"inLanguage\":\"es\",\"potentialAction\":[{\"@type\":\"ReadAction\",\"target\":[\"https:\/\/graziamagazine.com\/es\/articles\/5-tendencias-de-pasarela-para-inspirarte-esta-navidad\/\"]}]},{\"@type\":\"BreadcrumbList\",\"@id\":\"https:\/\/graziamagazine.com\/es\/articles\/5-tendencias-de-pasarela-para-inspirarte-esta-navidad\/#breadcrumb\",\"itemListElement\":[{\"@type\":\"ListItem\",\"position\":1,\"name\":\"Portada\",\"item\":\"https:\/\/graziamagazine.com\/es\/\"},{\"@type\":\"ListItem\",\"position\":2,\"name\":\"5 tendencias de pasarela para inspirarte esta Nochevieja\"}]},{\"@type\":\"WebSite\",\"@id\":\"https:\/\/graziamagazine.com\/es\/#website\",\"url\":\"https:\/\/graziamagazine.com\/es\/\",\"name\":\"Grazia\",\"description\":\"Moda, belleza, celebrities, estilo de vida...\",\"potentialAction\":[{\"@type\":\"SearchAction\",\"target\":{\"@type\":\"EntryPoint\",\"urlTemplate\":\"https:\/\/graziamagazine.com\/es\/?s={search_term_string}\"},\"query-input\":\"required name=search_term_string\"}],\"inLanguage\":\"es\"}]}<\/script>\n<!-- \/ Yoast SEO Premium plugin. -->","yoast_head_json":{"title":"5 tendencias de pasarela para inspirarte esta Nochevieja","description":"\u00bfNo sabes qu\u00e9 ponerte? Te dejamos varias ideas vistas sobre la pasarela para que consigas tu mejor look esta temporada de fiestas 2025.","robots":{"index":"index","follow":"follow","max-snippet":"max-snippet:-1","max-image-preview":"max-image-preview:large","max-video-preview":"max-video-preview:-1"},"canonical":"https:\/\/graziamagazine.com\/es\/articles\/5-tendencias-de-pasarela-para-inspirarte-esta-navidad\/","og_locale":"es_ES","og_type":"article","og_title":"5 tendencias de pasarela para inspirarte esta Nochevieja","og_description":"\u00bfNo sabes qu\u00e9 ponerte? Te dejamos varias ideas vistas sobre la pasarela para que consigas tu mejor look esta temporada de fiestas 2025.","og_url":"https:\/\/graziamagazine.com\/es\/articles\/5-tendencias-de-pasarela-para-inspirarte-esta-navidad\/","og_site_name":"Grazia","article_modified_time":"2025-12-29T10:22:19+00:00","og_image":[{"width":961,"height":674,"url":"https:\/\/graziamagazine.com\/es\/wp-content\/uploads\/sites\/12\/2024\/12\/WhatsApp-Image-2024-12-04-at-10.03.42-PM-e1733371496883.jpeg","type":"image\/jpeg"}],"twitter_card":"summary_large_image","twitter_misc":{"Est. reading time":"3 minutos"},"schema":{"@context":"https:\/\/schema.org","@graph":[{"@type":"WebPage","@id":"https:\/\/graziamagazine.com\/es\/articles\/5-tendencias-de-pasarela-para-inspirarte-esta-navidad\/","url":"https:\/\/graziamagazine.com\/es\/articles\/5-tendencias-de-pasarela-para-inspirarte-esta-navidad\/","name":"5 tendencias de pasarela para inspirarte esta Nochevieja","isPartOf":{"@id":"https:\/\/graziamagazine.com\/es\/#website"},"datePublished":"2025-12-26T07:00:54+00:00","dateModified":"2025-12-29T10:22:19+00:00","description":"\u00bfNo sabes qu\u00e9 ponerte? Te dejamos varias ideas vistas sobre la pasarela para que consigas tu mejor look esta temporada de fiestas 2025.","breadcrumb":{"@id":"https:\/\/graziamagazine.com\/es\/articles\/5-tendencias-de-pasarela-para-inspirarte-esta-navidad\/#breadcrumb"},"inLanguage":"es","potentialAction":[{"@type":"ReadAction","target":["https:\/\/graziamagazine.com\/es\/articles\/5-tendencias-de-pasarela-para-inspirarte-esta-navidad\/"]}]},{"@type":"BreadcrumbList","@id":"https:\/\/graziamagazine.com\/es\/articles\/5-tendencias-de-pasarela-para-inspirarte-esta-navidad\/#breadcrumb","itemListElement":[{"@type":"ListItem","position":1,"name":"Portada","item":"https:\/\/graziamagazine.com\/es\/"},{"@type":"ListItem","position":2,"name":"5 tendencias de pasarela para inspirarte esta Nochevieja"}]},{"@type":"WebSite","@id":"https:\/\/graziamagazine.com\/es\/#website","url":"https:\/\/graziamagazine.com\/es\/","name":"Grazia","description":"Moda, belleza, celebrities, estilo de vida...","potentialAction":[{"@type":"SearchAction","target":{"@type":"EntryPoint","urlTemplate":"https:\/\/graziamagazine.com\/es\/?s={search_term_string}"},"query-input":"required name=search_term_string"}],"inLanguage":"es"}]}},"jetpack_sharing_enabled":true,"distributor_meta":false,"distributor_terms":false,"distributor_media":false,"distributor_original_site_name":"Grazia","distributor_original_site_url":"https:\/\/graziamagazine.com\/es","push-errors":false,"_links":{"self":[{"href":"https:\/\/graziamagazine.com\/es\/wp-json\/wp\/v2\/articles\/180906"}],"collection":[{"href":"https:\/\/graziamagazine.com\/es\/wp-json\/wp\/v2\/articles"}],"about":[{"href":"https:\/\/graziamagazine.com\/es\/wp-json\/wp\/v2\/types\/articles"}],"author":[{"embeddable":true,"href":"https:\/\/graziamagazine.com\/es\/wp-json\/wp\/v2\/users\/11653"}],"wp:featuredmedia":[{"embeddable":true,"href":"https:\/\/graziamagazine.com\/es\/wp-json\/wp\/v2\/media\/180907"}],"wp:attachment":[{"href":"https:\/\/graziamagazine.com\/es\/wp-json\/wp\/v2\/media?parent=180906"}],"wp:term":[{"taxonomy":"category","embeddable":true,"href":"https:\/\/graziamagazine.com\/es\/wp-json\/wp\/v2\/categories?post=180906"}],"curies":[{"name":"wp","href":"https:\/\/api.w.org\/{rel}","templated":true}]}}