{"id":180901,"date":"2024-12-05T17:44:51","date_gmt":"2024-12-05T16:44:51","guid":{"rendered":"https:\/\/graziamagazine.com\/es\/?post_type=articles&#038;p=180901"},"modified":"2024-12-05T17:44:51","modified_gmt":"2024-12-05T16:44:51","slug":"coleccion-metiers-dart-de-chanel-los-ultimos-diez-anos-de-la-maison","status":"publish","type":"articles","link":"https:\/\/graziamagazine.com\/es\/articles\/coleccion-metiers-dart-de-chanel-los-ultimos-diez-anos-de-la-maison\/","title":{"rendered":"Colecci\u00f3n M\u00e9tiers d\u2019Art de Chanel: los \u00faltimos diez a\u00f1os de la maison"},"content":{"rendered":"<p><span style=\"font-weight: 400\">El martes 3 de diciembre de 2024 se present\u00f3 el esperado evento anual de<strong> Chanel<\/strong>, que cada diciembre presenta lo nuevo de su<strong> Colecci\u00f3n M\u00e9tiers d\u2019Art.<\/strong> El desfile de la<strong> colecci\u00f3n 2024\/2025<\/strong> fue realizado desde <strong>Hangzhou, China<\/strong>, y te contamos todos los detalles.<\/span><\/p>\n<p><span style=\"font-weight: 400\">Presentada al atardecer en el Lago del Oeste de Hangzhou, China, la Colecci\u00f3n M\u00e9tiers d\u2019Art de este a\u00f1o se inspira en los <strong>biombos de Coromandel de Gabrielle Chanel<\/strong> que atesor\u00f3 toda su vida, y que a\u00fan adornan las paredes de su departamento en Par\u00eds. Los bordados florales, verde jade, rosa y azul cielo evocan el brillo de los biombos de laca chinos.<\/span><\/p>\n<p><span style=\"font-weight: 400\">\u201cCada una de las siluetas revela un sentido \u00fanico del detalle, tanto visible como oculto. Desde trenzas fosforescentes hasta largos abrigos en preciosos tweeds y bolsillos en forma de sobre, la colecci\u00f3n es una invitaci\u00f3n a un viaje po\u00e9tico\u201d, explica Chanel en un comunicado.<\/span><\/p>\n<p><span style=\"font-weight: 400\">\u201cAl viajar a Hangzhou, China, para presentar su Colecci\u00f3n M\u00e9tiers d\u2019art 2024\/25, la Maison explora un componente esencial del imaginario de Gabrielle Chanel: los biombos chinos lacados que la hicieron so\u00f1ar toda su vida y que a\u00fan adornan las paredes de su apartamento en el 31 de la rue Cambon de Par\u00eds. El de su despacho representa la ciudad de Hangzhou y su legendario lago\u201d, agrega.<\/span><\/p>\n<p><span style=\"font-weight: 400\">En un filme protagonizado por las embajadoras de la <em>Maison<\/em> <strong>Tilda Swinton y Xin Zhilei y la cantante Leah Dou<\/strong>,<strong> el director Wim Wenders<\/strong> imagina un viaje contempor\u00e1neo y po\u00e9tico por los llamados biombos de Coromandel, tan queridos por Gabrielle Chanel.<\/span><\/p>\n<p><span style=\"font-weight: 400\">A trav\u00e9s de sus colecciones M\u00e9tiers d\u2019art, Chanel rinde homenaje a las<em> Maison<\/em>s <em>d\u2019Art<\/em> y a los artesanos que encarnan la belleza del gesto y contribuyen a dar vida a la visi\u00f3n creativa del Estudio de Creaci\u00f3n de Chanel gracias a su <em>savoir-faire.<\/em><\/span><\/p>\n<p><span style=\"font-weight: 400\">Te compartimos un <strong>recuento de los \u00faltimos 10 desfiles<\/strong> de la Colecci\u00f3n M\u00e9tiers d\u2019Art de Chanel:<\/span><\/p>\n<ul>\n<li><span style=\"font-weight: 400\"><strong>2014\/2015:<\/strong> El desfile se realiz\u00f3 el 2 de diciembre de 2014 en el Schloss Leopoldskron en Salzburgo, Austria.<\/span><\/li>\n<li><span style=\"font-weight: 400\"><strong>1015\/2016:<\/strong> Cinecitt\u00e0 Studios en Roma, Italia, el 1 de diciembre de 2015. El espect\u00e1culo se realiz\u00f3 en el Teatro N\u00b05, estudio de cine construido en 1937 y que tambi\u00e9n fue utilizado por Federico Fellini. La pasarela era una recreaci\u00f3n de un barrio parisino, con un cine, una estaci\u00f3n de metro, una panader\u00eda, una brasserie y un restaurante italiano.<\/span><\/li>\n<li><span style=\"font-weight: 400\"><strong>2016\/2017:<\/strong> El desfile se llev\u00f3 a cabo en el Hotel Ritz Paris, el 6 de diciembre de 2016. El desfile fue presentado por Karl Lagerfeld y cont\u00f3 con su colecci\u00f3n pre-oto\u00f1o, titulada \u201cParis Cosmopolite\u201d.\u00a0<\/span><\/li>\n<li><span style=\"font-weight: 400\"><strong>2017\/2018:<\/strong> El evento ocurri\u00f3 en la Elbphilharmonie en Hamburgo, Alemania, el 6 de diciembre de 2017. El desfile se llev\u00f3 a cabo en la ciudad donde naci\u00f3 Karl Lagerfeld y cont\u00f3 con una colecci\u00f3n inspirada en la ciudad de Hamburgo.<\/span><\/li>\n<li><span style=\"font-weight: 400\"><strong>2018\/2019:<\/strong> La muestra celebr\u00f3 la artesan\u00eda detr\u00e1s de cada prenda. El desfile se celebr\u00f3 en el Museo Metropolitano de la ciudad de Nueva York, en las salas dedicadas a Egipto.<\/span><\/li>\n<li><span style=\"font-weight: 400\"><strong>2019\/2020:<\/strong> El desfile ocurri\u00f3 en Le Grand Palais en Par\u00eds, Francia, el 4 de diciembre de 2019, y fue presentado por la directora creativa Virginie Viard que mostr\u00f3 una colecci\u00f3n titulada \u201c31 Rue Cambon\u201d, dentro de la famosa tienda parisina de Chanel.\u00a0<\/span><\/li>\n<li><span style=\"font-weight: 400\"><strong>2020\/2021:<\/strong> El desfile de la colecci\u00f3n se present\u00f3 en el Castillo de Chenonceau del Valle del Loira, en Francia. El programa fue filmado y cont\u00f3 con un elenco y un equipo de 300 personas, incluida la embajadora de Chanel, Kristen Stewart, como \u00fanica invitada.\u00a0<\/span><\/li>\n<li><span style=\"font-weight: 400\"><strong>2021\/2022:<\/strong> El evento se llev\u00f3 a cabo otra vez en Par\u00eds, Francia, el 7 de diciembre de 2021. El espect\u00e1culo cont\u00f3 con m\u00fasica original de Daniel Lopatin, tambi\u00e9n conocido como Oneohtrix Point Never.<\/span><\/li>\n<li><span style=\"font-weight: 400\"><strong>2022\/2023<\/strong>: Presentada por primera vez en el antiguo Palacio de Justicia de Dakar en diciembre de 2022, la colecci\u00f3n fue imaginada por Virginie Viard, haciendo una escala posterior en Tokio, Jap\u00f3n.<\/span><\/li>\n<li><span style=\"font-weight: 400\"><strong>2023\/2024:<\/strong> El desfile tuvo lugar en diciembre de 2023 y fue parte de una experiencia de lujo y cultura pop de tres d\u00edas que se apoder\u00f3 de algunos de los lugares m\u00e1s emblem\u00e1ticos de Manchester, Inglaterra. La colecci\u00f3n se inspir\u00f3 en la rica escena cultural y la historia musical de la ciudad, y present\u00f3 una paleta de colores que rindi\u00f3 homenaje a los equipos de f\u00fatbol de la ciudad.<\/span><\/li>\n<li><span style=\"font-weight: 400\"><strong>2024\/2025:<\/strong> Hangzhou, China.<\/span><\/li>\n<\/ul>\n<p><span style=\"font-weight: 400\">\u00bfCu\u00e1l fue tu favorito?<\/span><\/p>\n","protected":false},"author":16349,"featured_media":180905,"template":"","format":"standard","categories":[2134,1],"acf":[],"yoast_head":"<!-- This site is optimized with the Yoast SEO Premium plugin v18.5 (Yoast SEO v20.4) - https:\/\/yoast.com\/wordpress\/plugins\/seo\/ -->\n<title>Colecci\u00f3n M\u00e9tiers d\u2019Art de Chanel: los \u00faltimos 10 desfiles<\/title>\n<meta name=\"description\" content=\"Chanel present\u00f3 su \u00faltima pasarela de la Colecci\u00f3n M\u00e9tiers d&#039;Art en China, por lo que te damos un vistazo de los \u00faltimos desfiles.\" \/>\n<meta name=\"robots\" content=\"index, follow, max-snippet:-1, max-image-preview:large, max-video-preview:-1\" \/>\n<link rel=\"canonical\" href=\"https:\/\/graziamagazine.com\/es\/articles\/coleccion-metiers-dart-de-chanel-los-ultimos-diez-anos-de-la-maison\/\" \/>\n<meta property=\"og:locale\" content=\"es_ES\" \/>\n<meta property=\"og:type\" content=\"article\" \/>\n<meta property=\"og:title\" content=\"Colecci\u00f3n M\u00e9tiers d\u2019Art de Chanel: los \u00faltimos diez a\u00f1os de la maison\" \/>\n<meta property=\"og:description\" content=\"Chanel present\u00f3 su \u00faltima pasarela de la Colecci\u00f3n M\u00e9tiers d&#039;Art en China, por lo que te damos un vistazo de los \u00faltimos desfiles.\" \/>\n<meta property=\"og:url\" content=\"https:\/\/graziamagazine.com\/es\/articles\/coleccion-metiers-dart-de-chanel-los-ultimos-diez-anos-de-la-maison\/\" \/>\n<meta property=\"og:site_name\" content=\"Grazia\" \/>\n<meta property=\"og:image\" content=\"https:\/\/graziamagazine.com\/es\/wp-content\/uploads\/sites\/12\/2024\/12\/1621460291-1544115528043849-01theparisnewyork201819metiersd-artshowfinalepicturebyoliviersaillant-copia.jpg\" \/>\n\t<meta property=\"og:image:width\" content=\"1200\" \/>\n\t<meta property=\"og:image:height\" content=\"800\" \/>\n\t<meta property=\"og:image:type\" content=\"image\/jpeg\" \/>\n<meta name=\"twitter:card\" content=\"summary_large_image\" \/>\n<meta name=\"twitter:label1\" content=\"Est. reading time\" \/>\n\t<meta name=\"twitter:data1\" content=\"4 minutos\" \/>\n<script type=\"application\/ld+json\" class=\"yoast-schema-graph\">{\"@context\":\"https:\/\/schema.org\",\"@graph\":[{\"@type\":\"WebPage\",\"@id\":\"https:\/\/graziamagazine.com\/es\/articles\/coleccion-metiers-dart-de-chanel-los-ultimos-diez-anos-de-la-maison\/\",\"url\":\"https:\/\/graziamagazine.com\/es\/articles\/coleccion-metiers-dart-de-chanel-los-ultimos-diez-anos-de-la-maison\/\",\"name\":\"Colecci\u00f3n M\u00e9tiers d\u2019Art de Chanel: los \u00faltimos 10 desfiles\",\"isPartOf\":{\"@id\":\"https:\/\/graziamagazine.com\/es\/#website\"},\"datePublished\":\"2024-12-05T16:44:51+00:00\",\"dateModified\":\"2024-12-05T16:44:51+00:00\",\"description\":\"Chanel present\u00f3 su \u00faltima pasarela de la Colecci\u00f3n M\u00e9tiers d'Art en China, por lo que te damos un vistazo de los \u00faltimos desfiles.\",\"breadcrumb\":{\"@id\":\"https:\/\/graziamagazine.com\/es\/articles\/coleccion-metiers-dart-de-chanel-los-ultimos-diez-anos-de-la-maison\/#breadcrumb\"},\"inLanguage\":\"es\",\"potentialAction\":[{\"@type\":\"ReadAction\",\"target\":[\"https:\/\/graziamagazine.com\/es\/articles\/coleccion-metiers-dart-de-chanel-los-ultimos-diez-anos-de-la-maison\/\"]}]},{\"@type\":\"BreadcrumbList\",\"@id\":\"https:\/\/graziamagazine.com\/es\/articles\/coleccion-metiers-dart-de-chanel-los-ultimos-diez-anos-de-la-maison\/#breadcrumb\",\"itemListElement\":[{\"@type\":\"ListItem\",\"position\":1,\"name\":\"Portada\",\"item\":\"https:\/\/graziamagazine.com\/es\/\"},{\"@type\":\"ListItem\",\"position\":2,\"name\":\"Colecci\u00f3n M\u00e9tiers d\u2019Art de Chanel: los \u00faltimos diez a\u00f1os de la maison\"}]},{\"@type\":\"WebSite\",\"@id\":\"https:\/\/graziamagazine.com\/es\/#website\",\"url\":\"https:\/\/graziamagazine.com\/es\/\",\"name\":\"Grazia\",\"description\":\"Moda, belleza, celebrities, estilo de vida...\",\"potentialAction\":[{\"@type\":\"SearchAction\",\"target\":{\"@type\":\"EntryPoint\",\"urlTemplate\":\"https:\/\/graziamagazine.com\/es\/?s={search_term_string}\"},\"query-input\":\"required name=search_term_string\"}],\"inLanguage\":\"es\"}]}<\/script>\n<!-- \/ Yoast SEO Premium plugin. -->","yoast_head_json":{"title":"Colecci\u00f3n M\u00e9tiers d\u2019Art de Chanel: los \u00faltimos 10 desfiles","description":"Chanel present\u00f3 su \u00faltima pasarela de la Colecci\u00f3n M\u00e9tiers d'Art en China, por lo que te damos un vistazo de los \u00faltimos desfiles.","robots":{"index":"index","follow":"follow","max-snippet":"max-snippet:-1","max-image-preview":"max-image-preview:large","max-video-preview":"max-video-preview:-1"},"canonical":"https:\/\/graziamagazine.com\/es\/articles\/coleccion-metiers-dart-de-chanel-los-ultimos-diez-anos-de-la-maison\/","og_locale":"es_ES","og_type":"article","og_title":"Colecci\u00f3n M\u00e9tiers d\u2019Art de Chanel: los \u00faltimos diez a\u00f1os de la maison","og_description":"Chanel present\u00f3 su \u00faltima pasarela de la Colecci\u00f3n M\u00e9tiers d'Art en China, por lo que te damos un vistazo de los \u00faltimos desfiles.","og_url":"https:\/\/graziamagazine.com\/es\/articles\/coleccion-metiers-dart-de-chanel-los-ultimos-diez-anos-de-la-maison\/","og_site_name":"Grazia","og_image":[{"width":1200,"height":800,"url":"https:\/\/graziamagazine.com\/es\/wp-content\/uploads\/sites\/12\/2024\/12\/1621460291-1544115528043849-01theparisnewyork201819metiersd-artshowfinalepicturebyoliviersaillant-copia.jpg","type":"image\/jpeg"}],"twitter_card":"summary_large_image","twitter_misc":{"Est. reading time":"4 minutos"},"schema":{"@context":"https:\/\/schema.org","@graph":[{"@type":"WebPage","@id":"https:\/\/graziamagazine.com\/es\/articles\/coleccion-metiers-dart-de-chanel-los-ultimos-diez-anos-de-la-maison\/","url":"https:\/\/graziamagazine.com\/es\/articles\/coleccion-metiers-dart-de-chanel-los-ultimos-diez-anos-de-la-maison\/","name":"Colecci\u00f3n M\u00e9tiers d\u2019Art de Chanel: los \u00faltimos 10 desfiles","isPartOf":{"@id":"https:\/\/graziamagazine.com\/es\/#website"},"datePublished":"2024-12-05T16:44:51+00:00","dateModified":"2024-12-05T16:44:51+00:00","description":"Chanel present\u00f3 su \u00faltima pasarela de la Colecci\u00f3n M\u00e9tiers d'Art en China, por lo que te damos un vistazo de los \u00faltimos desfiles.","breadcrumb":{"@id":"https:\/\/graziamagazine.com\/es\/articles\/coleccion-metiers-dart-de-chanel-los-ultimos-diez-anos-de-la-maison\/#breadcrumb"},"inLanguage":"es","potentialAction":[{"@type":"ReadAction","target":["https:\/\/graziamagazine.com\/es\/articles\/coleccion-metiers-dart-de-chanel-los-ultimos-diez-anos-de-la-maison\/"]}]},{"@type":"BreadcrumbList","@id":"https:\/\/graziamagazine.com\/es\/articles\/coleccion-metiers-dart-de-chanel-los-ultimos-diez-anos-de-la-maison\/#breadcrumb","itemListElement":[{"@type":"ListItem","position":1,"name":"Portada","item":"https:\/\/graziamagazine.com\/es\/"},{"@type":"ListItem","position":2,"name":"Colecci\u00f3n M\u00e9tiers d\u2019Art de Chanel: los \u00faltimos diez a\u00f1os de la maison"}]},{"@type":"WebSite","@id":"https:\/\/graziamagazine.com\/es\/#website","url":"https:\/\/graziamagazine.com\/es\/","name":"Grazia","description":"Moda, belleza, celebrities, estilo de vida...","potentialAction":[{"@type":"SearchAction","target":{"@type":"EntryPoint","urlTemplate":"https:\/\/graziamagazine.com\/es\/?s={search_term_string}"},"query-input":"required name=search_term_string"}],"inLanguage":"es"}]}},"jetpack_sharing_enabled":true,"distributor_meta":false,"distributor_terms":false,"distributor_media":false,"distributor_original_site_name":"Grazia","distributor_original_site_url":"https:\/\/graziamagazine.com\/es","push-errors":false,"_links":{"self":[{"href":"https:\/\/graziamagazine.com\/es\/wp-json\/wp\/v2\/articles\/180901"}],"collection":[{"href":"https:\/\/graziamagazine.com\/es\/wp-json\/wp\/v2\/articles"}],"about":[{"href":"https:\/\/graziamagazine.com\/es\/wp-json\/wp\/v2\/types\/articles"}],"author":[{"embeddable":true,"href":"https:\/\/graziamagazine.com\/es\/wp-json\/wp\/v2\/users\/16349"}],"wp:featuredmedia":[{"embeddable":true,"href":"https:\/\/graziamagazine.com\/es\/wp-json\/wp\/v2\/media\/180905"}],"wp:attachment":[{"href":"https:\/\/graziamagazine.com\/es\/wp-json\/wp\/v2\/media?parent=180901"}],"wp:term":[{"taxonomy":"category","embeddable":true,"href":"https:\/\/graziamagazine.com\/es\/wp-json\/wp\/v2\/categories?post=180901"}],"curies":[{"name":"wp","href":"https:\/\/api.w.org\/{rel}","templated":true}]}}