{"id":180772,"date":"2024-12-02T09:00:25","date_gmt":"2024-12-02T08:00:25","guid":{"rendered":"https:\/\/graziamagazine.com\/es\/?post_type=articles&#038;p=180772"},"modified":"2024-12-01T20:23:47","modified_gmt":"2024-12-01T19:23:47","slug":"bolsos-con-cinturon-la-tendencia-que-querras-copiar-este-otono","status":"publish","type":"articles","link":"https:\/\/graziamagazine.com\/es\/articles\/bolsos-con-cinturon-la-tendencia-que-querras-copiar-este-otono\/","title":{"rendered":"Bolsos con cintur\u00f3n, la tendencia que querr\u00e1s copiar este oto\u00f1o"},"content":{"rendered":"<p dir=\"ltr\">Cada temporada, el universo de la moda nos entrega nuevas obsesiones, y este oto\u00f1o-invierno 2024 no es la excepci\u00f3n. Los bolsos, ese accesorio fetiche capaz de transformar cualquier look y redefinir nuestro estilo con una sola pieza, han dado un giro inesperado. Este a\u00f1o, los dise\u00f1adores han decidido fusionarlos con otro b\u00e1sico de nuestro armario: los cinturones. El resultado es una de las tendencias m\u00e1s audaces y pr\u00e1cticas de los \u00faltimos meses, consolidando los bolsos-cintur\u00f3n como el nuevo objeto de deseo.<\/p>\n<p dir=\"ltr\">Esta propuesta, que combina innovaci\u00f3n y funcionalidad, es perfecta para la era de la viralidad. \u00bfEl origen? El furor por los cinturones que comenz\u00f3 a invadir las pasarelas en las \u00faltimas temporadas. Firmas como Balenciaga marcaron el terreno con experimentaciones que iban m\u00e1s all\u00e1 de lo convencional, creando camisetas y vestidos confeccionados \u00edntegramente con cinturones.<\/p>\n<p dir=\"ltr\"><img loading=\"lazy\" decoding=\"async\" class=\"aligncenter size-full wp-image-180775\" src=\"https:\/\/graziamagazine.com\/es\/wp-content\/uploads\/sites\/12\/2024\/12\/3-1.jpg\" alt=\"\" width=\"900\" height=\"1350\" srcset=\"https:\/\/graziamagazine.com\/es\/wp-content\/uploads\/sites\/12\/2024\/12\/3-1.jpg 900w, https:\/\/graziamagazine.com\/es\/wp-content\/uploads\/sites\/12\/2024\/12\/3-1-200x300.jpg 200w, https:\/\/graziamagazine.com\/es\/wp-content\/uploads\/sites\/12\/2024\/12\/3-1-683x1024.jpg 683w, https:\/\/graziamagazine.com\/es\/wp-content\/uploads\/sites\/12\/2024\/12\/3-1-768x1152.jpg 768w, https:\/\/graziamagazine.com\/es\/wp-content\/uploads\/sites\/12\/2024\/12\/3-1-400x600.jpg 400w, https:\/\/graziamagazine.com\/es\/wp-content\/uploads\/sites\/12\/2024\/12\/3-1-143x215.jpg 143w\" sizes=\"(max-width: 900px) 100vw, 900px\" \/><\/p>\n<p dir=\"ltr\">Ahora, esta exploraci\u00f3n ha evolucionado hacia un accesorio mucho m\u00e1s pr\u00e1ctico y vers\u00e1til, dise\u00f1ado para acompa\u00f1arte en el d\u00eda a d\u00eda sin sacrificar estilo.<\/p>\n<p dir=\"ltr\"><img loading=\"lazy\" decoding=\"async\" class=\"aligncenter size-full wp-image-180774\" src=\"https:\/\/graziamagazine.com\/es\/wp-content\/uploads\/sites\/12\/2024\/12\/4.jpg\" alt=\"\" width=\"900\" height=\"1350\" srcset=\"https:\/\/graziamagazine.com\/es\/wp-content\/uploads\/sites\/12\/2024\/12\/4.jpg 900w, https:\/\/graziamagazine.com\/es\/wp-content\/uploads\/sites\/12\/2024\/12\/4-200x300.jpg 200w, https:\/\/graziamagazine.com\/es\/wp-content\/uploads\/sites\/12\/2024\/12\/4-683x1024.jpg 683w, https:\/\/graziamagazine.com\/es\/wp-content\/uploads\/sites\/12\/2024\/12\/4-768x1152.jpg 768w, https:\/\/graziamagazine.com\/es\/wp-content\/uploads\/sites\/12\/2024\/12\/4-400x600.jpg 400w, https:\/\/graziamagazine.com\/es\/wp-content\/uploads\/sites\/12\/2024\/12\/4-143x215.jpg 143w\" sizes=\"(max-width: 900px) 100vw, 900px\" \/><\/p>\n<p dir=\"ltr\">Prada y Miu Miu lideraron la tendencia, presentando versiones cargadas de charms que aportan un toque l\u00fadico y maximalista. Por otro lado, casas como Ferragamo y Celine ofrecieron interpretaciones m\u00e1s minimalistas, demostrando que esta pieza tiene cabida tanto en estilismos discretos como en los m\u00e1s llamativos. El street style no tard\u00f3 en adoptar la tendencia, y las celebrities tambi\u00e9n dieron su sello de aprobaci\u00f3n: Alexa Chung y Elsa Hosk ya han hecho de los bolsos-cintur\u00f3n un esencial en sus looks diarios.<\/p>\n<p dir=\"ltr\">Una de las razones clave detr\u00e1s de su \u00e9xito es su adaptabilidad. Los bolsos-cintur\u00f3n se presentan en m\u00faltiples tama\u00f1os y estilos: desde opciones funcionales ideales para la oficina hasta dise\u00f1os compactos y sofisticados, perfectos para llevar lo imprescindible durante una noche en la ciudad.<\/p>\n<p dir=\"ltr\"><img loading=\"lazy\" decoding=\"async\" class=\"aligncenter size-full wp-image-180777\" src=\"https:\/\/graziamagazine.com\/es\/wp-content\/uploads\/sites\/12\/2024\/12\/10.jpg\" alt=\"\" width=\"1024\" height=\"1024\" srcset=\"https:\/\/graziamagazine.com\/es\/wp-content\/uploads\/sites\/12\/2024\/12\/10.jpg 1024w, https:\/\/graziamagazine.com\/es\/wp-content\/uploads\/sites\/12\/2024\/12\/10-300x300.jpg 300w, https:\/\/graziamagazine.com\/es\/wp-content\/uploads\/sites\/12\/2024\/12\/10-150x150.jpg 150w, https:\/\/graziamagazine.com\/es\/wp-content\/uploads\/sites\/12\/2024\/12\/10-768x768.jpg 768w, https:\/\/graziamagazine.com\/es\/wp-content\/uploads\/sites\/12\/2024\/12\/10-400x400.jpg 400w, https:\/\/graziamagazine.com\/es\/wp-content\/uploads\/sites\/12\/2024\/12\/10-155x155.jpg 155w\" sizes=\"(max-width: 1024px) 100vw, 1024px\" \/><\/p>\n<p dir=\"ltr\"><a href=\"https:\/\/www.hispanitas.com\/es\/bolsos\/bolsos\/bolso-de-mano\/bi243532-54519\" target=\"_blank\"><span data-olk-copy-source=\"MessageBody\">Bolso de mano cuero, de Hispanitas (99.90\u20ac)<\/span><\/a><\/p>\n<p dir=\"ltr\"><span data-olk-copy-source=\"MessageBody\">Marcas como <\/span><strong>Hispanitas<\/strong> han sabido reinterpretar esta tendencia de forma \u00fanica, a\u00f1adiendo su sello caracter\u00edstico. Sus peque\u00f1os bolsos de mano, decorados con cinturones como detalle central, destacan no solo por su est\u00e9tica sino tambi\u00e9n por su versatilidad. Dise\u00f1ados con correas desmontables estilo bandolera, ofrecen comodidad y adaptabilidad para cualquier ocasi\u00f3n.<\/p>\n<p dir=\"ltr\"><img loading=\"lazy\" decoding=\"async\" class=\"aligncenter size-full wp-image-180776\" src=\"https:\/\/graziamagazine.com\/es\/wp-content\/uploads\/sites\/12\/2024\/12\/11.jpg\" alt=\"\" width=\"1024\" height=\"1024\" srcset=\"https:\/\/graziamagazine.com\/es\/wp-content\/uploads\/sites\/12\/2024\/12\/11.jpg 1024w, https:\/\/graziamagazine.com\/es\/wp-content\/uploads\/sites\/12\/2024\/12\/11-300x300.jpg 300w, https:\/\/graziamagazine.com\/es\/wp-content\/uploads\/sites\/12\/2024\/12\/11-150x150.jpg 150w, https:\/\/graziamagazine.com\/es\/wp-content\/uploads\/sites\/12\/2024\/12\/11-768x768.jpg 768w, https:\/\/graziamagazine.com\/es\/wp-content\/uploads\/sites\/12\/2024\/12\/11-400x400.jpg 400w, https:\/\/graziamagazine.com\/es\/wp-content\/uploads\/sites\/12\/2024\/12\/11-155x155.jpg 155w\" sizes=\"(max-width: 1024px) 100vw, 1024px\" \/><\/p>\n<p dir=\"ltr\"><a href=\"https:\/\/www.hispanitas.com\/es\/bolsos\/bolsos\/bolso-de-mano\/bi243533-54523\" target=\"_blank\"><span data-olk-copy-source=\"MessageBody\">Bolso de mano rojo, de Hispanitas (89.90\u20ac)<\/span><\/a><\/p>\n<p dir=\"ltr\">Adem\u00e1s, la variedad de tama\u00f1os y tonos disponibles \u2014que va desde los neutros elegantes hasta los colores m\u00e1s vibrantes\u2014 asegura que haya una opci\u00f3n para cada estilo.<\/p>\n<p dir=\"ltr\"><em>*Im\u00e1genes: Instagram y cortes\u00eda<\/em><\/p>\n","protected":false},"author":11653,"featured_media":180773,"template":"","format":"standard","categories":[1],"acf":[],"yoast_head":"<!-- This site is optimized with the Yoast SEO Premium plugin v18.5 (Yoast SEO v20.4) - https:\/\/yoast.com\/wordpress\/plugins\/seo\/ -->\n<title>Bolsos con cintur\u00f3n, la tendencia que querr\u00e1s copiar este oto\u00f1o<\/title>\n<meta name=\"description\" content=\"Aunque la combinaci\u00f3n resulte extra\u00f1a, estos bolsos son mucho m\u00e1s habituales de lo que pensabas y sobre todo, f\u00e1ciles de combinar\" \/>\n<meta name=\"robots\" content=\"index, follow, max-snippet:-1, max-image-preview:large, max-video-preview:-1\" \/>\n<link rel=\"canonical\" href=\"https:\/\/graziamagazine.com\/es\/articles\/bolsos-con-cinturon-la-tendencia-que-querras-copiar-este-otono\/\" \/>\n<meta property=\"og:locale\" content=\"es_ES\" \/>\n<meta property=\"og:type\" content=\"article\" \/>\n<meta property=\"og:title\" content=\"Bolsos con cintur\u00f3n, la tendencia que querr\u00e1s copiar este oto\u00f1o\" \/>\n<meta property=\"og:description\" content=\"Aunque la combinaci\u00f3n resulte extra\u00f1a, estos bolsos son mucho m\u00e1s habituales de lo que pensabas y sobre todo, f\u00e1ciles de combinar\" \/>\n<meta property=\"og:url\" content=\"https:\/\/graziamagazine.com\/es\/articles\/bolsos-con-cinturon-la-tendencia-que-querras-copiar-este-otono\/\" \/>\n<meta property=\"og:site_name\" content=\"Grazia\" \/>\n<meta property=\"article:modified_time\" content=\"2024-12-01T19:23:47+00:00\" \/>\n<meta property=\"og:image\" content=\"https:\/\/graziamagazine.com\/es\/wp-content\/uploads\/sites\/12\/2024\/12\/NdP_PORTADAS_01_1.jpg\" \/>\n\t<meta property=\"og:image:width\" content=\"2000\" \/>\n\t<meta property=\"og:image:height\" content=\"1125\" \/>\n\t<meta property=\"og:image:type\" content=\"image\/jpeg\" \/>\n<meta name=\"twitter:card\" content=\"summary_large_image\" \/>\n<meta name=\"twitter:label1\" content=\"Est. reading time\" \/>\n\t<meta name=\"twitter:data1\" content=\"3 minutos\" \/>\n<script type=\"application\/ld+json\" class=\"yoast-schema-graph\">{\"@context\":\"https:\/\/schema.org\",\"@graph\":[{\"@type\":\"WebPage\",\"@id\":\"https:\/\/graziamagazine.com\/es\/articles\/bolsos-con-cinturon-la-tendencia-que-querras-copiar-este-otono\/\",\"url\":\"https:\/\/graziamagazine.com\/es\/articles\/bolsos-con-cinturon-la-tendencia-que-querras-copiar-este-otono\/\",\"name\":\"Bolsos con cintur\u00f3n, la tendencia que querr\u00e1s copiar este oto\u00f1o\",\"isPartOf\":{\"@id\":\"https:\/\/graziamagazine.com\/es\/#website\"},\"datePublished\":\"2024-12-02T08:00:25+00:00\",\"dateModified\":\"2024-12-01T19:23:47+00:00\",\"description\":\"Aunque la combinaci\u00f3n resulte extra\u00f1a, estos bolsos son mucho m\u00e1s habituales de lo que pensabas y sobre todo, f\u00e1ciles de combinar\",\"breadcrumb\":{\"@id\":\"https:\/\/graziamagazine.com\/es\/articles\/bolsos-con-cinturon-la-tendencia-que-querras-copiar-este-otono\/#breadcrumb\"},\"inLanguage\":\"es\",\"potentialAction\":[{\"@type\":\"ReadAction\",\"target\":[\"https:\/\/graziamagazine.com\/es\/articles\/bolsos-con-cinturon-la-tendencia-que-querras-copiar-este-otono\/\"]}]},{\"@type\":\"BreadcrumbList\",\"@id\":\"https:\/\/graziamagazine.com\/es\/articles\/bolsos-con-cinturon-la-tendencia-que-querras-copiar-este-otono\/#breadcrumb\",\"itemListElement\":[{\"@type\":\"ListItem\",\"position\":1,\"name\":\"Portada\",\"item\":\"https:\/\/graziamagazine.com\/es\/\"},{\"@type\":\"ListItem\",\"position\":2,\"name\":\"Bolsos con cintur\u00f3n, la tendencia que querr\u00e1s copiar este oto\u00f1o\"}]},{\"@type\":\"WebSite\",\"@id\":\"https:\/\/graziamagazine.com\/es\/#website\",\"url\":\"https:\/\/graziamagazine.com\/es\/\",\"name\":\"Grazia\",\"description\":\"Moda, belleza, celebrities, estilo de vida...\",\"potentialAction\":[{\"@type\":\"SearchAction\",\"target\":{\"@type\":\"EntryPoint\",\"urlTemplate\":\"https:\/\/graziamagazine.com\/es\/?s={search_term_string}\"},\"query-input\":\"required name=search_term_string\"}],\"inLanguage\":\"es\"}]}<\/script>\n<!-- \/ Yoast SEO Premium plugin. -->","yoast_head_json":{"title":"Bolsos con cintur\u00f3n, la tendencia que querr\u00e1s copiar este oto\u00f1o","description":"Aunque la combinaci\u00f3n resulte extra\u00f1a, estos bolsos son mucho m\u00e1s habituales de lo que pensabas y sobre todo, f\u00e1ciles de combinar","robots":{"index":"index","follow":"follow","max-snippet":"max-snippet:-1","max-image-preview":"max-image-preview:large","max-video-preview":"max-video-preview:-1"},"canonical":"https:\/\/graziamagazine.com\/es\/articles\/bolsos-con-cinturon-la-tendencia-que-querras-copiar-este-otono\/","og_locale":"es_ES","og_type":"article","og_title":"Bolsos con cintur\u00f3n, la tendencia que querr\u00e1s copiar este oto\u00f1o","og_description":"Aunque la combinaci\u00f3n resulte extra\u00f1a, estos bolsos son mucho m\u00e1s habituales de lo que pensabas y sobre todo, f\u00e1ciles de combinar","og_url":"https:\/\/graziamagazine.com\/es\/articles\/bolsos-con-cinturon-la-tendencia-que-querras-copiar-este-otono\/","og_site_name":"Grazia","article_modified_time":"2024-12-01T19:23:47+00:00","og_image":[{"width":2000,"height":1125,"url":"https:\/\/graziamagazine.com\/es\/wp-content\/uploads\/sites\/12\/2024\/12\/NdP_PORTADAS_01_1.jpg","type":"image\/jpeg"}],"twitter_card":"summary_large_image","twitter_misc":{"Est. reading time":"3 minutos"},"schema":{"@context":"https:\/\/schema.org","@graph":[{"@type":"WebPage","@id":"https:\/\/graziamagazine.com\/es\/articles\/bolsos-con-cinturon-la-tendencia-que-querras-copiar-este-otono\/","url":"https:\/\/graziamagazine.com\/es\/articles\/bolsos-con-cinturon-la-tendencia-que-querras-copiar-este-otono\/","name":"Bolsos con cintur\u00f3n, la tendencia que querr\u00e1s copiar este oto\u00f1o","isPartOf":{"@id":"https:\/\/graziamagazine.com\/es\/#website"},"datePublished":"2024-12-02T08:00:25+00:00","dateModified":"2024-12-01T19:23:47+00:00","description":"Aunque la combinaci\u00f3n resulte extra\u00f1a, estos bolsos son mucho m\u00e1s habituales de lo que pensabas y sobre todo, f\u00e1ciles de combinar","breadcrumb":{"@id":"https:\/\/graziamagazine.com\/es\/articles\/bolsos-con-cinturon-la-tendencia-que-querras-copiar-este-otono\/#breadcrumb"},"inLanguage":"es","potentialAction":[{"@type":"ReadAction","target":["https:\/\/graziamagazine.com\/es\/articles\/bolsos-con-cinturon-la-tendencia-que-querras-copiar-este-otono\/"]}]},{"@type":"BreadcrumbList","@id":"https:\/\/graziamagazine.com\/es\/articles\/bolsos-con-cinturon-la-tendencia-que-querras-copiar-este-otono\/#breadcrumb","itemListElement":[{"@type":"ListItem","position":1,"name":"Portada","item":"https:\/\/graziamagazine.com\/es\/"},{"@type":"ListItem","position":2,"name":"Bolsos con cintur\u00f3n, la tendencia que querr\u00e1s copiar este oto\u00f1o"}]},{"@type":"WebSite","@id":"https:\/\/graziamagazine.com\/es\/#website","url":"https:\/\/graziamagazine.com\/es\/","name":"Grazia","description":"Moda, belleza, celebrities, estilo de vida...","potentialAction":[{"@type":"SearchAction","target":{"@type":"EntryPoint","urlTemplate":"https:\/\/graziamagazine.com\/es\/?s={search_term_string}"},"query-input":"required name=search_term_string"}],"inLanguage":"es"}]}},"jetpack_sharing_enabled":true,"distributor_meta":false,"distributor_terms":false,"distributor_media":false,"distributor_original_site_name":"Grazia","distributor_original_site_url":"https:\/\/graziamagazine.com\/es","push-errors":false,"_links":{"self":[{"href":"https:\/\/graziamagazine.com\/es\/wp-json\/wp\/v2\/articles\/180772"}],"collection":[{"href":"https:\/\/graziamagazine.com\/es\/wp-json\/wp\/v2\/articles"}],"about":[{"href":"https:\/\/graziamagazine.com\/es\/wp-json\/wp\/v2\/types\/articles"}],"author":[{"embeddable":true,"href":"https:\/\/graziamagazine.com\/es\/wp-json\/wp\/v2\/users\/11653"}],"wp:featuredmedia":[{"embeddable":true,"href":"https:\/\/graziamagazine.com\/es\/wp-json\/wp\/v2\/media\/180773"}],"wp:attachment":[{"href":"https:\/\/graziamagazine.com\/es\/wp-json\/wp\/v2\/media?parent=180772"}],"wp:term":[{"taxonomy":"category","embeddable":true,"href":"https:\/\/graziamagazine.com\/es\/wp-json\/wp\/v2\/categories?post=180772"}],"curies":[{"name":"wp","href":"https:\/\/api.w.org\/{rel}","templated":true}]}}