{"id":180575,"date":"2024-11-26T09:59:25","date_gmt":"2024-11-26T08:59:25","guid":{"rendered":"https:\/\/graziamagazine.com\/es\/?post_type=articles&#038;p=180575"},"modified":"2024-11-26T11:40:20","modified_gmt":"2024-11-26T10:40:20","slug":"la-manicura-frosty-martini-de-hailey-bibier-en-su-cumpleanos","status":"publish","type":"articles","link":"https:\/\/graziamagazine.com\/es\/articles\/la-manicura-frosty-martini-de-hailey-bibier-en-su-cumpleanos\/","title":{"rendered":"La manicura \u201cFrosty Martini\u201d de Hailey Bibier en su cumplea\u00f1os"},"content":{"rendered":"<p><span style=\"font-weight: 400\"><strong>Hailey Bieber<\/strong> nunca deja de sorprendernos con sus incre\u00edbles looks. Esta vez, la modelo y fundadora de <strong>Rhode<\/strong> celebr\u00f3 su <strong>cumplea\u00f1os 28<\/strong> con una divertida fiesta tem\u00e1tica de martinis, pero lo que realmente acapar\u00f3 la atenci\u00f3n fue su espectacular <em><strong>Frosty Martini Manicure<\/strong><\/em>, una manicura azul con diminutas aceitunas que reflejaba perfectamente el esp\u00edritu de la noche.<\/span><\/p>\n<p><span style=\"font-weight: 400\">La celebraci\u00f3n, compartida por la propia Hailey en Instagram, incluy\u00f3 un pastel decorado con la frase \u201c<em><strong>a tini bit 28<\/strong><\/em>\u201d, una torre de martinis espresso y un cartel ne\u00f3n en forma de copa de martini. Para el <em>outfit,<\/em> Hailey opt\u00f3 por un minivestido negro con una falda diminuta y un escote profundo, complementado por un abrigo de peluche negro de <strong>Charlotte Simone<\/strong>.<\/span><\/p>\n        <blockquote class=\"instagram-media \" style=\"background: #ffffff;border: 0;margin: 1px;width: 100%;padding: 0;\"  data-instgrm-permalink=\"https:\/\/www.instagram.com\/p\/DCu4gboSaBh\/?utm_source=ig_embed&amp;ig_rid=2f431936-3bc9-446e-a12b-c739c62cc3c6\" data-instgrm-version=\"14\"><\/blockquote>\n<p><span style=\"font-weight: 400\">El punto determinante de su look fue, sin duda, su<em> Frosty Martini Manicure<\/em>. Este dise\u00f1o minimalista y elegante, perfecto para la temporada, demostr\u00f3 por qu\u00e9 <a href=\"https:\/\/graziamagazine.com\/mx\/articles\/el-truco-de-tik-tok-con-el-que-no-necesitaras-usar-acido-hialuronico\/\">Hailey Bieber<\/a> siempre es pionera en las tendencias <em>beauty.<\/em>\u00a0<\/span><\/p>\n<p><span style=\"font-weight: 400\">Para completar su estilo de cumplea\u00f1os, Hailey apost\u00f3 por las tendencias de maquillaje que ella misma ha popularizado este a\u00f1o: rubor terracota para un look fresco, iluminador que resaltaba su piel radiante y labios marrones brillantes que equilibraron a la perfecci\u00f3n su atuendo.<\/span><\/p>\n        <blockquote class=\"instagram-media \" style=\"background: #ffffff;border: 0;margin: 1px;width: 100%;padding: 0;\"  data-instgrm-permalink=\"https:\/\/www.instagram.com\/p\/DCuHAHPviKJ\/\" data-instgrm-version=\"14\"><\/blockquote>\n<p><span style=\"font-weight: 400\">Con su <em>Frosty Martini Manicure<\/em>, su impecable<em> outfit<\/em> y su maquillaje de impacto, esta nueva mam\u00e1 se convirti\u00f3 en el centro de la noche, celebr\u00f3 su cumplea\u00f1os como debe ser, y marc\u00f3 tendencia una vez m\u00e1s.\u00a0<\/span><\/p>\n<p>\u00a1Felicidades a la cumplea\u00f1era!<\/p>\n","protected":false},"author":16349,"featured_media":180578,"template":"","format":"standard","categories":[7],"acf":[],"yoast_head":"<!-- This site is optimized with the Yoast SEO Premium plugin v18.5 (Yoast SEO v20.4) - https:\/\/yoast.com\/wordpress\/plugins\/seo\/ -->\n<title>La manicura \u201cFrosty Martini\u201d de Hailey Bibier en su cumplea\u00f1os<\/title>\n<meta name=\"description\" content=\"Hailey Bieber celebr\u00f3 su cumplea\u00f1os 28 luciendo un nail art tem\u00e1tico de martinis, un beauty look divertido y elegante.\" \/>\n<meta name=\"robots\" content=\"index, follow, max-snippet:-1, max-image-preview:large, max-video-preview:-1\" \/>\n<link rel=\"canonical\" href=\"https:\/\/graziamagazine.com\/es\/articles\/la-manicura-frosty-martini-de-hailey-bibier-en-su-cumpleanos\/\" \/>\n<meta property=\"og:locale\" content=\"es_ES\" \/>\n<meta property=\"og:type\" content=\"article\" \/>\n<meta property=\"og:title\" content=\"La manicura \u201cFrosty Martini\u201d de Hailey Bibier en su cumplea\u00f1os\" \/>\n<meta property=\"og:description\" content=\"Hailey Bieber celebr\u00f3 su cumplea\u00f1os 28 luciendo un nail art tem\u00e1tico de martinis, un beauty look divertido y elegante.\" \/>\n<meta property=\"og:url\" content=\"https:\/\/graziamagazine.com\/es\/articles\/la-manicura-frosty-martini-de-hailey-bibier-en-su-cumpleanos\/\" \/>\n<meta property=\"og:site_name\" content=\"Grazia\" \/>\n<meta property=\"article:modified_time\" content=\"2024-11-26T10:40:20+00:00\" \/>\n<meta property=\"og:image\" content=\"https:\/\/graziamagazine.com\/es\/wp-content\/uploads\/sites\/12\/2024\/11\/haileybieber-e1732611500519.jpg\" \/>\n\t<meta property=\"og:image:width\" content=\"1413\" \/>\n\t<meta property=\"og:image:height\" content=\"1221\" \/>\n\t<meta property=\"og:image:type\" content=\"image\/jpeg\" \/>\n<meta name=\"twitter:card\" content=\"summary_large_image\" \/>\n<meta name=\"twitter:label1\" content=\"Est. reading time\" \/>\n\t<meta name=\"twitter:data1\" content=\"2 minutos\" \/>\n<script type=\"application\/ld+json\" class=\"yoast-schema-graph\">{\"@context\":\"https:\/\/schema.org\",\"@graph\":[{\"@type\":\"WebPage\",\"@id\":\"https:\/\/graziamagazine.com\/es\/articles\/la-manicura-frosty-martini-de-hailey-bibier-en-su-cumpleanos\/\",\"url\":\"https:\/\/graziamagazine.com\/es\/articles\/la-manicura-frosty-martini-de-hailey-bibier-en-su-cumpleanos\/\",\"name\":\"La manicura \u201cFrosty Martini\u201d de Hailey Bibier en su cumplea\u00f1os\",\"isPartOf\":{\"@id\":\"https:\/\/graziamagazine.com\/es\/#website\"},\"datePublished\":\"2024-11-26T08:59:25+00:00\",\"dateModified\":\"2024-11-26T10:40:20+00:00\",\"description\":\"Hailey Bieber celebr\u00f3 su cumplea\u00f1os 28 luciendo un nail art tem\u00e1tico de martinis, un beauty look divertido y elegante.\",\"breadcrumb\":{\"@id\":\"https:\/\/graziamagazine.com\/es\/articles\/la-manicura-frosty-martini-de-hailey-bibier-en-su-cumpleanos\/#breadcrumb\"},\"inLanguage\":\"es\",\"potentialAction\":[{\"@type\":\"ReadAction\",\"target\":[\"https:\/\/graziamagazine.com\/es\/articles\/la-manicura-frosty-martini-de-hailey-bibier-en-su-cumpleanos\/\"]}]},{\"@type\":\"BreadcrumbList\",\"@id\":\"https:\/\/graziamagazine.com\/es\/articles\/la-manicura-frosty-martini-de-hailey-bibier-en-su-cumpleanos\/#breadcrumb\",\"itemListElement\":[{\"@type\":\"ListItem\",\"position\":1,\"name\":\"Portada\",\"item\":\"https:\/\/graziamagazine.com\/es\/\"},{\"@type\":\"ListItem\",\"position\":2,\"name\":\"La manicura \u201cFrosty Martini\u201d de Hailey Bibier en su cumplea\u00f1os\"}]},{\"@type\":\"WebSite\",\"@id\":\"https:\/\/graziamagazine.com\/es\/#website\",\"url\":\"https:\/\/graziamagazine.com\/es\/\",\"name\":\"Grazia\",\"description\":\"Moda, belleza, celebrities, estilo de vida...\",\"potentialAction\":[{\"@type\":\"SearchAction\",\"target\":{\"@type\":\"EntryPoint\",\"urlTemplate\":\"https:\/\/graziamagazine.com\/es\/?s={search_term_string}\"},\"query-input\":\"required name=search_term_string\"}],\"inLanguage\":\"es\"}]}<\/script>\n<!-- \/ Yoast SEO Premium plugin. -->","yoast_head_json":{"title":"La manicura \u201cFrosty Martini\u201d de Hailey Bibier en su cumplea\u00f1os","description":"Hailey Bieber celebr\u00f3 su cumplea\u00f1os 28 luciendo un nail art tem\u00e1tico de martinis, un beauty look divertido y elegante.","robots":{"index":"index","follow":"follow","max-snippet":"max-snippet:-1","max-image-preview":"max-image-preview:large","max-video-preview":"max-video-preview:-1"},"canonical":"https:\/\/graziamagazine.com\/es\/articles\/la-manicura-frosty-martini-de-hailey-bibier-en-su-cumpleanos\/","og_locale":"es_ES","og_type":"article","og_title":"La manicura \u201cFrosty Martini\u201d de Hailey Bibier en su cumplea\u00f1os","og_description":"Hailey Bieber celebr\u00f3 su cumplea\u00f1os 28 luciendo un nail art tem\u00e1tico de martinis, un beauty look divertido y elegante.","og_url":"https:\/\/graziamagazine.com\/es\/articles\/la-manicura-frosty-martini-de-hailey-bibier-en-su-cumpleanos\/","og_site_name":"Grazia","article_modified_time":"2024-11-26T10:40:20+00:00","og_image":[{"width":1413,"height":1221,"url":"https:\/\/graziamagazine.com\/es\/wp-content\/uploads\/sites\/12\/2024\/11\/haileybieber-e1732611500519.jpg","type":"image\/jpeg"}],"twitter_card":"summary_large_image","twitter_misc":{"Est. reading time":"2 minutos"},"schema":{"@context":"https:\/\/schema.org","@graph":[{"@type":"WebPage","@id":"https:\/\/graziamagazine.com\/es\/articles\/la-manicura-frosty-martini-de-hailey-bibier-en-su-cumpleanos\/","url":"https:\/\/graziamagazine.com\/es\/articles\/la-manicura-frosty-martini-de-hailey-bibier-en-su-cumpleanos\/","name":"La manicura \u201cFrosty Martini\u201d de Hailey Bibier en su cumplea\u00f1os","isPartOf":{"@id":"https:\/\/graziamagazine.com\/es\/#website"},"datePublished":"2024-11-26T08:59:25+00:00","dateModified":"2024-11-26T10:40:20+00:00","description":"Hailey Bieber celebr\u00f3 su cumplea\u00f1os 28 luciendo un nail art tem\u00e1tico de martinis, un beauty look divertido y elegante.","breadcrumb":{"@id":"https:\/\/graziamagazine.com\/es\/articles\/la-manicura-frosty-martini-de-hailey-bibier-en-su-cumpleanos\/#breadcrumb"},"inLanguage":"es","potentialAction":[{"@type":"ReadAction","target":["https:\/\/graziamagazine.com\/es\/articles\/la-manicura-frosty-martini-de-hailey-bibier-en-su-cumpleanos\/"]}]},{"@type":"BreadcrumbList","@id":"https:\/\/graziamagazine.com\/es\/articles\/la-manicura-frosty-martini-de-hailey-bibier-en-su-cumpleanos\/#breadcrumb","itemListElement":[{"@type":"ListItem","position":1,"name":"Portada","item":"https:\/\/graziamagazine.com\/es\/"},{"@type":"ListItem","position":2,"name":"La manicura \u201cFrosty Martini\u201d de Hailey Bibier en su cumplea\u00f1os"}]},{"@type":"WebSite","@id":"https:\/\/graziamagazine.com\/es\/#website","url":"https:\/\/graziamagazine.com\/es\/","name":"Grazia","description":"Moda, belleza, celebrities, estilo de vida...","potentialAction":[{"@type":"SearchAction","target":{"@type":"EntryPoint","urlTemplate":"https:\/\/graziamagazine.com\/es\/?s={search_term_string}"},"query-input":"required name=search_term_string"}],"inLanguage":"es"}]}},"jetpack_sharing_enabled":true,"distributor_meta":false,"distributor_terms":false,"distributor_media":false,"distributor_original_site_name":"Grazia","distributor_original_site_url":"https:\/\/graziamagazine.com\/es","push-errors":false,"_links":{"self":[{"href":"https:\/\/graziamagazine.com\/es\/wp-json\/wp\/v2\/articles\/180575"}],"collection":[{"href":"https:\/\/graziamagazine.com\/es\/wp-json\/wp\/v2\/articles"}],"about":[{"href":"https:\/\/graziamagazine.com\/es\/wp-json\/wp\/v2\/types\/articles"}],"author":[{"embeddable":true,"href":"https:\/\/graziamagazine.com\/es\/wp-json\/wp\/v2\/users\/16349"}],"wp:featuredmedia":[{"embeddable":true,"href":"https:\/\/graziamagazine.com\/es\/wp-json\/wp\/v2\/media\/180578"}],"wp:attachment":[{"href":"https:\/\/graziamagazine.com\/es\/wp-json\/wp\/v2\/media?parent=180575"}],"wp:term":[{"taxonomy":"category","embeddable":true,"href":"https:\/\/graziamagazine.com\/es\/wp-json\/wp\/v2\/categories?post=180575"}],"curies":[{"name":"wp","href":"https:\/\/api.w.org\/{rel}","templated":true}]}}