{"id":180512,"date":"2024-11-22T09:00:30","date_gmt":"2024-11-22T08:00:30","guid":{"rendered":"https:\/\/graziamagazine.com\/es\/?post_type=articles&#038;p=180512"},"modified":"2024-11-22T02:14:29","modified_gmt":"2024-11-22T01:14:29","slug":"naya-ahda-ganadora-del-primer-premio-internacional-david-delfin","status":"publish","type":"articles","link":"https:\/\/graziamagazine.com\/es\/articles\/naya-ahda-ganadora-del-primer-premio-internacional-david-delfin\/","title":{"rendered":"Naya Ahda, ganadora del primer Premio internacional David Delf\u00edn"},"content":{"rendered":"<p class=\"x_MsoNormal\"><span data-olk-copy-source=\"MessageBody\">La dise\u00f1adora Naya Ahbad, de la escuela Parsons Par\u00eds, recogi\u00f3 anoche el\u00a0<b>Premio Internacional de Moda David Delf\u00edn Talento Original 2024<\/b>, otorgado por la Diputaci\u00f3n Provincial de M\u00e1laga a trav\u00e9s de M\u00e1laga de Moda y La T\u00e9rmica, centro de cultura contempor\u00e1nea. Una primera edici\u00f3n del certamen en la que tambi\u00e9n la gallega Sara Maneiro, graduada en Bellas Artes y especializada en Dise\u00f1o y Direcci\u00f3n Creativa en Moda por la Universidad de Vigo (ESDEMGA), obtuvo la beca David Delf\u00edn para participar como finalista el pr\u00f3ximo a\u00f1o.<\/span><\/p>\n<p class=\"x_MsoNormal\">Nacida en 2002 en Nueva York y de nacionalidad francesa, Naya Ahbad se alz\u00f3 con el premio por Neuroblastome, una colecci\u00f3n sobre el viaje de la autoaceptaci\u00f3n y la confianza en uno mismo. Naya recibi\u00f3 el galard\u00f3n, dotado con 10.000 euros, junto a una estatuilla creada por la artista visual Irene Molina. Una pieza moldeada tomando como punto de partida algunos dibujos de David Delf\u00edn y la colecci\u00f3n Tutti Frutti que el dise\u00f1ador malague\u00f1o m\u00e1s internacional present\u00f3 en MBFWM en 2013.\u00a0\u00a0 Por su parte, Sara Maneiro fue finalista con El objeto sentimental y el hogar, que explora a trav\u00e9s de la experimentaci\u00f3n con la confecci\u00f3n y la gr\u00e1fica, el concepto del hogar y los lazos sentimentales que desarrollamos con los objetos.<\/p>\n<figure id=\"attachment_180514\" aria-describedby=\"caption-attachment-180514\" style=\"width: 2048px\" class=\"wp-caption aligncenter\"><img loading=\"lazy\" decoding=\"async\" class=\"wp-image-180514 size-full\" src=\"https:\/\/graziamagazine.com\/es\/wp-content\/uploads\/sites\/12\/2024\/11\/IMG_4864-scaled.jpg\" alt=\"\" width=\"2048\" height=\"2560\" srcset=\"https:\/\/graziamagazine.com\/es\/wp-content\/uploads\/sites\/12\/2024\/11\/IMG_4864-scaled.jpg 2048w, https:\/\/graziamagazine.com\/es\/wp-content\/uploads\/sites\/12\/2024\/11\/IMG_4864-240x300.jpg 240w, https:\/\/graziamagazine.com\/es\/wp-content\/uploads\/sites\/12\/2024\/11\/IMG_4864-819x1024.jpg 819w, https:\/\/graziamagazine.com\/es\/wp-content\/uploads\/sites\/12\/2024\/11\/IMG_4864-768x960.jpg 768w, https:\/\/graziamagazine.com\/es\/wp-content\/uploads\/sites\/12\/2024\/11\/IMG_4864-1229x1536.jpg 1229w, https:\/\/graziamagazine.com\/es\/wp-content\/uploads\/sites\/12\/2024\/11\/IMG_4864-1639x2048.jpg 1639w, https:\/\/graziamagazine.com\/es\/wp-content\/uploads\/sites\/12\/2024\/11\/IMG_4864-400x500.jpg 400w, https:\/\/graziamagazine.com\/es\/wp-content\/uploads\/sites\/12\/2024\/11\/IMG_4864-155x194.jpg 155w\" sizes=\"(max-width: 2048px) 100vw, 2048px\" \/><figcaption id=\"caption-attachment-180514\" class=\"wp-caption-text\">Dise\u00f1o de Naya Ahbad<\/figcaption><\/figure>\n<h3>Dise\u00f1adores de todo el mundo<\/h3>\n<p class=\"x_MsoNormal\">Un total de\u00a0<b>92 dise\u00f1adores enviaron su candidatura<\/b>, de las cuales, el 23% prove\u00edan del extranjero, de pa\u00edses como Estados Unidos, Francia, B\u00e9lgica, Alemania, Reino Unido y Jap\u00f3n. Tras un primer proceso de selecci\u00f3n realizado por un comit\u00e9 de expertos, los nueve finalistas defendieron ayer sus propuestas ante el jurado, compuesto por destacados referentes del mundo de la moda. Entre ellos,\u00a0<b>Rosemary Rodr\u00edguez<\/b>, con una larga experiencia como directora creativa en Paco Rabanne, Thierry Mugler y Christian Dior, adem\u00e1s de ser fundadora de la agencia AMA;\u00a0<b>Patrick Cabasset<\/b>, editor de moda en publicaciones tan destacadas como L\u2019Officiel de la Mode et de la Couture de Paris, Gap o Vogue Paris;\u00a0<b>Cristina Baruzzi<\/b>, partner en Sterling International y reclutadora de talento para Miuccia Prada, Maria Grazia Chiuri o Pierpaolo Piccioli;\u00a0<b>Leticia Garc\u00eda<\/b>, redactora jefe de\u00a0 moda en Smoda y editora de moda en El Pa\u00eds; la dise\u00f1adora\u00a0<b>Juana Mart\u00edn<\/b>\u00a0y\u00a0<b>Pepa Bueno<\/b>, directora ejecutiva de la Asociaci\u00f3n Creadores de Moda de Espa\u00f1a.<\/p>\n<figure id=\"attachment_180515\" aria-describedby=\"caption-attachment-180515\" style=\"width: 2560px\" class=\"wp-caption aligncenter\"><img loading=\"lazy\" decoding=\"async\" class=\"wp-image-180515 size-full\" src=\"https:\/\/graziamagazine.com\/es\/wp-content\/uploads\/sites\/12\/2024\/11\/IMG_4850-scaled.jpg\" alt=\"\" width=\"2560\" height=\"1440\" srcset=\"https:\/\/graziamagazine.com\/es\/wp-content\/uploads\/sites\/12\/2024\/11\/IMG_4850-scaled.jpg 2560w, https:\/\/graziamagazine.com\/es\/wp-content\/uploads\/sites\/12\/2024\/11\/IMG_4850-300x169.jpg 300w, https:\/\/graziamagazine.com\/es\/wp-content\/uploads\/sites\/12\/2024\/11\/IMG_4850-1024x576.jpg 1024w, https:\/\/graziamagazine.com\/es\/wp-content\/uploads\/sites\/12\/2024\/11\/IMG_4850-768x432.jpg 768w, https:\/\/graziamagazine.com\/es\/wp-content\/uploads\/sites\/12\/2024\/11\/IMG_4850-1536x864.jpg 1536w, https:\/\/graziamagazine.com\/es\/wp-content\/uploads\/sites\/12\/2024\/11\/IMG_4850-2048x1152.jpg 2048w, https:\/\/graziamagazine.com\/es\/wp-content\/uploads\/sites\/12\/2024\/11\/IMG_4850-400x225.jpg 400w, https:\/\/graziamagazine.com\/es\/wp-content\/uploads\/sites\/12\/2024\/11\/IMG_4850-155x87.jpg 155w\" sizes=\"(max-width: 2560px) 100vw, 2560px\" \/><figcaption id=\"caption-attachment-180515\" class=\"wp-caption-text\">Dise\u00f1o de Sara Maneiro<\/figcaption><\/figure>\n<p class=\"x_MsoNormal\">El Premio Internacional de Moda David Delf\u00edn Talento Original est\u00e1 impulsado por\u00a0<a href=\"https:\/\/spamspain.es\/es\"title=\"https:\/\/spamspain.es\/es\"  target=\"_blank\" rel=\"noopener noreferrer\" data-auth=\"NotApplicable\" data-linkindex=\"1\" target=\"_blank\">SPAM<\/a>, el evento de moda organizado por la Diputaci\u00f3n de M\u00e1laga y su centro de cultura contempor\u00e1nea, La T\u00e9rmica, M\u00e1laga de Moda y ESMA Events, junto a la curadur\u00eda de Charo Mora. Un premio creado para promover la creatividad y el talento emergente en la moda.<\/p>\n<p class=\"x_MsoNormal\">La\u00a0<a href=\"https:\/\/creadores.org\/\"title=\"https:\/\/creadores.org\/\"  target=\"_blank\" rel=\"noopener noreferrer\" data-auth=\"NotApplicable\" data-linkindex=\"2\" target=\"_blank\">Asociaci\u00f3n Creadores de Moda de Espa\u00f1a (ACME)<\/a>\u00a0se ha sumado a este proyecto con el firme prop\u00f3sito de amplificar su alcance tanto a nivel nacional como internacional. Un apoyo que refleja su compromiso con iniciativas que no solo suponen una plataforma de lanzamiento para las nuevas generaciones de dise\u00f1adores, sino que abogan por la sostenibilidad, la innovaci\u00f3n y la integraci\u00f3n de nuevos principios \u00e9ticos y transformadores en el sector.<\/p>\n<p class=\"x_MsoNormal\">\u201cDavid Delf\u00edn ha sido una figura sobresaliente y destacada en el panorama de la moda espa\u00f1ola contempor\u00e1nea, un creador con un mundo \u00fanico y singular que abri\u00f3 nuevos caminos por el que han transitado y transitan muchos creadores. La moda espa\u00f1ola le debe mucho, y la Asociaci\u00f3n Creadores de Moda de Espa\u00f1a, de la que fue parte muy activa ya que durante a\u00f1os fue miembro de la junta directiva, tambi\u00e9n. Colaborar en el lanzamiento de este premio ha sido para todos nosotros un honor y un deber\u201d, a\u00f1ade\u00a0<b>Pepa Bueno<\/b>, directora ejecutiva de ACME y miembro del jurado.<\/p>\n<p class=\"x_MsoNormal\">Del 18 al 22 de noviembre, La T\u00e9rmica est\u00e1 siendo el epicentro de la moda con una programaci\u00f3n que incluye desfiles, exposiciones, conferencias y encuentros profesionales con la figura de David Delf\u00edn como fuente de inspiraci\u00f3n.<\/p>\n<p class=\"x_MsoNormal\">Este galard\u00f3n no solo honra el legado de uno de los dise\u00f1adores m\u00e1s ic\u00f3nicos de Espa\u00f1a, sino que tambi\u00e9n reafirma el compromiso de M\u00e1laga y de sus instituciones con la moda, convirti\u00e9ndose en un espacio para el impulso de la creatividad, la innovaci\u00f3n y el talento global.<\/p>\n<p><em>*Im\u00e1genes: cortes\u00eda<\/em><\/p>\n<p class=\"x_MsoNormal\"><i>\u00a0<\/i><\/p>\n","protected":false},"author":11653,"featured_media":180513,"template":"","format":"standard","categories":[1],"acf":[],"yoast_head":"<!-- This site is optimized with the Yoast SEO Premium plugin v18.5 (Yoast SEO v20.4) - https:\/\/yoast.com\/wordpress\/plugins\/seo\/ -->\n<title>Naya Ahda, ganadora del primer Premio internacional David Delf\u00edn<\/title>\n<meta name=\"description\" content=\"Creado para impulsar la creatividad y el talento emergente en la moda internacional, est\u00e1 dotado con 10.000 euros.\u00a0\" \/>\n<meta name=\"robots\" content=\"index, follow, max-snippet:-1, max-image-preview:large, max-video-preview:-1\" \/>\n<link rel=\"canonical\" href=\"https:\/\/graziamagazine.com\/es\/articles\/naya-ahda-ganadora-del-primer-premio-internacional-david-delfin\/\" \/>\n<meta property=\"og:locale\" content=\"es_ES\" \/>\n<meta property=\"og:type\" content=\"article\" \/>\n<meta property=\"og:title\" content=\"Naya Ahda, ganadora del primer Premio internacional David Delf\u00edn\" \/>\n<meta property=\"og:description\" content=\"Creado para impulsar la creatividad y el talento emergente en la moda internacional, est\u00e1 dotado con 10.000 euros.\u00a0\" \/>\n<meta property=\"og:url\" content=\"https:\/\/graziamagazine.com\/es\/articles\/naya-ahda-ganadora-del-primer-premio-internacional-david-delfin\/\" \/>\n<meta property=\"og:site_name\" content=\"Grazia\" \/>\n<meta property=\"article:modified_time\" content=\"2024-11-22T01:14:29+00:00\" \/>\n<meta property=\"og:image\" content=\"https:\/\/graziamagazine.com\/es\/wp-content\/uploads\/sites\/12\/2024\/11\/IMG_4859-scaled.jpg\" \/>\n\t<meta property=\"og:image:width\" content=\"2560\" \/>\n\t<meta property=\"og:image:height\" content=\"1440\" \/>\n\t<meta property=\"og:image:type\" content=\"image\/jpeg\" \/>\n<meta name=\"twitter:card\" content=\"summary_large_image\" \/>\n<meta name=\"twitter:label1\" content=\"Est. reading time\" \/>\n\t<meta name=\"twitter:data1\" content=\"4 minutos\" \/>\n<script type=\"application\/ld+json\" class=\"yoast-schema-graph\">{\"@context\":\"https:\/\/schema.org\",\"@graph\":[{\"@type\":\"WebPage\",\"@id\":\"https:\/\/graziamagazine.com\/es\/articles\/naya-ahda-ganadora-del-primer-premio-internacional-david-delfin\/\",\"url\":\"https:\/\/graziamagazine.com\/es\/articles\/naya-ahda-ganadora-del-primer-premio-internacional-david-delfin\/\",\"name\":\"Naya Ahda, ganadora del primer Premio internacional David Delf\u00edn\",\"isPartOf\":{\"@id\":\"https:\/\/graziamagazine.com\/es\/#website\"},\"datePublished\":\"2024-11-22T08:00:30+00:00\",\"dateModified\":\"2024-11-22T01:14:29+00:00\",\"description\":\"Creado para impulsar la creatividad y el talento emergente en la moda internacional, est\u00e1 dotado con 10.000 euros.\u00a0\",\"breadcrumb\":{\"@id\":\"https:\/\/graziamagazine.com\/es\/articles\/naya-ahda-ganadora-del-primer-premio-internacional-david-delfin\/#breadcrumb\"},\"inLanguage\":\"es\",\"potentialAction\":[{\"@type\":\"ReadAction\",\"target\":[\"https:\/\/graziamagazine.com\/es\/articles\/naya-ahda-ganadora-del-primer-premio-internacional-david-delfin\/\"]}]},{\"@type\":\"BreadcrumbList\",\"@id\":\"https:\/\/graziamagazine.com\/es\/articles\/naya-ahda-ganadora-del-primer-premio-internacional-david-delfin\/#breadcrumb\",\"itemListElement\":[{\"@type\":\"ListItem\",\"position\":1,\"name\":\"Portada\",\"item\":\"https:\/\/graziamagazine.com\/es\/\"},{\"@type\":\"ListItem\",\"position\":2,\"name\":\"Naya Ahda, ganadora del primer Premio internacional David Delf\u00edn\"}]},{\"@type\":\"WebSite\",\"@id\":\"https:\/\/graziamagazine.com\/es\/#website\",\"url\":\"https:\/\/graziamagazine.com\/es\/\",\"name\":\"Grazia\",\"description\":\"Moda, belleza, celebrities, estilo de vida...\",\"potentialAction\":[{\"@type\":\"SearchAction\",\"target\":{\"@type\":\"EntryPoint\",\"urlTemplate\":\"https:\/\/graziamagazine.com\/es\/?s={search_term_string}\"},\"query-input\":\"required name=search_term_string\"}],\"inLanguage\":\"es\"}]}<\/script>\n<!-- \/ Yoast SEO Premium plugin. -->","yoast_head_json":{"title":"Naya Ahda, ganadora del primer Premio internacional David Delf\u00edn","description":"Creado para impulsar la creatividad y el talento emergente en la moda internacional, est\u00e1 dotado con 10.000 euros.\u00a0","robots":{"index":"index","follow":"follow","max-snippet":"max-snippet:-1","max-image-preview":"max-image-preview:large","max-video-preview":"max-video-preview:-1"},"canonical":"https:\/\/graziamagazine.com\/es\/articles\/naya-ahda-ganadora-del-primer-premio-internacional-david-delfin\/","og_locale":"es_ES","og_type":"article","og_title":"Naya Ahda, ganadora del primer Premio internacional David Delf\u00edn","og_description":"Creado para impulsar la creatividad y el talento emergente en la moda internacional, est\u00e1 dotado con 10.000 euros.\u00a0","og_url":"https:\/\/graziamagazine.com\/es\/articles\/naya-ahda-ganadora-del-primer-premio-internacional-david-delfin\/","og_site_name":"Grazia","article_modified_time":"2024-11-22T01:14:29+00:00","og_image":[{"width":2560,"height":1440,"url":"https:\/\/graziamagazine.com\/es\/wp-content\/uploads\/sites\/12\/2024\/11\/IMG_4859-scaled.jpg","type":"image\/jpeg"}],"twitter_card":"summary_large_image","twitter_misc":{"Est. reading time":"4 minutos"},"schema":{"@context":"https:\/\/schema.org","@graph":[{"@type":"WebPage","@id":"https:\/\/graziamagazine.com\/es\/articles\/naya-ahda-ganadora-del-primer-premio-internacional-david-delfin\/","url":"https:\/\/graziamagazine.com\/es\/articles\/naya-ahda-ganadora-del-primer-premio-internacional-david-delfin\/","name":"Naya Ahda, ganadora del primer Premio internacional David Delf\u00edn","isPartOf":{"@id":"https:\/\/graziamagazine.com\/es\/#website"},"datePublished":"2024-11-22T08:00:30+00:00","dateModified":"2024-11-22T01:14:29+00:00","description":"Creado para impulsar la creatividad y el talento emergente en la moda internacional, est\u00e1 dotado con 10.000 euros.\u00a0","breadcrumb":{"@id":"https:\/\/graziamagazine.com\/es\/articles\/naya-ahda-ganadora-del-primer-premio-internacional-david-delfin\/#breadcrumb"},"inLanguage":"es","potentialAction":[{"@type":"ReadAction","target":["https:\/\/graziamagazine.com\/es\/articles\/naya-ahda-ganadora-del-primer-premio-internacional-david-delfin\/"]}]},{"@type":"BreadcrumbList","@id":"https:\/\/graziamagazine.com\/es\/articles\/naya-ahda-ganadora-del-primer-premio-internacional-david-delfin\/#breadcrumb","itemListElement":[{"@type":"ListItem","position":1,"name":"Portada","item":"https:\/\/graziamagazine.com\/es\/"},{"@type":"ListItem","position":2,"name":"Naya Ahda, ganadora del primer Premio internacional David Delf\u00edn"}]},{"@type":"WebSite","@id":"https:\/\/graziamagazine.com\/es\/#website","url":"https:\/\/graziamagazine.com\/es\/","name":"Grazia","description":"Moda, belleza, celebrities, estilo de vida...","potentialAction":[{"@type":"SearchAction","target":{"@type":"EntryPoint","urlTemplate":"https:\/\/graziamagazine.com\/es\/?s={search_term_string}"},"query-input":"required name=search_term_string"}],"inLanguage":"es"}]}},"jetpack_sharing_enabled":true,"distributor_meta":false,"distributor_terms":false,"distributor_media":false,"distributor_original_site_name":"Grazia","distributor_original_site_url":"https:\/\/graziamagazine.com\/es","push-errors":false,"_links":{"self":[{"href":"https:\/\/graziamagazine.com\/es\/wp-json\/wp\/v2\/articles\/180512"}],"collection":[{"href":"https:\/\/graziamagazine.com\/es\/wp-json\/wp\/v2\/articles"}],"about":[{"href":"https:\/\/graziamagazine.com\/es\/wp-json\/wp\/v2\/types\/articles"}],"author":[{"embeddable":true,"href":"https:\/\/graziamagazine.com\/es\/wp-json\/wp\/v2\/users\/11653"}],"wp:featuredmedia":[{"embeddable":true,"href":"https:\/\/graziamagazine.com\/es\/wp-json\/wp\/v2\/media\/180513"}],"wp:attachment":[{"href":"https:\/\/graziamagazine.com\/es\/wp-json\/wp\/v2\/media?parent=180512"}],"wp:term":[{"taxonomy":"category","embeddable":true,"href":"https:\/\/graziamagazine.com\/es\/wp-json\/wp\/v2\/categories?post=180512"}],"curies":[{"name":"wp","href":"https:\/\/api.w.org\/{rel}","templated":true}]}}