{"id":180493,"date":"2024-11-22T09:00:40","date_gmt":"2024-11-22T08:00:40","guid":{"rendered":"https:\/\/graziamagazine.com\/es\/?post_type=articles&#038;p=180493"},"modified":"2024-11-22T02:02:56","modified_gmt":"2024-11-22T01:02:56","slug":"backless-black-dress-el-escote-mas-provocador-de-la-historia","status":"publish","type":"articles","link":"https:\/\/graziamagazine.com\/es\/articles\/backless-black-dress-el-escote-mas-provocador-de-la-historia\/","title":{"rendered":"\u2018Backless black dress&#8217;, el escote m\u00e1s provocador de la historia"},"content":{"rendered":"<p dir=\"ltr\">Hay prendas que se quedan grabadas en la retina, creando algunos de los referentes de estilo m\u00e1s ic\u00f3nicos de todos los tiempos. Convertidos en mitos con el paso del tiempo, estos pasan a ser objetos de deseo de las \u2018insiders\u2019, repetidos una y otra vez debido a su magnetismo y lo favorecedores que resultan. Este es el caso del \u2018<span class=\"markufvlnlysu\" data-markjs=\"true\" data-ogac=\"\" data-ogab=\"\" data-ogsc=\"\" data-ogsb=\"\">backless<\/span> <span class=\"mark64elpqmso\" data-markjs=\"true\" data-ogac=\"\" data-ogab=\"\" data-ogsc=\"\" data-ogsb=\"\">black<\/span> <span class=\"mark575f4q56n\" data-markjs=\"true\" data-ogac=\"\" data-ogab=\"\" data-ogsc=\"\" data-ogsb=\"\">dress<\/span>&#8216;, un vestido negro a priori sencillo y que cuenta con una abertura tan pronunciada en su espalda que queda a ras de las nalgas. Convertida en una de las siluetas m\u00e1s m\u00edticas de todos los tiempos en cuesti\u00f3n de moda, este ha sido vestido por algunas de las mujeres m\u00e1s relevantes del sector a lo largo de la historia.<\/p>\n<p><img loading=\"lazy\" decoding=\"async\" class=\"aligncenter size-full wp-image-180509\" src=\"https:\/\/graziamagazine.com\/es\/wp-content\/uploads\/sites\/12\/2024\/11\/NdP_IMAGEN_INTERIOR_OK.png\" alt=\"\" width=\"900\" height=\"1350\" srcset=\"https:\/\/graziamagazine.com\/es\/wp-content\/uploads\/sites\/12\/2024\/11\/NdP_IMAGEN_INTERIOR_OK.png 900w, https:\/\/graziamagazine.com\/es\/wp-content\/uploads\/sites\/12\/2024\/11\/NdP_IMAGEN_INTERIOR_OK-200x300.png 200w, https:\/\/graziamagazine.com\/es\/wp-content\/uploads\/sites\/12\/2024\/11\/NdP_IMAGEN_INTERIOR_OK-683x1024.png 683w, https:\/\/graziamagazine.com\/es\/wp-content\/uploads\/sites\/12\/2024\/11\/NdP_IMAGEN_INTERIOR_OK-768x1152.png 768w, https:\/\/graziamagazine.com\/es\/wp-content\/uploads\/sites\/12\/2024\/11\/NdP_IMAGEN_INTERIOR_OK-400x600.png 400w, https:\/\/graziamagazine.com\/es\/wp-content\/uploads\/sites\/12\/2024\/11\/NdP_IMAGEN_INTERIOR_OK-143x215.png 143w\" sizes=\"(max-width: 900px) 100vw, 900px\" \/><\/p>\n<p dir=\"ltr\">Clara Bow es el m\u00e1s claro ejemplo de ello: considerada como la primera it-girl de la historia, la actriz mostr\u00f3 una est\u00e9tica arriesgada, femenina y liberal que se consolid\u00f3 a lo largo de la d\u00e9cada de 1920 con las <em>flappers<\/em>. Sin embargo, tras ella llegar\u00edan otras mujeres que, siguiendo su estela, apostaron por este vestido provocador y elegante a partes iguales. Imposible no mencionar a Vikki Dougan, la inspiraci\u00f3n para crear el personaje de Jessica Rabbit y conocida por el uso frecuente de este tipo de siluetas. Tanto, que se la apod\u00f3 \u201cThe Back\u201d (la espalda).<\/p>\n<p dir=\"ltr\"><img loading=\"lazy\" decoding=\"async\" class=\"aligncenter size-full wp-image-180510\" src=\"https:\/\/graziamagazine.com\/es\/wp-content\/uploads\/sites\/12\/2024\/11\/NdP_IMAGEN_INTERIOR_OK_6.jpg\" alt=\"\" width=\"900\" height=\"1350\" srcset=\"https:\/\/graziamagazine.com\/es\/wp-content\/uploads\/sites\/12\/2024\/11\/NdP_IMAGEN_INTERIOR_OK_6.jpg 900w, https:\/\/graziamagazine.com\/es\/wp-content\/uploads\/sites\/12\/2024\/11\/NdP_IMAGEN_INTERIOR_OK_6-200x300.jpg 200w, https:\/\/graziamagazine.com\/es\/wp-content\/uploads\/sites\/12\/2024\/11\/NdP_IMAGEN_INTERIOR_OK_6-683x1024.jpg 683w, https:\/\/graziamagazine.com\/es\/wp-content\/uploads\/sites\/12\/2024\/11\/NdP_IMAGEN_INTERIOR_OK_6-768x1152.jpg 768w, https:\/\/graziamagazine.com\/es\/wp-content\/uploads\/sites\/12\/2024\/11\/NdP_IMAGEN_INTERIOR_OK_6-400x600.jpg 400w, https:\/\/graziamagazine.com\/es\/wp-content\/uploads\/sites\/12\/2024\/11\/NdP_IMAGEN_INTERIOR_OK_6-143x215.jpg 143w\" sizes=\"(max-width: 900px) 100vw, 900px\" \/><\/p>\n<p dir=\"ltr\">Igual de importante fue Donyale Luna, que los vest\u00eda con asiduidad y fue la primera modelo negra en aparecer en una portada de Vogue, marcando un antes y un despu\u00e9s en el sector. Por su parte, la actriz Mireille Darc, nos dej\u00f3 la imagen m\u00e1s memorable de este dise\u00f1o en la pel\u00edcula <em>Le Grand Blond avec une chaussure noire <\/em>en 1972, en la que aparec\u00eda con un vestido escotado tan amplio que dejaba ver parte de sus gl\u00fateos. Una imagen que ha enamorado a dise\u00f1adores como Jacquemus y que se ha replicado una y otra vez desde entonces.<\/p>\n<p dir=\"ltr\"><img loading=\"lazy\" decoding=\"async\" class=\"aligncenter wp-image-180511 size-full\" src=\"https:\/\/graziamagazine.com\/es\/wp-content\/uploads\/sites\/12\/2024\/11\/NdP_SILUETAS_OK_7-e1732237323226.jpg\" alt=\"\" width=\"965\" height=\"921\" srcset=\"https:\/\/graziamagazine.com\/es\/wp-content\/uploads\/sites\/12\/2024\/11\/NdP_SILUETAS_OK_7-e1732237323226.jpg 965w, https:\/\/graziamagazine.com\/es\/wp-content\/uploads\/sites\/12\/2024\/11\/NdP_SILUETAS_OK_7-e1732237323226-300x286.jpg 300w, https:\/\/graziamagazine.com\/es\/wp-content\/uploads\/sites\/12\/2024\/11\/NdP_SILUETAS_OK_7-e1732237323226-768x733.jpg 768w, https:\/\/graziamagazine.com\/es\/wp-content\/uploads\/sites\/12\/2024\/11\/NdP_SILUETAS_OK_7-e1732237323226-400x382.jpg 400w, https:\/\/graziamagazine.com\/es\/wp-content\/uploads\/sites\/12\/2024\/11\/NdP_SILUETAS_OK_7-e1732237323226-155x148.jpg 155w\" sizes=\"(max-width: 965px) 100vw, 965px\" \/><\/p>\n<p dir=\"ltr\"><a href=\"https:\/\/juan-vidal.com\/products\/vamp-slip-dress\"title=\"https:\/\/juan-vidal.com\/products\/vamp-slip-dress\"  target=\"_blank\" rel=\"noopener noreferrer\" data-auth=\"NotApplicable\" data-linkindex=\"5\" target=\"_blank\">Vamp Slip <span class=\"mark575f4q56n\" data-markjs=\"true\" data-ogac=\"\" data-ogab=\"\" data-ogsc=\"\" data-ogsb=\"\">Dress<\/span>, de Juan Vidal. PVP: 650\u20ac<\/a><\/p>\n<p dir=\"ltr\">Actualmente, firmas espa\u00f1olas como Juan Vidal reinterpretan el mismo y hacen suyo el dise\u00f1o, a trav\u00e9s de detalles que le aportan la filosof\u00eda de la marca. En este caso, a trav\u00e9s de los vol\u00famenes y las flores, comunes a la mayor\u00eda de los dise\u00f1os del modisto y parte esencial de su imaginario. La espalda mantiene la misma esencia hist\u00f3rica que en los casos anteriores para formar parte del armario de mujeres atrevidas y sofisticadas, siendo perfecto para eventos por la noche y galas, debido a su color negro. Adem\u00e1s, en este caso el vestido a\u00f1ade la peculiaridad de contar con un escote halter, lo que lo hace vers\u00e1til y capaz de adaptarse a m\u00faltiples situaciones y temporadas. Sin duda, un cl\u00e1sico cuyo estilo nunca pasar\u00e1 de moda.<\/p>\n","protected":false},"author":11653,"featured_media":180508,"template":"","format":"standard","categories":[1],"acf":[],"yoast_head":"<!-- This site is optimized with the Yoast SEO Premium plugin v18.5 (Yoast SEO v20.4) - https:\/\/yoast.com\/wordpress\/plugins\/seo\/ -->\n<title>\u2018Backless black dress&#039;, el escote m\u00e1s provocador de la historia<\/title>\n<meta name=\"description\" content=\"Contin\u00faa siendo parte del imaginario de los dise\u00f1adores en la actualidad, que lo reinterpretan y adaptan a su propia filosof\u00eda.\" \/>\n<meta name=\"robots\" content=\"index, follow, max-snippet:-1, max-image-preview:large, max-video-preview:-1\" \/>\n<link rel=\"canonical\" href=\"https:\/\/graziamagazine.com\/es\/articles\/backless-black-dress-el-escote-mas-provocador-de-la-historia\/\" \/>\n<meta property=\"og:locale\" content=\"es_ES\" \/>\n<meta property=\"og:type\" content=\"article\" \/>\n<meta property=\"og:title\" content=\"\u2018Backless black dress&#039;, el escote m\u00e1s provocador de la historia\" \/>\n<meta property=\"og:description\" content=\"Contin\u00faa siendo parte del imaginario de los dise\u00f1adores en la actualidad, que lo reinterpretan y adaptan a su propia filosof\u00eda.\" \/>\n<meta property=\"og:url\" content=\"https:\/\/graziamagazine.com\/es\/articles\/backless-black-dress-el-escote-mas-provocador-de-la-historia\/\" \/>\n<meta property=\"og:site_name\" content=\"Grazia\" \/>\n<meta property=\"article:modified_time\" content=\"2024-11-22T01:02:56+00:00\" \/>\n<meta property=\"og:image\" content=\"https:\/\/graziamagazine.com\/es\/wp-content\/uploads\/sites\/12\/2024\/11\/NdP_IMAGEN_INTERIOR_OK_7-e1732237167779.jpg\" \/>\n\t<meta property=\"og:image:width\" content=\"864\" \/>\n\t<meta property=\"og:image:height\" content=\"936\" \/>\n\t<meta property=\"og:image:type\" content=\"image\/jpeg\" \/>\n<meta name=\"twitter:card\" content=\"summary_large_image\" \/>\n<meta name=\"twitter:label1\" content=\"Est. reading time\" \/>\n\t<meta name=\"twitter:data1\" content=\"3 minutos\" \/>\n<script type=\"application\/ld+json\" class=\"yoast-schema-graph\">{\"@context\":\"https:\/\/schema.org\",\"@graph\":[{\"@type\":\"WebPage\",\"@id\":\"https:\/\/graziamagazine.com\/es\/articles\/backless-black-dress-el-escote-mas-provocador-de-la-historia\/\",\"url\":\"https:\/\/graziamagazine.com\/es\/articles\/backless-black-dress-el-escote-mas-provocador-de-la-historia\/\",\"name\":\"\u2018Backless black dress', el escote m\u00e1s provocador de la historia\",\"isPartOf\":{\"@id\":\"https:\/\/graziamagazine.com\/es\/#website\"},\"datePublished\":\"2024-11-22T08:00:40+00:00\",\"dateModified\":\"2024-11-22T01:02:56+00:00\",\"description\":\"Contin\u00faa siendo parte del imaginario de los dise\u00f1adores en la actualidad, que lo reinterpretan y adaptan a su propia filosof\u00eda.\",\"breadcrumb\":{\"@id\":\"https:\/\/graziamagazine.com\/es\/articles\/backless-black-dress-el-escote-mas-provocador-de-la-historia\/#breadcrumb\"},\"inLanguage\":\"es\",\"potentialAction\":[{\"@type\":\"ReadAction\",\"target\":[\"https:\/\/graziamagazine.com\/es\/articles\/backless-black-dress-el-escote-mas-provocador-de-la-historia\/\"]}]},{\"@type\":\"BreadcrumbList\",\"@id\":\"https:\/\/graziamagazine.com\/es\/articles\/backless-black-dress-el-escote-mas-provocador-de-la-historia\/#breadcrumb\",\"itemListElement\":[{\"@type\":\"ListItem\",\"position\":1,\"name\":\"Portada\",\"item\":\"https:\/\/graziamagazine.com\/es\/\"},{\"@type\":\"ListItem\",\"position\":2,\"name\":\"\u2018Backless black dress&#8217;, el escote m\u00e1s provocador de la historia\"}]},{\"@type\":\"WebSite\",\"@id\":\"https:\/\/graziamagazine.com\/es\/#website\",\"url\":\"https:\/\/graziamagazine.com\/es\/\",\"name\":\"Grazia\",\"description\":\"Moda, belleza, celebrities, estilo de vida...\",\"potentialAction\":[{\"@type\":\"SearchAction\",\"target\":{\"@type\":\"EntryPoint\",\"urlTemplate\":\"https:\/\/graziamagazine.com\/es\/?s={search_term_string}\"},\"query-input\":\"required name=search_term_string\"}],\"inLanguage\":\"es\"}]}<\/script>\n<!-- \/ Yoast SEO Premium plugin. -->","yoast_head_json":{"title":"\u2018Backless black dress', el escote m\u00e1s provocador de la historia","description":"Contin\u00faa siendo parte del imaginario de los dise\u00f1adores en la actualidad, que lo reinterpretan y adaptan a su propia filosof\u00eda.","robots":{"index":"index","follow":"follow","max-snippet":"max-snippet:-1","max-image-preview":"max-image-preview:large","max-video-preview":"max-video-preview:-1"},"canonical":"https:\/\/graziamagazine.com\/es\/articles\/backless-black-dress-el-escote-mas-provocador-de-la-historia\/","og_locale":"es_ES","og_type":"article","og_title":"\u2018Backless black dress', el escote m\u00e1s provocador de la historia","og_description":"Contin\u00faa siendo parte del imaginario de los dise\u00f1adores en la actualidad, que lo reinterpretan y adaptan a su propia filosof\u00eda.","og_url":"https:\/\/graziamagazine.com\/es\/articles\/backless-black-dress-el-escote-mas-provocador-de-la-historia\/","og_site_name":"Grazia","article_modified_time":"2024-11-22T01:02:56+00:00","og_image":[{"width":864,"height":936,"url":"https:\/\/graziamagazine.com\/es\/wp-content\/uploads\/sites\/12\/2024\/11\/NdP_IMAGEN_INTERIOR_OK_7-e1732237167779.jpg","type":"image\/jpeg"}],"twitter_card":"summary_large_image","twitter_misc":{"Est. reading time":"3 minutos"},"schema":{"@context":"https:\/\/schema.org","@graph":[{"@type":"WebPage","@id":"https:\/\/graziamagazine.com\/es\/articles\/backless-black-dress-el-escote-mas-provocador-de-la-historia\/","url":"https:\/\/graziamagazine.com\/es\/articles\/backless-black-dress-el-escote-mas-provocador-de-la-historia\/","name":"\u2018Backless black dress', el escote m\u00e1s provocador de la historia","isPartOf":{"@id":"https:\/\/graziamagazine.com\/es\/#website"},"datePublished":"2024-11-22T08:00:40+00:00","dateModified":"2024-11-22T01:02:56+00:00","description":"Contin\u00faa siendo parte del imaginario de los dise\u00f1adores en la actualidad, que lo reinterpretan y adaptan a su propia filosof\u00eda.","breadcrumb":{"@id":"https:\/\/graziamagazine.com\/es\/articles\/backless-black-dress-el-escote-mas-provocador-de-la-historia\/#breadcrumb"},"inLanguage":"es","potentialAction":[{"@type":"ReadAction","target":["https:\/\/graziamagazine.com\/es\/articles\/backless-black-dress-el-escote-mas-provocador-de-la-historia\/"]}]},{"@type":"BreadcrumbList","@id":"https:\/\/graziamagazine.com\/es\/articles\/backless-black-dress-el-escote-mas-provocador-de-la-historia\/#breadcrumb","itemListElement":[{"@type":"ListItem","position":1,"name":"Portada","item":"https:\/\/graziamagazine.com\/es\/"},{"@type":"ListItem","position":2,"name":"\u2018Backless black dress&#8217;, el escote m\u00e1s provocador de la historia"}]},{"@type":"WebSite","@id":"https:\/\/graziamagazine.com\/es\/#website","url":"https:\/\/graziamagazine.com\/es\/","name":"Grazia","description":"Moda, belleza, celebrities, estilo de vida...","potentialAction":[{"@type":"SearchAction","target":{"@type":"EntryPoint","urlTemplate":"https:\/\/graziamagazine.com\/es\/?s={search_term_string}"},"query-input":"required name=search_term_string"}],"inLanguage":"es"}]}},"jetpack_sharing_enabled":true,"distributor_meta":false,"distributor_terms":false,"distributor_media":false,"distributor_original_site_name":"Grazia","distributor_original_site_url":"https:\/\/graziamagazine.com\/es","push-errors":false,"_links":{"self":[{"href":"https:\/\/graziamagazine.com\/es\/wp-json\/wp\/v2\/articles\/180493"}],"collection":[{"href":"https:\/\/graziamagazine.com\/es\/wp-json\/wp\/v2\/articles"}],"about":[{"href":"https:\/\/graziamagazine.com\/es\/wp-json\/wp\/v2\/types\/articles"}],"author":[{"embeddable":true,"href":"https:\/\/graziamagazine.com\/es\/wp-json\/wp\/v2\/users\/11653"}],"wp:featuredmedia":[{"embeddable":true,"href":"https:\/\/graziamagazine.com\/es\/wp-json\/wp\/v2\/media\/180508"}],"wp:attachment":[{"href":"https:\/\/graziamagazine.com\/es\/wp-json\/wp\/v2\/media?parent=180493"}],"wp:term":[{"taxonomy":"category","embeddable":true,"href":"https:\/\/graziamagazine.com\/es\/wp-json\/wp\/v2\/categories?post=180493"}],"curies":[{"name":"wp","href":"https:\/\/api.w.org\/{rel}","templated":true}]}}