{"id":180479,"date":"2024-11-21T09:00:22","date_gmt":"2024-11-21T08:00:22","guid":{"rendered":"https:\/\/graziamagazine.com\/es\/?post_type=articles&#038;p=180479"},"modified":"2024-11-21T00:42:03","modified_gmt":"2024-11-20T23:42:03","slug":"el-aesthetic-de-la-generacion-z-los-10-estilos-mas-virales","status":"publish","type":"articles","link":"https:\/\/graziamagazine.com\/es\/articles\/el-aesthetic-de-la-generacion-z-los-10-estilos-mas-virales\/","title":{"rendered":"El \u201caesthetic\u201d de la Generaci\u00f3n Z: los 10 estilos m\u00e1s virales"},"content":{"rendered":"<p>El fen\u00f3meno <em>aesthetic<\/em> ha redefinido la manera en que la Generaci\u00f3n Z se relaciona con la moda, las redes sociales y la cultura visual. Este movimiento no es solo una tendencia m\u00e1s, sino un reflejo profundo de la identidad y los valores de los j\u00f3venes, quienes buscan proyectarse a trav\u00e9s de estilos cuidadosamente curados en plataformas como TikTok, Instagram y Pinterest. Este fen\u00f3meno, que acumula m\u00e1s de 15.7 millones de b\u00fasquedas online mensuales, con variaciones como <em>aesthetic wallpapers<\/em> (1.4 millones de b\u00fasquedas) o \u201cfondos de pantalla <em>aesthetic<\/em>\u201d (762 mil), \u00a0no es un estilo en s\u00ed mismo, sino una tendencia que unifica y populariza diversos estilos visuales. Incluso en aspectos cotidianos, como el uso de emojis, el toque <em>aesthetic<\/em> ha ganado popularidad, con un crecimiento del 82,3% en b\u00fasquedas online durante el \u00faltimo a\u00f1o.<\/p>\n<div class=\"field-items\">\n<p><em>\u201cLa tendencia aesthetic ha encontrado en las redes sociales su principal ecosistema de difusi\u00f3n y evoluci\u00f3n. Plataformas como Instagram, TikTok y Pinterest han sido fundamentales para que millones de usuarios exploren y definan su propio estilo visual, compartiendo contenido y siguiendo tendencias que han convertido este concepto en un fen\u00f3meno global\u201d,<\/em>\u00a0se\u00f1ala\u00a0Fernando Angulo, senior marketer research de Semrush.\u00a0<em>\u201cEste momento invita a las marcas a entender y adaptarse a los distintos universos visuales que conectan con las identidades y valores de una generaci\u00f3n que se expresa a trav\u00e9s de est\u00e9ticas espec\u00edficas en las redes sociales\u201d.<\/em><\/p>\n<p>Esta tendencia no solo se mantiene en 2024, sino que cada vez se diversifica m\u00e1s, dando lugar a subg\u00e9neros denominados est\u00e9ticas \u201c-core\u201d, estilos que representan mundos visuales espec\u00edficos y permiten expresar identidades particulares.<\/p>\n<h3><strong>Los diez estilos <em>core<\/em> que dominan la expresi\u00f3n visual en 2024<\/strong><\/h3>\n<p>Semrush, plataforma SaaS l\u00edder en visibilidad online y marketing de contenidos, ha analizado las b\u00fasquedas online en torno a este fen\u00f3meno y revela cu\u00e1les son los diez estilos m\u00e1s buscados actualmente en internet:<\/p>\n<ol>\n<li><strong>Y2K<\/strong>\u00a0(1.090.125 b\u00fasquedas mensuales): Inspirado en la moda y la cultura de finales de los a\u00f1os 90 y principios de los 2000, este estilo se caracteriza por colores vibrantes, tecnolog\u00eda retro y una nostalgia por la era digital emergente.<\/li>\n<li><strong>E-girl\/E-boy<\/strong>\u00a0(435.950): Est\u00e9tica que combina elementos del punk, el g\u00f3tico y la cultura anime, con maquillaje llamativo, ropa oscura y accesorios distintivos.<\/li>\n<li><strong>Cottagecore<\/strong>\u00a0(331.417): Evoca una vida rural idealizada, centrada en la simplicidad, la naturaleza y actividades como la jardiner\u00eda y la artesan\u00eda.<\/li>\n<li><strong>Dark Academia<\/strong>\u00a0(237.375): Estilo que exalta la literatura cl\u00e1sica, la arquitectura g\u00f3tica y una pasi\u00f3n por el conocimiento, con una paleta de colores oscuros y atuendos formales.<\/li>\n<li><strong>Divine Light Academia<\/strong>\u00a0(187.417): Variante del Dark Academia que incorpora elementos m\u00e1s luminosos y et\u00e9reos, enfoc\u00e1ndose en la espiritualidad y la iluminaci\u00f3n.<\/li>\n<li><strong>Techwear<\/strong>\u00a0(183.500): Moda funcional que integra tecnolog\u00eda y materiales avanzados, con prendas utilitarias y futuristas.<\/li>\n<li><strong>Dreamcore<\/strong>\u00a0(180.875): Est\u00e9tica surrealista que busca recrear la sensaci\u00f3n de los sue\u00f1os, con im\u00e1genes on\u00edricas y una atm\u00f3sfera et\u00e9rea.<\/li>\n<li><strong>Gorpcore<\/strong>\u00a0(151.104): Inspirado en la ropa de actividades al aire libre, este estilo combina funcionalidad y moda, popularizando prendas como chaquetas impermeables y botas de monta\u00f1a.<\/li>\n<li><strong>Normcore<\/strong>\u00a0(60.542): Movimiento que abraza la moda \u00abnormal\u00bb y sencilla, destacando la comodidad y la ausencia de pretensiones estil\u00edsticas.<\/li>\n<li><strong>Goblincore<\/strong>\u00a0(41.975): Celebraci\u00f3n de lo imperfecto y lo salvaje, enfoc\u00e1ndose en elementos de la naturaleza como hongos, ranas y paisajes boscosos.<\/li>\n<\/ol>\n<p>Otros subg\u00e9neros llamativos incluyen <em>Barbiecore<\/em> (37.800 b\u00fasquedas), que emula la est\u00e9tica de la mu\u00f1eca Barbie con tonos rosados y elementos glamorosos; <em>Kidcore<\/em> (34.383), inspirado en la cultura infantil de los a\u00f1os 90 con colores brillantes y patrones juguetones; y <em>Fairycore<\/em> (31.483), que busca recrear un mundo de fantas\u00eda lleno de hadas y naturaleza m\u00e1gica.<\/p>\n<p><img loading=\"lazy\" decoding=\"async\" class=\"aligncenter size-full wp-image-180481\" src=\"https:\/\/graziamagazine.com\/es\/wp-content\/uploads\/sites\/12\/2024\/11\/f1e35c90-a691-4847-a9b9-36a079246520_5376x2984-e1729515374488-copia.jpg\" alt=\"\" width=\"1418\" height=\"797\" srcset=\"https:\/\/graziamagazine.com\/es\/wp-content\/uploads\/sites\/12\/2024\/11\/f1e35c90-a691-4847-a9b9-36a079246520_5376x2984-e1729515374488-copia.jpg 1418w, https:\/\/graziamagazine.com\/es\/wp-content\/uploads\/sites\/12\/2024\/11\/f1e35c90-a691-4847-a9b9-36a079246520_5376x2984-e1729515374488-copia-300x169.jpg 300w, https:\/\/graziamagazine.com\/es\/wp-content\/uploads\/sites\/12\/2024\/11\/f1e35c90-a691-4847-a9b9-36a079246520_5376x2984-e1729515374488-copia-1024x576.jpg 1024w, https:\/\/graziamagazine.com\/es\/wp-content\/uploads\/sites\/12\/2024\/11\/f1e35c90-a691-4847-a9b9-36a079246520_5376x2984-e1729515374488-copia-768x432.jpg 768w, https:\/\/graziamagazine.com\/es\/wp-content\/uploads\/sites\/12\/2024\/11\/f1e35c90-a691-4847-a9b9-36a079246520_5376x2984-e1729515374488-copia-400x225.jpg 400w, https:\/\/graziamagazine.com\/es\/wp-content\/uploads\/sites\/12\/2024\/11\/f1e35c90-a691-4847-a9b9-36a079246520_5376x2984-e1729515374488-copia-155x87.jpg 155w\" sizes=\"(max-width: 1418px) 100vw, 1418px\" \/><\/p>\n<h3><strong>Dress to Impress: el videojuego que ha impulsado las est\u00e9ticas core<\/strong><\/h3>\n<p>M\u00e1s all\u00e1 de las cifras totales, el estilo Y2K ha experimentado un gran crecimiento durante el \u00faltimo a\u00f1o, con las b\u00fasquedas de \u201cY2K outfits\u201d aumentando hasta un 123,6%. Otras variantes como \u201cY2K popstar\u201d y \u201cY2K dress to impress\u201d dan algunas pistas del porqu\u00e9 de esta atenci\u00f3n tan repentina, registrando cada una hasta 301.000 b\u00fasquedas mensuales en julio. Y es que el videojuego \u201cDress to Impress\u201d, basado en la plataforma Roblox, ha sido un catalizador clave para la explosi\u00f3n del fen\u00f3meno <em>aesthetic<\/em>. Este juego permite a los usuarios crear, combinar y mostrar sus atuendos en competiciones virtuales, explorando una amplia gama de estilos visuales. Durante su auge en agosto de 2024, estilos como Y2K y Cottagecore alcanzaron picos de popularidad sin precedentes, con 2.240.000 y 673.000 b\u00fasquedas mensuales respectivamente.<\/p>\n<p><em>\u201cLa viralizaci\u00f3n de Dress to Impress refleja c\u00f3mo las plataformas virtuales se han convertido en laboratorios culturales donde los j\u00f3venes experimentan y se apropian de estilos que, posteriormente, trascienden al mundo f\u00edsico\u201d<\/em>, explica\u00a0Angulo.\u00a0<em>\u201cNo obstante, tras un explosivo crecimiento, los datos muestran que estas tendencias est\u00e1n estabiliz\u00e1ndose, lo que indica que el aesthetic no es solo una moda pasajera, sino una expresi\u00f3n consolidada dentro de la cultura digital\u201d.<\/em><\/p>\n<p><em>*Im\u00e1genes: cortes\u00eda<\/em><\/p>\n<p>&nbsp;<\/p>\n<\/div>\n<p>&nbsp;<\/p>\n<h3 id=\"quehaydenuevo_title\"><\/h3>\n<div class=\"field field-name-field-quehaydenuevo-teaser field-type-text-long field-label-hidden\">\n<div class=\"field-items\">\n<div class=\"field-item even\"><\/div>\n<\/div>\n<\/div>\n","protected":false},"author":11653,"featured_media":180480,"template":"","format":"standard","categories":[2971],"acf":{"banner":null},"yoast_head":"<!-- This site is optimized with the Yoast SEO Premium plugin v18.5 (Yoast SEO v20.4) - https:\/\/yoast.com\/wordpress\/plugins\/seo\/ -->\n<title>El \u201caesthetic\u201d de la Generaci\u00f3n Z: los 10 estilos m\u00e1s virales<\/title>\n<meta name=\"description\" content=\"Semrush ha analizado los estilos \u201ccore\u201d, subg\u00e9neros del fen\u00f3meno aesthetic, que representan identidades visuales \u00fanicas.\" \/>\n<meta name=\"robots\" content=\"index, follow, max-snippet:-1, max-image-preview:large, max-video-preview:-1\" \/>\n<link rel=\"canonical\" href=\"https:\/\/graziamagazine.com\/es\/articles\/el-aesthetic-de-la-generacion-z-los-10-estilos-mas-virales\/\" \/>\n<meta property=\"og:locale\" content=\"es_ES\" \/>\n<meta property=\"og:type\" content=\"article\" \/>\n<meta property=\"og:title\" content=\"El \u201caesthetic\u201d de la Generaci\u00f3n Z: los 10 estilos m\u00e1s virales\" \/>\n<meta property=\"og:description\" content=\"Semrush ha analizado los estilos \u201ccore\u201d, subg\u00e9neros del fen\u00f3meno aesthetic, que representan identidades visuales \u00fanicas.\" \/>\n<meta property=\"og:url\" content=\"https:\/\/graziamagazine.com\/es\/articles\/el-aesthetic-de-la-generacion-z-los-10-estilos-mas-virales\/\" \/>\n<meta property=\"og:site_name\" content=\"Grazia\" \/>\n<meta property=\"article:modified_time\" content=\"2024-11-20T23:42:03+00:00\" \/>\n<meta property=\"og:image\" content=\"https:\/\/graziamagazine.com\/es\/wp-content\/uploads\/sites\/12\/2024\/11\/estilo241119s_0.jpg\" \/>\n\t<meta property=\"og:image:width\" content=\"1024\" \/>\n\t<meta property=\"og:image:height\" content=\"768\" \/>\n\t<meta property=\"og:image:type\" content=\"image\/jpeg\" \/>\n<meta name=\"twitter:card\" content=\"summary_large_image\" \/>\n<meta name=\"twitter:label1\" content=\"Est. reading time\" \/>\n\t<meta name=\"twitter:data1\" content=\"4 minutos\" \/>\n<script type=\"application\/ld+json\" class=\"yoast-schema-graph\">{\"@context\":\"https:\/\/schema.org\",\"@graph\":[{\"@type\":\"WebPage\",\"@id\":\"https:\/\/graziamagazine.com\/es\/articles\/el-aesthetic-de-la-generacion-z-los-10-estilos-mas-virales\/\",\"url\":\"https:\/\/graziamagazine.com\/es\/articles\/el-aesthetic-de-la-generacion-z-los-10-estilos-mas-virales\/\",\"name\":\"El \u201caesthetic\u201d de la Generaci\u00f3n Z: los 10 estilos m\u00e1s virales\",\"isPartOf\":{\"@id\":\"https:\/\/graziamagazine.com\/es\/#website\"},\"datePublished\":\"2024-11-21T08:00:22+00:00\",\"dateModified\":\"2024-11-20T23:42:03+00:00\",\"description\":\"Semrush ha analizado los estilos \u201ccore\u201d, subg\u00e9neros del fen\u00f3meno aesthetic, que representan identidades visuales \u00fanicas.\",\"breadcrumb\":{\"@id\":\"https:\/\/graziamagazine.com\/es\/articles\/el-aesthetic-de-la-generacion-z-los-10-estilos-mas-virales\/#breadcrumb\"},\"inLanguage\":\"es\",\"potentialAction\":[{\"@type\":\"ReadAction\",\"target\":[\"https:\/\/graziamagazine.com\/es\/articles\/el-aesthetic-de-la-generacion-z-los-10-estilos-mas-virales\/\"]}]},{\"@type\":\"BreadcrumbList\",\"@id\":\"https:\/\/graziamagazine.com\/es\/articles\/el-aesthetic-de-la-generacion-z-los-10-estilos-mas-virales\/#breadcrumb\",\"itemListElement\":[{\"@type\":\"ListItem\",\"position\":1,\"name\":\"Portada\",\"item\":\"https:\/\/graziamagazine.com\/es\/\"},{\"@type\":\"ListItem\",\"position\":2,\"name\":\"El \u201caesthetic\u201d de la Generaci\u00f3n Z: los 10 estilos m\u00e1s virales\"}]},{\"@type\":\"WebSite\",\"@id\":\"https:\/\/graziamagazine.com\/es\/#website\",\"url\":\"https:\/\/graziamagazine.com\/es\/\",\"name\":\"Grazia\",\"description\":\"Moda, belleza, celebrities, estilo de vida...\",\"potentialAction\":[{\"@type\":\"SearchAction\",\"target\":{\"@type\":\"EntryPoint\",\"urlTemplate\":\"https:\/\/graziamagazine.com\/es\/?s={search_term_string}\"},\"query-input\":\"required name=search_term_string\"}],\"inLanguage\":\"es\"}]}<\/script>\n<!-- \/ Yoast SEO Premium plugin. -->","yoast_head_json":{"title":"El \u201caesthetic\u201d de la Generaci\u00f3n Z: los 10 estilos m\u00e1s virales","description":"Semrush ha analizado los estilos \u201ccore\u201d, subg\u00e9neros del fen\u00f3meno aesthetic, que representan identidades visuales \u00fanicas.","robots":{"index":"index","follow":"follow","max-snippet":"max-snippet:-1","max-image-preview":"max-image-preview:large","max-video-preview":"max-video-preview:-1"},"canonical":"https:\/\/graziamagazine.com\/es\/articles\/el-aesthetic-de-la-generacion-z-los-10-estilos-mas-virales\/","og_locale":"es_ES","og_type":"article","og_title":"El \u201caesthetic\u201d de la Generaci\u00f3n Z: los 10 estilos m\u00e1s virales","og_description":"Semrush ha analizado los estilos \u201ccore\u201d, subg\u00e9neros del fen\u00f3meno aesthetic, que representan identidades visuales \u00fanicas.","og_url":"https:\/\/graziamagazine.com\/es\/articles\/el-aesthetic-de-la-generacion-z-los-10-estilos-mas-virales\/","og_site_name":"Grazia","article_modified_time":"2024-11-20T23:42:03+00:00","og_image":[{"width":1024,"height":768,"url":"https:\/\/graziamagazine.com\/es\/wp-content\/uploads\/sites\/12\/2024\/11\/estilo241119s_0.jpg","type":"image\/jpeg"}],"twitter_card":"summary_large_image","twitter_misc":{"Est. reading time":"4 minutos"},"schema":{"@context":"https:\/\/schema.org","@graph":[{"@type":"WebPage","@id":"https:\/\/graziamagazine.com\/es\/articles\/el-aesthetic-de-la-generacion-z-los-10-estilos-mas-virales\/","url":"https:\/\/graziamagazine.com\/es\/articles\/el-aesthetic-de-la-generacion-z-los-10-estilos-mas-virales\/","name":"El \u201caesthetic\u201d de la Generaci\u00f3n Z: los 10 estilos m\u00e1s virales","isPartOf":{"@id":"https:\/\/graziamagazine.com\/es\/#website"},"datePublished":"2024-11-21T08:00:22+00:00","dateModified":"2024-11-20T23:42:03+00:00","description":"Semrush ha analizado los estilos \u201ccore\u201d, subg\u00e9neros del fen\u00f3meno aesthetic, que representan identidades visuales \u00fanicas.","breadcrumb":{"@id":"https:\/\/graziamagazine.com\/es\/articles\/el-aesthetic-de-la-generacion-z-los-10-estilos-mas-virales\/#breadcrumb"},"inLanguage":"es","potentialAction":[{"@type":"ReadAction","target":["https:\/\/graziamagazine.com\/es\/articles\/el-aesthetic-de-la-generacion-z-los-10-estilos-mas-virales\/"]}]},{"@type":"BreadcrumbList","@id":"https:\/\/graziamagazine.com\/es\/articles\/el-aesthetic-de-la-generacion-z-los-10-estilos-mas-virales\/#breadcrumb","itemListElement":[{"@type":"ListItem","position":1,"name":"Portada","item":"https:\/\/graziamagazine.com\/es\/"},{"@type":"ListItem","position":2,"name":"El \u201caesthetic\u201d de la Generaci\u00f3n Z: los 10 estilos m\u00e1s virales"}]},{"@type":"WebSite","@id":"https:\/\/graziamagazine.com\/es\/#website","url":"https:\/\/graziamagazine.com\/es\/","name":"Grazia","description":"Moda, belleza, celebrities, estilo de vida...","potentialAction":[{"@type":"SearchAction","target":{"@type":"EntryPoint","urlTemplate":"https:\/\/graziamagazine.com\/es\/?s={search_term_string}"},"query-input":"required name=search_term_string"}],"inLanguage":"es"}]}},"jetpack_sharing_enabled":true,"distributor_meta":false,"distributor_terms":false,"distributor_media":false,"distributor_original_site_name":"Grazia","distributor_original_site_url":"https:\/\/graziamagazine.com\/es","push-errors":false,"_links":{"self":[{"href":"https:\/\/graziamagazine.com\/es\/wp-json\/wp\/v2\/articles\/180479"}],"collection":[{"href":"https:\/\/graziamagazine.com\/es\/wp-json\/wp\/v2\/articles"}],"about":[{"href":"https:\/\/graziamagazine.com\/es\/wp-json\/wp\/v2\/types\/articles"}],"author":[{"embeddable":true,"href":"https:\/\/graziamagazine.com\/es\/wp-json\/wp\/v2\/users\/11653"}],"wp:featuredmedia":[{"embeddable":true,"href":"https:\/\/graziamagazine.com\/es\/wp-json\/wp\/v2\/media\/180480"}],"wp:attachment":[{"href":"https:\/\/graziamagazine.com\/es\/wp-json\/wp\/v2\/media?parent=180479"}],"wp:term":[{"taxonomy":"category","embeddable":true,"href":"https:\/\/graziamagazine.com\/es\/wp-json\/wp\/v2\/categories?post=180479"}],"curies":[{"name":"wp","href":"https:\/\/api.w.org\/{rel}","templated":true}]}}