{"id":180463,"date":"2024-11-20T12:06:49","date_gmt":"2024-11-20T11:06:49","guid":{"rendered":"https:\/\/graziamagazine.com\/es\/?post_type=articles&#038;p=180463"},"modified":"2024-11-27T12:36:49","modified_gmt":"2024-11-27T11:36:49","slug":"la-primera-crema-de-manos-pensada-para-la-perimenopausia","status":"publish","type":"articles","link":"https:\/\/graziamagazine.com\/es\/articles\/la-primera-crema-de-manos-pensada-para-la-perimenopausia\/","title":{"rendered":"La primera crema de manos pensada para la peri(menopausia)"},"content":{"rendered":"<p>Aunque solemos prestar atenci\u00f3n a los efectos del fr\u00edo en la salud de toda nuestra piel, muchas veces las manos quedan en un segundo plano, olvidando brindarles el cuidado que necesitan.<\/p>\n<p>Es esencial recordar que la deshidrataci\u00f3n causada por las bajas temperaturas no solo afecta el rostro, sino tambi\u00e9n nuestras manos. Si no les dedicamos la atenci\u00f3n adecuada, pueden secarse y agrietarse, comprometiendo su aspecto y bienestar. Adem\u00e1s, al someterlas a continuos contrastes de temperatura extremos del invierno, propician una deshidrataci\u00f3n m\u00e1s acusada.<\/p>\n<p>Tambi\u00e9n hay que tener en cuenta que<strong>, durante la perimenopausia y menopausia, la piel absorbe menos nutrientes, y los procesos naturales de hidrataci\u00f3n de la piel, la producci\u00f3n de col\u00e1geno y elastina se reducen significativamente<\/strong>. Si a eso le sumamos que la piel de las manos es m\u00e1s delgada y delicada que la piel de otras partes del cuerpo y contiene menos gl\u00e1ndulas seb\u00e1ceas (lo que hace que sea m\u00e1s propensa a la sequedad y la deshidrataci\u00f3n),\u00a0<strong>esta aparte del cuerpo se erige como una de las m\u00e1s propensas a envejecer<\/strong>. Por eso, es fundamental cuidarlas a diario con un producto espec\u00edfico como la\u00a0<strong>Crema de manos protectora antiedad de Days of Confidence.<\/strong><\/p>\n<p><img loading=\"lazy\" decoding=\"async\" class=\"aligncenter size-full wp-image-180465\" src=\"https:\/\/graziamagazine.com\/es\/wp-content\/uploads\/sites\/12\/2024\/11\/38d5f2cb-168c-df47-1069-7c95a5876e41-scaled.jpg\" alt=\"\" width=\"2560\" height=\"1920\" srcset=\"https:\/\/graziamagazine.com\/es\/wp-content\/uploads\/sites\/12\/2024\/11\/38d5f2cb-168c-df47-1069-7c95a5876e41-scaled.jpg 2560w, https:\/\/graziamagazine.com\/es\/wp-content\/uploads\/sites\/12\/2024\/11\/38d5f2cb-168c-df47-1069-7c95a5876e41-300x225.jpg 300w, https:\/\/graziamagazine.com\/es\/wp-content\/uploads\/sites\/12\/2024\/11\/38d5f2cb-168c-df47-1069-7c95a5876e41-1024x768.jpg 1024w, https:\/\/graziamagazine.com\/es\/wp-content\/uploads\/sites\/12\/2024\/11\/38d5f2cb-168c-df47-1069-7c95a5876e41-768x576.jpg 768w, https:\/\/graziamagazine.com\/es\/wp-content\/uploads\/sites\/12\/2024\/11\/38d5f2cb-168c-df47-1069-7c95a5876e41-1536x1152.jpg 1536w, https:\/\/graziamagazine.com\/es\/wp-content\/uploads\/sites\/12\/2024\/11\/38d5f2cb-168c-df47-1069-7c95a5876e41-2048x1536.jpg 2048w, https:\/\/graziamagazine.com\/es\/wp-content\/uploads\/sites\/12\/2024\/11\/38d5f2cb-168c-df47-1069-7c95a5876e41-400x300.jpg 400w, https:\/\/graziamagazine.com\/es\/wp-content\/uploads\/sites\/12\/2024\/11\/38d5f2cb-168c-df47-1069-7c95a5876e41-155x116.jpg 155w\" sizes=\"(max-width: 2560px) 100vw, 2560px\" \/><\/p>\n<p>Su textura rica y nutritiva 100% natural, incluye un 80% de ingredientes org\u00e1nicos y se absorbe r\u00e1pidamente en la piel. Adem\u00e1s, posee un agradable aroma con notas de salida muy frescas de c\u00edtricos y hierba cortada combinadas con delicadas notas medias arom\u00e1ticas y florales, y notas de fondo m\u00e1s profundas y ligeramente amaderadas. Su acci\u00f3n consigue.<\/p>\n<h3><strong data-olk-copy-source=\"MessageBody\">INGREDIENTES ACTIVOS<\/strong><\/h3>\n<p>El <strong><em>Plantago lanceolata<\/em>,<\/strong> tambi\u00e9n conocido como \u00abllant\u00e9n\u00bb, es una planta perenne con hojas ovaladas en forma de punta de lanza y acanaladas. Mediante un mecanismo de acci\u00f3n que act\u00faa por inhibici\u00f3n de los microARN, reinicia la s\u00edntesis de prote\u00ednas y as\u00ed contrarresta la senescencia celular y degradaci\u00f3n de la matriz extracelular. Reduce visiblemente los signos de la edad, mejora las propiedades viscoel\u00e1sticas de la piel y aclara las manchas de pigmentaci\u00f3n.<\/p>\n<p>El <strong>\u00e1cido hialur\u00f3nico vegetal<\/strong> de bajo peso molecular permite estimular el fibroblasto, la c\u00e9lula responsable de la s\u00edntesis de todos los componentes de la dermis (col\u00e1geno, elastina, \u00e1cido hialur\u00f3nico). Permite una penetraci\u00f3n m\u00e1s profunda y, por tanto, activa la producci\u00f3n de \u00e1cido hialur\u00f3nico preservando las fibras de col\u00e1geno presentes de forma natural en la dermis.<\/p>\n<p>La<strong> manteca de <span class=\"markufon9tjv1\" data-markjs=\"true\" data-ogac=\"\" data-ogab=\"\" data-ogsc=\"\" data-ogsb=\"\">mango <\/span><\/strong><span class=\"markufon9tjv1\" data-markjs=\"true\" data-ogac=\"\" data-ogab=\"\" data-ogsc=\"\" data-ogsb=\"\">e<\/span>s muy rica en fitoesteroles, potentes antioxidantes que combaten el envejecimiento de la piel, estimulando la producci\u00f3n de col\u00e1geno.<\/p>\n<p><strong>El extracto original<sup>TM\u00a0<\/sup>&#8211; Citrus aurantium dulcis, <\/strong>obtenido mediante suaves procesos de extracci\u00f3n que preservan los principios activos de la planta, el extracto de naranja dulce tiene propiedades clarificantes sobre la piel. Es una fuente natural de \u00e1cidos frutales que afina la textura de la piel, alisa su superficie e ilumina la tez.<\/p>\n<p><strong>El aceite de brote de girasol <\/strong>es un s\u00edmbolo de energ\u00eda y perfecci\u00f3n por su simetr\u00eda y longevidad. Los brotes j\u00f3venes de esta planta, de r\u00e1pido crecimiento, tienen la mayor concentraci\u00f3n de fitonutrientes beneficiosos para la salud de la piel.<\/p>\n<p>La<strong> Vitamina E <\/strong>es un potente antioxidante que neutraliza el exceso de radicales libres presentes en el organismo, conocidos por provocar el envejecimiento prematuro de la piel. Ayuda a estimular la producci\u00f3n de col\u00e1geno, una prote\u00edna que determina la elasticidad de la epidermis. Tambi\u00e9n fortalece las u\u00f1as.<\/p>\n<p><img loading=\"lazy\" decoding=\"async\" class=\"aligncenter wp-image-180466 size-full\" src=\"https:\/\/graziamagazine.com\/es\/wp-content\/uploads\/sites\/12\/2024\/11\/0b9baf86-468d-9c9b-7296-cae43c97f120-e1732100436986.jpg\" alt=\"\" width=\"1930\" height=\"1340\" srcset=\"https:\/\/graziamagazine.com\/es\/wp-content\/uploads\/sites\/12\/2024\/11\/0b9baf86-468d-9c9b-7296-cae43c97f120-e1732100436986.jpg 1930w, https:\/\/graziamagazine.com\/es\/wp-content\/uploads\/sites\/12\/2024\/11\/0b9baf86-468d-9c9b-7296-cae43c97f120-e1732100436986-300x208.jpg 300w, https:\/\/graziamagazine.com\/es\/wp-content\/uploads\/sites\/12\/2024\/11\/0b9baf86-468d-9c9b-7296-cae43c97f120-e1732100436986-1024x711.jpg 1024w, https:\/\/graziamagazine.com\/es\/wp-content\/uploads\/sites\/12\/2024\/11\/0b9baf86-468d-9c9b-7296-cae43c97f120-e1732100436986-768x533.jpg 768w, https:\/\/graziamagazine.com\/es\/wp-content\/uploads\/sites\/12\/2024\/11\/0b9baf86-468d-9c9b-7296-cae43c97f120-e1732100436986-1536x1066.jpg 1536w, https:\/\/graziamagazine.com\/es\/wp-content\/uploads\/sites\/12\/2024\/11\/0b9baf86-468d-9c9b-7296-cae43c97f120-e1732100436986-400x278.jpg 400w, https:\/\/graziamagazine.com\/es\/wp-content\/uploads\/sites\/12\/2024\/11\/0b9baf86-468d-9c9b-7296-cae43c97f120-e1732100436986-155x108.jpg 155w\" sizes=\"(max-width: 1930px) 100vw, 1930px\" \/><\/p>\n<p>Su precio es de 24 euros y la encuentras en venta en farmacias, en centros m\u00e9dico est\u00e9ticos, en centros profesionales de est\u00e9tica y en <a href=\"https:\/\/iconocomunicacion.us7.list-manage.com\/track\/click?u=b6c984c911715c8c7b62cd7bf&amp;id=bb7bee9b83&amp;e=4e2065a7f2\"title=\"https:\/\/iconocomunicacion.us7.list-manage.com\/track\/click?u=b6c984c911715c8c7b62cd7bf&amp;id=bb7bee9b83&amp;e=4e2065a7f2\"  target=\"_blank\" rel=\"noopener noreferrer\" data-auth=\"NotApplicable\" data-linkindex=\"2\" target=\"_blank\">https:\/\/daysofconfidence<\/a><\/p>\n<p><em>*Im\u00e1genes: Pexels y cortes\u00eda<\/em><\/p>\n","protected":false},"author":11653,"featured_media":180464,"template":"","format":"standard","categories":[7],"acf":[],"yoast_head":"<!-- This site is optimized with the Yoast SEO Premium plugin v18.5 (Yoast SEO v20.4) - https:\/\/yoast.com\/wordpress\/plugins\/seo\/ -->\n<title>La primera crema de manos pensada para la peri(menopausia)<\/title>\n<meta name=\"description\" content=\"Durante esta \u00e9poca la piel absorbe menos nutrientes, y los procesos naturales de hidrataci\u00f3n de la piel se reducen significativamente.\" \/>\n<meta name=\"robots\" content=\"index, follow, max-snippet:-1, max-image-preview:large, max-video-preview:-1\" \/>\n<link rel=\"canonical\" href=\"https:\/\/graziamagazine.com\/es\/articles\/la-primera-crema-de-manos-pensada-para-la-perimenopausia\/\" \/>\n<meta property=\"og:locale\" content=\"es_ES\" \/>\n<meta property=\"og:type\" content=\"article\" \/>\n<meta property=\"og:title\" content=\"La primera crema de manos pensada para la peri(menopausia)\" \/>\n<meta property=\"og:description\" content=\"Durante esta \u00e9poca la piel absorbe menos nutrientes, y los procesos naturales de hidrataci\u00f3n de la piel se reducen significativamente.\" \/>\n<meta property=\"og:url\" content=\"https:\/\/graziamagazine.com\/es\/articles\/la-primera-crema-de-manos-pensada-para-la-perimenopausia\/\" \/>\n<meta property=\"og:site_name\" content=\"Grazia\" \/>\n<meta property=\"article:modified_time\" content=\"2024-11-27T11:36:49+00:00\" \/>\n<meta property=\"og:image\" content=\"https:\/\/graziamagazine.com\/es\/wp-content\/uploads\/sites\/12\/2024\/11\/pexels-karolina-grabowska-4210657-scaled-e1732100359857.jpg\" \/>\n\t<meta property=\"og:image:width\" content=\"1655\" \/>\n\t<meta property=\"og:image:height\" content=\"1228\" \/>\n\t<meta property=\"og:image:type\" content=\"image\/jpeg\" \/>\n<meta name=\"twitter:card\" content=\"summary_large_image\" \/>\n<meta name=\"twitter:label1\" content=\"Est. reading time\" \/>\n\t<meta name=\"twitter:data1\" content=\"4 minutos\" \/>\n<script type=\"application\/ld+json\" class=\"yoast-schema-graph\">{\"@context\":\"https:\/\/schema.org\",\"@graph\":[{\"@type\":\"WebPage\",\"@id\":\"https:\/\/graziamagazine.com\/es\/articles\/la-primera-crema-de-manos-pensada-para-la-perimenopausia\/\",\"url\":\"https:\/\/graziamagazine.com\/es\/articles\/la-primera-crema-de-manos-pensada-para-la-perimenopausia\/\",\"name\":\"La primera crema de manos pensada para la peri(menopausia)\",\"isPartOf\":{\"@id\":\"https:\/\/graziamagazine.com\/es\/#website\"},\"datePublished\":\"2024-11-20T11:06:49+00:00\",\"dateModified\":\"2024-11-27T11:36:49+00:00\",\"description\":\"Durante esta \u00e9poca la piel absorbe menos nutrientes, y los procesos naturales de hidrataci\u00f3n de la piel se reducen significativamente.\",\"breadcrumb\":{\"@id\":\"https:\/\/graziamagazine.com\/es\/articles\/la-primera-crema-de-manos-pensada-para-la-perimenopausia\/#breadcrumb\"},\"inLanguage\":\"es\",\"potentialAction\":[{\"@type\":\"ReadAction\",\"target\":[\"https:\/\/graziamagazine.com\/es\/articles\/la-primera-crema-de-manos-pensada-para-la-perimenopausia\/\"]}]},{\"@type\":\"BreadcrumbList\",\"@id\":\"https:\/\/graziamagazine.com\/es\/articles\/la-primera-crema-de-manos-pensada-para-la-perimenopausia\/#breadcrumb\",\"itemListElement\":[{\"@type\":\"ListItem\",\"position\":1,\"name\":\"Portada\",\"item\":\"https:\/\/graziamagazine.com\/es\/\"},{\"@type\":\"ListItem\",\"position\":2,\"name\":\"La primera crema de manos pensada para la peri(menopausia)\"}]},{\"@type\":\"WebSite\",\"@id\":\"https:\/\/graziamagazine.com\/es\/#website\",\"url\":\"https:\/\/graziamagazine.com\/es\/\",\"name\":\"Grazia\",\"description\":\"Moda, belleza, celebrities, estilo de vida...\",\"potentialAction\":[{\"@type\":\"SearchAction\",\"target\":{\"@type\":\"EntryPoint\",\"urlTemplate\":\"https:\/\/graziamagazine.com\/es\/?s={search_term_string}\"},\"query-input\":\"required name=search_term_string\"}],\"inLanguage\":\"es\"}]}<\/script>\n<!-- \/ Yoast SEO Premium plugin. -->","yoast_head_json":{"title":"La primera crema de manos pensada para la peri(menopausia)","description":"Durante esta \u00e9poca la piel absorbe menos nutrientes, y los procesos naturales de hidrataci\u00f3n de la piel se reducen significativamente.","robots":{"index":"index","follow":"follow","max-snippet":"max-snippet:-1","max-image-preview":"max-image-preview:large","max-video-preview":"max-video-preview:-1"},"canonical":"https:\/\/graziamagazine.com\/es\/articles\/la-primera-crema-de-manos-pensada-para-la-perimenopausia\/","og_locale":"es_ES","og_type":"article","og_title":"La primera crema de manos pensada para la peri(menopausia)","og_description":"Durante esta \u00e9poca la piel absorbe menos nutrientes, y los procesos naturales de hidrataci\u00f3n de la piel se reducen significativamente.","og_url":"https:\/\/graziamagazine.com\/es\/articles\/la-primera-crema-de-manos-pensada-para-la-perimenopausia\/","og_site_name":"Grazia","article_modified_time":"2024-11-27T11:36:49+00:00","og_image":[{"width":1655,"height":1228,"url":"https:\/\/graziamagazine.com\/es\/wp-content\/uploads\/sites\/12\/2024\/11\/pexels-karolina-grabowska-4210657-scaled-e1732100359857.jpg","type":"image\/jpeg"}],"twitter_card":"summary_large_image","twitter_misc":{"Est. reading time":"4 minutos"},"schema":{"@context":"https:\/\/schema.org","@graph":[{"@type":"WebPage","@id":"https:\/\/graziamagazine.com\/es\/articles\/la-primera-crema-de-manos-pensada-para-la-perimenopausia\/","url":"https:\/\/graziamagazine.com\/es\/articles\/la-primera-crema-de-manos-pensada-para-la-perimenopausia\/","name":"La primera crema de manos pensada para la peri(menopausia)","isPartOf":{"@id":"https:\/\/graziamagazine.com\/es\/#website"},"datePublished":"2024-11-20T11:06:49+00:00","dateModified":"2024-11-27T11:36:49+00:00","description":"Durante esta \u00e9poca la piel absorbe menos nutrientes, y los procesos naturales de hidrataci\u00f3n de la piel se reducen significativamente.","breadcrumb":{"@id":"https:\/\/graziamagazine.com\/es\/articles\/la-primera-crema-de-manos-pensada-para-la-perimenopausia\/#breadcrumb"},"inLanguage":"es","potentialAction":[{"@type":"ReadAction","target":["https:\/\/graziamagazine.com\/es\/articles\/la-primera-crema-de-manos-pensada-para-la-perimenopausia\/"]}]},{"@type":"BreadcrumbList","@id":"https:\/\/graziamagazine.com\/es\/articles\/la-primera-crema-de-manos-pensada-para-la-perimenopausia\/#breadcrumb","itemListElement":[{"@type":"ListItem","position":1,"name":"Portada","item":"https:\/\/graziamagazine.com\/es\/"},{"@type":"ListItem","position":2,"name":"La primera crema de manos pensada para la peri(menopausia)"}]},{"@type":"WebSite","@id":"https:\/\/graziamagazine.com\/es\/#website","url":"https:\/\/graziamagazine.com\/es\/","name":"Grazia","description":"Moda, belleza, celebrities, estilo de vida...","potentialAction":[{"@type":"SearchAction","target":{"@type":"EntryPoint","urlTemplate":"https:\/\/graziamagazine.com\/es\/?s={search_term_string}"},"query-input":"required name=search_term_string"}],"inLanguage":"es"}]}},"jetpack_sharing_enabled":true,"distributor_meta":false,"distributor_terms":false,"distributor_media":false,"distributor_original_site_name":"Grazia","distributor_original_site_url":"https:\/\/graziamagazine.com\/es","push-errors":false,"_links":{"self":[{"href":"https:\/\/graziamagazine.com\/es\/wp-json\/wp\/v2\/articles\/180463"}],"collection":[{"href":"https:\/\/graziamagazine.com\/es\/wp-json\/wp\/v2\/articles"}],"about":[{"href":"https:\/\/graziamagazine.com\/es\/wp-json\/wp\/v2\/types\/articles"}],"author":[{"embeddable":true,"href":"https:\/\/graziamagazine.com\/es\/wp-json\/wp\/v2\/users\/11653"}],"wp:featuredmedia":[{"embeddable":true,"href":"https:\/\/graziamagazine.com\/es\/wp-json\/wp\/v2\/media\/180464"}],"wp:attachment":[{"href":"https:\/\/graziamagazine.com\/es\/wp-json\/wp\/v2\/media?parent=180463"}],"wp:term":[{"taxonomy":"category","embeddable":true,"href":"https:\/\/graziamagazine.com\/es\/wp-json\/wp\/v2\/categories?post=180463"}],"curies":[{"name":"wp","href":"https:\/\/api.w.org\/{rel}","templated":true}]}}