{"id":180366,"date":"2024-11-15T13:54:35","date_gmt":"2024-11-15T12:54:35","guid":{"rendered":"https:\/\/graziamagazine.com\/es\/?post_type=articles&#038;p=180366"},"modified":"2024-11-15T13:54:35","modified_gmt":"2024-11-15T12:54:35","slug":"miren-arzalluz-primera-directora-general-del-museo-guggenheim-bilbao","status":"publish","type":"articles","link":"https:\/\/graziamagazine.com\/es\/articles\/miren-arzalluz-primera-directora-general-del-museo-guggenheim-bilbao\/","title":{"rendered":"Miren Arzalluz, primera Directora General del Museo Guggenheim Bilbao"},"content":{"rendered":"<div class=\"content Content_content__Ox13L\">\n<div class=\"Content_contentContent__BVh3J\">\n<p>El Patronato del Museo Guggenheim Bilbao ha aprobado el nombramiento de la reconocida historiadora del arte y comisaria Miren Arzalluz como nueva Directora General del Museo, tras finalizar el proceso de selecci\u00f3n internacional llevado a cabo en los \u00faltimos meses.<\/p>\n<p>La elecci\u00f3n del Patronato responde a la experiencia y reconocimiento internacional de Miren Arzalluz en el \u00e1mbito de las instituciones culturales, su compromiso a largo plazo con el proyecto, su visi\u00f3n alineada con la misi\u00f3n del Museo de servir como elemento clave en la estrategia de transformaci\u00f3n del pa\u00eds, y su sensibilidad ante los diversos contextos culturales en los que opera el Museo con capacidad para integrar valores locales y globales.<\/p>\n<\/div>\n<\/div>\n<div class=\"content Content_content__Ox13L\">\n<div class=\"Content_contentContent__BVh3J\">\n<div class=\"PressAreaDescription_viewMoreContent__l84Pg PressAreaDescription_active__lrNcS\">\n<p>Miren Arzalluz Loro\u00f1o (Bilbao, 1978), actualmente directora del Museo de la Moda de Par\u00eds\u2013Palais Galliera, se incorpora al Guggenheim con una contrastada trayectoria al frente de organizaciones de prestigio internacional en el \u00e1mbito de la cultura, aportando un profundo conocimiento de la historia del arte, los museos y la investigaci\u00f3n, combinado con una amplia experiencia en gesti\u00f3n institucional y relaciones internacionales.<\/p>\n<h3>Una trayectoria de \u00e9xito en el \u00e1mbito de la cultura<\/h3>\n<p>Doctora en Historia por la Universidad de Deusto, Master en Historia del Arte por el Courtauld Institute of Art de Londres, y Master en Pol\u00edtica comparada por la London School of Economics de Londres, Miren Arzalluz ha liderado a lo largo de los \u00faltimos seis a\u00f1os el Palais Galliera hacia una nueva fase a trav\u00e9s de un ambicioso proyecto de renovaci\u00f3n y ampliaci\u00f3n y una profunda e innovadora redefinici\u00f3n del museo. En colaboraci\u00f3n con las instituciones Paris Mus\u00e9es y la Ciudad de Par\u00eds, Miren Arzalluz ha promovido un nuevo enfoque interdisciplinar, estableciendo di\u00e1logos y colaboraciones del Palais Galliera con otros museos de arte y dise\u00f1o del \u00e1mbito internacional, produciendo exposiciones de gran \u00e9xito de p\u00fablico y cr\u00edtica.<\/p>\n<p>El reconocimiento internacional de Miren Arzalluz queda avalado asimismo por pr\u00f3ximos hitos, como su nombramiento en 2024 como Chevali\u00e8re de l&#8217;Ordre des Arts et des Lettres por el Ministerio de Cultura de Francia; o su reciente designaci\u00f3n como Jurado en los premios nacionales de dise\u00f1o de Estados Unidos, los 2025 National Design Awards del Cooper Hewitt, Smithsonian Design Museum en Nueva York.<\/p>\n<p>Gran conocedora tambi\u00e9n del \u00e1mbito cultural vasco actual, Miren Arzalluz es miembro del Comit\u00e9 Asesor Art\u00edstico del Museo de Bellas Artes de Bilbao y anteriormente a su estancia en Par\u00eds dirigi\u00f3 Etxepare Euskal Institutua, ente p\u00fablico dependiente del Gobierno Vasco que trabaja para impulsar la visibilidad de la cultura y la creaci\u00f3n vasca contempor\u00e1nea a nivel internacional. Su experiencia como Curator independiente le ha permitido comisariar exposiciones en distintos pa\u00edses del mundo y durante cinco a\u00f1os fue Comisaria Jefe de la Fundaci\u00f3n y el Museo Balenciaga, a cargo de las exposiciones y la Colecci\u00f3n.<\/p>\n<p>El nombramiento de Miren Arzalluz tendr\u00e1 efecto desde el 1 de marzo de 2025 como Directora General Electa. A lo largo de cuatro semanas realizar\u00e1 un proceso de inmersi\u00f3n en los museos Guggenheim de Bilbao y Nueva York, conviviendo con Juan Ignacio Vidarte, Director General del Museo hasta el 1 de abril, fecha en la que Miren Arzalluz asumir\u00e1 el cargo de Directora General con plenas responsabilidades.<\/p>\n<p><em>*Imagen: cortes\u00eda<\/em><\/p>\n<\/div>\n<\/div>\n<\/div>\n","protected":false},"author":11653,"featured_media":180367,"template":"","format":"standard","categories":[2971],"acf":{"banner":null},"yoast_head":"<!-- This site is optimized with the Yoast SEO Premium plugin v18.5 (Yoast SEO v20.4) - https:\/\/yoast.com\/wordpress\/plugins\/seo\/ -->\n<title>Miren Arzalluz, nueva Directora General del Guggenheim Bilbao<\/title>\n<meta name=\"description\" content=\"La historiadora del arte y comisaria, actual directora del Museo de la Moda de Par\u00eds, ser\u00e1 la nueva responsable a partir de abril.\" \/>\n<meta name=\"robots\" content=\"index, follow, max-snippet:-1, max-image-preview:large, max-video-preview:-1\" \/>\n<link rel=\"canonical\" href=\"https:\/\/graziamagazine.com\/es\/articles\/miren-arzalluz-primera-directora-general-del-museo-guggenheim-bilbao\/\" \/>\n<meta property=\"og:locale\" content=\"es_ES\" \/>\n<meta property=\"og:type\" content=\"article\" \/>\n<meta property=\"og:title\" content=\"Miren Arzalluz, primera Directora General del Museo Guggenheim Bilbao\" \/>\n<meta property=\"og:description\" content=\"La historiadora del arte y comisaria, actual directora del Museo de la Moda de Par\u00eds, ser\u00e1 la nueva responsable a partir de abril.\" \/>\n<meta property=\"og:url\" content=\"https:\/\/graziamagazine.com\/es\/articles\/miren-arzalluz-primera-directora-general-del-museo-guggenheim-bilbao\/\" \/>\n<meta property=\"og:site_name\" content=\"Grazia\" \/>\n<meta property=\"og:image\" content=\"https:\/\/graziamagazine.com\/es\/wp-content\/uploads\/sites\/12\/2024\/11\/Miren-Arzalluz-819x1024-1-e1731675100623.jpg\" \/>\n\t<meta property=\"og:image:width\" content=\"790\" \/>\n\t<meta property=\"og:image:height\" content=\"628\" \/>\n\t<meta property=\"og:image:type\" content=\"image\/jpeg\" \/>\n<meta name=\"twitter:card\" content=\"summary_large_image\" \/>\n<meta name=\"twitter:label1\" content=\"Est. reading time\" \/>\n\t<meta name=\"twitter:data1\" content=\"3 minutos\" \/>\n<script type=\"application\/ld+json\" class=\"yoast-schema-graph\">{\"@context\":\"https:\/\/schema.org\",\"@graph\":[{\"@type\":\"WebPage\",\"@id\":\"https:\/\/graziamagazine.com\/es\/articles\/miren-arzalluz-primera-directora-general-del-museo-guggenheim-bilbao\/\",\"url\":\"https:\/\/graziamagazine.com\/es\/articles\/miren-arzalluz-primera-directora-general-del-museo-guggenheim-bilbao\/\",\"name\":\"Miren Arzalluz, nueva Directora General del Guggenheim Bilbao\",\"isPartOf\":{\"@id\":\"https:\/\/graziamagazine.com\/es\/#website\"},\"datePublished\":\"2024-11-15T12:54:35+00:00\",\"dateModified\":\"2024-11-15T12:54:35+00:00\",\"description\":\"La historiadora del arte y comisaria, actual directora del Museo de la Moda de Par\u00eds, ser\u00e1 la nueva responsable a partir de abril.\",\"breadcrumb\":{\"@id\":\"https:\/\/graziamagazine.com\/es\/articles\/miren-arzalluz-primera-directora-general-del-museo-guggenheim-bilbao\/#breadcrumb\"},\"inLanguage\":\"es\",\"potentialAction\":[{\"@type\":\"ReadAction\",\"target\":[\"https:\/\/graziamagazine.com\/es\/articles\/miren-arzalluz-primera-directora-general-del-museo-guggenheim-bilbao\/\"]}]},{\"@type\":\"BreadcrumbList\",\"@id\":\"https:\/\/graziamagazine.com\/es\/articles\/miren-arzalluz-primera-directora-general-del-museo-guggenheim-bilbao\/#breadcrumb\",\"itemListElement\":[{\"@type\":\"ListItem\",\"position\":1,\"name\":\"Portada\",\"item\":\"https:\/\/graziamagazine.com\/es\/\"},{\"@type\":\"ListItem\",\"position\":2,\"name\":\"Miren Arzalluz, primera Directora General del Museo Guggenheim Bilbao\"}]},{\"@type\":\"WebSite\",\"@id\":\"https:\/\/graziamagazine.com\/es\/#website\",\"url\":\"https:\/\/graziamagazine.com\/es\/\",\"name\":\"Grazia\",\"description\":\"Moda, belleza, celebrities, estilo de vida...\",\"potentialAction\":[{\"@type\":\"SearchAction\",\"target\":{\"@type\":\"EntryPoint\",\"urlTemplate\":\"https:\/\/graziamagazine.com\/es\/?s={search_term_string}\"},\"query-input\":\"required name=search_term_string\"}],\"inLanguage\":\"es\"}]}<\/script>\n<!-- \/ Yoast SEO Premium plugin. -->","yoast_head_json":{"title":"Miren Arzalluz, nueva Directora General del Guggenheim Bilbao","description":"La historiadora del arte y comisaria, actual directora del Museo de la Moda de Par\u00eds, ser\u00e1 la nueva responsable a partir de abril.","robots":{"index":"index","follow":"follow","max-snippet":"max-snippet:-1","max-image-preview":"max-image-preview:large","max-video-preview":"max-video-preview:-1"},"canonical":"https:\/\/graziamagazine.com\/es\/articles\/miren-arzalluz-primera-directora-general-del-museo-guggenheim-bilbao\/","og_locale":"es_ES","og_type":"article","og_title":"Miren Arzalluz, primera Directora General del Museo Guggenheim Bilbao","og_description":"La historiadora del arte y comisaria, actual directora del Museo de la Moda de Par\u00eds, ser\u00e1 la nueva responsable a partir de abril.","og_url":"https:\/\/graziamagazine.com\/es\/articles\/miren-arzalluz-primera-directora-general-del-museo-guggenheim-bilbao\/","og_site_name":"Grazia","og_image":[{"width":790,"height":628,"url":"https:\/\/graziamagazine.com\/es\/wp-content\/uploads\/sites\/12\/2024\/11\/Miren-Arzalluz-819x1024-1-e1731675100623.jpg","type":"image\/jpeg"}],"twitter_card":"summary_large_image","twitter_misc":{"Est. reading time":"3 minutos"},"schema":{"@context":"https:\/\/schema.org","@graph":[{"@type":"WebPage","@id":"https:\/\/graziamagazine.com\/es\/articles\/miren-arzalluz-primera-directora-general-del-museo-guggenheim-bilbao\/","url":"https:\/\/graziamagazine.com\/es\/articles\/miren-arzalluz-primera-directora-general-del-museo-guggenheim-bilbao\/","name":"Miren Arzalluz, nueva Directora General del Guggenheim Bilbao","isPartOf":{"@id":"https:\/\/graziamagazine.com\/es\/#website"},"datePublished":"2024-11-15T12:54:35+00:00","dateModified":"2024-11-15T12:54:35+00:00","description":"La historiadora del arte y comisaria, actual directora del Museo de la Moda de Par\u00eds, ser\u00e1 la nueva responsable a partir de abril.","breadcrumb":{"@id":"https:\/\/graziamagazine.com\/es\/articles\/miren-arzalluz-primera-directora-general-del-museo-guggenheim-bilbao\/#breadcrumb"},"inLanguage":"es","potentialAction":[{"@type":"ReadAction","target":["https:\/\/graziamagazine.com\/es\/articles\/miren-arzalluz-primera-directora-general-del-museo-guggenheim-bilbao\/"]}]},{"@type":"BreadcrumbList","@id":"https:\/\/graziamagazine.com\/es\/articles\/miren-arzalluz-primera-directora-general-del-museo-guggenheim-bilbao\/#breadcrumb","itemListElement":[{"@type":"ListItem","position":1,"name":"Portada","item":"https:\/\/graziamagazine.com\/es\/"},{"@type":"ListItem","position":2,"name":"Miren Arzalluz, primera Directora General del Museo Guggenheim Bilbao"}]},{"@type":"WebSite","@id":"https:\/\/graziamagazine.com\/es\/#website","url":"https:\/\/graziamagazine.com\/es\/","name":"Grazia","description":"Moda, belleza, celebrities, estilo de vida...","potentialAction":[{"@type":"SearchAction","target":{"@type":"EntryPoint","urlTemplate":"https:\/\/graziamagazine.com\/es\/?s={search_term_string}"},"query-input":"required name=search_term_string"}],"inLanguage":"es"}]}},"jetpack_sharing_enabled":true,"distributor_meta":false,"distributor_terms":false,"distributor_media":false,"distributor_original_site_name":"Grazia","distributor_original_site_url":"https:\/\/graziamagazine.com\/es","push-errors":false,"_links":{"self":[{"href":"https:\/\/graziamagazine.com\/es\/wp-json\/wp\/v2\/articles\/180366"}],"collection":[{"href":"https:\/\/graziamagazine.com\/es\/wp-json\/wp\/v2\/articles"}],"about":[{"href":"https:\/\/graziamagazine.com\/es\/wp-json\/wp\/v2\/types\/articles"}],"author":[{"embeddable":true,"href":"https:\/\/graziamagazine.com\/es\/wp-json\/wp\/v2\/users\/11653"}],"wp:featuredmedia":[{"embeddable":true,"href":"https:\/\/graziamagazine.com\/es\/wp-json\/wp\/v2\/media\/180367"}],"wp:attachment":[{"href":"https:\/\/graziamagazine.com\/es\/wp-json\/wp\/v2\/media?parent=180366"}],"wp:term":[{"taxonomy":"category","embeddable":true,"href":"https:\/\/graziamagazine.com\/es\/wp-json\/wp\/v2\/categories?post=180366"}],"curies":[{"name":"wp","href":"https:\/\/api.w.org\/{rel}","templated":true}]}}