{"id":180315,"date":"2024-11-14T09:00:29","date_gmt":"2024-11-14T08:00:29","guid":{"rendered":"https:\/\/graziamagazine.com\/es\/?post_type=articles&#038;p=180315"},"modified":"2024-11-13T23:35:38","modified_gmt":"2024-11-13T22:35:38","slug":"el-bolso-favorito-de-gisele-bundchen-para-otono","status":"publish","type":"articles","link":"https:\/\/graziamagazine.com\/es\/articles\/el-bolso-favorito-de-gisele-bundchen-para-otono\/","title":{"rendered":"El bolso favorito de Gisele B\u00fcndchen para oto\u00f1o"},"content":{"rendered":"<p>Tras el anuncio de su embarazo con su nueva pareja, Gisele B\u00fcndchen vuelve a estar en el foco y en sus \u00faltimas salidas no se ha separada de un accesorio: el bolso de mano Naghedi St. Barths.<\/p>\n<p>B\u00fcndchen no es la \u00fanica famosa que se ha rendido ante el encanto de Naghedi. Jennifer Lawrence,\u00a0 Jessica Alba y Cameron Diaz han sido vistas luciendo la marca, consolidando su lugar como un art\u00edculo imprescindible para el oto\u00f1o. Este sello de aprobaci\u00f3n de las celebridades consolida a\u00fan m\u00e1s el lugar de Naghedi como creador de tendencias, lo que hace que el bolso St. Barths Tote sea a\u00fan m\u00e1s codiciado. Pero, \u00bfqu\u00e9 es exactamente lo que hace que el bolso St. Barths Tote de Naghedi sea tan ganador?<\/p>\n<h3 data-sourcepos=\"7:1-7:39\"><strong>Gisele B\u00fcndchen, icono de moda\u00a0<\/strong><\/h3>\n<p data-sourcepos=\"9:1-9:371\">Gisele B\u00fcndchen es un nombre sin\u00f3nimo de la realeza de las supermodelos. Su carrera, que abarca m\u00e1s de tres d\u00e9cadas, la ha visto aparecer en las portadas de innumerables revistas, desfilar por las pasarelas de los dise\u00f1adores m\u00e1s prestigiosos y convertirse en embajadora mundial de algunas de las casas de moda m\u00e1s importantes. Pero m\u00e1s all\u00e1 del brillo y el glamour,\u00a0B\u00fcndchen es conocida por su estilo sencillo y natural\u00a0.<\/p>\n<p data-sourcepos=\"11:1-11:335\">Ya sea luciendo un bikini en la playa o andando por la calle con vaqueros y camiseta, B\u00fcndchen encarna una est\u00e9tica relajada y californiana. Este estilo de \u00bb\u00a0modelo fuera de servicio\u00a0\u00bb resuena profundamente entre sus seguidores, lo que la convierte en un aut\u00e9ntico icono de la moda para todas las edades. No sorprende, entonces, que su elecci\u00f3n de bolso refleje este enfoque pr\u00e1ctico y a la vez elegante.<\/p>\n<p data-sourcepos=\"11:1-11:335\"><img loading=\"lazy\" decoding=\"async\" class=\"aligncenter size-full wp-image-180317\" src=\"https:\/\/graziamagazine.com\/es\/wp-content\/uploads\/sites\/12\/2024\/11\/gisele-b-ndchen-seen-leaving-92581734-copia-scaled.jpg\" alt=\"\" width=\"1760\" height=\"2560\" srcset=\"https:\/\/graziamagazine.com\/es\/wp-content\/uploads\/sites\/12\/2024\/11\/gisele-b-ndchen-seen-leaving-92581734-copia-scaled.jpg 1760w, https:\/\/graziamagazine.com\/es\/wp-content\/uploads\/sites\/12\/2024\/11\/gisele-b-ndchen-seen-leaving-92581734-copia-206x300.jpg 206w, https:\/\/graziamagazine.com\/es\/wp-content\/uploads\/sites\/12\/2024\/11\/gisele-b-ndchen-seen-leaving-92581734-copia-704x1024.jpg 704w, https:\/\/graziamagazine.com\/es\/wp-content\/uploads\/sites\/12\/2024\/11\/gisele-b-ndchen-seen-leaving-92581734-copia-768x1117.jpg 768w, https:\/\/graziamagazine.com\/es\/wp-content\/uploads\/sites\/12\/2024\/11\/gisele-b-ndchen-seen-leaving-92581734-copia-1056x1536.jpg 1056w, https:\/\/graziamagazine.com\/es\/wp-content\/uploads\/sites\/12\/2024\/11\/gisele-b-ndchen-seen-leaving-92581734-copia-1408x2048.jpg 1408w, https:\/\/graziamagazine.com\/es\/wp-content\/uploads\/sites\/12\/2024\/11\/gisele-b-ndchen-seen-leaving-92581734-copia-400x582.jpg 400w, https:\/\/graziamagazine.com\/es\/wp-content\/uploads\/sites\/12\/2024\/11\/gisele-b-ndchen-seen-leaving-92581734-copia-148x215.jpg 148w\" sizes=\"(max-width: 1760px) 100vw, 1760px\" \/><\/p>\n<h3 data-sourcepos=\"13:1-13:30\"><strong>El auge del bolso trenzado<\/strong><\/h3>\n<p data-sourcepos=\"15:1-15:292\">El oto\u00f1o\/invierno 2024 se centra en la textura, y los bolsos trenzados como los <a href=\"https:\/\/naghedinyc.com\/collections\/st-barths-medium-solid\/products\/st-barths-medium-tote-cashmere\" target=\"_blank\" rel=\"noopener\" data-mrf-link=\"https:\/\/naghedinyc.com\/collections\/st-barths-medium-solid\/products\/st-barths-medium-tote-cashmere\" target=\"_blank\">Naghedi St. Barths<\/a>\u00a0est\u00e1n cobrando protagonismo. Esta tendencia aprovecha nuestro deseo de materiales naturales y art\u00edculos hechos a mano. La confecci\u00f3n tejida a\u00f1ade un toque de estilo bohemio a cualquier atuendo y, al mismo tiempo, sigue siendo incre\u00edblemente vers\u00e1til.<\/p>\n<p data-sourcepos=\"17:1-17:451\">Estos bolsos son los compa\u00f1eros perfectos para estilos de vida ajetreados. Son lo suficientemente espaciosos como para guardar todos tus objetos esenciales (como el tel\u00e9fono, la billetera, las llaves e incluso un su\u00e9ter liviano para los d\u00edas fr\u00edos de oto\u00f1o) y su bolsa con cierre a juego garantiza que no terminar\u00e1s hurgando en un pozo sin fondo de pertenencias para encontrar tus art\u00edculos necesarios. Adem\u00e1s, los materiales naturales que se usan a menudo en los bolsos tejidos son livianos y c\u00f3modos de llevar, lo que los hace ideales para hacer recados sobre la marcha o para paseos casuales.<\/p>\n<p><img loading=\"lazy\" decoding=\"async\" class=\"size-full wp-image-180328\" src=\"https:\/\/graziamagazine.com\/es\/wp-content\/uploads\/sites\/12\/2024\/11\/gisele-bundchen-naghedi-st-barths-tote-fall-fashion-shop-1.jpg\" alt=\"\" width=\"1280\" height=\"1920\" srcset=\"https:\/\/graziamagazine.com\/es\/wp-content\/uploads\/sites\/12\/2024\/11\/gisele-bundchen-naghedi-st-barths-tote-fall-fashion-shop-1.jpg 1280w, https:\/\/graziamagazine.com\/es\/wp-content\/uploads\/sites\/12\/2024\/11\/gisele-bundchen-naghedi-st-barths-tote-fall-fashion-shop-1-200x300.jpg 200w, https:\/\/graziamagazine.com\/es\/wp-content\/uploads\/sites\/12\/2024\/11\/gisele-bundchen-naghedi-st-barths-tote-fall-fashion-shop-1-683x1024.jpg 683w, https:\/\/graziamagazine.com\/es\/wp-content\/uploads\/sites\/12\/2024\/11\/gisele-bundchen-naghedi-st-barths-tote-fall-fashion-shop-1-768x1152.jpg 768w, https:\/\/graziamagazine.com\/es\/wp-content\/uploads\/sites\/12\/2024\/11\/gisele-bundchen-naghedi-st-barths-tote-fall-fashion-shop-1-1024x1536.jpg 1024w, https:\/\/graziamagazine.com\/es\/wp-content\/uploads\/sites\/12\/2024\/11\/gisele-bundchen-naghedi-st-barths-tote-fall-fashion-shop-1-400x600.jpg 400w, https:\/\/graziamagazine.com\/es\/wp-content\/uploads\/sites\/12\/2024\/11\/gisele-bundchen-naghedi-st-barths-tote-fall-fashion-shop-1-143x215.jpg 143w\" sizes=\"(max-width: 1280px) 100vw, 1280px\" \/><\/p>\n<h3 data-sourcepos=\"19:1-19:43\"><strong>\u00bfQU\u00e9 tiene de especial?<\/strong><\/h3>\n<p data-sourcepos=\"21:1-21:431\">El bolso de mano St. Barths de Naghedi cumple con todos los requisitos para ser un art\u00edculo imprescindible de oto\u00f1o. Est\u00e1 confeccionado en neopreno tejido a mano, lo que lo hace liviano pero duradero, perfecto para el uso diario. El color neutro \u00abCashmere\u00bb de B\u00fcndchen combina maravillosamente con una variedad de paletas de atuendos, especialmente la gama de marrones y\u00a0burdeos que son tendencia este oto\u00f1o\u00a0, lo que demuestra su versatilidad. La bolsa con cierre incluida mantiene organizados los art\u00edculos m\u00e1s peque\u00f1os, lo que garantiza que nunca tengas que emprender una expedici\u00f3n fren\u00e9tica de b\u00fasqueda en el bolso.<\/p>\n<p data-sourcepos=\"23:1-23:317\">Pero m\u00e1s all\u00e1 de los aspectos pr\u00e1cticos, el Naghedi St. Barths Tote irradia una elegancia sutil. La textura tejida a\u00f1ade un toque de sofisticaci\u00f3n, realzando los looks cotidianos. Es un bolso que puedes llevar tanto para hacer recados y tomar un caf\u00e9 como para almuerzos informales y salidas de fin de semana, todo ello manteniendo un aspecto elegante y prolijo.<\/p>\n<h3 data-sourcepos=\"23:1-23:317\">\u00bfC\u00f3mo conseguirlo?<\/h3>\n<p data-sourcepos=\"31:1-31:605\"><span>El bolso de mano St. Barths de Naghedi encarna a la perfecci\u00f3n el esp\u00edritu de la moda oto\u00f1al. Es pr\u00e1ctico, elegante y vers\u00e1til: todo lo que una mujer ocupada necesita en un accesorio cotidiano. Con un gui\u00f1o a los materiales naturales y los detalles artesanales, este bolso de mano inyecta un toque de elegancia bohemia a cualquier look.\u00a0<\/span><\/p>\n<p data-sourcepos=\"31:1-31:605\"><img loading=\"lazy\" decoding=\"async\" class=\"aligncenter size-full wp-image-180329\" src=\"https:\/\/graziamagazine.com\/es\/wp-content\/uploads\/sites\/12\/2024\/11\/gisele-bundchen-naghedi-st-barths-tote-fall-fashion-shop-2-e1731537164208.jpg\" alt=\"\" width=\"1232\" height=\"960\" srcset=\"https:\/\/graziamagazine.com\/es\/wp-content\/uploads\/sites\/12\/2024\/11\/gisele-bundchen-naghedi-st-barths-tote-fall-fashion-shop-2-e1731537164208.jpg 1232w, https:\/\/graziamagazine.com\/es\/wp-content\/uploads\/sites\/12\/2024\/11\/gisele-bundchen-naghedi-st-barths-tote-fall-fashion-shop-2-e1731537164208-300x234.jpg 300w, https:\/\/graziamagazine.com\/es\/wp-content\/uploads\/sites\/12\/2024\/11\/gisele-bundchen-naghedi-st-barths-tote-fall-fashion-shop-2-e1731537164208-1024x798.jpg 1024w, https:\/\/graziamagazine.com\/es\/wp-content\/uploads\/sites\/12\/2024\/11\/gisele-bundchen-naghedi-st-barths-tote-fall-fashion-shop-2-e1731537164208-768x598.jpg 768w, https:\/\/graziamagazine.com\/es\/wp-content\/uploads\/sites\/12\/2024\/11\/gisele-bundchen-naghedi-st-barths-tote-fall-fashion-shop-2-e1731537164208-400x312.jpg 400w, https:\/\/graziamagazine.com\/es\/wp-content\/uploads\/sites\/12\/2024\/11\/gisele-bundchen-naghedi-st-barths-tote-fall-fashion-shop-2-e1731537164208-155x121.jpg 155w\" sizes=\"(max-width: 1232px) 100vw, 1232px\" \/><\/p>\n<p data-sourcepos=\"31:1-31:605\">El St. Barths Medium Tote lo encuentras en la web de Naghedi, puedes elegirlo en numerosos colores y <a href=\"https:\/\/naghedinyc.com\/products\/st-barths-medium-tote-cashmere\" target=\"_blank\">tiene un precio de 274,95 euros.\u00a0<\/a><\/p>\n<p data-sourcepos=\"31:1-31:605\"><em>*Im\u00e1genes: Getty Images y cortes\u00eda<\/em><\/p>\n","protected":false},"author":11653,"featured_media":180316,"template":"","format":"standard","categories":[13],"acf":[],"yoast_head":"<!-- This site is optimized with the Yoast SEO Premium plugin v18.5 (Yoast SEO v20.4) - https:\/\/yoast.com\/wordpress\/plugins\/seo\/ -->\n<title>El bolso favorito de Gisele B\u00fcndchen para oto\u00f1o<\/title>\n<meta name=\"description\" content=\"La modelo no puede dejar de llevar el Naghedi St. Barths Tote, una opci\u00f3n elegante y funcional imprescindible para el oto\u00f1o de 2024.\" \/>\n<meta name=\"robots\" content=\"index, follow, max-snippet:-1, max-image-preview:large, max-video-preview:-1\" \/>\n<link rel=\"canonical\" href=\"https:\/\/graziamagazine.com\/es\/articles\/el-bolso-favorito-de-gisele-bundchen-para-otono\/\" \/>\n<meta property=\"og:locale\" content=\"es_ES\" \/>\n<meta property=\"og:type\" content=\"article\" \/>\n<meta property=\"og:title\" content=\"El bolso favorito de Gisele B\u00fcndchen para oto\u00f1o\" \/>\n<meta property=\"og:description\" content=\"La modelo no puede dejar de llevar el Naghedi St. Barths Tote, una opci\u00f3n elegante y funcional imprescindible para el oto\u00f1o de 2024.\" \/>\n<meta property=\"og:url\" content=\"https:\/\/graziamagazine.com\/es\/articles\/el-bolso-favorito-de-gisele-bundchen-para-otono\/\" \/>\n<meta property=\"og:site_name\" content=\"Grazia\" \/>\n<meta property=\"article:modified_time\" content=\"2024-11-13T22:35:38+00:00\" \/>\n<meta property=\"og:image\" content=\"https:\/\/graziamagazine.com\/es\/wp-content\/uploads\/sites\/12\/2024\/11\/5ee91a4ce827-megagiselebundchen11-copia.jpg\" \/>\n\t<meta property=\"og:image:width\" content=\"1920\" \/>\n\t<meta property=\"og:image:height\" content=\"1440\" \/>\n\t<meta property=\"og:image:type\" content=\"image\/jpeg\" \/>\n<meta name=\"twitter:card\" content=\"summary_large_image\" \/>\n<meta name=\"twitter:label1\" content=\"Est. reading time\" \/>\n\t<meta name=\"twitter:data1\" content=\"4 minutos\" \/>\n<script type=\"application\/ld+json\" class=\"yoast-schema-graph\">{\"@context\":\"https:\/\/schema.org\",\"@graph\":[{\"@type\":\"WebPage\",\"@id\":\"https:\/\/graziamagazine.com\/es\/articles\/el-bolso-favorito-de-gisele-bundchen-para-otono\/\",\"url\":\"https:\/\/graziamagazine.com\/es\/articles\/el-bolso-favorito-de-gisele-bundchen-para-otono\/\",\"name\":\"El bolso favorito de Gisele B\u00fcndchen para oto\u00f1o\",\"isPartOf\":{\"@id\":\"https:\/\/graziamagazine.com\/es\/#website\"},\"datePublished\":\"2024-11-14T08:00:29+00:00\",\"dateModified\":\"2024-11-13T22:35:38+00:00\",\"description\":\"La modelo no puede dejar de llevar el Naghedi St. Barths Tote, una opci\u00f3n elegante y funcional imprescindible para el oto\u00f1o de 2024.\",\"breadcrumb\":{\"@id\":\"https:\/\/graziamagazine.com\/es\/articles\/el-bolso-favorito-de-gisele-bundchen-para-otono\/#breadcrumb\"},\"inLanguage\":\"es\",\"potentialAction\":[{\"@type\":\"ReadAction\",\"target\":[\"https:\/\/graziamagazine.com\/es\/articles\/el-bolso-favorito-de-gisele-bundchen-para-otono\/\"]}]},{\"@type\":\"BreadcrumbList\",\"@id\":\"https:\/\/graziamagazine.com\/es\/articles\/el-bolso-favorito-de-gisele-bundchen-para-otono\/#breadcrumb\",\"itemListElement\":[{\"@type\":\"ListItem\",\"position\":1,\"name\":\"Portada\",\"item\":\"https:\/\/graziamagazine.com\/es\/\"},{\"@type\":\"ListItem\",\"position\":2,\"name\":\"El bolso favorito de Gisele B\u00fcndchen para oto\u00f1o\"}]},{\"@type\":\"WebSite\",\"@id\":\"https:\/\/graziamagazine.com\/es\/#website\",\"url\":\"https:\/\/graziamagazine.com\/es\/\",\"name\":\"Grazia\",\"description\":\"Moda, belleza, celebrities, estilo de vida...\",\"potentialAction\":[{\"@type\":\"SearchAction\",\"target\":{\"@type\":\"EntryPoint\",\"urlTemplate\":\"https:\/\/graziamagazine.com\/es\/?s={search_term_string}\"},\"query-input\":\"required name=search_term_string\"}],\"inLanguage\":\"es\"}]}<\/script>\n<!-- \/ Yoast SEO Premium plugin. -->","yoast_head_json":{"title":"El bolso favorito de Gisele B\u00fcndchen para oto\u00f1o","description":"La modelo no puede dejar de llevar el Naghedi St. Barths Tote, una opci\u00f3n elegante y funcional imprescindible para el oto\u00f1o de 2024.","robots":{"index":"index","follow":"follow","max-snippet":"max-snippet:-1","max-image-preview":"max-image-preview:large","max-video-preview":"max-video-preview:-1"},"canonical":"https:\/\/graziamagazine.com\/es\/articles\/el-bolso-favorito-de-gisele-bundchen-para-otono\/","og_locale":"es_ES","og_type":"article","og_title":"El bolso favorito de Gisele B\u00fcndchen para oto\u00f1o","og_description":"La modelo no puede dejar de llevar el Naghedi St. Barths Tote, una opci\u00f3n elegante y funcional imprescindible para el oto\u00f1o de 2024.","og_url":"https:\/\/graziamagazine.com\/es\/articles\/el-bolso-favorito-de-gisele-bundchen-para-otono\/","og_site_name":"Grazia","article_modified_time":"2024-11-13T22:35:38+00:00","og_image":[{"width":1920,"height":1440,"url":"https:\/\/graziamagazine.com\/es\/wp-content\/uploads\/sites\/12\/2024\/11\/5ee91a4ce827-megagiselebundchen11-copia.jpg","type":"image\/jpeg"}],"twitter_card":"summary_large_image","twitter_misc":{"Est. reading time":"4 minutos"},"schema":{"@context":"https:\/\/schema.org","@graph":[{"@type":"WebPage","@id":"https:\/\/graziamagazine.com\/es\/articles\/el-bolso-favorito-de-gisele-bundchen-para-otono\/","url":"https:\/\/graziamagazine.com\/es\/articles\/el-bolso-favorito-de-gisele-bundchen-para-otono\/","name":"El bolso favorito de Gisele B\u00fcndchen para oto\u00f1o","isPartOf":{"@id":"https:\/\/graziamagazine.com\/es\/#website"},"datePublished":"2024-11-14T08:00:29+00:00","dateModified":"2024-11-13T22:35:38+00:00","description":"La modelo no puede dejar de llevar el Naghedi St. Barths Tote, una opci\u00f3n elegante y funcional imprescindible para el oto\u00f1o de 2024.","breadcrumb":{"@id":"https:\/\/graziamagazine.com\/es\/articles\/el-bolso-favorito-de-gisele-bundchen-para-otono\/#breadcrumb"},"inLanguage":"es","potentialAction":[{"@type":"ReadAction","target":["https:\/\/graziamagazine.com\/es\/articles\/el-bolso-favorito-de-gisele-bundchen-para-otono\/"]}]},{"@type":"BreadcrumbList","@id":"https:\/\/graziamagazine.com\/es\/articles\/el-bolso-favorito-de-gisele-bundchen-para-otono\/#breadcrumb","itemListElement":[{"@type":"ListItem","position":1,"name":"Portada","item":"https:\/\/graziamagazine.com\/es\/"},{"@type":"ListItem","position":2,"name":"El bolso favorito de Gisele B\u00fcndchen para oto\u00f1o"}]},{"@type":"WebSite","@id":"https:\/\/graziamagazine.com\/es\/#website","url":"https:\/\/graziamagazine.com\/es\/","name":"Grazia","description":"Moda, belleza, celebrities, estilo de vida...","potentialAction":[{"@type":"SearchAction","target":{"@type":"EntryPoint","urlTemplate":"https:\/\/graziamagazine.com\/es\/?s={search_term_string}"},"query-input":"required name=search_term_string"}],"inLanguage":"es"}]}},"jetpack_sharing_enabled":true,"distributor_meta":false,"distributor_terms":false,"distributor_media":false,"distributor_original_site_name":"Grazia","distributor_original_site_url":"https:\/\/graziamagazine.com\/es","push-errors":false,"_links":{"self":[{"href":"https:\/\/graziamagazine.com\/es\/wp-json\/wp\/v2\/articles\/180315"}],"collection":[{"href":"https:\/\/graziamagazine.com\/es\/wp-json\/wp\/v2\/articles"}],"about":[{"href":"https:\/\/graziamagazine.com\/es\/wp-json\/wp\/v2\/types\/articles"}],"author":[{"embeddable":true,"href":"https:\/\/graziamagazine.com\/es\/wp-json\/wp\/v2\/users\/11653"}],"wp:featuredmedia":[{"embeddable":true,"href":"https:\/\/graziamagazine.com\/es\/wp-json\/wp\/v2\/media\/180316"}],"wp:attachment":[{"href":"https:\/\/graziamagazine.com\/es\/wp-json\/wp\/v2\/media?parent=180315"}],"wp:term":[{"taxonomy":"category","embeddable":true,"href":"https:\/\/graziamagazine.com\/es\/wp-json\/wp\/v2\/categories?post=180315"}],"curies":[{"name":"wp","href":"https:\/\/api.w.org\/{rel}","templated":true}]}}