{"id":180223,"date":"2024-11-11T09:00:46","date_gmt":"2024-11-11T08:00:46","guid":{"rendered":"https:\/\/graziamagazine.com\/es\/?post_type=articles&#038;p=180223"},"modified":"2024-11-10T21:26:43","modified_gmt":"2024-11-10T20:26:43","slug":"manolo-blahnik-abre-su-primera-tienda-en-china","status":"publish","type":"articles","link":"https:\/\/graziamagazine.com\/es\/articles\/manolo-blahnik-abre-su-primera-tienda-en-china\/","title":{"rendered":"Manolo Blahnik abre su primera tienda en China"},"content":{"rendered":"<p>La firma de lujo de calzado y complementos de lujo, Manolo Blahnik Group, da un paso adelante en su expansi\u00f3n global con la inauguraci\u00f3n de su primera boutique en el territorio continental de China, concretamente en Plaza 66 de Shangh\u00e1i.<\/p>\n<p>Desde la firma destacan que esta apertura supone \u00abun paso importante en la expansi\u00f3n internacional de la firma\u00bb. Adem\u00e1s, sigue al \u00e9xito de las dos nuevas boutiques abiertas en Hong Kong el mes pasado, algo que \u00abrefuerza el compromiso de Manolo Blahnik con el mercado chino\u00bb.<\/p>\n<p>Ubicada en el atrio de la entrada oeste de Plaza 66, esta boutique se suma a las 19 tiendas que ya operan en el mundo bajo la marca. El dise\u00f1o de este nuevo espacio ha sido concebido por Kristina Blahnik, directora ejecutiva y arquitecta de formaci\u00f3n, quien se incorpor\u00f3 a la empresa hace 15 a\u00f1os, tras la fundaci\u00f3n de la marca por su t\u00edo en 1970.<\/p>\n<p><img loading=\"lazy\" decoding=\"async\" class=\"aligncenter size-full wp-image-180226\" src=\"https:\/\/graziamagazine.com\/es\/wp-content\/uploads\/sites\/12\/2024\/11\/6ho57ivilwx3vg3qbxqqm1ff1znx1kyg.png\" alt=\"\" width=\"1018\" height=\"682\" srcset=\"https:\/\/graziamagazine.com\/es\/wp-content\/uploads\/sites\/12\/2024\/11\/6ho57ivilwx3vg3qbxqqm1ff1znx1kyg.png 1018w, https:\/\/graziamagazine.com\/es\/wp-content\/uploads\/sites\/12\/2024\/11\/6ho57ivilwx3vg3qbxqqm1ff1znx1kyg-300x201.png 300w, https:\/\/graziamagazine.com\/es\/wp-content\/uploads\/sites\/12\/2024\/11\/6ho57ivilwx3vg3qbxqqm1ff1znx1kyg-768x515.png 768w, https:\/\/graziamagazine.com\/es\/wp-content\/uploads\/sites\/12\/2024\/11\/6ho57ivilwx3vg3qbxqqm1ff1znx1kyg-400x268.png 400w, https:\/\/graziamagazine.com\/es\/wp-content\/uploads\/sites\/12\/2024\/11\/6ho57ivilwx3vg3qbxqqm1ff1znx1kyg-155x104.png 155w\" sizes=\"(max-width: 1018px) 100vw, 1018px\" \/><\/p>\n<p>El dise\u00f1o de la tienda destaca por su estructura sim\u00e9trica y su \u00abfoco geom\u00e9trico central, un suelo de estilo moderno y muebles vibrantes inspirados en el dise\u00f1ador Chen Darui\u00bb. Adem\u00e1s, el concepto de este espacio sigue la est\u00e9tica de la tienda de Manolo Blahnik en Burlington Arcade, Londres, y reproduce el estilo de \u00absala de estar\u00bb que caracteriza los espacios Blahnik alrededor del mundo.<\/p>\n<p>Para celebrar la apertura, la boutique presenta dos modelos exclusivos y expone las colecciones de temporada para hombre y mujer, junto con la l\u00ednea Manolo&#8217;s Silhouettes, que incluye \u00abmodelos ic\u00f3nicos que representan la elegancia y la maestr\u00eda artesanal de la marca\u00bb.<\/p>\n<p>Cabe recordar que el mes anterior, la empresa lanz\u00f3 dos nuevas boutiques en Hong Kong, ubicadas en Ocean Centre y Pacific Place. La tienda de Ocean Centre introduce por primera vez la oferta masculina de la marca en Hong Kong, mientras que Pacific Place se centra en la colecci\u00f3n femenina, siguiendo el concepto establecido en Londres.<\/p>\n<p>Kristina Blahnik ha comentado: \u00abExpandir nuestro negocio familiar en China marca un gran hito para la marca. Este pa\u00eds siempre ha sido una gran inspiraci\u00f3n para muchos de los dise\u00f1os de Manolo. Este no es solo un momento emocionante de crecimiento para la casa, sino que nos permite llevar nuestros hermosos zapatos a un pa\u00eds que aprecia el patrimonio, la cultura y la artesan\u00eda. Estamos emocionados de compartir nuestra historia con los maravillosos clientes de China\u00bb.<\/p>\n<p><em>*Im\u00e1genes: cortes\u00eda<\/em><\/p>\n","protected":false},"author":11653,"featured_media":180224,"template":"","format":"standard","categories":[2971],"acf":{"banner":null},"yoast_head":"<!-- This site is optimized with the Yoast SEO Premium plugin v18.5 (Yoast SEO v20.4) - https:\/\/yoast.com\/wordpress\/plugins\/seo\/ -->\n<title>Manolo Blahnik abre su primera tienda en China | Grazia<\/title>\n<meta name=\"description\" content=\"La firma de lujo de calzado y complementos de lujo, Manolo Blahnik Group, da un paso adelante en su expansi\u00f3n global con la inauguraci\u00f3n de su primera\" \/>\n<meta name=\"robots\" content=\"index, follow, max-snippet:-1, max-image-preview:large, max-video-preview:-1\" \/>\n<link rel=\"canonical\" href=\"https:\/\/graziamagazine.com\/es\/articles\/manolo-blahnik-abre-su-primera-tienda-en-china\/\" \/>\n<meta property=\"og:locale\" content=\"es_ES\" \/>\n<meta property=\"og:type\" content=\"article\" \/>\n<meta property=\"og:title\" content=\"Manolo Blahnik abre su primera tienda en China\" \/>\n<meta property=\"og:description\" content=\"La firma de lujo de calzado y complementos de lujo, Manolo Blahnik Group, da un paso adelante en su expansi\u00f3n global con la inauguraci\u00f3n de su primera\" \/>\n<meta property=\"og:url\" content=\"https:\/\/graziamagazine.com\/es\/articles\/manolo-blahnik-abre-su-primera-tienda-en-china\/\" \/>\n<meta property=\"og:site_name\" content=\"Grazia\" \/>\n<meta property=\"article:modified_time\" content=\"2024-11-10T20:26:43+00:00\" \/>\n<meta property=\"og:image\" content=\"https:\/\/graziamagazine.com\/es\/wp-content\/uploads\/sites\/12\/2024\/11\/748a-copia.jpg\" \/>\n\t<meta property=\"og:image:width\" content=\"1000\" \/>\n\t<meta property=\"og:image:height\" content=\"666\" \/>\n\t<meta property=\"og:image:type\" content=\"image\/jpeg\" \/>\n<meta name=\"twitter:card\" content=\"summary_large_image\" \/>\n<meta name=\"twitter:label1\" content=\"Est. reading time\" \/>\n\t<meta name=\"twitter:data1\" content=\"2 minutos\" \/>\n<script type=\"application\/ld+json\" class=\"yoast-schema-graph\">{\"@context\":\"https:\/\/schema.org\",\"@graph\":[{\"@type\":\"WebPage\",\"@id\":\"https:\/\/graziamagazine.com\/es\/articles\/manolo-blahnik-abre-su-primera-tienda-en-china\/\",\"url\":\"https:\/\/graziamagazine.com\/es\/articles\/manolo-blahnik-abre-su-primera-tienda-en-china\/\",\"name\":\"Manolo Blahnik abre su primera tienda en China | Grazia\",\"isPartOf\":{\"@id\":\"https:\/\/graziamagazine.com\/es\/#website\"},\"datePublished\":\"2024-11-11T08:00:46+00:00\",\"dateModified\":\"2024-11-10T20:26:43+00:00\",\"description\":\"La firma de lujo de calzado y complementos de lujo, Manolo Blahnik Group, da un paso adelante en su expansi\u00f3n global con la inauguraci\u00f3n de su primera\",\"breadcrumb\":{\"@id\":\"https:\/\/graziamagazine.com\/es\/articles\/manolo-blahnik-abre-su-primera-tienda-en-china\/#breadcrumb\"},\"inLanguage\":\"es\",\"potentialAction\":[{\"@type\":\"ReadAction\",\"target\":[\"https:\/\/graziamagazine.com\/es\/articles\/manolo-blahnik-abre-su-primera-tienda-en-china\/\"]}]},{\"@type\":\"BreadcrumbList\",\"@id\":\"https:\/\/graziamagazine.com\/es\/articles\/manolo-blahnik-abre-su-primera-tienda-en-china\/#breadcrumb\",\"itemListElement\":[{\"@type\":\"ListItem\",\"position\":1,\"name\":\"Portada\",\"item\":\"https:\/\/graziamagazine.com\/es\/\"},{\"@type\":\"ListItem\",\"position\":2,\"name\":\"Manolo Blahnik abre su primera tienda en China\"}]},{\"@type\":\"WebSite\",\"@id\":\"https:\/\/graziamagazine.com\/es\/#website\",\"url\":\"https:\/\/graziamagazine.com\/es\/\",\"name\":\"Grazia\",\"description\":\"Moda, belleza, celebrities, estilo de vida...\",\"potentialAction\":[{\"@type\":\"SearchAction\",\"target\":{\"@type\":\"EntryPoint\",\"urlTemplate\":\"https:\/\/graziamagazine.com\/es\/?s={search_term_string}\"},\"query-input\":\"required name=search_term_string\"}],\"inLanguage\":\"es\"}]}<\/script>\n<!-- \/ Yoast SEO Premium plugin. -->","yoast_head_json":{"title":"Manolo Blahnik abre su primera tienda en China | Grazia","description":"La firma de lujo de calzado y complementos de lujo, Manolo Blahnik Group, da un paso adelante en su expansi\u00f3n global con la inauguraci\u00f3n de su primera","robots":{"index":"index","follow":"follow","max-snippet":"max-snippet:-1","max-image-preview":"max-image-preview:large","max-video-preview":"max-video-preview:-1"},"canonical":"https:\/\/graziamagazine.com\/es\/articles\/manolo-blahnik-abre-su-primera-tienda-en-china\/","og_locale":"es_ES","og_type":"article","og_title":"Manolo Blahnik abre su primera tienda en China","og_description":"La firma de lujo de calzado y complementos de lujo, Manolo Blahnik Group, da un paso adelante en su expansi\u00f3n global con la inauguraci\u00f3n de su primera","og_url":"https:\/\/graziamagazine.com\/es\/articles\/manolo-blahnik-abre-su-primera-tienda-en-china\/","og_site_name":"Grazia","article_modified_time":"2024-11-10T20:26:43+00:00","og_image":[{"width":1000,"height":666,"url":"https:\/\/graziamagazine.com\/es\/wp-content\/uploads\/sites\/12\/2024\/11\/748a-copia.jpg","type":"image\/jpeg"}],"twitter_card":"summary_large_image","twitter_misc":{"Est. reading time":"2 minutos"},"schema":{"@context":"https:\/\/schema.org","@graph":[{"@type":"WebPage","@id":"https:\/\/graziamagazine.com\/es\/articles\/manolo-blahnik-abre-su-primera-tienda-en-china\/","url":"https:\/\/graziamagazine.com\/es\/articles\/manolo-blahnik-abre-su-primera-tienda-en-china\/","name":"Manolo Blahnik abre su primera tienda en China | Grazia","isPartOf":{"@id":"https:\/\/graziamagazine.com\/es\/#website"},"datePublished":"2024-11-11T08:00:46+00:00","dateModified":"2024-11-10T20:26:43+00:00","description":"La firma de lujo de calzado y complementos de lujo, Manolo Blahnik Group, da un paso adelante en su expansi\u00f3n global con la inauguraci\u00f3n de su primera","breadcrumb":{"@id":"https:\/\/graziamagazine.com\/es\/articles\/manolo-blahnik-abre-su-primera-tienda-en-china\/#breadcrumb"},"inLanguage":"es","potentialAction":[{"@type":"ReadAction","target":["https:\/\/graziamagazine.com\/es\/articles\/manolo-blahnik-abre-su-primera-tienda-en-china\/"]}]},{"@type":"BreadcrumbList","@id":"https:\/\/graziamagazine.com\/es\/articles\/manolo-blahnik-abre-su-primera-tienda-en-china\/#breadcrumb","itemListElement":[{"@type":"ListItem","position":1,"name":"Portada","item":"https:\/\/graziamagazine.com\/es\/"},{"@type":"ListItem","position":2,"name":"Manolo Blahnik abre su primera tienda en China"}]},{"@type":"WebSite","@id":"https:\/\/graziamagazine.com\/es\/#website","url":"https:\/\/graziamagazine.com\/es\/","name":"Grazia","description":"Moda, belleza, celebrities, estilo de vida...","potentialAction":[{"@type":"SearchAction","target":{"@type":"EntryPoint","urlTemplate":"https:\/\/graziamagazine.com\/es\/?s={search_term_string}"},"query-input":"required name=search_term_string"}],"inLanguage":"es"}]}},"jetpack_sharing_enabled":true,"distributor_meta":false,"distributor_terms":false,"distributor_media":false,"distributor_original_site_name":"Grazia","distributor_original_site_url":"https:\/\/graziamagazine.com\/es","push-errors":false,"_links":{"self":[{"href":"https:\/\/graziamagazine.com\/es\/wp-json\/wp\/v2\/articles\/180223"}],"collection":[{"href":"https:\/\/graziamagazine.com\/es\/wp-json\/wp\/v2\/articles"}],"about":[{"href":"https:\/\/graziamagazine.com\/es\/wp-json\/wp\/v2\/types\/articles"}],"author":[{"embeddable":true,"href":"https:\/\/graziamagazine.com\/es\/wp-json\/wp\/v2\/users\/11653"}],"wp:featuredmedia":[{"embeddable":true,"href":"https:\/\/graziamagazine.com\/es\/wp-json\/wp\/v2\/media\/180224"}],"wp:attachment":[{"href":"https:\/\/graziamagazine.com\/es\/wp-json\/wp\/v2\/media?parent=180223"}],"wp:term":[{"taxonomy":"category","embeddable":true,"href":"https:\/\/graziamagazine.com\/es\/wp-json\/wp\/v2\/categories?post=180223"}],"curies":[{"name":"wp","href":"https:\/\/api.w.org\/{rel}","templated":true}]}}