{"id":180155,"date":"2024-11-08T09:45:25","date_gmt":"2024-11-08T08:45:25","guid":{"rendered":"https:\/\/graziamagazine.com\/es\/?post_type=articles&#038;p=180155"},"modified":"2024-11-08T09:45:25","modified_gmt":"2024-11-08T08:45:25","slug":"el-distrito-8-de-paris-la-guia-mas-cool","status":"publish","type":"articles","link":"https:\/\/graziamagazine.com\/es\/articles\/el-distrito-8-de-paris-la-guia-mas-cool\/","title":{"rendered":"El Distrito 8 de Par\u00eds: la gu\u00eda m\u00e1s cool"},"content":{"rendered":"<p><strong>El \u20188\u00e8me arrondissement\u2019 de <a href=\"https:\/\/graziamagazine.com\/es\/articles\/24-horas-en-un-hotel-palace-en-paris\/\" target=\"_blank\" rel=\"noopener\">Par\u00eds<\/a><\/strong> es mucho m\u00e1s que el ic\u00f3nico barrio de los Campos El\u00edseos. Cada esquina est\u00e1 te\u00f1ida de elegancia, desde las prestigiosas avenidas llenas de boutiques de lujo hasta los peque\u00f1os rincones que solo conocen quienes exploran sin prisa. Aqu\u00ed, en el coraz\u00f3n de Par\u00eds, <strong>la historia, el arte y la moda<\/strong> se mezclan en una atm\u00f3sfera que solo Par\u00eds puede ofrecer. <strong>Te desvelamos nuestra gu\u00eda m\u00e1s <em>cool<\/em> del Distrito 8 de Par\u00eds.<\/strong><\/p>\n<h3>Un paseo por los Campos El\u00edseos y sus alrededores<\/h3>\n<p>Iniciar el <strong>recorrido por el octavo <em>arrondissement <\/em><\/strong>sin pasar por los Campos El\u00edseos ser\u00eda casi un sacrilegio. Esta avenida, conocida mundialmente como <strong>\u201cLa m\u00e1s bella del mundo\u201d,<\/strong> cobra vida de manera m\u00e1gica al atardecer. La majestuosidad de este paseo rodeado de <em>boutiques<\/em> de lujo, teatros y caf\u00e9s es algo que atrapa a cualquiera. Entre las <strong>paradas obligadas<\/strong> se encuentra el <strong>Arco del Triunfo,<\/strong> un s\u00edmbolo hist\u00f3rico que merece su lugar en todas las fotograf\u00edas.<\/p>\n<h4>Apple Store Champs-\u00c9lys\u00e9es<\/h4>\n<p>Ubicada en un majestuoso edificio <em>haussmanniano<\/em> en la avenida m\u00e1s famosa de Par\u00eds, <strong>la <a href=\"https:\/\/www.apple.com\/fr\/retail\/champs-elysees\/\" target=\"_blank\" rel=\"noopener\" target=\"_blank\">Apple Store Champs-\u00c9lys\u00e9es<\/a> es una obra de arte<\/strong> en s\u00ed misma. Dise\u00f1ada por el estudio de arquitectura <strong><em>Foster + Partners,<\/em><\/strong> esta tienda va m\u00e1s all\u00e1 de lo esperado: es un espacio que combina la elegancia parisina con la modernidad de Apple. Al entrar, te recibe un <strong>atrio central ba\u00f1ado por luz natural,<\/strong> gracias a un techo de vidrio con paneles fotovoltaicos que alimentan el espacio con <strong>energ\u00eda renovable,<\/strong> reforzando el compromiso de Apple con la sostenibilidad.<\/p>\n<p><img loading=\"lazy\" decoding=\"async\" class=\"aligncenter size-full wp-image-180156\" src=\"https:\/\/graziamagazine.com\/es\/wp-content\/uploads\/sites\/12\/2024\/11\/APPLE-STORE.jpg\" alt=\"El Distrito 8 de Par\u00eds\" width=\"1280\" height=\"716\" srcset=\"https:\/\/graziamagazine.com\/es\/wp-content\/uploads\/sites\/12\/2024\/11\/APPLE-STORE.jpg 1280w, https:\/\/graziamagazine.com\/es\/wp-content\/uploads\/sites\/12\/2024\/11\/APPLE-STORE-300x168.jpg 300w, https:\/\/graziamagazine.com\/es\/wp-content\/uploads\/sites\/12\/2024\/11\/APPLE-STORE-1024x573.jpg 1024w, https:\/\/graziamagazine.com\/es\/wp-content\/uploads\/sites\/12\/2024\/11\/APPLE-STORE-768x430.jpg 768w, https:\/\/graziamagazine.com\/es\/wp-content\/uploads\/sites\/12\/2024\/11\/APPLE-STORE-400x224.jpg 400w, https:\/\/graziamagazine.com\/es\/wp-content\/uploads\/sites\/12\/2024\/11\/APPLE-STORE-155x87.jpg 155w\" sizes=\"(max-width: 1280px) 100vw, 1280px\" \/><\/p>\n<p>El dise\u00f1o interior preserva elementos arquitect\u00f3nicos originales, como la <strong>escalera de m\u00e1rmol y las molduras, fusion\u00e1ndolos con un estilo contempor\u00e1neo que incluye un jard\u00edn interior.<\/strong> El \u201cForum\u201d, ubicado en el coraz\u00f3n de la tienda, es un espacio dedicado a las sesiones \u201cToday at Apple\u201d, donde los visitantes pueden participar en talleres gratuitos de fotograf\u00eda, m\u00fasica y dise\u00f1o. Adem\u00e1s, esta Apple Store ofrece la posibilidad de <strong>reservar citas para probar las nuevas gafas de realidad aumentada<\/strong> <em><strong>Apple Vision Pro,<\/strong><\/em> permitiendo experimentar de primera mano la tecnolog\u00eda m\u00e1s innovadora en un entorno inspirador. Es un lugar que vale la pena visitar, ya sea por la tecnolog\u00eda, el dise\u00f1o o simplemente para disfrutar de un espacio arquitect\u00f3nico \u00fanico.<\/p>\n<h4>Las Galeries Lafayette Champs-\u00c9lys\u00e9es<\/h4>\n<p>Inauguradas en 2019, las <a href=\"https:\/\/www.galerieslafayette.com\/m\/magasin-champs-elysees\" target=\"_blank\"><b>Galeries Lafayette Champs-\u00c9lys\u00e9es<\/b> <\/a>aportan un aire renovado y vibrante a la ic\u00f3nica avenida parisina. Ubicadas en un edificio Art D\u00e9co de 1932, restaurado y redise\u00f1ado por el <strong>arquitecto dan\u00e9s Bjarke Ingels,<\/strong> estas galer\u00edas abarcan 6.500 metros cuadrados de puro lujo contempor\u00e1neo. Lo que diferencia a estas Galeries Lafayette es su combinaci\u00f3n \u00fanica de marcas de alta gama y dise\u00f1adores emergentes, con una selecci\u00f3n curada que incluye firmas ic\u00f3nicas como <b>Balenciaga<\/b>, <b>Gucci<\/b> y <b>Louis Vuitton<\/b>, junto a etiquetas innovadoras que exploran nuevas tendencias.<\/p>\n<p><img loading=\"lazy\" decoding=\"async\" class=\"aligncenter size-full wp-image-180157\" src=\"https:\/\/graziamagazine.com\/es\/wp-content\/uploads\/sites\/12\/2024\/11\/Captura-de-pantalla-2024-11-07-a-las-16.23.13.png\" alt=\"El Distrito 8 de Par\u00eds\" width=\"1280\" height=\"828\" srcset=\"https:\/\/graziamagazine.com\/es\/wp-content\/uploads\/sites\/12\/2024\/11\/Captura-de-pantalla-2024-11-07-a-las-16.23.13.png 1280w, https:\/\/graziamagazine.com\/es\/wp-content\/uploads\/sites\/12\/2024\/11\/Captura-de-pantalla-2024-11-07-a-las-16.23.13-300x194.png 300w, https:\/\/graziamagazine.com\/es\/wp-content\/uploads\/sites\/12\/2024\/11\/Captura-de-pantalla-2024-11-07-a-las-16.23.13-1024x662.png 1024w, https:\/\/graziamagazine.com\/es\/wp-content\/uploads\/sites\/12\/2024\/11\/Captura-de-pantalla-2024-11-07-a-las-16.23.13-768x497.png 768w, https:\/\/graziamagazine.com\/es\/wp-content\/uploads\/sites\/12\/2024\/11\/Captura-de-pantalla-2024-11-07-a-las-16.23.13-400x259.png 400w, https:\/\/graziamagazine.com\/es\/wp-content\/uploads\/sites\/12\/2024\/11\/Captura-de-pantalla-2024-11-07-a-las-16.23.13-155x100.png 155w\" sizes=\"(max-width: 1280px) 100vw, 1280px\" \/><\/p>\n<p>Este espacio no solo ofrece una experiencia de compra sofisticada, sino tambi\u00e9n una inmersi\u00f3n en el arte de vivir franc\u00e9s. Los visitantes pueden disfrutar de una serie de experiencias gastron\u00f3micas en restaurantes liderados por chefs de renombre, y explorar \u00e1reas dedicadas a exposiciones temporales. Este <strong>enfoque multidisciplinario<\/strong> transforma cada visita en un recorrido sensorial, donde la moda, la cultura y la gastronom\u00eda se entrelazan en un ambiente que celebra tanto la historia como la modernidad de Par\u00eds.<\/p>\n<h3>Arte y cultura en el Grand Palais y el Petit Palais<\/h3>\n<p>Para quienes buscan una dosis de arte e historia, el <strong><a href=\"https:\/\/www.grandpalais.fr\/fr\" target=\"_blank\" rel=\"noopener\" target=\"_blank\">Grand Palais<\/a> y el <a href=\"https:\/\/www.petitpalais.paris.fr\/expositions\/en-cours\" target=\"_blank\" rel=\"noopener\" target=\"_blank\">Petit Palais<\/a><\/strong> ofrecen no s\u00f3lo exhibiciones y eventos culturales, sino tambi\u00e9n una<strong> experiencia arquitect\u00f3nica sin igual.<\/strong> Estos edificios no solo impresionan por su dise\u00f1o, sino tambi\u00e9n por albergar algunas de las <strong>colecciones de arte m\u00e1s importantes de la ciudad.<\/strong> Las visitas aqu\u00ed permiten sumergirse en la historia art\u00edstica de Par\u00eds y son imprescindibles para los amantes del arte.<\/p>\n<p><img loading=\"lazy\" decoding=\"async\" class=\"aligncenter size-full wp-image-180158\" src=\"https:\/\/graziamagazine.com\/es\/wp-content\/uploads\/sites\/12\/2024\/11\/pexels-dhenry-8634786.jpg\" alt=\"El Distrito 8 de Par\u00eds\" width=\"1280\" height=\"860\" srcset=\"https:\/\/graziamagazine.com\/es\/wp-content\/uploads\/sites\/12\/2024\/11\/pexels-dhenry-8634786.jpg 1280w, https:\/\/graziamagazine.com\/es\/wp-content\/uploads\/sites\/12\/2024\/11\/pexels-dhenry-8634786-300x202.jpg 300w, https:\/\/graziamagazine.com\/es\/wp-content\/uploads\/sites\/12\/2024\/11\/pexels-dhenry-8634786-1024x688.jpg 1024w, https:\/\/graziamagazine.com\/es\/wp-content\/uploads\/sites\/12\/2024\/11\/pexels-dhenry-8634786-768x516.jpg 768w, https:\/\/graziamagazine.com\/es\/wp-content\/uploads\/sites\/12\/2024\/11\/pexels-dhenry-8634786-400x269.jpg 400w, https:\/\/graziamagazine.com\/es\/wp-content\/uploads\/sites\/12\/2024\/11\/pexels-dhenry-8634786-155x104.jpg 155w\" sizes=\"(max-width: 1280px) 100vw, 1280px\" \/><\/p>\n<h3>Hoteles de ensue\u00f1o<\/h3>\n<h4>El Spa privado del hotel Lancaster<\/h4>\n<p>El <a href=\"https:\/\/www.hotel-lancaster.com\/en\/wellness.html\" target=\"_blank\" rel=\"noopener\" target=\"_blank\"><b>H\u00f4tel Lancaster<\/b><\/a> es un refugio de lujo y elegancia parisina, ubicado a solo unos pasos de los Campos El\u00edseos. Este hotel de cinco estrellas es conocido no solo por su exquisito dise\u00f1o y atenci\u00f3n al detalle, sino tambi\u00e9n por su exclusivo <b>Lancaster Private Spa<\/b>. Este spa, accesible tanto para hu\u00e9spedes como para el p\u00fablico en general, <strong>ha ganado popularidad entre los parisinos<\/strong> que buscan un oasis de tranquilidad en el coraz\u00f3n de la ciudad.<\/p>\n<p><img loading=\"lazy\" decoding=\"async\" class=\"aligncenter size-full wp-image-180160\" src=\"https:\/\/graziamagazine.com\/es\/wp-content\/uploads\/sites\/12\/2024\/11\/GALLERIES-LAFAYETTE.jpg\" alt=\"El Distrito 8 de Par\u00eds\" width=\"1280\" height=\"704\" srcset=\"https:\/\/graziamagazine.com\/es\/wp-content\/uploads\/sites\/12\/2024\/11\/GALLERIES-LAFAYETTE.jpg 1280w, https:\/\/graziamagazine.com\/es\/wp-content\/uploads\/sites\/12\/2024\/11\/GALLERIES-LAFAYETTE-300x165.jpg 300w, https:\/\/graziamagazine.com\/es\/wp-content\/uploads\/sites\/12\/2024\/11\/GALLERIES-LAFAYETTE-1024x563.jpg 1024w, https:\/\/graziamagazine.com\/es\/wp-content\/uploads\/sites\/12\/2024\/11\/GALLERIES-LAFAYETTE-768x422.jpg 768w, https:\/\/graziamagazine.com\/es\/wp-content\/uploads\/sites\/12\/2024\/11\/GALLERIES-LAFAYETTE-400x220.jpg 400w, https:\/\/graziamagazine.com\/es\/wp-content\/uploads\/sites\/12\/2024\/11\/GALLERIES-LAFAYETTE-155x85.jpg 155w\" sizes=\"(max-width: 1280px) 100vw, 1280px\" \/><\/p>\n<p>Decorado en tonos minerales que combinan piedra y madera, <strong>el ambiente es c\u00e1lido y acogedor,<\/strong> acentuado por velos blancos que separan las \u00e1reas y aportan un aire de privacidad. Entre los tratamientos, se incluyen masajes relajantes y faciales de alta gama, ideales para revitalizar la piel y el esp\u00edritu. El spa cuenta con <strong>dos mesas de tratamiento para experiencias en pareja,<\/strong> un amplio jacuzzi, un hammam, y una terraza con un lecho de reposo para relajarse despu\u00e9s de los tratamientos. Es un espacio que invita a desconectar y disfrutar de un momento de bienestar total.<\/p>\n<p><img loading=\"lazy\" decoding=\"async\" class=\"aligncenter size-full wp-image-180159\" src=\"https:\/\/graziamagazine.com\/es\/wp-content\/uploads\/sites\/12\/2024\/11\/1539289.jpg\" alt=\"El Distrito 8 de Par\u00eds\" width=\"1280\" height=\"853\" srcset=\"https:\/\/graziamagazine.com\/es\/wp-content\/uploads\/sites\/12\/2024\/11\/1539289.jpg 1280w, https:\/\/graziamagazine.com\/es\/wp-content\/uploads\/sites\/12\/2024\/11\/1539289-300x200.jpg 300w, https:\/\/graziamagazine.com\/es\/wp-content\/uploads\/sites\/12\/2024\/11\/1539289-1024x682.jpg 1024w, https:\/\/graziamagazine.com\/es\/wp-content\/uploads\/sites\/12\/2024\/11\/1539289-768x512.jpg 768w, https:\/\/graziamagazine.com\/es\/wp-content\/uploads\/sites\/12\/2024\/11\/1539289-400x267.jpg 400w, https:\/\/graziamagazine.com\/es\/wp-content\/uploads\/sites\/12\/2024\/11\/1539289-155x103.jpg 155w\" sizes=\"(max-width: 1280px) 100vw, 1280px\" \/><\/p>\n<h4>El hotel Ch\u00e2teau des Fleurs<\/h4>\n<p>El <a href=\"https:\/\/www.chateaudesfleurs.paris\/es\/\" target=\"_blank\" rel=\"noopener\" target=\"_blank\"><b>Ch\u00e2teau des Fleurs<\/b>,<\/a> inaugurado en 2023, es un hotel boutique que rinde homenaje al estilo <em>Art Nouveau<\/em> con un enfoque contempor\u00e1neo y elegante. Ubicado a solo unos pasos de los Campos El\u00edseos, este hotel ofrece a sus hu\u00e9spedes una experiencia que combina el <strong>esplendor de la <i>Belle \u00c9poque <\/i>con una visi\u00f3n moderna del dise\u00f1o.<\/strong><\/p>\n<p><img loading=\"lazy\" decoding=\"async\" class=\"aligncenter size-full wp-image-180161\" src=\"https:\/\/graziamagazine.com\/es\/wp-content\/uploads\/sites\/12\/2024\/11\/1512006.jpg\" alt=\"El Distrito 8 de Par\u00eds\" width=\"1280\" height=\"855\" srcset=\"https:\/\/graziamagazine.com\/es\/wp-content\/uploads\/sites\/12\/2024\/11\/1512006.jpg 1280w, https:\/\/graziamagazine.com\/es\/wp-content\/uploads\/sites\/12\/2024\/11\/1512006-300x200.jpg 300w, https:\/\/graziamagazine.com\/es\/wp-content\/uploads\/sites\/12\/2024\/11\/1512006-1024x684.jpg 1024w, https:\/\/graziamagazine.com\/es\/wp-content\/uploads\/sites\/12\/2024\/11\/1512006-768x513.jpg 768w, https:\/\/graziamagazine.com\/es\/wp-content\/uploads\/sites\/12\/2024\/11\/1512006-400x267.jpg 400w, https:\/\/graziamagazine.com\/es\/wp-content\/uploads\/sites\/12\/2024\/11\/1512006-155x104.jpg 155w\" sizes=\"(max-width: 1280px) 100vw, 1280px\" \/><\/p>\n<p>La decoraci\u00f3n de interiores, a cargo del <strong>estudio<em> Quintana Partners<\/em> y de los arquitectos Benito Escat y Pol Castells,<\/strong> logra una fusi\u00f3n \u00fanica de formas org\u00e1nicas y materiales naturales, evocando la sofisticaci\u00f3n del Par\u00eds de finales del siglo XIX.<\/p>\n<p><img loading=\"lazy\" decoding=\"async\" class=\"aligncenter size-full wp-image-180164\" src=\"https:\/\/graziamagazine.com\/es\/wp-content\/uploads\/sites\/12\/2024\/11\/1530499.jpg\" alt=\"El Distrito 8 de Par\u00eds\" width=\"1280\" height=\"854\" srcset=\"https:\/\/graziamagazine.com\/es\/wp-content\/uploads\/sites\/12\/2024\/11\/1530499.jpg 1280w, https:\/\/graziamagazine.com\/es\/wp-content\/uploads\/sites\/12\/2024\/11\/1530499-300x200.jpg 300w, https:\/\/graziamagazine.com\/es\/wp-content\/uploads\/sites\/12\/2024\/11\/1530499-1024x683.jpg 1024w, https:\/\/graziamagazine.com\/es\/wp-content\/uploads\/sites\/12\/2024\/11\/1530499-768x512.jpg 768w, https:\/\/graziamagazine.com\/es\/wp-content\/uploads\/sites\/12\/2024\/11\/1530499-400x267.jpg 400w, https:\/\/graziamagazine.com\/es\/wp-content\/uploads\/sites\/12\/2024\/11\/1530499-155x103.jpg 155w\" sizes=\"(max-width: 1280px) 100vw, 1280px\" \/><\/p>\n<p>El <strong>hotel cuenta con 37 habitaciones<\/strong> decoradas con una paleta de colores suaves y detalles en bronce, madera de roble y fresno te\u00f1ido. Los muebles <i>vintage<\/i> y piezas artesanales, como las l\u00e1mparas de vidrio de Murano, agregan un toque de autenticidad y elegancia a cada espacio, creando una <strong>atm\u00f3sfera c\u00e1lida y acogedora.<\/strong><\/p>\n<p><img loading=\"lazy\" decoding=\"async\" class=\"aligncenter size-full wp-image-180162\" src=\"https:\/\/graziamagazine.com\/es\/wp-content\/uploads\/sites\/12\/2024\/11\/1512010.jpg\" alt=\"El Distrito 8 de Par\u00eds\" width=\"1280\" height=\"855\" srcset=\"https:\/\/graziamagazine.com\/es\/wp-content\/uploads\/sites\/12\/2024\/11\/1512010.jpg 1280w, https:\/\/graziamagazine.com\/es\/wp-content\/uploads\/sites\/12\/2024\/11\/1512010-300x200.jpg 300w, https:\/\/graziamagazine.com\/es\/wp-content\/uploads\/sites\/12\/2024\/11\/1512010-1024x684.jpg 1024w, https:\/\/graziamagazine.com\/es\/wp-content\/uploads\/sites\/12\/2024\/11\/1512010-768x513.jpg 768w, https:\/\/graziamagazine.com\/es\/wp-content\/uploads\/sites\/12\/2024\/11\/1512010-400x267.jpg 400w, https:\/\/graziamagazine.com\/es\/wp-content\/uploads\/sites\/12\/2024\/11\/1512010-155x104.jpg 155w\" sizes=\"(max-width: 1280px) 100vw, 1280px\" \/><\/p>\n<p>Este enfoque detallado y refinado hace del Ch\u00e2teau des Fleurs un destino ideal para quienes buscan una experiencia \u00edntima y sofisticada en la Ciudad de la Luz.<\/p>\n<h4><b>El H\u00f4tel Balzac y su Spa Ikoi<\/b><\/h4>\n<p>El <a href=\"https:\/\/www.hotelbalzac.paris\/es\/\" target=\"_blank\" rel=\"noopener\" target=\"_blank\"><b>H\u00f4tel Balzac<\/b>,<\/a> un <strong>encantador palacete del siglo XIX<\/strong> situado a pocos pasos del Arco de Triunfo, ofrece a sus hu\u00e9spedes una experiencia de lujo con el ambiente \u00edntimo y refinado caracter\u00edstico de Par\u00eds.<\/p>\n<p><img loading=\"lazy\" decoding=\"async\" class=\"aligncenter size-full wp-image-180170\" src=\"https:\/\/graziamagazine.com\/es\/wp-content\/uploads\/sites\/12\/2024\/11\/1564651.jpg\" alt=\"El Distrito 8 de Par\u00eds\" width=\"1280\" height=\"853\" srcset=\"https:\/\/graziamagazine.com\/es\/wp-content\/uploads\/sites\/12\/2024\/11\/1564651.jpg 1280w, https:\/\/graziamagazine.com\/es\/wp-content\/uploads\/sites\/12\/2024\/11\/1564651-300x200.jpg 300w, https:\/\/graziamagazine.com\/es\/wp-content\/uploads\/sites\/12\/2024\/11\/1564651-1024x682.jpg 1024w, https:\/\/graziamagazine.com\/es\/wp-content\/uploads\/sites\/12\/2024\/11\/1564651-768x512.jpg 768w, https:\/\/graziamagazine.com\/es\/wp-content\/uploads\/sites\/12\/2024\/11\/1564651-400x267.jpg 400w, https:\/\/graziamagazine.com\/es\/wp-content\/uploads\/sites\/12\/2024\/11\/1564651-155x103.jpg 155w\" sizes=\"(max-width: 1280px) 100vw, 1280px\" \/><\/p>\n<p>Entre sus habitaciones m\u00e1s exclusivas se encuentran las <b>Suites con vista a la Torre Eiffel<\/b>, ubicadas en el 5\u00ba piso, desde donde se puede contemplar una vista panor\u00e1mica de los tejados de Par\u00eds e, incluso, de la ic\u00f3nica Torre Eiffel.<\/p>\n<p><img loading=\"lazy\" decoding=\"async\" class=\"aligncenter size-full wp-image-180167\" src=\"https:\/\/graziamagazine.com\/es\/wp-content\/uploads\/sites\/12\/2024\/11\/1564624.jpg\" alt=\"El Distrito 8 de Par\u00eds\" width=\"1280\" height=\"853\" srcset=\"https:\/\/graziamagazine.com\/es\/wp-content\/uploads\/sites\/12\/2024\/11\/1564624.jpg 1280w, https:\/\/graziamagazine.com\/es\/wp-content\/uploads\/sites\/12\/2024\/11\/1564624-300x200.jpg 300w, https:\/\/graziamagazine.com\/es\/wp-content\/uploads\/sites\/12\/2024\/11\/1564624-1024x682.jpg 1024w, https:\/\/graziamagazine.com\/es\/wp-content\/uploads\/sites\/12\/2024\/11\/1564624-768x512.jpg 768w, https:\/\/graziamagazine.com\/es\/wp-content\/uploads\/sites\/12\/2024\/11\/1564624-400x267.jpg 400w, https:\/\/graziamagazine.com\/es\/wp-content\/uploads\/sites\/12\/2024\/11\/1564624-155x103.jpg 155w\" sizes=\"(max-width: 1280px) 100vw, 1280px\" \/><\/p>\n<p>Estas suites, cuentan con ba\u00f1os revestidos de m\u00e1rmol y est\u00e1n equipadas con ba\u00f1era. Algunas de las suites tambi\u00e9n ofrecen un peque\u00f1o balc\u00f3n, ideal para disfrutar del paisaje parisino.<\/p>\n<p><img loading=\"lazy\" decoding=\"async\" class=\"aligncenter size-full wp-image-180166\" src=\"https:\/\/graziamagazine.com\/es\/wp-content\/uploads\/sites\/12\/2024\/11\/1564622.jpg\" alt=\"El Distrito 8 de Par\u00eds\" width=\"1280\" height=\"853\" srcset=\"https:\/\/graziamagazine.com\/es\/wp-content\/uploads\/sites\/12\/2024\/11\/1564622.jpg 1280w, https:\/\/graziamagazine.com\/es\/wp-content\/uploads\/sites\/12\/2024\/11\/1564622-300x200.jpg 300w, https:\/\/graziamagazine.com\/es\/wp-content\/uploads\/sites\/12\/2024\/11\/1564622-1024x682.jpg 1024w, https:\/\/graziamagazine.com\/es\/wp-content\/uploads\/sites\/12\/2024\/11\/1564622-768x512.jpg 768w, https:\/\/graziamagazine.com\/es\/wp-content\/uploads\/sites\/12\/2024\/11\/1564622-400x267.jpg 400w, https:\/\/graziamagazine.com\/es\/wp-content\/uploads\/sites\/12\/2024\/11\/1564622-155x103.jpg 155w\" sizes=\"(max-width: 1280px) 100vw, 1280px\" \/><\/p>\n<p>El <em><b>Lounge Bar<\/b><\/em> del H\u00f4tel Balzac es un espacio lleno de elegancia y misterio, al m\u00e1s puro estilo Speakeasy. Justo despu\u00e9s del sal\u00f3n, con sus luces suaves y sonidos amortiguados, el bar evoca una atm\u00f3sfera nost\u00e1lgica, donde no ser\u00eda sorprendente imaginar la sombra de figuras ic\u00f3nicas como Audrey Hepburn o Cary Grant.<\/p>\n<p><img loading=\"lazy\" decoding=\"async\" class=\"aligncenter size-full wp-image-180171\" src=\"https:\/\/graziamagazine.com\/es\/wp-content\/uploads\/sites\/12\/2024\/11\/IMG_4433.jpeg\" alt=\"El Distrito 8 de Par\u00eds\" width=\"1280\" height=\"960\" srcset=\"https:\/\/graziamagazine.com\/es\/wp-content\/uploads\/sites\/12\/2024\/11\/IMG_4433.jpeg 1280w, https:\/\/graziamagazine.com\/es\/wp-content\/uploads\/sites\/12\/2024\/11\/IMG_4433-300x225.jpeg 300w, https:\/\/graziamagazine.com\/es\/wp-content\/uploads\/sites\/12\/2024\/11\/IMG_4433-1024x768.jpeg 1024w, https:\/\/graziamagazine.com\/es\/wp-content\/uploads\/sites\/12\/2024\/11\/IMG_4433-768x576.jpeg 768w, https:\/\/graziamagazine.com\/es\/wp-content\/uploads\/sites\/12\/2024\/11\/IMG_4433-400x300.jpeg 400w, https:\/\/graziamagazine.com\/es\/wp-content\/uploads\/sites\/12\/2024\/11\/IMG_4433-155x116.jpeg 155w\" sizes=\"(max-width: 1280px) 100vw, 1280px\" \/><\/p>\n<p>Este rinc\u00f3n especial atrae tanto a parisinos como a viajeros de todo el mundo que buscan un lugar tranquilo y sofisticado para disfrutar de una bebida. Bajo la direcci\u00f3n del <strong>Chef Barman Julien Quettier,<\/strong> el men\u00fa ofrece c\u00f3cteles de autor con nombres inspirados en la obra de Honor\u00e9 de Balzac, as\u00ed como una selecci\u00f3n de vinos y licores. Para acompa\u00f1ar, destacan especialidades como el caviar de <b>Petrossian<\/b> y un exquisito <b>lobster roll con pimiento de Espelette y jengibre<\/b>.<\/p>\n<p><img loading=\"lazy\" decoding=\"async\" class=\"aligncenter size-full wp-image-180169\" src=\"https:\/\/graziamagazine.com\/es\/wp-content\/uploads\/sites\/12\/2024\/11\/1564644.jpg\" alt=\"El Distrito 8 de Par\u00eds\" width=\"1280\" height=\"853\" srcset=\"https:\/\/graziamagazine.com\/es\/wp-content\/uploads\/sites\/12\/2024\/11\/1564644.jpg 1280w, https:\/\/graziamagazine.com\/es\/wp-content\/uploads\/sites\/12\/2024\/11\/1564644-300x200.jpg 300w, https:\/\/graziamagazine.com\/es\/wp-content\/uploads\/sites\/12\/2024\/11\/1564644-1024x682.jpg 1024w, https:\/\/graziamagazine.com\/es\/wp-content\/uploads\/sites\/12\/2024\/11\/1564644-768x512.jpg 768w, https:\/\/graziamagazine.com\/es\/wp-content\/uploads\/sites\/12\/2024\/11\/1564644-400x267.jpg 400w, https:\/\/graziamagazine.com\/es\/wp-content\/uploads\/sites\/12\/2024\/11\/1564644-155x103.jpg 155w\" sizes=\"(max-width: 1280px) 100vw, 1280px\" \/><\/p>\n<p>Para los momentos de bienestar, el <b>spa Ikoi <\/b>del hotel ofrece un ambiente de calma inspirado en la est\u00e9tica japonesa. Este espacio minimalista y sereno invita a la introspecci\u00f3n y la relajaci\u00f3n profunda. <strong>Los tratamientos tradicionales japoneses<\/strong> incluyen masajes y rituales de cuidado corporal dise\u00f1ados para renovar cuerpo y mente, brindando a los hu\u00e9spedes una experiencia rejuvenecedora en el coraz\u00f3n de Par\u00eds.<\/p>\n<h4>El H\u00f4tel Norman<\/h4>\n<p>El <a href=\"https:\/\/www.hotelnorman.com\/es\/\" target=\"_blank\" rel=\"noopener\" target=\"_blank\"><b>H\u00f4tel Norman<\/b><\/a> es un lugar que combina arte y dise\u00f1o en cada rinc\u00f3n, inspirado en la <strong>est\u00e9tica de los a\u00f1os 60 y la obra del artista Norman Ives.<\/strong> Las habitaciones, con l\u00edneas limpias y una paleta de colores neutros, est\u00e1n decoradas con obras de arte contempor\u00e1neo, creando un ambiente sofisticado y sereno que encanta a los amantes del dise\u00f1o.<\/p>\n<p><img loading=\"lazy\" decoding=\"async\" class=\"aligncenter size-full wp-image-180176\" src=\"https:\/\/graziamagazine.com\/es\/wp-content\/uploads\/sites\/12\/2024\/11\/1553202.jpg\" alt=\"El Distrito 8 de Par\u00eds\" width=\"1280\" height=\"853\" srcset=\"https:\/\/graziamagazine.com\/es\/wp-content\/uploads\/sites\/12\/2024\/11\/1553202.jpg 1280w, https:\/\/graziamagazine.com\/es\/wp-content\/uploads\/sites\/12\/2024\/11\/1553202-300x200.jpg 300w, https:\/\/graziamagazine.com\/es\/wp-content\/uploads\/sites\/12\/2024\/11\/1553202-1024x682.jpg 1024w, https:\/\/graziamagazine.com\/es\/wp-content\/uploads\/sites\/12\/2024\/11\/1553202-768x512.jpg 768w, https:\/\/graziamagazine.com\/es\/wp-content\/uploads\/sites\/12\/2024\/11\/1553202-400x267.jpg 400w, https:\/\/graziamagazine.com\/es\/wp-content\/uploads\/sites\/12\/2024\/11\/1553202-155x103.jpg 155w\" sizes=\"(max-width: 1280px) 100vw, 1280px\" \/><\/p>\n<p><img loading=\"lazy\" decoding=\"async\" class=\"aligncenter size-full wp-image-180177\" src=\"https:\/\/graziamagazine.com\/es\/wp-content\/uploads\/sites\/12\/2024\/11\/1529594.jpg\" alt=\"El Distrito 8 de Par\u00eds\" width=\"1280\" height=\"854\" srcset=\"https:\/\/graziamagazine.com\/es\/wp-content\/uploads\/sites\/12\/2024\/11\/1529594.jpg 1280w, https:\/\/graziamagazine.com\/es\/wp-content\/uploads\/sites\/12\/2024\/11\/1529594-300x200.jpg 300w, https:\/\/graziamagazine.com\/es\/wp-content\/uploads\/sites\/12\/2024\/11\/1529594-1024x683.jpg 1024w, https:\/\/graziamagazine.com\/es\/wp-content\/uploads\/sites\/12\/2024\/11\/1529594-768x512.jpg 768w, https:\/\/graziamagazine.com\/es\/wp-content\/uploads\/sites\/12\/2024\/11\/1529594-400x267.jpg 400w, https:\/\/graziamagazine.com\/es\/wp-content\/uploads\/sites\/12\/2024\/11\/1529594-155x103.jpg 155w\" sizes=\"(max-width: 1280px) 100vw, 1280px\" \/><\/p>\n<p>Adem\u00e1s de su interiorismo, uno de los grandes atractivos del H\u00f4tel Norman es su <strong>famoso restaurante tailand\u00e9s,<\/strong> dirigido por la chef Apiradee Thirakomen, mejor conocida como <strong>\u201cThiou\u201d.<\/strong><\/p>\n<p><img loading=\"lazy\" decoding=\"async\" class=\"aligncenter size-full wp-image-180174\" src=\"https:\/\/graziamagazine.com\/es\/wp-content\/uploads\/sites\/12\/2024\/11\/1530315.jpg\" alt=\"El Distrito 8 de Par\u00eds\" width=\"1280\" height=\"854\" srcset=\"https:\/\/graziamagazine.com\/es\/wp-content\/uploads\/sites\/12\/2024\/11\/1530315.jpg 1280w, https:\/\/graziamagazine.com\/es\/wp-content\/uploads\/sites\/12\/2024\/11\/1530315-300x200.jpg 300w, https:\/\/graziamagazine.com\/es\/wp-content\/uploads\/sites\/12\/2024\/11\/1530315-1024x683.jpg 1024w, https:\/\/graziamagazine.com\/es\/wp-content\/uploads\/sites\/12\/2024\/11\/1530315-768x512.jpg 768w, https:\/\/graziamagazine.com\/es\/wp-content\/uploads\/sites\/12\/2024\/11\/1530315-400x267.jpg 400w, https:\/\/graziamagazine.com\/es\/wp-content\/uploads\/sites\/12\/2024\/11\/1530315-155x103.jpg 155w\" sizes=\"(max-width: 1280px) 100vw, 1280px\" \/><\/p>\n<p>Este restaurante es un \u00edcono en la escena culinaria parisina y ofrece una experiencia aut\u00e9ntica que transporta a sus comensales al coraz\u00f3n de Tailandia. El ambiente chic e \u00edntimo del restaurante lo convierte en un destino gastron\u00f3mico imprescindible, tanto para los hu\u00e9spedes como para los parisinos. \u00a1Imperdible en tu paso por Par\u00eds!<\/p>\n<p><img loading=\"lazy\" decoding=\"async\" class=\"aligncenter size-full wp-image-180175\" src=\"https:\/\/graziamagazine.com\/es\/wp-content\/uploads\/sites\/12\/2024\/11\/1532895.jpg\" alt=\"El Distrito 8 de Par\u00eds\" width=\"1280\" height=\"853\" srcset=\"https:\/\/graziamagazine.com\/es\/wp-content\/uploads\/sites\/12\/2024\/11\/1532895.jpg 1280w, https:\/\/graziamagazine.com\/es\/wp-content\/uploads\/sites\/12\/2024\/11\/1532895-300x200.jpg 300w, https:\/\/graziamagazine.com\/es\/wp-content\/uploads\/sites\/12\/2024\/11\/1532895-1024x682.jpg 1024w, https:\/\/graziamagazine.com\/es\/wp-content\/uploads\/sites\/12\/2024\/11\/1532895-768x512.jpg 768w, https:\/\/graziamagazine.com\/es\/wp-content\/uploads\/sites\/12\/2024\/11\/1532895-400x267.jpg 400w, https:\/\/graziamagazine.com\/es\/wp-content\/uploads\/sites\/12\/2024\/11\/1532895-155x103.jpg 155w\" sizes=\"(max-width: 1280px) 100vw, 1280px\" \/><\/p>\n<h3>Gastronom\u00eda con un toque parisino<\/h3>\n<p>Desde los cl\u00e1sicos bistros hasta restaurantes gourmet, el Octavo Distrito de Par\u00eds tiene opciones para todos los paladares. La oferta gastron\u00f3mica es exquisita, y no faltan lugares con men\u00fas llenos de inspiraci\u00f3n francesa moderna y tradicional. Te desvelamos nuestros dos descubrimientos personales.<\/p>\n<h4>Brasserie La Lorraine<\/h4>\n<p><img loading=\"lazy\" decoding=\"async\" class=\"aligncenter size-full wp-image-180180\" src=\"https:\/\/graziamagazine.com\/es\/wp-content\/uploads\/sites\/12\/2024\/11\/3d767e6179a668d8add94a1948289c94.jpg\" alt=\"El Distrito 8 de Par\u00eds\" width=\"1280\" height=\"768\" srcset=\"https:\/\/graziamagazine.com\/es\/wp-content\/uploads\/sites\/12\/2024\/11\/3d767e6179a668d8add94a1948289c94.jpg 1280w, https:\/\/graziamagazine.com\/es\/wp-content\/uploads\/sites\/12\/2024\/11\/3d767e6179a668d8add94a1948289c94-300x180.jpg 300w, https:\/\/graziamagazine.com\/es\/wp-content\/uploads\/sites\/12\/2024\/11\/3d767e6179a668d8add94a1948289c94-1024x614.jpg 1024w, https:\/\/graziamagazine.com\/es\/wp-content\/uploads\/sites\/12\/2024\/11\/3d767e6179a668d8add94a1948289c94-768x461.jpg 768w, https:\/\/graziamagazine.com\/es\/wp-content\/uploads\/sites\/12\/2024\/11\/3d767e6179a668d8add94a1948289c94-400x240.jpg 400w, https:\/\/graziamagazine.com\/es\/wp-content\/uploads\/sites\/12\/2024\/11\/3d767e6179a668d8add94a1948289c94-155x93.jpg 155w\" sizes=\"(max-width: 1280px) 100vw, 1280px\" \/><\/p>\n<p>Con m\u00e1s de un siglo de historia, la <a href=\"https:\/\/www.brasserielalorraine.com\" target=\"_blank\" rel=\"noopener\" target=\"_blank\">Brasserie <strong><em>La Lorraine<\/em><\/strong><\/a> es uno de esos lugares que encapsula el esp\u00edritu de la gastronom\u00eda parisina. Fundada en 1919, esta <i>brasserie<\/i> es conocida por su <strong>especialidad en mariscos frescos,<\/strong> que llegan diariamente para ofrecer lo mejor del mar en el coraz\u00f3n de Par\u00eds.<\/p>\n<p><img loading=\"lazy\" decoding=\"async\" class=\"aligncenter size-full wp-image-180179\" src=\"https:\/\/graziamagazine.com\/es\/wp-content\/uploads\/sites\/12\/2024\/11\/3a9b5c70270c7d5ab681b1d551c0512b.jpg\" alt=\"El Distrito 8 de Par\u00eds\" width=\"1280\" height=\"768\" srcset=\"https:\/\/graziamagazine.com\/es\/wp-content\/uploads\/sites\/12\/2024\/11\/3a9b5c70270c7d5ab681b1d551c0512b.jpg 1280w, https:\/\/graziamagazine.com\/es\/wp-content\/uploads\/sites\/12\/2024\/11\/3a9b5c70270c7d5ab681b1d551c0512b-300x180.jpg 300w, https:\/\/graziamagazine.com\/es\/wp-content\/uploads\/sites\/12\/2024\/11\/3a9b5c70270c7d5ab681b1d551c0512b-1024x614.jpg 1024w, https:\/\/graziamagazine.com\/es\/wp-content\/uploads\/sites\/12\/2024\/11\/3a9b5c70270c7d5ab681b1d551c0512b-768x461.jpg 768w, https:\/\/graziamagazine.com\/es\/wp-content\/uploads\/sites\/12\/2024\/11\/3a9b5c70270c7d5ab681b1d551c0512b-400x240.jpg 400w, https:\/\/graziamagazine.com\/es\/wp-content\/uploads\/sites\/12\/2024\/11\/3a9b5c70270c7d5ab681b1d551c0512b-155x93.jpg 155w\" sizes=\"(max-width: 1280px) 100vw, 1280px\" \/><\/p>\n<p>El restaurante, ubicado <strong>en la famosa Place des Ternes,<\/strong> combina tradici\u00f3n y modernidad en su interior, recientemente renovado para conservar sus detalles <em>Art D\u00e9co<\/em> mientras incorpora toques contempor\u00e1neos que crean un ambiente acogedor y elegante.<\/p>\n<p><img loading=\"lazy\" decoding=\"async\" class=\"aligncenter size-full wp-image-180181\" src=\"https:\/\/graziamagazine.com\/es\/wp-content\/uploads\/sites\/12\/2024\/11\/b6b8fdf1190b5b5e7a95ae89101ebb9a.jpg\" alt=\"El Distrito 8 de Par\u00eds\" width=\"1280\" height=\"853\" srcset=\"https:\/\/graziamagazine.com\/es\/wp-content\/uploads\/sites\/12\/2024\/11\/b6b8fdf1190b5b5e7a95ae89101ebb9a.jpg 1280w, https:\/\/graziamagazine.com\/es\/wp-content\/uploads\/sites\/12\/2024\/11\/b6b8fdf1190b5b5e7a95ae89101ebb9a-300x200.jpg 300w, https:\/\/graziamagazine.com\/es\/wp-content\/uploads\/sites\/12\/2024\/11\/b6b8fdf1190b5b5e7a95ae89101ebb9a-1024x682.jpg 1024w, https:\/\/graziamagazine.com\/es\/wp-content\/uploads\/sites\/12\/2024\/11\/b6b8fdf1190b5b5e7a95ae89101ebb9a-768x512.jpg 768w, https:\/\/graziamagazine.com\/es\/wp-content\/uploads\/sites\/12\/2024\/11\/b6b8fdf1190b5b5e7a95ae89101ebb9a-400x267.jpg 400w, https:\/\/graziamagazine.com\/es\/wp-content\/uploads\/sites\/12\/2024\/11\/b6b8fdf1190b5b5e7a95ae89101ebb9a-155x103.jpg 155w\" sizes=\"(max-width: 1280px) 100vw, 1280px\" \/><\/p>\n<p>Entre sus platos estrella se encuentran <strong>el <i>plateau de fruits de mer,<\/i><\/strong> una selecci\u00f3n espectacular de ostras, langostas y otros mariscos frescos, y el <strong>lenguado <i>meuni\u00e8re, <\/i><\/strong>preparado con una delicadeza que resalta sus sabores naturales. Su terraza al aire libre, con vistas a la plaza, es el lugar perfecto para disfrutar de una comida relajada, ya sea para un almuerzo ligero o una cena de celebraci\u00f3n.<\/p>\n<p><img loading=\"lazy\" decoding=\"async\" class=\"aligncenter size-full wp-image-180181\" src=\"https:\/\/graziamagazine.com\/es\/wp-content\/uploads\/sites\/12\/2024\/11\/b6b8fdf1190b5b5e7a95ae89101ebb9a.jpg\" alt=\"El Distrito 8 de Par\u00eds\" width=\"1280\" height=\"853\" srcset=\"https:\/\/graziamagazine.com\/es\/wp-content\/uploads\/sites\/12\/2024\/11\/b6b8fdf1190b5b5e7a95ae89101ebb9a.jpg 1280w, https:\/\/graziamagazine.com\/es\/wp-content\/uploads\/sites\/12\/2024\/11\/b6b8fdf1190b5b5e7a95ae89101ebb9a-300x200.jpg 300w, https:\/\/graziamagazine.com\/es\/wp-content\/uploads\/sites\/12\/2024\/11\/b6b8fdf1190b5b5e7a95ae89101ebb9a-1024x682.jpg 1024w, https:\/\/graziamagazine.com\/es\/wp-content\/uploads\/sites\/12\/2024\/11\/b6b8fdf1190b5b5e7a95ae89101ebb9a-768x512.jpg 768w, https:\/\/graziamagazine.com\/es\/wp-content\/uploads\/sites\/12\/2024\/11\/b6b8fdf1190b5b5e7a95ae89101ebb9a-400x267.jpg 400w, https:\/\/graziamagazine.com\/es\/wp-content\/uploads\/sites\/12\/2024\/11\/b6b8fdf1190b5b5e7a95ae89101ebb9a-155x103.jpg 155w\" sizes=\"(max-width: 1280px) 100vw, 1280px\" \/><\/p>\n<p><em>La Lorraine<\/em> sigue siendo un lugar de encuentro para locales y visitantes que buscan una experiencia aut\u00e9ntica y refinada, donde cada bocado te transporta al verdadero sabor de Par\u00eds.<\/p>\n<h4>Lordy&#8217;s Paris Club<\/h4>\n<p><img loading=\"lazy\" decoding=\"async\" class=\"aligncenter size-full wp-image-180184\" src=\"https:\/\/graziamagazine.com\/es\/wp-content\/uploads\/sites\/12\/2024\/11\/Lordy_Paris_Club_0141_FA.jpg\" alt=\"El Distrito 8 de Par\u00eds\" width=\"1280\" height=\"839\" srcset=\"https:\/\/graziamagazine.com\/es\/wp-content\/uploads\/sites\/12\/2024\/11\/Lordy_Paris_Club_0141_FA.jpg 1280w, https:\/\/graziamagazine.com\/es\/wp-content\/uploads\/sites\/12\/2024\/11\/Lordy_Paris_Club_0141_FA-300x197.jpg 300w, https:\/\/graziamagazine.com\/es\/wp-content\/uploads\/sites\/12\/2024\/11\/Lordy_Paris_Club_0141_FA-1024x671.jpg 1024w, https:\/\/graziamagazine.com\/es\/wp-content\/uploads\/sites\/12\/2024\/11\/Lordy_Paris_Club_0141_FA-768x503.jpg 768w, https:\/\/graziamagazine.com\/es\/wp-content\/uploads\/sites\/12\/2024\/11\/Lordy_Paris_Club_0141_FA-400x262.jpg 400w, https:\/\/graziamagazine.com\/es\/wp-content\/uploads\/sites\/12\/2024\/11\/Lordy_Paris_Club_0141_FA-155x102.jpg 155w\" sizes=\"(max-width: 1280px) 100vw, 1280px\" \/><\/p>\n<p>A pocos pasos del <em>8\u00ba arrondissement,<\/em> en el coraz\u00f3n del Sofitel Paris Baltimore Tour Eiffel, se encuentra el <em><strong><a href=\"https:\/\/www.lordysparisclub.com\/\" target=\"_blank\" rel=\"noopener\" target=\"_blank\">Lordy&#8217;s Paris Club.<\/a><\/strong><\/em> Este restaurante combina la elegancia parisina con el encanto brit\u00e1nico, ofreciendo una experiencia gastron\u00f3mica que fusiona <strong>platos tradicionales de Londres y Nueva York, realzados por t\u00e9cnicas culinarias francesas.<\/strong><\/p>\n<p><img loading=\"lazy\" decoding=\"async\" class=\"aligncenter size-full wp-image-180185\" src=\"https:\/\/graziamagazine.com\/es\/wp-content\/uploads\/sites\/12\/2024\/11\/Lordy_Paris_Club_0713_FA.jpg\" alt=\"El Distrito 8 de Par\u00eds\" width=\"1280\" height=\"854\" srcset=\"https:\/\/graziamagazine.com\/es\/wp-content\/uploads\/sites\/12\/2024\/11\/Lordy_Paris_Club_0713_FA.jpg 1280w, https:\/\/graziamagazine.com\/es\/wp-content\/uploads\/sites\/12\/2024\/11\/Lordy_Paris_Club_0713_FA-300x200.jpg 300w, https:\/\/graziamagazine.com\/es\/wp-content\/uploads\/sites\/12\/2024\/11\/Lordy_Paris_Club_0713_FA-1024x683.jpg 1024w, https:\/\/graziamagazine.com\/es\/wp-content\/uploads\/sites\/12\/2024\/11\/Lordy_Paris_Club_0713_FA-768x512.jpg 768w, https:\/\/graziamagazine.com\/es\/wp-content\/uploads\/sites\/12\/2024\/11\/Lordy_Paris_Club_0713_FA-400x267.jpg 400w, https:\/\/graziamagazine.com\/es\/wp-content\/uploads\/sites\/12\/2024\/11\/Lordy_Paris_Club_0713_FA-155x103.jpg 155w\" sizes=\"(max-width: 1280px) 100vw, 1280px\" \/><\/p>\n<p><strong>El chef Yassine Riahi,<\/strong> con formaci\u00f3n en <i>Le Cordon Bleu<\/i> y experiencia en establecimientos de renombre como los de Alain Ducasse y H\u00e9l\u00e8ne Darroze, presenta una cocina sencilla y creativa que busca preservar las esencias de los productos, jugando con texturas y presentaciones.<\/p>\n<p><img loading=\"lazy\" decoding=\"async\" class=\"aligncenter size-full wp-image-180183\" src=\"https:\/\/graziamagazine.com\/es\/wp-content\/uploads\/sites\/12\/2024\/11\/Captura-de-pantalla-2024-11-07-a-las-15.47.58.png\" alt=\"\" width=\"1280\" height=\"841\" srcset=\"https:\/\/graziamagazine.com\/es\/wp-content\/uploads\/sites\/12\/2024\/11\/Captura-de-pantalla-2024-11-07-a-las-15.47.58.png 1280w, https:\/\/graziamagazine.com\/es\/wp-content\/uploads\/sites\/12\/2024\/11\/Captura-de-pantalla-2024-11-07-a-las-15.47.58-300x197.png 300w, https:\/\/graziamagazine.com\/es\/wp-content\/uploads\/sites\/12\/2024\/11\/Captura-de-pantalla-2024-11-07-a-las-15.47.58-1024x673.png 1024w, https:\/\/graziamagazine.com\/es\/wp-content\/uploads\/sites\/12\/2024\/11\/Captura-de-pantalla-2024-11-07-a-las-15.47.58-768x505.png 768w, https:\/\/graziamagazine.com\/es\/wp-content\/uploads\/sites\/12\/2024\/11\/Captura-de-pantalla-2024-11-07-a-las-15.47.58-400x263.png 400w, https:\/\/graziamagazine.com\/es\/wp-content\/uploads\/sites\/12\/2024\/11\/Captura-de-pantalla-2024-11-07-a-las-15.47.58-155x102.png 155w\" sizes=\"(max-width: 1280px) 100vw, 1280px\" \/><\/p>\n<p><strong>El ambiente del <em>Lordy&#8217;s<\/em> es \u00edntimo y acogedor.<\/strong> Con su decoraci\u00f3n que evoca una residencia burguesa, lo convierte en una opci\u00f3n ideal para quienes desean disfrutar de una comida refinada en un entorno sofisticado. \u00a1Y sirven c\u00f3cteles para terminar la noche o empezarla!<\/p>\n<h3>Un punto de partida perfecto para el pa\u00eds de las Fantas\u00edas<\/h3>\n<p>A solo 35 minutos en tren RER A desde la estaci\u00f3n <i>Charles de Gaulle \u00c9toile, <\/i><a href=\"https:\/\/www.disneylandparis.com\/es-es\/\" target=\"_blank\" rel=\"noopener\" target=\"_blank\"><b>Disneyland Par\u00eds<\/b><\/a> es una visita imprescindible para quienes desean sumergirse en la magia y el encanto de Disney.\u00a0 Desde <strong>mediados de noviembre,<\/strong> el parque se transforma con decoraciones espectaculares y eventos especiales que capturan el<strong> esp\u00edritu navide\u00f1o en cada rinc\u00f3n.<\/strong><\/p>\n<p>Al entrar en <strong>Main Street, U.S.A.<\/strong>, los visitantes son recibidos por un majestuoso <strong>\u00e1rbol de Navidad de 24 metros,<\/strong> adornado con m\u00e1s de 1.000 ornamentos y rodeado de una nevada m\u00e1gica que cae varias veces al d\u00eda, creando una atm\u00f3sfera encantadora que gu\u00eda hasta el Castillo de la Bella Durmiente.<\/p>\n<p><img loading=\"lazy\" decoding=\"async\" class=\"aligncenter size-full wp-image-180186\" src=\"https:\/\/graziamagazine.com\/es\/wp-content\/uploads\/sites\/12\/2024\/11\/N041022.jpg\" alt=\"\" width=\"1280\" height=\"959\" srcset=\"https:\/\/graziamagazine.com\/es\/wp-content\/uploads\/sites\/12\/2024\/11\/N041022.jpg 1280w, https:\/\/graziamagazine.com\/es\/wp-content\/uploads\/sites\/12\/2024\/11\/N041022-300x225.jpg 300w, https:\/\/graziamagazine.com\/es\/wp-content\/uploads\/sites\/12\/2024\/11\/N041022-1024x767.jpg 1024w, https:\/\/graziamagazine.com\/es\/wp-content\/uploads\/sites\/12\/2024\/11\/N041022-768x575.jpg 768w, https:\/\/graziamagazine.com\/es\/wp-content\/uploads\/sites\/12\/2024\/11\/N041022-400x300.jpg 400w, https:\/\/graziamagazine.com\/es\/wp-content\/uploads\/sites\/12\/2024\/11\/N041022-155x116.jpg 155w\" sizes=\"(max-width: 1280px) 100vw, 1280px\" \/><\/p>\n<p>Uno de los espect\u00e1culos m\u00e1s esperados es la <strong>Mickey\u2019s Dazzling Christmas Parade<\/strong>, una cabalgata premiada por su creatividad en 2022, que recorre Main Street dos veces al d\u00eda con <strong>carrozas de hasta 6 metros de altura,<\/strong> acompa\u00f1ada por la m\u00fasica navide\u00f1a y m\u00e1s de 90 artistas en escena, incluyendo a las Princesas Disney, personajes como Chip y Chop, y el propio Pap\u00e1 Noel. Al caer la noche, la cabalgata se ilumina, ofreciendo una experiencia a\u00fan m\u00e1s espectacular.<\/p>\n<p><img loading=\"lazy\" decoding=\"async\" class=\"aligncenter size-full wp-image-180187\" src=\"https:\/\/graziamagazine.com\/es\/wp-content\/uploads\/sites\/12\/2024\/11\/Captura-de-pantalla-2024-11-07-a-las-17.26.18.png\" alt=\"\" width=\"1280\" height=\"849\" srcset=\"https:\/\/graziamagazine.com\/es\/wp-content\/uploads\/sites\/12\/2024\/11\/Captura-de-pantalla-2024-11-07-a-las-17.26.18.png 1280w, https:\/\/graziamagazine.com\/es\/wp-content\/uploads\/sites\/12\/2024\/11\/Captura-de-pantalla-2024-11-07-a-las-17.26.18-300x199.png 300w, https:\/\/graziamagazine.com\/es\/wp-content\/uploads\/sites\/12\/2024\/11\/Captura-de-pantalla-2024-11-07-a-las-17.26.18-1024x679.png 1024w, https:\/\/graziamagazine.com\/es\/wp-content\/uploads\/sites\/12\/2024\/11\/Captura-de-pantalla-2024-11-07-a-las-17.26.18-768x509.png 768w, https:\/\/graziamagazine.com\/es\/wp-content\/uploads\/sites\/12\/2024\/11\/Captura-de-pantalla-2024-11-07-a-las-17.26.18-400x265.png 400w, https:\/\/graziamagazine.com\/es\/wp-content\/uploads\/sites\/12\/2024\/11\/Captura-de-pantalla-2024-11-07-a-las-17.26.18-155x103.png 155w\" sizes=\"(max-width: 1280px) 100vw, 1280px\" \/><\/p>\n<p>Adem\u00e1s, justo antes del famoso espect\u00e1culo nocturno <strong>Disney Illuminations<\/strong>, el <strong>Disney Electrical Sky Parade<\/strong> ilumina el castillo con escenas inspiradas en el Polo Norte y la atracci\u00f3n <strong>It\u2019s a Small World<\/strong>, que tambi\u00e9n se viste para la ocasi\u00f3n. Los visitantes pueden disfrutar de una atm\u00f3sfera navide\u00f1a \u00fanica, con cascanueces, \u00e1rboles de Navidad, y una decoraci\u00f3n especial en Main Street, U.S.A., que incluye una nevada de cuento de hadas.<img loading=\"lazy\" decoding=\"async\" class=\"aligncenter size-full wp-image-180188\" src=\"https:\/\/graziamagazine.com\/es\/wp-content\/uploads\/sites\/12\/2024\/11\/Captura-de-pantalla-2024-11-07-a-las-17.26.27.png\" alt=\"\" width=\"1280\" height=\"890\" srcset=\"https:\/\/graziamagazine.com\/es\/wp-content\/uploads\/sites\/12\/2024\/11\/Captura-de-pantalla-2024-11-07-a-las-17.26.27.png 1280w, https:\/\/graziamagazine.com\/es\/wp-content\/uploads\/sites\/12\/2024\/11\/Captura-de-pantalla-2024-11-07-a-las-17.26.27-300x209.png 300w, https:\/\/graziamagazine.com\/es\/wp-content\/uploads\/sites\/12\/2024\/11\/Captura-de-pantalla-2024-11-07-a-las-17.26.27-1024x712.png 1024w, https:\/\/graziamagazine.com\/es\/wp-content\/uploads\/sites\/12\/2024\/11\/Captura-de-pantalla-2024-11-07-a-las-17.26.27-768x534.png 768w, https:\/\/graziamagazine.com\/es\/wp-content\/uploads\/sites\/12\/2024\/11\/Captura-de-pantalla-2024-11-07-a-las-17.26.27-400x278.png 400w, https:\/\/graziamagazine.com\/es\/wp-content\/uploads\/sites\/12\/2024\/11\/Captura-de-pantalla-2024-11-07-a-las-17.26.27-155x108.png 155w\" sizes=\"(max-width: 1280px) 100vw, 1280px\" \/><\/p>\n<p>Finalmente, el parque ya est\u00e1 preparando un nuevo espect\u00e1culo nocturno que comenzar\u00e1 a principios del pr\u00f3ximo a\u00f1o. Con proyecciones innovadoras y una banda sonora original, esta experiencia sumergir\u00e1 a los visitantes en escenas de pel\u00edculas como <strong>Pinocho<\/strong>, <strong>La Bella y la Bestia<\/strong>, y <strong>Encanto<\/strong>. <strong>Toda una aventura inmersiva<\/strong> con tecnolog\u00eda de \u00faltima generaci\u00f3n en iluminaci\u00f3n y sonido. Disneyland Paris durante la Navidad es, sin duda, una escapada perfecta para quienes deseen sumergirse en una celebraci\u00f3n llena de magia a tan solo un corto viaje de Par\u00eds.<\/p>\n","protected":false},"author":36037,"featured_media":180158,"template":"","format":"standard","categories":[18],"acf":[],"yoast_head":"<!-- This site is optimized with the Yoast SEO Premium plugin v18.5 (Yoast SEO v20.4) - https:\/\/yoast.com\/wordpress\/plugins\/seo\/ -->\n<title>El Distrito 8 de Par\u00eds: la gu\u00eda m\u00e1s cool | Grazia<\/title>\n<meta name=\"description\" content=\"El distrito 8 de Par\u00eds: la gu\u00eda m\u00e1s cool. Hoteles, restaurantes, actividades... Te compartimos un paseo por uno de los barrios m\u00e1s famosos del mundo.\" \/>\n<meta name=\"robots\" content=\"index, follow, max-snippet:-1, max-image-preview:large, max-video-preview:-1\" \/>\n<link rel=\"canonical\" href=\"https:\/\/graziamagazine.com\/es\/articles\/el-distrito-8-de-paris-la-guia-mas-cool\/\" \/>\n<meta property=\"og:locale\" content=\"es_ES\" \/>\n<meta property=\"og:type\" content=\"article\" \/>\n<meta property=\"og:title\" content=\"El Distrito 8 de Par\u00eds: la gu\u00eda m\u00e1s cool\" \/>\n<meta property=\"og:description\" content=\"El distrito 8 de Par\u00eds: la gu\u00eda m\u00e1s cool. Hoteles, restaurantes, actividades... Te compartimos un paseo por uno de los barrios m\u00e1s famosos del mundo.\" \/>\n<meta property=\"og:url\" content=\"https:\/\/graziamagazine.com\/es\/articles\/el-distrito-8-de-paris-la-guia-mas-cool\/\" \/>\n<meta property=\"og:site_name\" content=\"Grazia\" \/>\n<meta property=\"og:image\" content=\"https:\/\/graziamagazine.com\/es\/wp-content\/uploads\/sites\/12\/2024\/11\/pexels-dhenry-8634786.jpg\" \/>\n\t<meta property=\"og:image:width\" content=\"1280\" \/>\n\t<meta property=\"og:image:height\" content=\"860\" \/>\n\t<meta property=\"og:image:type\" content=\"image\/jpeg\" \/>\n<meta name=\"twitter:card\" content=\"summary_large_image\" \/>\n<meta name=\"twitter:label1\" content=\"Est. reading time\" \/>\n\t<meta name=\"twitter:data1\" content=\"16 minutos\" \/>\n<script type=\"application\/ld+json\" class=\"yoast-schema-graph\">{\"@context\":\"https:\/\/schema.org\",\"@graph\":[{\"@type\":\"WebPage\",\"@id\":\"https:\/\/graziamagazine.com\/es\/articles\/el-distrito-8-de-paris-la-guia-mas-cool\/\",\"url\":\"https:\/\/graziamagazine.com\/es\/articles\/el-distrito-8-de-paris-la-guia-mas-cool\/\",\"name\":\"El Distrito 8 de Par\u00eds: la gu\u00eda m\u00e1s cool | Grazia\",\"isPartOf\":{\"@id\":\"https:\/\/graziamagazine.com\/es\/#website\"},\"datePublished\":\"2024-11-08T08:45:25+00:00\",\"dateModified\":\"2024-11-08T08:45:25+00:00\",\"description\":\"El distrito 8 de Par\u00eds: la gu\u00eda m\u00e1s cool. Hoteles, restaurantes, actividades... Te compartimos un paseo por uno de los barrios m\u00e1s famosos del mundo.\",\"breadcrumb\":{\"@id\":\"https:\/\/graziamagazine.com\/es\/articles\/el-distrito-8-de-paris-la-guia-mas-cool\/#breadcrumb\"},\"inLanguage\":\"es\",\"potentialAction\":[{\"@type\":\"ReadAction\",\"target\":[\"https:\/\/graziamagazine.com\/es\/articles\/el-distrito-8-de-paris-la-guia-mas-cool\/\"]}]},{\"@type\":\"BreadcrumbList\",\"@id\":\"https:\/\/graziamagazine.com\/es\/articles\/el-distrito-8-de-paris-la-guia-mas-cool\/#breadcrumb\",\"itemListElement\":[{\"@type\":\"ListItem\",\"position\":1,\"name\":\"Portada\",\"item\":\"https:\/\/graziamagazine.com\/es\/\"},{\"@type\":\"ListItem\",\"position\":2,\"name\":\"El Distrito 8 de Par\u00eds: la gu\u00eda m\u00e1s cool\"}]},{\"@type\":\"WebSite\",\"@id\":\"https:\/\/graziamagazine.com\/es\/#website\",\"url\":\"https:\/\/graziamagazine.com\/es\/\",\"name\":\"Grazia\",\"description\":\"Moda, belleza, celebrities, estilo de vida...\",\"potentialAction\":[{\"@type\":\"SearchAction\",\"target\":{\"@type\":\"EntryPoint\",\"urlTemplate\":\"https:\/\/graziamagazine.com\/es\/?s={search_term_string}\"},\"query-input\":\"required name=search_term_string\"}],\"inLanguage\":\"es\"}]}<\/script>\n<!-- \/ Yoast SEO Premium plugin. -->","yoast_head_json":{"title":"El Distrito 8 de Par\u00eds: la gu\u00eda m\u00e1s cool | Grazia","description":"El distrito 8 de Par\u00eds: la gu\u00eda m\u00e1s cool. Hoteles, restaurantes, actividades... Te compartimos un paseo por uno de los barrios m\u00e1s famosos del mundo.","robots":{"index":"index","follow":"follow","max-snippet":"max-snippet:-1","max-image-preview":"max-image-preview:large","max-video-preview":"max-video-preview:-1"},"canonical":"https:\/\/graziamagazine.com\/es\/articles\/el-distrito-8-de-paris-la-guia-mas-cool\/","og_locale":"es_ES","og_type":"article","og_title":"El Distrito 8 de Par\u00eds: la gu\u00eda m\u00e1s cool","og_description":"El distrito 8 de Par\u00eds: la gu\u00eda m\u00e1s cool. Hoteles, restaurantes, actividades... Te compartimos un paseo por uno de los barrios m\u00e1s famosos del mundo.","og_url":"https:\/\/graziamagazine.com\/es\/articles\/el-distrito-8-de-paris-la-guia-mas-cool\/","og_site_name":"Grazia","og_image":[{"width":1280,"height":860,"url":"https:\/\/graziamagazine.com\/es\/wp-content\/uploads\/sites\/12\/2024\/11\/pexels-dhenry-8634786.jpg","type":"image\/jpeg"}],"twitter_card":"summary_large_image","twitter_misc":{"Est. reading time":"16 minutos"},"schema":{"@context":"https:\/\/schema.org","@graph":[{"@type":"WebPage","@id":"https:\/\/graziamagazine.com\/es\/articles\/el-distrito-8-de-paris-la-guia-mas-cool\/","url":"https:\/\/graziamagazine.com\/es\/articles\/el-distrito-8-de-paris-la-guia-mas-cool\/","name":"El Distrito 8 de Par\u00eds: la gu\u00eda m\u00e1s cool | Grazia","isPartOf":{"@id":"https:\/\/graziamagazine.com\/es\/#website"},"datePublished":"2024-11-08T08:45:25+00:00","dateModified":"2024-11-08T08:45:25+00:00","description":"El distrito 8 de Par\u00eds: la gu\u00eda m\u00e1s cool. Hoteles, restaurantes, actividades... Te compartimos un paseo por uno de los barrios m\u00e1s famosos del mundo.","breadcrumb":{"@id":"https:\/\/graziamagazine.com\/es\/articles\/el-distrito-8-de-paris-la-guia-mas-cool\/#breadcrumb"},"inLanguage":"es","potentialAction":[{"@type":"ReadAction","target":["https:\/\/graziamagazine.com\/es\/articles\/el-distrito-8-de-paris-la-guia-mas-cool\/"]}]},{"@type":"BreadcrumbList","@id":"https:\/\/graziamagazine.com\/es\/articles\/el-distrito-8-de-paris-la-guia-mas-cool\/#breadcrumb","itemListElement":[{"@type":"ListItem","position":1,"name":"Portada","item":"https:\/\/graziamagazine.com\/es\/"},{"@type":"ListItem","position":2,"name":"El Distrito 8 de Par\u00eds: la gu\u00eda m\u00e1s cool"}]},{"@type":"WebSite","@id":"https:\/\/graziamagazine.com\/es\/#website","url":"https:\/\/graziamagazine.com\/es\/","name":"Grazia","description":"Moda, belleza, celebrities, estilo de vida...","potentialAction":[{"@type":"SearchAction","target":{"@type":"EntryPoint","urlTemplate":"https:\/\/graziamagazine.com\/es\/?s={search_term_string}"},"query-input":"required name=search_term_string"}],"inLanguage":"es"}]}},"jetpack_sharing_enabled":true,"distributor_meta":false,"distributor_terms":false,"distributor_media":false,"distributor_original_site_name":"Grazia","distributor_original_site_url":"https:\/\/graziamagazine.com\/es","push-errors":false,"_links":{"self":[{"href":"https:\/\/graziamagazine.com\/es\/wp-json\/wp\/v2\/articles\/180155"}],"collection":[{"href":"https:\/\/graziamagazine.com\/es\/wp-json\/wp\/v2\/articles"}],"about":[{"href":"https:\/\/graziamagazine.com\/es\/wp-json\/wp\/v2\/types\/articles"}],"author":[{"embeddable":true,"href":"https:\/\/graziamagazine.com\/es\/wp-json\/wp\/v2\/users\/36037"}],"wp:featuredmedia":[{"embeddable":true,"href":"https:\/\/graziamagazine.com\/es\/wp-json\/wp\/v2\/media\/180158"}],"wp:attachment":[{"href":"https:\/\/graziamagazine.com\/es\/wp-json\/wp\/v2\/media?parent=180155"}],"wp:term":[{"taxonomy":"category","embeddable":true,"href":"https:\/\/graziamagazine.com\/es\/wp-json\/wp\/v2\/categories?post=180155"}],"curies":[{"name":"wp","href":"https:\/\/api.w.org\/{rel}","templated":true}]}}