{"id":180146,"date":"2024-11-07T09:00:53","date_gmt":"2024-11-07T08:00:53","guid":{"rendered":"https:\/\/graziamagazine.com\/es\/?post_type=articles&#038;p=180146"},"modified":"2024-11-07T00:49:42","modified_gmt":"2024-11-06T23:49:42","slug":"8-consejos-para-aprovechar-al-maximo-tu-mascarilla-facial","status":"publish","type":"articles","link":"https:\/\/graziamagazine.com\/es\/articles\/8-consejos-para-aprovechar-al-maximo-tu-mascarilla-facial\/","title":{"rendered":"8 consejos para aprovechar al m\u00e1ximo tu mascarilla facial"},"content":{"rendered":"<p>Las mascarillas faciales son uno de los tratamientos m\u00e1s efectivos y f\u00e1ciles de usar en casa para mejorar la piel y aportar un extra de cuidado a tu rutina de belleza. Sin embargo, para aprovechar al m\u00e1ximo sus beneficios, es fundamental conocer algunos consejos y pasos clave que optimizan sus resultados. Aqu\u00ed te explicamos c\u00f3mo sacar el mayor partido de tu mascarilla facial, ya sea hidratante, purificante, exfoliante o iluminadora.<\/p>\n<h3>Limpia Bien Tu Rostro Antes de Aplicar la Mascarilla<\/h3>\n<p>El primer paso para que una mascarilla facial funcione es aplicarla sobre la piel limpia. Lavar el rostro ayuda a eliminar restos de maquillaje, sudor y suciedad acumulada, permitiendo que los ingredientes de la mascarilla penetren mejor en la piel. Usa un limpiador suave y aseg\u00farate de que tu piel est\u00e9 libre de impurezas antes de comenzar. Una piel limpia absorbe mejor los nutrientes de la mascarilla, logrando resultados visibles en menos tiempo.<\/p>\n<h3>Exfolia Tu Piel para Potenciar la Absorci\u00f3n<\/h3>\n<p>Antes de aplicar la mascarilla, es ideal exfoliar la piel para eliminar las c\u00e9lulas muertas que podr\u00edan obstaculizar la absorci\u00f3n de los ingredientes. Una exfoliaci\u00f3n suave con un producto adecuado a tu tipo de piel, ya sea un exfoliante f\u00edsico o qu\u00edmico, prepara la piel para recibir de forma \u00f3ptima los activos de la mascarilla. La exfoliaci\u00f3n no solo permite una mayor penetraci\u00f3n de la mascarilla, sino que tambi\u00e9n deja la piel suave y radiante.<\/p>\n<h3>Usa la Mascarilla en el Momento Adecuado<\/h3>\n<p>Aplicar la mascarilla en el momento adecuado de tu rutina de belleza es clave. La mayor\u00eda de las mascarillas se aplican despu\u00e9s de limpiar y exfoliar el rostro, pero antes de los tratamientos espec\u00edficos, como serums o cremas. Para maximizar los beneficios, elige momentos de relajaci\u00f3n, como despu\u00e9s de una ducha caliente, cuando los poros est\u00e1n abiertos y listos para absorber mejor los nutrientes. Aplicar la mascarilla por la noche permite una mejor regeneraci\u00f3n celular y potencia sus efectos.<\/p>\n<h3>No Sobrecargues la Piel con Producto<\/h3>\n<p>Es tentador aplicar una capa gruesa de mascarilla pensando que obtendr\u00e1s mejores resultados, pero la realidad es que menos es m\u00e1s. Aplica una capa fina y uniforme por todo el rostro, evitando el contorno de ojos y labios. Una capa moderada facilita que la mascarilla act\u00fae de manera homog\u00e9nea y evita desperdiciar producto. Es importante que sigas las instrucciones del envase para aplicar la cantidad adecuada y obtener resultados \u00f3ptimos.<\/p>\n<h3>Respeta los Tiempos de Aplicaci\u00f3n<\/h3>\n<p>Cada mascarilla facial tiene un tiempo de aplicaci\u00f3n recomendado seg\u00fan sus ingredientes. Dejarla demasiado tiempo puede resecar la piel o provocar irritaciones, especialmente con mascarillas de arcilla o purificantes. Consulta las instrucciones y, si tienes dudas, empieza dejando la mascarilla menos tiempo hasta conocer c\u00f3mo reacciona tu piel.<\/p>\n<h3>Aclara Con Agua Templada y Realiza Movimientos Circulares<\/h3>\n<p>Cuando llegue el momento de retirar la mascarilla, aclara con agua templada y realiza movimientos circulares suaves. Este m\u00e9todo no solo ayuda a eliminar los restos de la mascarilla, sino que tambi\u00e9n activa la circulaci\u00f3n, dejando la piel con una sensaci\u00f3n de frescura y suavidad. Utiliza una toalla facial suave para secar el rostro sin frotar, y aplica despu\u00e9s tus productos de tratamiento.<\/p>\n<h3>Aplica Hidrataci\u00f3n y Nutrici\u00f3n Tras la Mascarilla<\/h3>\n<p>Una vez retirada la mascarilla, sella sus efectos con una buena crema hidratante o un serum espec\u00edfico para tu tipo de piel. Esto ayudar\u00e1 a conservar la hidrataci\u00f3n que la mascarilla ha aportado y prolongar\u00e1 sus beneficios en tu piel. Los productos hidratantes aseguran que los ingredientes activos de la mascarilla sigan actuando. Aprovecha la piel limpia y los poros abiertos tras la mascarilla para aplicar productos que potencien su efecto.<\/p>\n<h3>Adapta el Tipo de Mascarilla a tu Piel y Necesidades<\/h3>\n<p>Cada tipo de mascarilla tiene una funci\u00f3n espec\u00edfica: las hidratantes son ideales para pieles secas, las purificantes para pieles grasas, y las calmantes para pieles sensibles. Escoger la mascarilla adecuada a tu tipo de piel y necesidades garantiza que los resultados sean visibles y beneficiosos. Conocer tu tipo de piel es esencial para elegir la mascarilla que m\u00e1s se adapte a ti.<\/p>\n<p><em>*Imagen: Getty Images y cortes\u00eda<\/em><\/p>\n","protected":false},"author":11653,"featured_media":180147,"template":"","format":"standard","categories":[3054],"acf":[],"yoast_head":"<!-- This site is optimized with the Yoast SEO Premium plugin v18.5 (Yoast SEO v20.4) - https:\/\/yoast.com\/wordpress\/plugins\/seo\/ -->\n<title>8 consejos para aprovechar al m\u00e1ximo tu mascarilla facial<\/title>\n<meta name=\"description\" content=\"Recuerda que cada mascarilla cumple una funci\u00f3n espec\u00edfica y que debes adaptarla a las necesidades de tu piel.\" \/>\n<meta name=\"robots\" content=\"index, follow, max-snippet:-1, max-image-preview:large, max-video-preview:-1\" \/>\n<link rel=\"canonical\" href=\"https:\/\/graziamagazine.com\/es\/articles\/8-consejos-para-aprovechar-al-maximo-tu-mascarilla-facial\/\" \/>\n<meta property=\"og:locale\" content=\"es_ES\" \/>\n<meta property=\"og:type\" content=\"article\" \/>\n<meta property=\"og:title\" content=\"8 consejos para aprovechar al m\u00e1ximo tu mascarilla facial\" \/>\n<meta property=\"og:description\" content=\"Recuerda que cada mascarilla cumple una funci\u00f3n espec\u00edfica y que debes adaptarla a las necesidades de tu piel.\" \/>\n<meta property=\"og:url\" content=\"https:\/\/graziamagazine.com\/es\/articles\/8-consejos-para-aprovechar-al-maximo-tu-mascarilla-facial\/\" \/>\n<meta property=\"og:site_name\" content=\"Grazia\" \/>\n<meta property=\"article:modified_time\" content=\"2024-11-06T23:49:42+00:00\" \/>\n<meta property=\"og:image\" content=\"https:\/\/graziamagazine.com\/es\/wp-content\/uploads\/sites\/12\/2024\/11\/82d39039-168f-4a32-a90a-8d0b7759d267_source-aspect-ratio_default_0.jpg\" \/>\n\t<meta property=\"og:image:width\" content=\"2000\" \/>\n\t<meta property=\"og:image:height\" content=\"1331\" \/>\n\t<meta property=\"og:image:type\" content=\"image\/jpeg\" \/>\n<meta name=\"twitter:card\" content=\"summary_large_image\" \/>\n<meta name=\"twitter:label1\" content=\"Est. reading time\" \/>\n\t<meta name=\"twitter:data1\" content=\"4 minutos\" \/>\n<script type=\"application\/ld+json\" class=\"yoast-schema-graph\">{\"@context\":\"https:\/\/schema.org\",\"@graph\":[{\"@type\":\"WebPage\",\"@id\":\"https:\/\/graziamagazine.com\/es\/articles\/8-consejos-para-aprovechar-al-maximo-tu-mascarilla-facial\/\",\"url\":\"https:\/\/graziamagazine.com\/es\/articles\/8-consejos-para-aprovechar-al-maximo-tu-mascarilla-facial\/\",\"name\":\"8 consejos para aprovechar al m\u00e1ximo tu mascarilla facial\",\"isPartOf\":{\"@id\":\"https:\/\/graziamagazine.com\/es\/#website\"},\"datePublished\":\"2024-11-07T08:00:53+00:00\",\"dateModified\":\"2024-11-06T23:49:42+00:00\",\"description\":\"Recuerda que cada mascarilla cumple una funci\u00f3n espec\u00edfica y que debes adaptarla a las necesidades de tu piel.\",\"breadcrumb\":{\"@id\":\"https:\/\/graziamagazine.com\/es\/articles\/8-consejos-para-aprovechar-al-maximo-tu-mascarilla-facial\/#breadcrumb\"},\"inLanguage\":\"es\",\"potentialAction\":[{\"@type\":\"ReadAction\",\"target\":[\"https:\/\/graziamagazine.com\/es\/articles\/8-consejos-para-aprovechar-al-maximo-tu-mascarilla-facial\/\"]}]},{\"@type\":\"BreadcrumbList\",\"@id\":\"https:\/\/graziamagazine.com\/es\/articles\/8-consejos-para-aprovechar-al-maximo-tu-mascarilla-facial\/#breadcrumb\",\"itemListElement\":[{\"@type\":\"ListItem\",\"position\":1,\"name\":\"Portada\",\"item\":\"https:\/\/graziamagazine.com\/es\/\"},{\"@type\":\"ListItem\",\"position\":2,\"name\":\"8 consejos para aprovechar al m\u00e1ximo tu mascarilla facial\"}]},{\"@type\":\"WebSite\",\"@id\":\"https:\/\/graziamagazine.com\/es\/#website\",\"url\":\"https:\/\/graziamagazine.com\/es\/\",\"name\":\"Grazia\",\"description\":\"Moda, belleza, celebrities, estilo de vida...\",\"potentialAction\":[{\"@type\":\"SearchAction\",\"target\":{\"@type\":\"EntryPoint\",\"urlTemplate\":\"https:\/\/graziamagazine.com\/es\/?s={search_term_string}\"},\"query-input\":\"required name=search_term_string\"}],\"inLanguage\":\"es\"}]}<\/script>\n<!-- \/ Yoast SEO Premium plugin. -->","yoast_head_json":{"title":"8 consejos para aprovechar al m\u00e1ximo tu mascarilla facial","description":"Recuerda que cada mascarilla cumple una funci\u00f3n espec\u00edfica y que debes adaptarla a las necesidades de tu piel.","robots":{"index":"index","follow":"follow","max-snippet":"max-snippet:-1","max-image-preview":"max-image-preview:large","max-video-preview":"max-video-preview:-1"},"canonical":"https:\/\/graziamagazine.com\/es\/articles\/8-consejos-para-aprovechar-al-maximo-tu-mascarilla-facial\/","og_locale":"es_ES","og_type":"article","og_title":"8 consejos para aprovechar al m\u00e1ximo tu mascarilla facial","og_description":"Recuerda que cada mascarilla cumple una funci\u00f3n espec\u00edfica y que debes adaptarla a las necesidades de tu piel.","og_url":"https:\/\/graziamagazine.com\/es\/articles\/8-consejos-para-aprovechar-al-maximo-tu-mascarilla-facial\/","og_site_name":"Grazia","article_modified_time":"2024-11-06T23:49:42+00:00","og_image":[{"width":2000,"height":1331,"url":"https:\/\/graziamagazine.com\/es\/wp-content\/uploads\/sites\/12\/2024\/11\/82d39039-168f-4a32-a90a-8d0b7759d267_source-aspect-ratio_default_0.jpg","type":"image\/jpeg"}],"twitter_card":"summary_large_image","twitter_misc":{"Est. reading time":"4 minutos"},"schema":{"@context":"https:\/\/schema.org","@graph":[{"@type":"WebPage","@id":"https:\/\/graziamagazine.com\/es\/articles\/8-consejos-para-aprovechar-al-maximo-tu-mascarilla-facial\/","url":"https:\/\/graziamagazine.com\/es\/articles\/8-consejos-para-aprovechar-al-maximo-tu-mascarilla-facial\/","name":"8 consejos para aprovechar al m\u00e1ximo tu mascarilla facial","isPartOf":{"@id":"https:\/\/graziamagazine.com\/es\/#website"},"datePublished":"2024-11-07T08:00:53+00:00","dateModified":"2024-11-06T23:49:42+00:00","description":"Recuerda que cada mascarilla cumple una funci\u00f3n espec\u00edfica y que debes adaptarla a las necesidades de tu piel.","breadcrumb":{"@id":"https:\/\/graziamagazine.com\/es\/articles\/8-consejos-para-aprovechar-al-maximo-tu-mascarilla-facial\/#breadcrumb"},"inLanguage":"es","potentialAction":[{"@type":"ReadAction","target":["https:\/\/graziamagazine.com\/es\/articles\/8-consejos-para-aprovechar-al-maximo-tu-mascarilla-facial\/"]}]},{"@type":"BreadcrumbList","@id":"https:\/\/graziamagazine.com\/es\/articles\/8-consejos-para-aprovechar-al-maximo-tu-mascarilla-facial\/#breadcrumb","itemListElement":[{"@type":"ListItem","position":1,"name":"Portada","item":"https:\/\/graziamagazine.com\/es\/"},{"@type":"ListItem","position":2,"name":"8 consejos para aprovechar al m\u00e1ximo tu mascarilla facial"}]},{"@type":"WebSite","@id":"https:\/\/graziamagazine.com\/es\/#website","url":"https:\/\/graziamagazine.com\/es\/","name":"Grazia","description":"Moda, belleza, celebrities, estilo de vida...","potentialAction":[{"@type":"SearchAction","target":{"@type":"EntryPoint","urlTemplate":"https:\/\/graziamagazine.com\/es\/?s={search_term_string}"},"query-input":"required name=search_term_string"}],"inLanguage":"es"}]}},"jetpack_sharing_enabled":true,"distributor_meta":false,"distributor_terms":false,"distributor_media":false,"distributor_original_site_name":"Grazia","distributor_original_site_url":"https:\/\/graziamagazine.com\/es","push-errors":false,"_links":{"self":[{"href":"https:\/\/graziamagazine.com\/es\/wp-json\/wp\/v2\/articles\/180146"}],"collection":[{"href":"https:\/\/graziamagazine.com\/es\/wp-json\/wp\/v2\/articles"}],"about":[{"href":"https:\/\/graziamagazine.com\/es\/wp-json\/wp\/v2\/types\/articles"}],"author":[{"embeddable":true,"href":"https:\/\/graziamagazine.com\/es\/wp-json\/wp\/v2\/users\/11653"}],"wp:featuredmedia":[{"embeddable":true,"href":"https:\/\/graziamagazine.com\/es\/wp-json\/wp\/v2\/media\/180147"}],"wp:attachment":[{"href":"https:\/\/graziamagazine.com\/es\/wp-json\/wp\/v2\/media?parent=180146"}],"wp:term":[{"taxonomy":"category","embeddable":true,"href":"https:\/\/graziamagazine.com\/es\/wp-json\/wp\/v2\/categories?post=180146"}],"curies":[{"name":"wp","href":"https:\/\/api.w.org\/{rel}","templated":true}]}}