{"id":179944,"date":"2024-10-29T10:41:06","date_gmt":"2024-10-29T09:41:06","guid":{"rendered":"https:\/\/graziamagazine.com\/es\/?post_type=articles&#038;p=179944"},"modified":"2024-10-29T10:41:06","modified_gmt":"2024-10-29T09:41:06","slug":"shine-la-nueva-coleccion-de-zara-hair-y-guido-palau","status":"publish","type":"articles","link":"https:\/\/graziamagazine.com\/es\/articles\/shine-la-nueva-coleccion-de-zara-hair-y-guido-palau\/","title":{"rendered":"Shine, la nueva colecci\u00f3n de ZARA HAIR y Guido Palau"},"content":{"rendered":"<p>Zara sigue ampliando su oferta de belleza, y en esta ocasi\u00f3n su l\u00ednea <a href=\"https:\/\/www.zara.com\/es\/es\/woman-hair-l7345.html?v1=2440847&amp;regionGroupId=110\" target=\"_blank\">ZARA Hair<\/a> aumenta con la llegada de nuevos productos, que una vez m\u00e1s han sido creados con colaboraci\u00f3n con Guido Palau y que podr\u00e1n encontrarse en tienda a partir del 1 de noviembre.<\/p>\n<p>La nueva colecci\u00f3n <em>Shine<\/em> se suma a las dos anteriores creadas por el buque insignia de Inditex y el mundialmente reconocido estilista espa\u00f1ol, <em>Everyday Basics<\/em> y\u00a0<em>Undone,\u00a0<\/em>y cuyos productos buscan conseguir un efecto &#8216;Old Hollywood&#8217;, como aquellas melenas de los a\u00f1os dorados de Hollywood.<\/p>\n<p><img loading=\"lazy\" decoding=\"async\" class=\"aligncenter size-full wp-image-179948\" src=\"https:\/\/graziamagazine.com\/es\/wp-content\/uploads\/sites\/12\/2024\/10\/NRO_240722_ZARA-HAIR_Shot_04_024_13F_QC-copia.jpeg\" alt=\"\" width=\"1681\" height=\"2100\" srcset=\"https:\/\/graziamagazine.com\/es\/wp-content\/uploads\/sites\/12\/2024\/10\/NRO_240722_ZARA-HAIR_Shot_04_024_13F_QC-copia.jpeg 1681w, https:\/\/graziamagazine.com\/es\/wp-content\/uploads\/sites\/12\/2024\/10\/NRO_240722_ZARA-HAIR_Shot_04_024_13F_QC-copia-240x300.jpeg 240w, https:\/\/graziamagazine.com\/es\/wp-content\/uploads\/sites\/12\/2024\/10\/NRO_240722_ZARA-HAIR_Shot_04_024_13F_QC-copia-820x1024.jpeg 820w, https:\/\/graziamagazine.com\/es\/wp-content\/uploads\/sites\/12\/2024\/10\/NRO_240722_ZARA-HAIR_Shot_04_024_13F_QC-copia-768x959.jpeg 768w, https:\/\/graziamagazine.com\/es\/wp-content\/uploads\/sites\/12\/2024\/10\/NRO_240722_ZARA-HAIR_Shot_04_024_13F_QC-copia-1230x1536.jpeg 1230w, https:\/\/graziamagazine.com\/es\/wp-content\/uploads\/sites\/12\/2024\/10\/NRO_240722_ZARA-HAIR_Shot_04_024_13F_QC-copia-1639x2048.jpeg 1639w, https:\/\/graziamagazine.com\/es\/wp-content\/uploads\/sites\/12\/2024\/10\/NRO_240722_ZARA-HAIR_Shot_04_024_13F_QC-copia-400x500.jpeg 400w, https:\/\/graziamagazine.com\/es\/wp-content\/uploads\/sites\/12\/2024\/10\/NRO_240722_ZARA-HAIR_Shot_04_024_13F_QC-copia-155x194.jpeg 155w\" sizes=\"(max-width: 1681px) 100vw, 1681px\" \/><\/p>\n<p>Dise\u00f1ada por Guido Palau, la Colecci\u00f3n Shine es la soluci\u00f3n definitiva para lograr un cabello ultra brillante y de aspecto saludable. Elaborada para todos los tipos y texturas de cabello, esta gama f\u00e1cil de usar cuenta con cuatro productos vers\u00e1tiles: Shine Texture Cream, Shine Mist, Shine Blow Dry Spray, y Shine Oil. Ya sea que est\u00e9s buscando controlar el frizz, suavidad o un brillo deslumbrante, la Colecci\u00f3n Shine ofrece todo lo que necesitas para elevar tu rutina de cuidado capilar.<\/p>\n<figure class=\"wp-block-gallery has-nested-images columns-default is-cropped wp-block-gallery-1 is-layout-flex wp-block-gallery-is-layout-flex\" data-pk-uuid=\"wodzdgnaw\">\n<figure class=\"wp-block-image size-large pk-lightbox-container\"><\/figure>\n<\/figure>\n<h3>La nueva colecci\u00f3n Shine<\/h3>\n<p>La Colecci\u00f3n Shine se centra en la simplicidad y la versatilidad. Cada producto se puede usar de forma individual o en capas para crear una rutina personalizada, mejorando la textura, a\u00f1adiendo brillo instant\u00e1neo o proporcionando hidrataci\u00f3n y protecci\u00f3n esenciales. Desde el Spray para Secado con Calor Hidratante y Alisador hasta la Bruma Brillante ultraligera, esta colecci\u00f3n est\u00e1 dise\u00f1ada para garantizar resultados pulidos, sin frizz y de alto brillo para todo tipo de cabello. Da igual que busques un acabado elegante con secado al aire o un acabado natural y brillante, la Colecci\u00f3n Shine garantiza un aspecto radiante y de calidad profesional en cada uso.<\/p>\n<p><img loading=\"lazy\" decoding=\"async\" class=\"aligncenter size-full wp-image-179951\" src=\"https:\/\/graziamagazine.com\/es\/wp-content\/uploads\/sites\/12\/2024\/10\/8950-05F-ZRA-SRG-GROUP-copia-scaled.jpeg\" alt=\"\" width=\"2560\" height=\"2188\" srcset=\"https:\/\/graziamagazine.com\/es\/wp-content\/uploads\/sites\/12\/2024\/10\/8950-05F-ZRA-SRG-GROUP-copia-scaled.jpeg 2560w, https:\/\/graziamagazine.com\/es\/wp-content\/uploads\/sites\/12\/2024\/10\/8950-05F-ZRA-SRG-GROUP-copia-300x256.jpeg 300w, https:\/\/graziamagazine.com\/es\/wp-content\/uploads\/sites\/12\/2024\/10\/8950-05F-ZRA-SRG-GROUP-copia-1024x875.jpeg 1024w, https:\/\/graziamagazine.com\/es\/wp-content\/uploads\/sites\/12\/2024\/10\/8950-05F-ZRA-SRG-GROUP-copia-768x656.jpeg 768w, https:\/\/graziamagazine.com\/es\/wp-content\/uploads\/sites\/12\/2024\/10\/8950-05F-ZRA-SRG-GROUP-copia-1536x1313.jpeg 1536w, https:\/\/graziamagazine.com\/es\/wp-content\/uploads\/sites\/12\/2024\/10\/8950-05F-ZRA-SRG-GROUP-copia-2048x1750.jpeg 2048w, https:\/\/graziamagazine.com\/es\/wp-content\/uploads\/sites\/12\/2024\/10\/8950-05F-ZRA-SRG-GROUP-copia-400x342.jpeg 400w, https:\/\/graziamagazine.com\/es\/wp-content\/uploads\/sites\/12\/2024\/10\/8950-05F-ZRA-SRG-GROUP-copia-155x132.jpeg 155w\" sizes=\"(max-width: 2560px) 100vw, 2560px\" \/><\/p>\n<h4><strong>Shine Texture Cream<\/strong><\/h4>\n<p>Una crema de peinado y acondicionador multifuncional que define la textura, doma el frizz y a\u00f1ade un brillo saludable. Ideal para todo tipo de cabello. Tambi\u00e9n ayuda a eliminar los cabellos sueltos mientras proporciona hidrataci\u00f3n y un acabado de alto brillo.<\/p>\n<p><img loading=\"lazy\" decoding=\"async\" class=\"aligncenter size-full wp-image-179956\" src=\"https:\/\/graziamagazine.com\/es\/wp-content\/uploads\/sites\/12\/2024\/10\/8950-01E-ZRA-SRG-SHINE-TEXTURE-CREAM-1-scaled-e1730194623169.jpg\" alt=\"\" width=\"2107\" height=\"1753\" srcset=\"https:\/\/graziamagazine.com\/es\/wp-content\/uploads\/sites\/12\/2024\/10\/8950-01E-ZRA-SRG-SHINE-TEXTURE-CREAM-1-scaled-e1730194623169.jpg 2107w, https:\/\/graziamagazine.com\/es\/wp-content\/uploads\/sites\/12\/2024\/10\/8950-01E-ZRA-SRG-SHINE-TEXTURE-CREAM-1-scaled-e1730194623169-300x250.jpg 300w, https:\/\/graziamagazine.com\/es\/wp-content\/uploads\/sites\/12\/2024\/10\/8950-01E-ZRA-SRG-SHINE-TEXTURE-CREAM-1-scaled-e1730194623169-1024x852.jpg 1024w, https:\/\/graziamagazine.com\/es\/wp-content\/uploads\/sites\/12\/2024\/10\/8950-01E-ZRA-SRG-SHINE-TEXTURE-CREAM-1-scaled-e1730194623169-768x639.jpg 768w, https:\/\/graziamagazine.com\/es\/wp-content\/uploads\/sites\/12\/2024\/10\/8950-01E-ZRA-SRG-SHINE-TEXTURE-CREAM-1-scaled-e1730194623169-1536x1278.jpg 1536w, https:\/\/graziamagazine.com\/es\/wp-content\/uploads\/sites\/12\/2024\/10\/8950-01E-ZRA-SRG-SHINE-TEXTURE-CREAM-1-scaled-e1730194623169-2048x1704.jpg 2048w, https:\/\/graziamagazine.com\/es\/wp-content\/uploads\/sites\/12\/2024\/10\/8950-01E-ZRA-SRG-SHINE-TEXTURE-CREAM-1-scaled-e1730194623169-400x333.jpg 400w, https:\/\/graziamagazine.com\/es\/wp-content\/uploads\/sites\/12\/2024\/10\/8950-01E-ZRA-SRG-SHINE-TEXTURE-CREAM-1-scaled-e1730194623169-155x129.jpg 155w\" sizes=\"(max-width: 2107px) 100vw, 2107px\" \/><\/p>\n<h4><strong>Shine Mist<\/strong><\/h4>\n<p>Una bruma ultrafina dise\u00f1ada para todo tipo de cabello, que proporciona un brillo instant\u00e1neo y saludable con un acabado no graso. Perfecto para el cabello secado con calor.<\/p>\n<p><img loading=\"lazy\" decoding=\"async\" class=\"aligncenter wp-image-179953 size-full\" src=\"https:\/\/graziamagazine.com\/es\/wp-content\/uploads\/sites\/12\/2024\/10\/8950-02F-ZRA-SRG-SHINE-MIST-scaled-e1730194465757.jpg\" alt=\"\" width=\"2120\" height=\"1847\" srcset=\"https:\/\/graziamagazine.com\/es\/wp-content\/uploads\/sites\/12\/2024\/10\/8950-02F-ZRA-SRG-SHINE-MIST-scaled-e1730194465757.jpg 2120w, https:\/\/graziamagazine.com\/es\/wp-content\/uploads\/sites\/12\/2024\/10\/8950-02F-ZRA-SRG-SHINE-MIST-scaled-e1730194465757-300x261.jpg 300w, https:\/\/graziamagazine.com\/es\/wp-content\/uploads\/sites\/12\/2024\/10\/8950-02F-ZRA-SRG-SHINE-MIST-scaled-e1730194465757-1024x892.jpg 1024w, https:\/\/graziamagazine.com\/es\/wp-content\/uploads\/sites\/12\/2024\/10\/8950-02F-ZRA-SRG-SHINE-MIST-scaled-e1730194465757-768x669.jpg 768w, https:\/\/graziamagazine.com\/es\/wp-content\/uploads\/sites\/12\/2024\/10\/8950-02F-ZRA-SRG-SHINE-MIST-scaled-e1730194465757-1536x1338.jpg 1536w, https:\/\/graziamagazine.com\/es\/wp-content\/uploads\/sites\/12\/2024\/10\/8950-02F-ZRA-SRG-SHINE-MIST-scaled-e1730194465757-2048x1784.jpg 2048w, https:\/\/graziamagazine.com\/es\/wp-content\/uploads\/sites\/12\/2024\/10\/8950-02F-ZRA-SRG-SHINE-MIST-scaled-e1730194465757-400x348.jpg 400w, https:\/\/graziamagazine.com\/es\/wp-content\/uploads\/sites\/12\/2024\/10\/8950-02F-ZRA-SRG-SHINE-MIST-scaled-e1730194465757-155x135.jpg 155w\" sizes=\"(max-width: 2120px) 100vw, 2120px\" \/><\/p>\n<h4><strong>Shine Blow Dry Spray<\/strong><\/h4>\n<p>El primer paso perfecto para cualquier secado con calor, esta bruma hidrata y protege tu cabello, d\u00e1ndole un acabado brillante y una textura suave. Tambi\u00e9n act\u00faa como protector t\u00e9rmico para todo tipo de cabello. Deja el cabello sin frizz y suave.<\/p>\n<p><img loading=\"lazy\" decoding=\"async\" class=\"aligncenter wp-image-179954 size-full\" src=\"https:\/\/graziamagazine.com\/es\/wp-content\/uploads\/sites\/12\/2024\/10\/8950-03F-ZRA-SRG-SHINE-BLOW-DRY-SPRAY-scaled-e1730194532257.jpg\" alt=\"\" width=\"2146\" height=\"1890\" srcset=\"https:\/\/graziamagazine.com\/es\/wp-content\/uploads\/sites\/12\/2024\/10\/8950-03F-ZRA-SRG-SHINE-BLOW-DRY-SPRAY-scaled-e1730194532257.jpg 2146w, https:\/\/graziamagazine.com\/es\/wp-content\/uploads\/sites\/12\/2024\/10\/8950-03F-ZRA-SRG-SHINE-BLOW-DRY-SPRAY-scaled-e1730194532257-300x264.jpg 300w, https:\/\/graziamagazine.com\/es\/wp-content\/uploads\/sites\/12\/2024\/10\/8950-03F-ZRA-SRG-SHINE-BLOW-DRY-SPRAY-scaled-e1730194532257-1024x902.jpg 1024w, https:\/\/graziamagazine.com\/es\/wp-content\/uploads\/sites\/12\/2024\/10\/8950-03F-ZRA-SRG-SHINE-BLOW-DRY-SPRAY-scaled-e1730194532257-768x676.jpg 768w, https:\/\/graziamagazine.com\/es\/wp-content\/uploads\/sites\/12\/2024\/10\/8950-03F-ZRA-SRG-SHINE-BLOW-DRY-SPRAY-scaled-e1730194532257-1536x1353.jpg 1536w, https:\/\/graziamagazine.com\/es\/wp-content\/uploads\/sites\/12\/2024\/10\/8950-03F-ZRA-SRG-SHINE-BLOW-DRY-SPRAY-scaled-e1730194532257-2048x1804.jpg 2048w, https:\/\/graziamagazine.com\/es\/wp-content\/uploads\/sites\/12\/2024\/10\/8950-03F-ZRA-SRG-SHINE-BLOW-DRY-SPRAY-scaled-e1730194532257-400x352.jpg 400w, https:\/\/graziamagazine.com\/es\/wp-content\/uploads\/sites\/12\/2024\/10\/8950-03F-ZRA-SRG-SHINE-BLOW-DRY-SPRAY-scaled-e1730194532257-155x137.jpg 155w\" sizes=\"(max-width: 2146px) 100vw, 2146px\" \/><\/p>\n<h4><strong>Shine Oil<\/strong><\/h4>\n<p>Un aceite ligero y nutritivo que a\u00f1ade un acabado suave y brillante al cabello sin apelmazarlo. Perfecto para sellar la hidrataci\u00f3n y crear un look elegante.<\/p>\n<p><img loading=\"lazy\" decoding=\"async\" class=\"aligncenter size-full wp-image-179955\" src=\"https:\/\/graziamagazine.com\/es\/wp-content\/uploads\/sites\/12\/2024\/10\/8950-04E-ZRA-SRG-SHINE-OIL-scaled-e1730194666134.jpg\" alt=\"\" width=\"2150\" height=\"1420\" srcset=\"https:\/\/graziamagazine.com\/es\/wp-content\/uploads\/sites\/12\/2024\/10\/8950-04E-ZRA-SRG-SHINE-OIL-scaled-e1730194666134.jpg 2150w, https:\/\/graziamagazine.com\/es\/wp-content\/uploads\/sites\/12\/2024\/10\/8950-04E-ZRA-SRG-SHINE-OIL-scaled-e1730194666134-300x198.jpg 300w, https:\/\/graziamagazine.com\/es\/wp-content\/uploads\/sites\/12\/2024\/10\/8950-04E-ZRA-SRG-SHINE-OIL-scaled-e1730194666134-1024x676.jpg 1024w, https:\/\/graziamagazine.com\/es\/wp-content\/uploads\/sites\/12\/2024\/10\/8950-04E-ZRA-SRG-SHINE-OIL-scaled-e1730194666134-768x507.jpg 768w, https:\/\/graziamagazine.com\/es\/wp-content\/uploads\/sites\/12\/2024\/10\/8950-04E-ZRA-SRG-SHINE-OIL-scaled-e1730194666134-1536x1014.jpg 1536w, https:\/\/graziamagazine.com\/es\/wp-content\/uploads\/sites\/12\/2024\/10\/8950-04E-ZRA-SRG-SHINE-OIL-scaled-e1730194666134-2048x1353.jpg 2048w, https:\/\/graziamagazine.com\/es\/wp-content\/uploads\/sites\/12\/2024\/10\/8950-04E-ZRA-SRG-SHINE-OIL-scaled-e1730194666134-400x264.jpg 400w, https:\/\/graziamagazine.com\/es\/wp-content\/uploads\/sites\/12\/2024\/10\/8950-04E-ZRA-SRG-SHINE-OIL-scaled-e1730194666134-155x102.jpg 155w\" sizes=\"(max-width: 2150px) 100vw, 2150px\" \/><\/p>\n<p>Recuerda que la nueva colecci\u00f3n Shine de ZARA HAIR estar\u00e1 disponible a partir del 1 de noviembre en tiendas y web de Zara.<\/p>\n<p><em>*Im\u00e1genes: cortes\u00eda\u00a0<\/em><\/p>\n","protected":false},"author":11653,"featured_media":179950,"template":"","format":"standard","categories":[7],"acf":[],"yoast_head":"<!-- This site is optimized with the Yoast SEO Premium plugin v18.5 (Yoast SEO v20.4) - https:\/\/yoast.com\/wordpress\/plugins\/seo\/ -->\n<title>Shine, la nueva colecci\u00f3n de ZARA HAIR y Guido Palau<\/title>\n<meta name=\"description\" content=\"Compuesta por cuatro productos que marcan la soluci\u00f3n para lograr un cabello ultra brillante y de aspecto saludable.\" \/>\n<meta name=\"robots\" content=\"index, follow, max-snippet:-1, max-image-preview:large, max-video-preview:-1\" \/>\n<link rel=\"canonical\" href=\"https:\/\/graziamagazine.com\/es\/articles\/shine-la-nueva-coleccion-de-zara-hair-y-guido-palau\/\" \/>\n<meta property=\"og:locale\" content=\"es_ES\" \/>\n<meta property=\"og:type\" content=\"article\" \/>\n<meta property=\"og:title\" content=\"Shine, la nueva colecci\u00f3n de ZARA HAIR y Guido Palau\" \/>\n<meta property=\"og:description\" content=\"Compuesta por cuatro productos que marcan la soluci\u00f3n para lograr un cabello ultra brillante y de aspecto saludable.\" \/>\n<meta property=\"og:url\" content=\"https:\/\/graziamagazine.com\/es\/articles\/shine-la-nueva-coleccion-de-zara-hair-y-guido-palau\/\" \/>\n<meta property=\"og:site_name\" content=\"Grazia\" \/>\n<meta property=\"og:image\" content=\"https:\/\/graziamagazine.com\/es\/wp-content\/uploads\/sites\/12\/2024\/10\/NRO_240722_ZARA-HAIR_Shot_03_093_08F_QC-copia-e1730194856479.jpeg\" \/>\n\t<meta property=\"og:image:width\" content=\"1799\" \/>\n\t<meta property=\"og:image:height\" content=\"1641\" \/>\n\t<meta property=\"og:image:type\" content=\"image\/jpeg\" \/>\n<meta name=\"twitter:card\" content=\"summary_large_image\" \/>\n<meta name=\"twitter:label1\" content=\"Est. reading time\" \/>\n\t<meta name=\"twitter:data1\" content=\"4 minutos\" \/>\n<script type=\"application\/ld+json\" class=\"yoast-schema-graph\">{\"@context\":\"https:\/\/schema.org\",\"@graph\":[{\"@type\":\"WebPage\",\"@id\":\"https:\/\/graziamagazine.com\/es\/articles\/shine-la-nueva-coleccion-de-zara-hair-y-guido-palau\/\",\"url\":\"https:\/\/graziamagazine.com\/es\/articles\/shine-la-nueva-coleccion-de-zara-hair-y-guido-palau\/\",\"name\":\"Shine, la nueva colecci\u00f3n de ZARA HAIR y Guido Palau\",\"isPartOf\":{\"@id\":\"https:\/\/graziamagazine.com\/es\/#website\"},\"datePublished\":\"2024-10-29T09:41:06+00:00\",\"dateModified\":\"2024-10-29T09:41:06+00:00\",\"description\":\"Compuesta por cuatro productos que marcan la soluci\u00f3n para lograr un cabello ultra brillante y de aspecto saludable.\",\"breadcrumb\":{\"@id\":\"https:\/\/graziamagazine.com\/es\/articles\/shine-la-nueva-coleccion-de-zara-hair-y-guido-palau\/#breadcrumb\"},\"inLanguage\":\"es\",\"potentialAction\":[{\"@type\":\"ReadAction\",\"target\":[\"https:\/\/graziamagazine.com\/es\/articles\/shine-la-nueva-coleccion-de-zara-hair-y-guido-palau\/\"]}]},{\"@type\":\"BreadcrumbList\",\"@id\":\"https:\/\/graziamagazine.com\/es\/articles\/shine-la-nueva-coleccion-de-zara-hair-y-guido-palau\/#breadcrumb\",\"itemListElement\":[{\"@type\":\"ListItem\",\"position\":1,\"name\":\"Portada\",\"item\":\"https:\/\/graziamagazine.com\/es\/\"},{\"@type\":\"ListItem\",\"position\":2,\"name\":\"Shine, la nueva colecci\u00f3n de ZARA HAIR y Guido Palau\"}]},{\"@type\":\"WebSite\",\"@id\":\"https:\/\/graziamagazine.com\/es\/#website\",\"url\":\"https:\/\/graziamagazine.com\/es\/\",\"name\":\"Grazia\",\"description\":\"Moda, belleza, celebrities, estilo de vida...\",\"potentialAction\":[{\"@type\":\"SearchAction\",\"target\":{\"@type\":\"EntryPoint\",\"urlTemplate\":\"https:\/\/graziamagazine.com\/es\/?s={search_term_string}\"},\"query-input\":\"required name=search_term_string\"}],\"inLanguage\":\"es\"}]}<\/script>\n<!-- \/ Yoast SEO Premium plugin. -->","yoast_head_json":{"title":"Shine, la nueva colecci\u00f3n de ZARA HAIR y Guido Palau","description":"Compuesta por cuatro productos que marcan la soluci\u00f3n para lograr un cabello ultra brillante y de aspecto saludable.","robots":{"index":"index","follow":"follow","max-snippet":"max-snippet:-1","max-image-preview":"max-image-preview:large","max-video-preview":"max-video-preview:-1"},"canonical":"https:\/\/graziamagazine.com\/es\/articles\/shine-la-nueva-coleccion-de-zara-hair-y-guido-palau\/","og_locale":"es_ES","og_type":"article","og_title":"Shine, la nueva colecci\u00f3n de ZARA HAIR y Guido Palau","og_description":"Compuesta por cuatro productos que marcan la soluci\u00f3n para lograr un cabello ultra brillante y de aspecto saludable.","og_url":"https:\/\/graziamagazine.com\/es\/articles\/shine-la-nueva-coleccion-de-zara-hair-y-guido-palau\/","og_site_name":"Grazia","og_image":[{"width":1799,"height":1641,"url":"https:\/\/graziamagazine.com\/es\/wp-content\/uploads\/sites\/12\/2024\/10\/NRO_240722_ZARA-HAIR_Shot_03_093_08F_QC-copia-e1730194856479.jpeg","type":"image\/jpeg"}],"twitter_card":"summary_large_image","twitter_misc":{"Est. reading time":"4 minutos"},"schema":{"@context":"https:\/\/schema.org","@graph":[{"@type":"WebPage","@id":"https:\/\/graziamagazine.com\/es\/articles\/shine-la-nueva-coleccion-de-zara-hair-y-guido-palau\/","url":"https:\/\/graziamagazine.com\/es\/articles\/shine-la-nueva-coleccion-de-zara-hair-y-guido-palau\/","name":"Shine, la nueva colecci\u00f3n de ZARA HAIR y Guido Palau","isPartOf":{"@id":"https:\/\/graziamagazine.com\/es\/#website"},"datePublished":"2024-10-29T09:41:06+00:00","dateModified":"2024-10-29T09:41:06+00:00","description":"Compuesta por cuatro productos que marcan la soluci\u00f3n para lograr un cabello ultra brillante y de aspecto saludable.","breadcrumb":{"@id":"https:\/\/graziamagazine.com\/es\/articles\/shine-la-nueva-coleccion-de-zara-hair-y-guido-palau\/#breadcrumb"},"inLanguage":"es","potentialAction":[{"@type":"ReadAction","target":["https:\/\/graziamagazine.com\/es\/articles\/shine-la-nueva-coleccion-de-zara-hair-y-guido-palau\/"]}]},{"@type":"BreadcrumbList","@id":"https:\/\/graziamagazine.com\/es\/articles\/shine-la-nueva-coleccion-de-zara-hair-y-guido-palau\/#breadcrumb","itemListElement":[{"@type":"ListItem","position":1,"name":"Portada","item":"https:\/\/graziamagazine.com\/es\/"},{"@type":"ListItem","position":2,"name":"Shine, la nueva colecci\u00f3n de ZARA HAIR y Guido Palau"}]},{"@type":"WebSite","@id":"https:\/\/graziamagazine.com\/es\/#website","url":"https:\/\/graziamagazine.com\/es\/","name":"Grazia","description":"Moda, belleza, celebrities, estilo de vida...","potentialAction":[{"@type":"SearchAction","target":{"@type":"EntryPoint","urlTemplate":"https:\/\/graziamagazine.com\/es\/?s={search_term_string}"},"query-input":"required name=search_term_string"}],"inLanguage":"es"}]}},"jetpack_sharing_enabled":true,"distributor_meta":false,"distributor_terms":false,"distributor_media":false,"distributor_original_site_name":"Grazia","distributor_original_site_url":"https:\/\/graziamagazine.com\/es","push-errors":false,"_links":{"self":[{"href":"https:\/\/graziamagazine.com\/es\/wp-json\/wp\/v2\/articles\/179944"}],"collection":[{"href":"https:\/\/graziamagazine.com\/es\/wp-json\/wp\/v2\/articles"}],"about":[{"href":"https:\/\/graziamagazine.com\/es\/wp-json\/wp\/v2\/types\/articles"}],"author":[{"embeddable":true,"href":"https:\/\/graziamagazine.com\/es\/wp-json\/wp\/v2\/users\/11653"}],"wp:featuredmedia":[{"embeddable":true,"href":"https:\/\/graziamagazine.com\/es\/wp-json\/wp\/v2\/media\/179950"}],"wp:attachment":[{"href":"https:\/\/graziamagazine.com\/es\/wp-json\/wp\/v2\/media?parent=179944"}],"wp:term":[{"taxonomy":"category","embeddable":true,"href":"https:\/\/graziamagazine.com\/es\/wp-json\/wp\/v2\/categories?post=179944"}],"curies":[{"name":"wp","href":"https:\/\/api.w.org\/{rel}","templated":true}]}}