{"id":179881,"date":"2024-10-24T11:18:06","date_gmt":"2024-10-24T09:18:06","guid":{"rendered":"https:\/\/graziamagazine.com\/es\/?post_type=articles&#038;p=179881"},"modified":"2024-10-24T11:31:43","modified_gmt":"2024-10-24T09:31:43","slug":"fendi-abre-su-primera-boutique-en-madrid","status":"publish","type":"articles","link":"https:\/\/graziamagazine.com\/es\/articles\/fendi-abre-su-primera-boutique-en-madrid\/","title":{"rendered":"FENDI abre su primera boutique en Madrid"},"content":{"rendered":"<p>Una nueva apertura llega a uno de los puntos neur\u00e1lgicos de la capital espa\u00f1ola. La Milla de Oro madrile\u00f1a, donde se concentran las grandes <em>maisons<\/em> del lujo y la moda, es la zona elegida por FENDI para abrir su primera tienda en el mercado madrile\u00f1o.<\/p>\n<p>No pod\u00eda ser en otro lugar que la calle Ortega y Gasset donde la casa italiana acaba de inaugurar un espacio de 240 metros cuadrados que abarca todo el universo <span class=\"marksb7mcorx9\" data-markjs=\"true\" data-ogac=\"\" data-ogab=\"\" data-ogsc=\"\" data-ogsb=\"\">FENDI<\/span>, donde las colecciones de mujer y hombre se exhiben cuidadosamente en un impresionante espacio abierto remodelado. Esto se personaliza con la herencia y los c\u00f3digos de la Maison, combinados con elementos espa\u00f1oles y muebles de arte refinados, junto con materiales investigados. El concepto de dise\u00f1o de la boutique ha sido desarrollado por el Departamento de Arquitectura de\u00a0<span class=\"marksb7mcorx9\" data-markjs=\"true\" data-ogac=\"\" data-ogab=\"\" data-ogsc=\"\" data-ogsb=\"\">FENDI<\/span>.<\/p>\n<p>En l\u00ednea con la conexi\u00f3n de\u00a0<span class=\"marksb7mcorx9\" data-markjs=\"true\" data-ogac=\"\" data-ogab=\"\" data-ogsc=\"\" data-ogsb=\"\">FENDI<\/span>\u00a0con el mundo del arte y el dise\u00f1o, el enfoque del mobiliario de la\u00a0<em>boutique<\/em>\u00a0se ha concebido para incluir elementos de dise\u00f1adores emergentes espa\u00f1oles que fueron cuidadosamente seleccionados en la Galer\u00eda Alzueta, un oasis de arte contempor\u00e1neo local que representa a artistas j\u00f3venes, emergentes y consagrados, tanto espa\u00f1oles como internacionales. Todas las obras muestran una perspectiva y una est\u00e9tica que buscan trascender la primera y sutil capa de forma y colores que recuerdan los rasgos de la marca.<\/p>\n<p><img loading=\"lazy\" decoding=\"async\" class=\"aligncenter size-full wp-image-179885\" src=\"https:\/\/graziamagazine.com\/es\/wp-content\/uploads\/sites\/12\/2024\/10\/FENDI_Madrid-Ortega-Boutique-@SRivoltella-13.jpg\" alt=\"\" width=\"1920\" height=\"1273\" srcset=\"https:\/\/graziamagazine.com\/es\/wp-content\/uploads\/sites\/12\/2024\/10\/FENDI_Madrid-Ortega-Boutique-@SRivoltella-13.jpg 1920w, https:\/\/graziamagazine.com\/es\/wp-content\/uploads\/sites\/12\/2024\/10\/FENDI_Madrid-Ortega-Boutique-@SRivoltella-13-300x199.jpg 300w, https:\/\/graziamagazine.com\/es\/wp-content\/uploads\/sites\/12\/2024\/10\/FENDI_Madrid-Ortega-Boutique-@SRivoltella-13-1024x679.jpg 1024w, https:\/\/graziamagazine.com\/es\/wp-content\/uploads\/sites\/12\/2024\/10\/FENDI_Madrid-Ortega-Boutique-@SRivoltella-13-768x509.jpg 768w, https:\/\/graziamagazine.com\/es\/wp-content\/uploads\/sites\/12\/2024\/10\/FENDI_Madrid-Ortega-Boutique-@SRivoltella-13-1536x1018.jpg 1536w, https:\/\/graziamagazine.com\/es\/wp-content\/uploads\/sites\/12\/2024\/10\/FENDI_Madrid-Ortega-Boutique-@SRivoltella-13-400x265.jpg 400w, https:\/\/graziamagazine.com\/es\/wp-content\/uploads\/sites\/12\/2024\/10\/FENDI_Madrid-Ortega-Boutique-@SRivoltella-13-155x103.jpg 155w\" sizes=\"(max-width: 1920px) 100vw, 1920px\" \/><\/p>\n<p>En l\u00ednea con la conexi\u00f3n de\u00a0<span class=\"marksb7mcorx9\" data-markjs=\"true\" data-ogac=\"\" data-ogab=\"\" data-ogsc=\"\" data-ogsb=\"\">FENDI<\/span>\u00a0con el mundo del arte y el dise\u00f1o, el enfoque del mobiliario de la\u00a0<em>boutique<\/em> se ha concebido para incluir elementos de dise\u00f1adores emergentes espa\u00f1oles que fueron cuidadosamente seleccionados en la Galer\u00eda Alzueta, un oasis de arte contempor\u00e1neo local que representa a artistas j\u00f3venes, emergentes y consagrados, tanto espa\u00f1oles como internacionales. Todas las obras muestran una perspectiva y una est\u00e9tica que buscan trascender la primera y sutil capa de forma y colores que recuerdan los rasgos de la marca.<\/p>\n<p>Al entrar, los hu\u00e9spedes son recibidos por un lujoso espacio de doble altura. La mezcla altamente cuidada de materiales y texturas articula el espacio caracterizado por un patr\u00f3n de rombos t\u00edpico espa\u00f1ol en el piso reinterpretado con la alternancia de m\u00e1rmol travertino blanco y rosa y m\u00e1rmol verde de St. Denis.<\/p>\n<p><img loading=\"lazy\" decoding=\"async\" class=\"aligncenter size-full wp-image-179884\" src=\"https:\/\/graziamagazine.com\/es\/wp-content\/uploads\/sites\/12\/2024\/10\/FENDI_Madrid-Ortega-Boutique-@SRivoltella-30.jpg\" alt=\"\" width=\"1920\" height=\"1280\" srcset=\"https:\/\/graziamagazine.com\/es\/wp-content\/uploads\/sites\/12\/2024\/10\/FENDI_Madrid-Ortega-Boutique-@SRivoltella-30.jpg 1920w, https:\/\/graziamagazine.com\/es\/wp-content\/uploads\/sites\/12\/2024\/10\/FENDI_Madrid-Ortega-Boutique-@SRivoltella-30-300x200.jpg 300w, https:\/\/graziamagazine.com\/es\/wp-content\/uploads\/sites\/12\/2024\/10\/FENDI_Madrid-Ortega-Boutique-@SRivoltella-30-1024x683.jpg 1024w, https:\/\/graziamagazine.com\/es\/wp-content\/uploads\/sites\/12\/2024\/10\/FENDI_Madrid-Ortega-Boutique-@SRivoltella-30-768x512.jpg 768w, https:\/\/graziamagazine.com\/es\/wp-content\/uploads\/sites\/12\/2024\/10\/FENDI_Madrid-Ortega-Boutique-@SRivoltella-30-1536x1024.jpg 1536w, https:\/\/graziamagazine.com\/es\/wp-content\/uploads\/sites\/12\/2024\/10\/FENDI_Madrid-Ortega-Boutique-@SRivoltella-30-400x267.jpg 400w, https:\/\/graziamagazine.com\/es\/wp-content\/uploads\/sites\/12\/2024\/10\/FENDI_Madrid-Ortega-Boutique-@SRivoltella-30-155x103.jpg 155w\" sizes=\"(max-width: 1920px) 100vw, 1920px\" \/><\/p>\n<p>La zona delantera est\u00e1 dedicada a los bolsos, accesorios y zapatos de mujer, expuestos en una cautivadora combinaci\u00f3n de pared de m\u00e1rmol travertino acanalado, que recuerda a las ruinas y decorada con un patr\u00f3n de logotipo F diagonal esbozado por Karl Lagerfeld, y una secuencia de nichos con un fondo de yeso tridimensional con motivos geom\u00e9tricos y\u00a0<em>Pequin\u00a0<\/em>del archivo de la Maison.<\/p>\n<p><em data-olk-copy-source=\"MessageBody\">Sironi<\/em>, que recuerdan las ruinas romanas en m\u00e1rmol Rima amarillo, adornan el espacio. Las tabletas de piel distintivas de\u00a0<span class=\"marksb7mcorx9\" data-markjs=\"true\" data-ogac=\"\" data-ogab=\"\" data-ogsc=\"\" data-ogsb=\"\">FENDI<\/span>\u00a0con motivos \u00fanicos se utilizan en toda la tienda para recordar la excelencia artesanal, la fabricaci\u00f3n y el savoir-faire \u00fanicos de Roma y\u00a0<span class=\"marksb7mcorx9\" data-markjs=\"true\" data-ogac=\"\" data-ogab=\"\" data-ogsc=\"\" data-ogsb=\"\">FENDI<\/span>.<\/p>\n<p aria-hidden=\"true\"><img loading=\"lazy\" decoding=\"async\" class=\"aligncenter size-full wp-image-179886\" src=\"https:\/\/graziamagazine.com\/es\/wp-content\/uploads\/sites\/12\/2024\/10\/FENDI_Madrid-Ortega-Boutique-@SRivoltella-6.jpg\" alt=\"\" width=\"1920\" height=\"1280\" srcset=\"https:\/\/graziamagazine.com\/es\/wp-content\/uploads\/sites\/12\/2024\/10\/FENDI_Madrid-Ortega-Boutique-@SRivoltella-6.jpg 1920w, https:\/\/graziamagazine.com\/es\/wp-content\/uploads\/sites\/12\/2024\/10\/FENDI_Madrid-Ortega-Boutique-@SRivoltella-6-300x200.jpg 300w, https:\/\/graziamagazine.com\/es\/wp-content\/uploads\/sites\/12\/2024\/10\/FENDI_Madrid-Ortega-Boutique-@SRivoltella-6-1024x683.jpg 1024w, https:\/\/graziamagazine.com\/es\/wp-content\/uploads\/sites\/12\/2024\/10\/FENDI_Madrid-Ortega-Boutique-@SRivoltella-6-768x512.jpg 768w, https:\/\/graziamagazine.com\/es\/wp-content\/uploads\/sites\/12\/2024\/10\/FENDI_Madrid-Ortega-Boutique-@SRivoltella-6-1536x1024.jpg 1536w, https:\/\/graziamagazine.com\/es\/wp-content\/uploads\/sites\/12\/2024\/10\/FENDI_Madrid-Ortega-Boutique-@SRivoltella-6-400x267.jpg 400w, https:\/\/graziamagazine.com\/es\/wp-content\/uploads\/sites\/12\/2024\/10\/FENDI_Madrid-Ortega-Boutique-@SRivoltella-6-155x103.jpg 155w\" sizes=\"(max-width: 1920px) 100vw, 1920px\" \/><\/p>\n<p>La escalera redonda de madera de nogal conduce a la entreplanta dedicada a la sala de pr\u00eat-\u00e0-porter femenino, pieles y sala VIC. Aqu\u00ed, las paredes de acero inoxidable se suavizan con tres obras de arte seleccionadas de la colecci\u00f3n\u00a0<em>Temperatura<\/em>\u00a0por\u00a0<em>Aythamy Armas<\/em>, un artista canario, que ha sido involucrado como homenaje a Espa\u00f1a y a los artistas y artesan\u00edas locales. Sus lienzos est\u00e1n compuestos de diferentes t\u00e9cnicas y recursos gr\u00e1ficos: el pastel, la pintura en aerosol y la tinta, junto con los colores, son los grandes protagonistas de su visi\u00f3n.<\/p>\n<p aria-hidden=\"true\"><img loading=\"lazy\" decoding=\"async\" class=\"aligncenter size-full wp-image-179883\" src=\"https:\/\/graziamagazine.com\/es\/wp-content\/uploads\/sites\/12\/2024\/10\/FENDI_Madrid-Ortega-Boutique-@SRivoltella-34.jpg\" alt=\"\" width=\"1920\" height=\"1280\" srcset=\"https:\/\/graziamagazine.com\/es\/wp-content\/uploads\/sites\/12\/2024\/10\/FENDI_Madrid-Ortega-Boutique-@SRivoltella-34.jpg 1920w, https:\/\/graziamagazine.com\/es\/wp-content\/uploads\/sites\/12\/2024\/10\/FENDI_Madrid-Ortega-Boutique-@SRivoltella-34-300x200.jpg 300w, https:\/\/graziamagazine.com\/es\/wp-content\/uploads\/sites\/12\/2024\/10\/FENDI_Madrid-Ortega-Boutique-@SRivoltella-34-1024x683.jpg 1024w, https:\/\/graziamagazine.com\/es\/wp-content\/uploads\/sites\/12\/2024\/10\/FENDI_Madrid-Ortega-Boutique-@SRivoltella-34-768x512.jpg 768w, https:\/\/graziamagazine.com\/es\/wp-content\/uploads\/sites\/12\/2024\/10\/FENDI_Madrid-Ortega-Boutique-@SRivoltella-34-1536x1024.jpg 1536w, https:\/\/graziamagazine.com\/es\/wp-content\/uploads\/sites\/12\/2024\/10\/FENDI_Madrid-Ortega-Boutique-@SRivoltella-34-400x267.jpg 400w, https:\/\/graziamagazine.com\/es\/wp-content\/uploads\/sites\/12\/2024\/10\/FENDI_Madrid-Ortega-Boutique-@SRivoltella-34-155x103.jpg 155w\" sizes=\"(max-width: 1920px) 100vw, 1920px\" \/><\/p>\n<p>La sala VIC es una sala de estar \u00edntima y contempor\u00e1nea que cuenta con un revestimiento tridimensional personalizado con un patr\u00f3n FF e inspirado en los c\u00f3digos espa\u00f1oles. Este elegante y exclusivo espacio est\u00e1 adornado con un suelo de m\u00e1rmol blanco y negro de la Patagonia y muebles de dise\u00f1o seleccionados que completan la experiencia de los clientes dentro de la boutique. Aqu\u00ed, las paredes de la zona de probador est\u00e1n decoradas con toques art\u00edsticos elegidos siempre de la Galer\u00eda Alzueta:\u00a0<em>The Corner,\u00a0<\/em>\u00a0de\u00a0<em>Maru Quino\u00f1ero<\/em>, presenta la t\u00e9cnica del l\u00e1piz sobre papel, a juego con los colores circundantes.<\/p>\n<p>\u00bfD\u00f3nde? Calle Ortega y Gasset, 6 (Madrid)<\/p>\n<p><em>*Im\u00e1genes: cortes\u00eda<\/em><\/p>\n<p>&nbsp;<\/p>\n","protected":false},"author":11653,"featured_media":179882,"template":"","format":"standard","categories":[2971,1],"acf":{"banner":null},"yoast_head":"<!-- This site is optimized with the Yoast SEO Premium plugin v18.5 (Yoast SEO v20.4) - https:\/\/yoast.com\/wordpress\/plugins\/seo\/ -->\n<title>FENDI abre su primera boutique en Madrid<\/title>\n<meta name=\"description\" content=\"La casa italiana elige la Milla de Oro para abrir las puertas de un espacio de 240 metros cuadrados que abarca todo el universo FENDI.\" \/>\n<meta name=\"robots\" content=\"index, follow, max-snippet:-1, max-image-preview:large, max-video-preview:-1\" \/>\n<link rel=\"canonical\" href=\"https:\/\/graziamagazine.com\/es\/articles\/fendi-abre-su-primera-boutique-en-madrid\/\" \/>\n<meta property=\"og:locale\" content=\"es_ES\" \/>\n<meta property=\"og:type\" content=\"article\" \/>\n<meta property=\"og:title\" content=\"FENDI abre su primera boutique en Madrid\" \/>\n<meta property=\"og:description\" content=\"La casa italiana elige la Milla de Oro para abrir las puertas de un espacio de 240 metros cuadrados que abarca todo el universo FENDI.\" \/>\n<meta property=\"og:url\" content=\"https:\/\/graziamagazine.com\/es\/articles\/fendi-abre-su-primera-boutique-en-madrid\/\" \/>\n<meta property=\"og:site_name\" content=\"Grazia\" \/>\n<meta property=\"article:modified_time\" content=\"2024-10-24T09:31:43+00:00\" \/>\n<meta property=\"og:image\" content=\"https:\/\/graziamagazine.com\/es\/wp-content\/uploads\/sites\/12\/2024\/10\/FENDI_Madrid-Ortega-Boutique-@SRivoltella-1.jpg\" \/>\n\t<meta property=\"og:image:width\" content=\"1920\" \/>\n\t<meta property=\"og:image:height\" content=\"1280\" \/>\n\t<meta property=\"og:image:type\" content=\"image\/jpeg\" \/>\n<meta name=\"twitter:card\" content=\"summary_large_image\" \/>\n<meta name=\"twitter:label1\" content=\"Est. reading time\" \/>\n\t<meta name=\"twitter:data1\" content=\"4 minutos\" \/>\n<script type=\"application\/ld+json\" class=\"yoast-schema-graph\">{\"@context\":\"https:\/\/schema.org\",\"@graph\":[{\"@type\":\"WebPage\",\"@id\":\"https:\/\/graziamagazine.com\/es\/articles\/fendi-abre-su-primera-boutique-en-madrid\/\",\"url\":\"https:\/\/graziamagazine.com\/es\/articles\/fendi-abre-su-primera-boutique-en-madrid\/\",\"name\":\"FENDI abre su primera boutique en Madrid\",\"isPartOf\":{\"@id\":\"https:\/\/graziamagazine.com\/es\/#website\"},\"datePublished\":\"2024-10-24T09:18:06+00:00\",\"dateModified\":\"2024-10-24T09:31:43+00:00\",\"description\":\"La casa italiana elige la Milla de Oro para abrir las puertas de un espacio de 240 metros cuadrados que abarca todo el universo FENDI.\",\"breadcrumb\":{\"@id\":\"https:\/\/graziamagazine.com\/es\/articles\/fendi-abre-su-primera-boutique-en-madrid\/#breadcrumb\"},\"inLanguage\":\"es\",\"potentialAction\":[{\"@type\":\"ReadAction\",\"target\":[\"https:\/\/graziamagazine.com\/es\/articles\/fendi-abre-su-primera-boutique-en-madrid\/\"]}]},{\"@type\":\"BreadcrumbList\",\"@id\":\"https:\/\/graziamagazine.com\/es\/articles\/fendi-abre-su-primera-boutique-en-madrid\/#breadcrumb\",\"itemListElement\":[{\"@type\":\"ListItem\",\"position\":1,\"name\":\"Portada\",\"item\":\"https:\/\/graziamagazine.com\/es\/\"},{\"@type\":\"ListItem\",\"position\":2,\"name\":\"FENDI abre su primera boutique en Madrid\"}]},{\"@type\":\"WebSite\",\"@id\":\"https:\/\/graziamagazine.com\/es\/#website\",\"url\":\"https:\/\/graziamagazine.com\/es\/\",\"name\":\"Grazia\",\"description\":\"Moda, belleza, celebrities, estilo de vida...\",\"potentialAction\":[{\"@type\":\"SearchAction\",\"target\":{\"@type\":\"EntryPoint\",\"urlTemplate\":\"https:\/\/graziamagazine.com\/es\/?s={search_term_string}\"},\"query-input\":\"required name=search_term_string\"}],\"inLanguage\":\"es\"}]}<\/script>\n<!-- \/ Yoast SEO Premium plugin. -->","yoast_head_json":{"title":"FENDI abre su primera boutique en Madrid","description":"La casa italiana elige la Milla de Oro para abrir las puertas de un espacio de 240 metros cuadrados que abarca todo el universo FENDI.","robots":{"index":"index","follow":"follow","max-snippet":"max-snippet:-1","max-image-preview":"max-image-preview:large","max-video-preview":"max-video-preview:-1"},"canonical":"https:\/\/graziamagazine.com\/es\/articles\/fendi-abre-su-primera-boutique-en-madrid\/","og_locale":"es_ES","og_type":"article","og_title":"FENDI abre su primera boutique en Madrid","og_description":"La casa italiana elige la Milla de Oro para abrir las puertas de un espacio de 240 metros cuadrados que abarca todo el universo FENDI.","og_url":"https:\/\/graziamagazine.com\/es\/articles\/fendi-abre-su-primera-boutique-en-madrid\/","og_site_name":"Grazia","article_modified_time":"2024-10-24T09:31:43+00:00","og_image":[{"width":1920,"height":1280,"url":"https:\/\/graziamagazine.com\/es\/wp-content\/uploads\/sites\/12\/2024\/10\/FENDI_Madrid-Ortega-Boutique-@SRivoltella-1.jpg","type":"image\/jpeg"}],"twitter_card":"summary_large_image","twitter_misc":{"Est. reading time":"4 minutos"},"schema":{"@context":"https:\/\/schema.org","@graph":[{"@type":"WebPage","@id":"https:\/\/graziamagazine.com\/es\/articles\/fendi-abre-su-primera-boutique-en-madrid\/","url":"https:\/\/graziamagazine.com\/es\/articles\/fendi-abre-su-primera-boutique-en-madrid\/","name":"FENDI abre su primera boutique en Madrid","isPartOf":{"@id":"https:\/\/graziamagazine.com\/es\/#website"},"datePublished":"2024-10-24T09:18:06+00:00","dateModified":"2024-10-24T09:31:43+00:00","description":"La casa italiana elige la Milla de Oro para abrir las puertas de un espacio de 240 metros cuadrados que abarca todo el universo FENDI.","breadcrumb":{"@id":"https:\/\/graziamagazine.com\/es\/articles\/fendi-abre-su-primera-boutique-en-madrid\/#breadcrumb"},"inLanguage":"es","potentialAction":[{"@type":"ReadAction","target":["https:\/\/graziamagazine.com\/es\/articles\/fendi-abre-su-primera-boutique-en-madrid\/"]}]},{"@type":"BreadcrumbList","@id":"https:\/\/graziamagazine.com\/es\/articles\/fendi-abre-su-primera-boutique-en-madrid\/#breadcrumb","itemListElement":[{"@type":"ListItem","position":1,"name":"Portada","item":"https:\/\/graziamagazine.com\/es\/"},{"@type":"ListItem","position":2,"name":"FENDI abre su primera boutique en Madrid"}]},{"@type":"WebSite","@id":"https:\/\/graziamagazine.com\/es\/#website","url":"https:\/\/graziamagazine.com\/es\/","name":"Grazia","description":"Moda, belleza, celebrities, estilo de vida...","potentialAction":[{"@type":"SearchAction","target":{"@type":"EntryPoint","urlTemplate":"https:\/\/graziamagazine.com\/es\/?s={search_term_string}"},"query-input":"required name=search_term_string"}],"inLanguage":"es"}]}},"jetpack_sharing_enabled":true,"distributor_meta":false,"distributor_terms":false,"distributor_media":false,"distributor_original_site_name":"Grazia","distributor_original_site_url":"https:\/\/graziamagazine.com\/es","push-errors":false,"_links":{"self":[{"href":"https:\/\/graziamagazine.com\/es\/wp-json\/wp\/v2\/articles\/179881"}],"collection":[{"href":"https:\/\/graziamagazine.com\/es\/wp-json\/wp\/v2\/articles"}],"about":[{"href":"https:\/\/graziamagazine.com\/es\/wp-json\/wp\/v2\/types\/articles"}],"author":[{"embeddable":true,"href":"https:\/\/graziamagazine.com\/es\/wp-json\/wp\/v2\/users\/11653"}],"wp:featuredmedia":[{"embeddable":true,"href":"https:\/\/graziamagazine.com\/es\/wp-json\/wp\/v2\/media\/179882"}],"wp:attachment":[{"href":"https:\/\/graziamagazine.com\/es\/wp-json\/wp\/v2\/media?parent=179881"}],"wp:term":[{"taxonomy":"category","embeddable":true,"href":"https:\/\/graziamagazine.com\/es\/wp-json\/wp\/v2\/categories?post=179881"}],"curies":[{"name":"wp","href":"https:\/\/api.w.org\/{rel}","templated":true}]}}