{"id":179842,"date":"2024-10-23T09:00:15","date_gmt":"2024-10-23T07:00:15","guid":{"rendered":"https:\/\/graziamagazine.com\/es\/?post_type=articles&#038;p=179842"},"modified":"2024-10-23T01:50:00","modified_gmt":"2024-10-22T23:50:00","slug":"baby-blond-el-rubio-favorito-para-las-primerizas-en-color","status":"publish","type":"articles","link":"https:\/\/graziamagazine.com\/es\/articles\/baby-blond-el-rubio-favorito-para-las-primerizas-en-color\/","title":{"rendered":"&#8216;Baby blond&#8217;, el rubio favorito para las primerizas en color"},"content":{"rendered":"<p dir=\"ltr\">Tal y como anunciaba<a href=\"https:\/\/www.jeanlouisdavid.com.es\/\" target=\"_blank\"> Jean Louis David<\/a> a trav\u00e9s de Instagram, Daniela Washington es la nueva imagen para su nueva campa\u00f1a de color. El ic\u00f3nico pelo de la influencer se ha convertido ya en el nuevo color en tendencia del momento, un trabajo de sal\u00f3n realizado por los expertos de la marca, denominado <strong>&#8216;baby blond&#8217; y que es perfecto para darle una nueva vida a tu cabello.<\/strong> Y es que estos meses tras la reentr\u00e9 son una \u00e9poca de cambios en los que apetece m\u00e1s que nunca experimentar con nuestra melena: una metamorfosis necesaria despu\u00e9s de los da\u00f1os provocados por el verano.<\/p>\n<h3 dir=\"ltr\">SU T\u00c9CNICA DE COLORACI\u00d3N EXCLUSIVA<\/h3>\n<p dir=\"ltr\">Este color rubio <strong>se enfoca en una aclaraci\u00f3n progresiva en los medios y puntas del cabello, respetando la base natural.<\/strong> Se trata de una t\u00e9cnica que combina el balayage con una progresi\u00f3n delicada en la ra\u00edz, creando una sutileza en el contorno del rostro. Un trabajo basado en la personalizaci\u00f3n de los tratamientos, una aproximaci\u00f3n de Jean Louis David que se mantiene a lo largo de su firma. Esto, que tambi\u00e9n se incluye en las t\u00e9cnicas de color, tiene en cuenta las necesidades de cada cliente con un diagn\u00f3stico personalizado y gratuito, ya que conocen de primera mano que cada cabello es \u00fanico.<\/p>\n<h3 dir=\"ltr\">LOS EXPERTOS EXPLICAN SU MANTENIMIENTO<\/h3>\n<p dir=\"ltr\">Para mantener el cabello en perfecto estado, los expertos de Jean Louis David recomiendan adem\u00e1s la utilizaci\u00f3n de su <strong>Protocolo Color Go<\/strong>, para cabellos te\u00f1idos o con mechas. La t\u00e9cnica, dividida en cuatro etapas, <strong>consigue un pelo protegido, brillo absoluto, reflejos luminosos y un color enaltecido.<\/strong> \u201cPara ello, lo primero que hay que hacer es aplicar 3 a 6 pulsaciones de la crema Go Color despu\u00e9s del champ\u00fa con pincel desde las ra\u00edces hasta las puntas. Se deja actuar 5 minutos y tras este tiempo, se aclara. La funciona crema al fijar los pigmentos de los cabellos coloreados, cerrando las escamas y reforzando la intensidad del color\u201d.<\/p>\n<p dir=\"ltr\">Tras este y una reaplicaci\u00f3n del champ\u00fa, los profesionales de Jean Louis David pasan a \u201caplicar la mascarilla Go Color con el pincel sobre cabellos enjuagados, masajear bien los medios y las puntas y dejar pasar 5 minutos\u201d, un broche final que termina con el b\u00e1lsamo Go Color antes de peinar y sin necesidad de aclarado.<\/p>\n<p dir=\"ltr\">Todos estos productos cuentan con un cuidado integral de cabello, al contar con un 0% de parabenos, sulfatos y siliconas. A esto se le suma que est\u00e1n enriquecidos con fruto del drag\u00f3n, que cuenta con vitaminas A, B y C, as\u00ed como con sales minerales como el calcio. Con estos antioxidantes incluidos se le aporta revitalizaci\u00f3n, protecci\u00f3n, brillo y suavidad.<\/p>\n<p dir=\"ltr\"><em>*Imagen: cortes\u00eda<\/em><\/p>\n<p dir=\"ltr\">\n","protected":false},"author":11653,"featured_media":179843,"template":"","format":"standard","categories":[7],"acf":[],"yoast_head":"<!-- This site is optimized with the Yoast SEO Premium plugin v18.5 (Yoast SEO v20.4) - https:\/\/yoast.com\/wordpress\/plugins\/seo\/ -->\n<title>&#039;Baby blond&#039;, el rubio favorito para las primerizas en color<\/title>\n<meta name=\"description\" content=\"Este color rubio se enfoca en una aclaraci\u00f3n progresiva en los medios y puntas del cabello, respetando la base natural.\" \/>\n<meta name=\"robots\" content=\"index, follow, max-snippet:-1, max-image-preview:large, max-video-preview:-1\" \/>\n<link rel=\"canonical\" href=\"https:\/\/graziamagazine.com\/es\/articles\/baby-blond-el-rubio-favorito-para-las-primerizas-en-color\/\" \/>\n<meta property=\"og:locale\" content=\"es_ES\" \/>\n<meta property=\"og:type\" content=\"article\" \/>\n<meta property=\"og:title\" content=\"&#039;Baby blond&#039;, el rubio favorito para las primerizas en color\" \/>\n<meta property=\"og:description\" content=\"Este color rubio se enfoca en una aclaraci\u00f3n progresiva en los medios y puntas del cabello, respetando la base natural.\" \/>\n<meta property=\"og:url\" content=\"https:\/\/graziamagazine.com\/es\/articles\/baby-blond-el-rubio-favorito-para-las-primerizas-en-color\/\" \/>\n<meta property=\"og:site_name\" content=\"Grazia\" \/>\n<meta property=\"article:modified_time\" content=\"2024-10-22T23:50:00+00:00\" \/>\n<meta property=\"og:image\" content=\"https:\/\/graziamagazine.com\/es\/wp-content\/uploads\/sites\/12\/2024\/10\/NdP_IMAGEN_PORTADA_-_2024-10-15T120529.116.png\" \/>\n\t<meta property=\"og:image:width\" content=\"1500\" \/>\n\t<meta property=\"og:image:height\" content=\"1000\" \/>\n\t<meta property=\"og:image:type\" content=\"image\/png\" \/>\n<meta name=\"twitter:card\" content=\"summary_large_image\" \/>\n<meta name=\"twitter:label1\" content=\"Est. reading time\" \/>\n\t<meta name=\"twitter:data1\" content=\"3 minutos\" \/>\n<script type=\"application\/ld+json\" class=\"yoast-schema-graph\">{\"@context\":\"https:\/\/schema.org\",\"@graph\":[{\"@type\":\"WebPage\",\"@id\":\"https:\/\/graziamagazine.com\/es\/articles\/baby-blond-el-rubio-favorito-para-las-primerizas-en-color\/\",\"url\":\"https:\/\/graziamagazine.com\/es\/articles\/baby-blond-el-rubio-favorito-para-las-primerizas-en-color\/\",\"name\":\"'Baby blond', el rubio favorito para las primerizas en color\",\"isPartOf\":{\"@id\":\"https:\/\/graziamagazine.com\/es\/#website\"},\"datePublished\":\"2024-10-23T07:00:15+00:00\",\"dateModified\":\"2024-10-22T23:50:00+00:00\",\"description\":\"Este color rubio se enfoca en una aclaraci\u00f3n progresiva en los medios y puntas del cabello, respetando la base natural.\",\"breadcrumb\":{\"@id\":\"https:\/\/graziamagazine.com\/es\/articles\/baby-blond-el-rubio-favorito-para-las-primerizas-en-color\/#breadcrumb\"},\"inLanguage\":\"es\",\"potentialAction\":[{\"@type\":\"ReadAction\",\"target\":[\"https:\/\/graziamagazine.com\/es\/articles\/baby-blond-el-rubio-favorito-para-las-primerizas-en-color\/\"]}]},{\"@type\":\"BreadcrumbList\",\"@id\":\"https:\/\/graziamagazine.com\/es\/articles\/baby-blond-el-rubio-favorito-para-las-primerizas-en-color\/#breadcrumb\",\"itemListElement\":[{\"@type\":\"ListItem\",\"position\":1,\"name\":\"Portada\",\"item\":\"https:\/\/graziamagazine.com\/es\/\"},{\"@type\":\"ListItem\",\"position\":2,\"name\":\"&#8216;Baby blond&#8217;, el rubio favorito para las primerizas en color\"}]},{\"@type\":\"WebSite\",\"@id\":\"https:\/\/graziamagazine.com\/es\/#website\",\"url\":\"https:\/\/graziamagazine.com\/es\/\",\"name\":\"Grazia\",\"description\":\"Moda, belleza, celebrities, estilo de vida...\",\"potentialAction\":[{\"@type\":\"SearchAction\",\"target\":{\"@type\":\"EntryPoint\",\"urlTemplate\":\"https:\/\/graziamagazine.com\/es\/?s={search_term_string}\"},\"query-input\":\"required name=search_term_string\"}],\"inLanguage\":\"es\"}]}<\/script>\n<!-- \/ Yoast SEO Premium plugin. -->","yoast_head_json":{"title":"'Baby blond', el rubio favorito para las primerizas en color","description":"Este color rubio se enfoca en una aclaraci\u00f3n progresiva en los medios y puntas del cabello, respetando la base natural.","robots":{"index":"index","follow":"follow","max-snippet":"max-snippet:-1","max-image-preview":"max-image-preview:large","max-video-preview":"max-video-preview:-1"},"canonical":"https:\/\/graziamagazine.com\/es\/articles\/baby-blond-el-rubio-favorito-para-las-primerizas-en-color\/","og_locale":"es_ES","og_type":"article","og_title":"'Baby blond', el rubio favorito para las primerizas en color","og_description":"Este color rubio se enfoca en una aclaraci\u00f3n progresiva en los medios y puntas del cabello, respetando la base natural.","og_url":"https:\/\/graziamagazine.com\/es\/articles\/baby-blond-el-rubio-favorito-para-las-primerizas-en-color\/","og_site_name":"Grazia","article_modified_time":"2024-10-22T23:50:00+00:00","og_image":[{"width":1500,"height":1000,"url":"https:\/\/graziamagazine.com\/es\/wp-content\/uploads\/sites\/12\/2024\/10\/NdP_IMAGEN_PORTADA_-_2024-10-15T120529.116.png","type":"image\/png"}],"twitter_card":"summary_large_image","twitter_misc":{"Est. reading time":"3 minutos"},"schema":{"@context":"https:\/\/schema.org","@graph":[{"@type":"WebPage","@id":"https:\/\/graziamagazine.com\/es\/articles\/baby-blond-el-rubio-favorito-para-las-primerizas-en-color\/","url":"https:\/\/graziamagazine.com\/es\/articles\/baby-blond-el-rubio-favorito-para-las-primerizas-en-color\/","name":"'Baby blond', el rubio favorito para las primerizas en color","isPartOf":{"@id":"https:\/\/graziamagazine.com\/es\/#website"},"datePublished":"2024-10-23T07:00:15+00:00","dateModified":"2024-10-22T23:50:00+00:00","description":"Este color rubio se enfoca en una aclaraci\u00f3n progresiva en los medios y puntas del cabello, respetando la base natural.","breadcrumb":{"@id":"https:\/\/graziamagazine.com\/es\/articles\/baby-blond-el-rubio-favorito-para-las-primerizas-en-color\/#breadcrumb"},"inLanguage":"es","potentialAction":[{"@type":"ReadAction","target":["https:\/\/graziamagazine.com\/es\/articles\/baby-blond-el-rubio-favorito-para-las-primerizas-en-color\/"]}]},{"@type":"BreadcrumbList","@id":"https:\/\/graziamagazine.com\/es\/articles\/baby-blond-el-rubio-favorito-para-las-primerizas-en-color\/#breadcrumb","itemListElement":[{"@type":"ListItem","position":1,"name":"Portada","item":"https:\/\/graziamagazine.com\/es\/"},{"@type":"ListItem","position":2,"name":"&#8216;Baby blond&#8217;, el rubio favorito para las primerizas en color"}]},{"@type":"WebSite","@id":"https:\/\/graziamagazine.com\/es\/#website","url":"https:\/\/graziamagazine.com\/es\/","name":"Grazia","description":"Moda, belleza, celebrities, estilo de vida...","potentialAction":[{"@type":"SearchAction","target":{"@type":"EntryPoint","urlTemplate":"https:\/\/graziamagazine.com\/es\/?s={search_term_string}"},"query-input":"required name=search_term_string"}],"inLanguage":"es"}]}},"jetpack_sharing_enabled":true,"distributor_meta":false,"distributor_terms":false,"distributor_media":false,"distributor_original_site_name":"Grazia","distributor_original_site_url":"https:\/\/graziamagazine.com\/es","push-errors":false,"_links":{"self":[{"href":"https:\/\/graziamagazine.com\/es\/wp-json\/wp\/v2\/articles\/179842"}],"collection":[{"href":"https:\/\/graziamagazine.com\/es\/wp-json\/wp\/v2\/articles"}],"about":[{"href":"https:\/\/graziamagazine.com\/es\/wp-json\/wp\/v2\/types\/articles"}],"author":[{"embeddable":true,"href":"https:\/\/graziamagazine.com\/es\/wp-json\/wp\/v2\/users\/11653"}],"wp:featuredmedia":[{"embeddable":true,"href":"https:\/\/graziamagazine.com\/es\/wp-json\/wp\/v2\/media\/179843"}],"wp:attachment":[{"href":"https:\/\/graziamagazine.com\/es\/wp-json\/wp\/v2\/media?parent=179842"}],"wp:term":[{"taxonomy":"category","embeddable":true,"href":"https:\/\/graziamagazine.com\/es\/wp-json\/wp\/v2\/categories?post=179842"}],"curies":[{"name":"wp","href":"https:\/\/api.w.org\/{rel}","templated":true}]}}