{"id":179816,"date":"2024-10-21T12:53:23","date_gmt":"2024-10-21T10:53:23","guid":{"rendered":"https:\/\/graziamagazine.com\/es\/?post_type=articles&#038;p=179816"},"modified":"2024-10-21T12:53:23","modified_gmt":"2024-10-21T10:53:23","slug":"cuello-digital-consejos-de-experto-para-evitarlo","status":"publish","type":"articles","link":"https:\/\/graziamagazine.com\/es\/articles\/cuello-digital-consejos-de-experto-para-evitarlo\/","title":{"rendered":"Cuello digital, consejos de experto para evitarlo"},"content":{"rendered":"<p>Es innegable que la era digital nos ha tra\u00eddo consigo un sinf\u00edn de facilidades, ahora bien, todo ello tiene un precio y es que, el movimiento continuo que hacemos para mirar nuestro dispositivo m\u00f3vil o nuestro ordenador pasa factura a nuestro cuello, que muestra signos de envejecimiento prematuros a causa de ello.<\/p>\n<div class=\"field field-name-field-foto-principal field-type-image field-label-hidden\">\n<div class=\"field-items\">\n<h3><strong>\u00bfQu\u00e9 es el cuello digital?<\/strong><\/h3>\n<p><em>\u201cCon este t\u00e9rmino hacemos referencia a los signos de envejecimiento prematuros en la zona del cuello a causa de la postura que tomamos cuando miramos nuestro dispositivo m\u00f3vil o trabajamos frente al ordenador\u201d\u00a0<\/em>explica\u00a0Gema Caba\u00f1ero, directora de la\u00a0<a href=\"https:\/\/gemacabanero.com\/\" target=\"_blank\">Cl\u00ednica Antiaging que lleva su nombre<\/a>, que a\u00f1ade \u201c<em>y es que, podemos repetir este movimiento una\u00a0media de 150 veces al d\u00eda, afectando no solo a la tensi\u00f3n del cuello, tambi\u00e9n a la columna vertebral<\/em><em>\u201d<\/em>.<\/p>\n<h3><strong>Consecuencias est\u00e9ticas<\/strong><\/h3>\n<p>Como es de esperar, este n\u00famero de repeticiones de un movimiento no pasa desapercibido ni para nuestra salud ni para nuestra est\u00e9tica.<\/p>\n<p><em>\u201cLa piel del cuello\u00a0<strong>es m\u00e1s sensible y delgada<\/strong>\u00a0que la del resto del cuerpo. Adem\u00e1s, esta zona es la gran olvidada de la rutina de belleza, por lo que suele estar menos hidratada y cuidada\u201d\u00a0<\/em>anuncia Caba\u00f1ero<em>.<\/em><\/p>\n<p><em>\u201cSi a esto le sumamos que es una zona con\u00a0<strong>un gran n\u00famero de gl\u00e1ndulas seb\u00e1ceas<\/strong>\u00a0y el movimiento repetido diariamente de la postura que adoptamos para mirar las pantallas de nuestros dispositivos, el resultado ser\u00e1 la\u00a0<strong>aparici\u00f3n de arrugas y pliegues de manera prematura<\/strong>\u201d.<\/em><\/p>\n<h3><strong>\u00bfC\u00f3mo podemos evitarlo y revertirlo?<\/strong><\/h3>\n<p>Si tu cuello a\u00fan no ha dado muestras de efectos del cuello digital, \u00a1enhorabuena! Est\u00e1s a tiempo de corregir tu postura e incluir ciertos trucos en tu rutina para evitar sus consecuencias:<\/p>\n<ul>\n<li><strong>Cambia tu postura con el m\u00f3vil<\/strong>: en lugar de agachar la cabeza para mirar el m\u00f3vil, levanta los brazos y pon el dispositivo a la altura de tus ojos.<\/li>\n<li><strong>Modifica la postura frente al ordenador<\/strong>: ya no solo para evitar los posibles signos de envejecimiento prematuro, tambi\u00e9n para evitar que la rigidez en la zona de los hombros. \u201c<em>Lo deseable ser\u00e1 que\u00a0<strong>la mirada se encuentre en l\u00ednea recta con la pantalla del ordenador<\/strong>. Para ello puedes ajustar la altura de tu silla o ayudarte de soportes para ordenadores<\/em>\u201d a\u00f1ade Caba\u00f1ero.<\/li>\n<li><strong>Toma descansos de tus dispositivos<\/strong>: \u201c<em>ser\u00e1 muy beneficioso tomar como referencia la\u00a0<strong>regla de 20-20-20<\/strong>, es decir, cada 20 minutos utilizando una pantalla, mirar durante al menos 20 segundos a una distancia de 20 metros. Esto puede ayudar a reducir la fatiga ocular y tambi\u00e9n a que descansemos la musculatura<\/em>\u201d indica la directora de la Cl\u00ednica Gema Caba\u00f1ero. Evitar mirar las pantallas del dispositivo de noche en la cama tambi\u00e9n puede ayudarnos a mejorar el descanso y a evitar tomar posturas inadecuadas con el cuello.<\/li>\n<\/ul>\n<p>Sin embargo, si tu piel ya muestra los efectos del Tech Neck,\u00a0<strong>puedes aportarle soluciones est\u00e9ticas\u00a0<\/strong>que ayuden a mejorar la elasticidad de la piel, reestablecer su firmeza y disminuir los dep\u00f3sitos grasos.<\/p>\n<p><strong>Tratamiento Ultherapy en la Cl\u00ednica Gema Caba\u00f1ero<\/strong><\/p>\n<p>El\u00a0<strong>Tratamiento<\/strong>\u00a0<strong>Ultherapy no invasivo<\/strong>\u00a0es el \u00fanico procedimiento no quir\u00fargico autorizado por la FDA estadounidense que acumula m\u00e1s de 1 mill\u00f3n y medio de tratamientos y m\u00e1s de 50 estudios cl\u00ednicos. Su proceso est\u00e9tico nada invasivo y sin periodo de convalecencia act\u00faa en profundidad sobre los tejidos para estimular la formaci\u00f3n de col\u00e1geno en las capas m\u00e1s profundas de la piel. Logra\u00a0<strong>resultados visibles a partir de la primera sesi\u00f3n<\/strong>\u00a0para el estiramiento del cuello y elevaci\u00f3n de la papada que se ir\u00e1n incrementando de manera progresiva a lo largo de 2 y 3 meses.<\/p>\n<p><img loading=\"lazy\" decoding=\"async\" class=\"aligncenter size-full wp-image-179822\" src=\"https:\/\/graziamagazine.com\/es\/wp-content\/uploads\/sites\/12\/2024\/10\/Tratamiento-Ultherapy-Clinica-Gema-Caban\u0303ero-scaled.jpg\" alt=\"\" width=\"2560\" height=\"1707\" srcset=\"https:\/\/graziamagazine.com\/es\/wp-content\/uploads\/sites\/12\/2024\/10\/Tratamiento-Ultherapy-Clinica-Gema-Caban\u0303ero-scaled.jpg 2560w, https:\/\/graziamagazine.com\/es\/wp-content\/uploads\/sites\/12\/2024\/10\/Tratamiento-Ultherapy-Clinica-Gema-Caban\u0303ero-300x200.jpg 300w, https:\/\/graziamagazine.com\/es\/wp-content\/uploads\/sites\/12\/2024\/10\/Tratamiento-Ultherapy-Clinica-Gema-Caban\u0303ero-1024x683.jpg 1024w, https:\/\/graziamagazine.com\/es\/wp-content\/uploads\/sites\/12\/2024\/10\/Tratamiento-Ultherapy-Clinica-Gema-Caban\u0303ero-768x512.jpg 768w, https:\/\/graziamagazine.com\/es\/wp-content\/uploads\/sites\/12\/2024\/10\/Tratamiento-Ultherapy-Clinica-Gema-Caban\u0303ero-1536x1024.jpg 1536w, https:\/\/graziamagazine.com\/es\/wp-content\/uploads\/sites\/12\/2024\/10\/Tratamiento-Ultherapy-Clinica-Gema-Caban\u0303ero-2048x1365.jpg 2048w, https:\/\/graziamagazine.com\/es\/wp-content\/uploads\/sites\/12\/2024\/10\/Tratamiento-Ultherapy-Clinica-Gema-Caban\u0303ero-400x267.jpg 400w, https:\/\/graziamagazine.com\/es\/wp-content\/uploads\/sites\/12\/2024\/10\/Tratamiento-Ultherapy-Clinica-Gema-Caban\u0303ero-155x103.jpg 155w\" sizes=\"(max-width: 2560px) 100vw, 2560px\" \/><\/p>\n<p>\u00bfC\u00f3mo act\u00faa? A trav\u00e9s de la actuaci\u00f3n de la<strong>\u00a0tecnolog\u00eda testada de ultrasonidos focalizados\u00a0<\/strong>sobre las capas profundas de la piel a un nivel de energ\u00eda y temperatura \u00f3ptima que no da\u00f1an los tejidos. Este tratamiento consigue beneficios como la regeneraci\u00f3n de la elastina y el col\u00e1geno, la eliminaci\u00f3n las toxinas y contribuye en la oxigenaci\u00f3n de las c\u00e9lulas.<\/p>\n<\/div>\n<p><strong>Nutricosm\u00e9tica para favorecer la piel del cuello<\/strong><\/p>\n<p>Las vitaminas y nutrientes tambi\u00e9n juegan un papel fundamental en la firmeza de la piel del cuello. Desde la Cl\u00ednica tambi\u00e9n proponen confiar en la\u00a0firma nutricosm\u00e9tica 180 the concept\u00a0que cuenta con planes nutricosm\u00e9ticos como\u00a0<a href=\"https:\/\/180theconcept.com\/shop\/plan-ojos-cuello\/\" target=\"_blank\">el Plan espec\u00edfico ojos y cuello<\/a>\u00a0que se enfoca en el tratamiento de forma natural de las grasas localizadas y las arrugas en las zonas del doble ment\u00f3n al tiempo que genera un efecto antioxidante de la piel.<\/p>\n<p>Gracias a la combinaci\u00f3n de sus ingredientes, este plan nutricosm\u00e9tico reafirma de los tejidos, elimina los l\u00edquidos, activa de la circulaci\u00f3n y reduce la grasa, para lograr un efecto integral de mejora de la apariencia de la zona del cuello.<\/p>\n<p><img loading=\"lazy\" decoding=\"async\" class=\"aligncenter size-full wp-image-179823\" src=\"https:\/\/graziamagazine.com\/es\/wp-content\/uploads\/sites\/12\/2024\/10\/Plan-Ojos-y-Cuello-de-180-the-concept-copia-scaled.jpeg\" alt=\"\" width=\"2560\" height=\"1706\" srcset=\"https:\/\/graziamagazine.com\/es\/wp-content\/uploads\/sites\/12\/2024\/10\/Plan-Ojos-y-Cuello-de-180-the-concept-copia-scaled.jpeg 2560w, https:\/\/graziamagazine.com\/es\/wp-content\/uploads\/sites\/12\/2024\/10\/Plan-Ojos-y-Cuello-de-180-the-concept-copia-300x200.jpeg 300w, https:\/\/graziamagazine.com\/es\/wp-content\/uploads\/sites\/12\/2024\/10\/Plan-Ojos-y-Cuello-de-180-the-concept-copia-1024x683.jpeg 1024w, https:\/\/graziamagazine.com\/es\/wp-content\/uploads\/sites\/12\/2024\/10\/Plan-Ojos-y-Cuello-de-180-the-concept-copia-768x512.jpeg 768w, https:\/\/graziamagazine.com\/es\/wp-content\/uploads\/sites\/12\/2024\/10\/Plan-Ojos-y-Cuello-de-180-the-concept-copia-1536x1024.jpeg 1536w, https:\/\/graziamagazine.com\/es\/wp-content\/uploads\/sites\/12\/2024\/10\/Plan-Ojos-y-Cuello-de-180-the-concept-copia-2048x1365.jpeg 2048w, https:\/\/graziamagazine.com\/es\/wp-content\/uploads\/sites\/12\/2024\/10\/Plan-Ojos-y-Cuello-de-180-the-concept-copia-400x267.jpeg 400w, https:\/\/graziamagazine.com\/es\/wp-content\/uploads\/sites\/12\/2024\/10\/Plan-Ojos-y-Cuello-de-180-the-concept-copia-155x103.jpeg 155w\" sizes=\"(max-width: 2560px) 100vw, 2560px\" \/><\/p>\n<p><a href=\"https:\/\/180theconcept.com\/shop\/plan-ojos-cuello\/\" target=\"_blank\">El plan Ojos-Cuello tiene un precio es de 203 euros<\/a><\/p>\n<p>\u00bfC\u00f3mo lo logra? Gracias a su aporte de\u00a0<strong>CLA<\/strong>, \u00e1cido linoleico conjugado, se estimula la quema de grasas, sumado a la L-Arginina con propiedades vasodilatadoras se incrementa la cantidad de ox\u00edgeno recibida, dotando a los m\u00fasculos de mayor fuerza y vigor y\u00a0<strong>estimulando la producci\u00f3n de col\u00e1geno<\/strong>.<\/p>\n<p>Adem\u00e1s de ello, este plan tambi\u00e9n integra la acci\u00f3n de la\u00a0<strong>Vitamina C y la Vitamina E,\u00a0<\/strong>que propician la s\u00edntesis del col\u00e1geno para una mejora de la apariencia de la piel y protegen de la oxidaci\u00f3n a sustancias esenciales para la regeneraci\u00f3n celular. Con esta combinaci\u00f3n de f\u00f3rmulas nutricosm\u00e9tica conseguiremos principalmente un aumento de la producci\u00f3n de\u00a0<strong>col\u00e1geno\u00a0<\/strong>y\u00a0<strong>masa muscular<\/strong>, para evitar la\u00a0<strong>flacidez\u00a0<\/strong>del cuello, evitando que la piel ceda y se proyecte hacia el exterior la grasa.<\/p>\n<p><em>*Im\u00e1genes: Pexels y cortes\u00eda<\/em><\/p>\n<p>&nbsp;<\/p>\n<\/div>\n","protected":false},"author":11653,"featured_media":179817,"template":"","format":"standard","categories":[7],"acf":[],"yoast_head":"<!-- This site is optimized with the Yoast SEO Premium plugin v18.5 (Yoast SEO v20.4) - https:\/\/yoast.com\/wordpress\/plugins\/seo\/ -->\n<title>Cuello digital, consejos de experto para evitarlo<\/title>\n<meta name=\"description\" content=\"El uso de m\u00f3vil y pantallas ha creado un nuevo s\u00edndrome llamado Tech Neck y as\u00ed es c\u00f3mo puedes conocer sus efectos en la piel.\" \/>\n<meta name=\"robots\" content=\"index, follow, max-snippet:-1, max-image-preview:large, max-video-preview:-1\" \/>\n<link rel=\"canonical\" href=\"https:\/\/graziamagazine.com\/es\/articles\/cuello-digital-consejos-de-experto-para-evitarlo\/\" \/>\n<meta property=\"og:locale\" content=\"es_ES\" \/>\n<meta property=\"og:type\" content=\"article\" \/>\n<meta property=\"og:title\" content=\"Cuello digital, consejos de experto para evitarlo\" \/>\n<meta property=\"og:description\" content=\"El uso de m\u00f3vil y pantallas ha creado un nuevo s\u00edndrome llamado Tech Neck y as\u00ed es c\u00f3mo puedes conocer sus efectos en la piel.\" \/>\n<meta property=\"og:url\" content=\"https:\/\/graziamagazine.com\/es\/articles\/cuello-digital-consejos-de-experto-para-evitarlo\/\" \/>\n<meta property=\"og:site_name\" content=\"Grazia\" \/>\n<meta property=\"og:image\" content=\"https:\/\/graziamagazine.com\/es\/wp-content\/uploads\/sites\/12\/2024\/10\/pexels-energepic-com-27411-313690.jpg\" \/>\n\t<meta property=\"og:image:width\" content=\"1920\" \/>\n\t<meta property=\"og:image:height\" content=\"1440\" \/>\n\t<meta property=\"og:image:type\" content=\"image\/jpeg\" \/>\n<meta name=\"twitter:card\" content=\"summary_large_image\" \/>\n<meta name=\"twitter:label1\" content=\"Est. reading time\" \/>\n\t<meta name=\"twitter:data1\" content=\"5 minutos\" \/>\n<script type=\"application\/ld+json\" class=\"yoast-schema-graph\">{\"@context\":\"https:\/\/schema.org\",\"@graph\":[{\"@type\":\"WebPage\",\"@id\":\"https:\/\/graziamagazine.com\/es\/articles\/cuello-digital-consejos-de-experto-para-evitarlo\/\",\"url\":\"https:\/\/graziamagazine.com\/es\/articles\/cuello-digital-consejos-de-experto-para-evitarlo\/\",\"name\":\"Cuello digital, consejos de experto para evitarlo\",\"isPartOf\":{\"@id\":\"https:\/\/graziamagazine.com\/es\/#website\"},\"datePublished\":\"2024-10-21T10:53:23+00:00\",\"dateModified\":\"2024-10-21T10:53:23+00:00\",\"description\":\"El uso de m\u00f3vil y pantallas ha creado un nuevo s\u00edndrome llamado Tech Neck y as\u00ed es c\u00f3mo puedes conocer sus efectos en la piel.\",\"breadcrumb\":{\"@id\":\"https:\/\/graziamagazine.com\/es\/articles\/cuello-digital-consejos-de-experto-para-evitarlo\/#breadcrumb\"},\"inLanguage\":\"es\",\"potentialAction\":[{\"@type\":\"ReadAction\",\"target\":[\"https:\/\/graziamagazine.com\/es\/articles\/cuello-digital-consejos-de-experto-para-evitarlo\/\"]}]},{\"@type\":\"BreadcrumbList\",\"@id\":\"https:\/\/graziamagazine.com\/es\/articles\/cuello-digital-consejos-de-experto-para-evitarlo\/#breadcrumb\",\"itemListElement\":[{\"@type\":\"ListItem\",\"position\":1,\"name\":\"Portada\",\"item\":\"https:\/\/graziamagazine.com\/es\/\"},{\"@type\":\"ListItem\",\"position\":2,\"name\":\"Cuello digital, consejos de experto para evitarlo\"}]},{\"@type\":\"WebSite\",\"@id\":\"https:\/\/graziamagazine.com\/es\/#website\",\"url\":\"https:\/\/graziamagazine.com\/es\/\",\"name\":\"Grazia\",\"description\":\"Moda, belleza, celebrities, estilo de vida...\",\"potentialAction\":[{\"@type\":\"SearchAction\",\"target\":{\"@type\":\"EntryPoint\",\"urlTemplate\":\"https:\/\/graziamagazine.com\/es\/?s={search_term_string}\"},\"query-input\":\"required name=search_term_string\"}],\"inLanguage\":\"es\"}]}<\/script>\n<!-- \/ Yoast SEO Premium plugin. -->","yoast_head_json":{"title":"Cuello digital, consejos de experto para evitarlo","description":"El uso de m\u00f3vil y pantallas ha creado un nuevo s\u00edndrome llamado Tech Neck y as\u00ed es c\u00f3mo puedes conocer sus efectos en la piel.","robots":{"index":"index","follow":"follow","max-snippet":"max-snippet:-1","max-image-preview":"max-image-preview:large","max-video-preview":"max-video-preview:-1"},"canonical":"https:\/\/graziamagazine.com\/es\/articles\/cuello-digital-consejos-de-experto-para-evitarlo\/","og_locale":"es_ES","og_type":"article","og_title":"Cuello digital, consejos de experto para evitarlo","og_description":"El uso de m\u00f3vil y pantallas ha creado un nuevo s\u00edndrome llamado Tech Neck y as\u00ed es c\u00f3mo puedes conocer sus efectos en la piel.","og_url":"https:\/\/graziamagazine.com\/es\/articles\/cuello-digital-consejos-de-experto-para-evitarlo\/","og_site_name":"Grazia","og_image":[{"width":1920,"height":1440,"url":"https:\/\/graziamagazine.com\/es\/wp-content\/uploads\/sites\/12\/2024\/10\/pexels-energepic-com-27411-313690.jpg","type":"image\/jpeg"}],"twitter_card":"summary_large_image","twitter_misc":{"Est. reading time":"5 minutos"},"schema":{"@context":"https:\/\/schema.org","@graph":[{"@type":"WebPage","@id":"https:\/\/graziamagazine.com\/es\/articles\/cuello-digital-consejos-de-experto-para-evitarlo\/","url":"https:\/\/graziamagazine.com\/es\/articles\/cuello-digital-consejos-de-experto-para-evitarlo\/","name":"Cuello digital, consejos de experto para evitarlo","isPartOf":{"@id":"https:\/\/graziamagazine.com\/es\/#website"},"datePublished":"2024-10-21T10:53:23+00:00","dateModified":"2024-10-21T10:53:23+00:00","description":"El uso de m\u00f3vil y pantallas ha creado un nuevo s\u00edndrome llamado Tech Neck y as\u00ed es c\u00f3mo puedes conocer sus efectos en la piel.","breadcrumb":{"@id":"https:\/\/graziamagazine.com\/es\/articles\/cuello-digital-consejos-de-experto-para-evitarlo\/#breadcrumb"},"inLanguage":"es","potentialAction":[{"@type":"ReadAction","target":["https:\/\/graziamagazine.com\/es\/articles\/cuello-digital-consejos-de-experto-para-evitarlo\/"]}]},{"@type":"BreadcrumbList","@id":"https:\/\/graziamagazine.com\/es\/articles\/cuello-digital-consejos-de-experto-para-evitarlo\/#breadcrumb","itemListElement":[{"@type":"ListItem","position":1,"name":"Portada","item":"https:\/\/graziamagazine.com\/es\/"},{"@type":"ListItem","position":2,"name":"Cuello digital, consejos de experto para evitarlo"}]},{"@type":"WebSite","@id":"https:\/\/graziamagazine.com\/es\/#website","url":"https:\/\/graziamagazine.com\/es\/","name":"Grazia","description":"Moda, belleza, celebrities, estilo de vida...","potentialAction":[{"@type":"SearchAction","target":{"@type":"EntryPoint","urlTemplate":"https:\/\/graziamagazine.com\/es\/?s={search_term_string}"},"query-input":"required name=search_term_string"}],"inLanguage":"es"}]}},"jetpack_sharing_enabled":true,"distributor_meta":false,"distributor_terms":false,"distributor_media":false,"distributor_original_site_name":"Grazia","distributor_original_site_url":"https:\/\/graziamagazine.com\/es","push-errors":false,"_links":{"self":[{"href":"https:\/\/graziamagazine.com\/es\/wp-json\/wp\/v2\/articles\/179816"}],"collection":[{"href":"https:\/\/graziamagazine.com\/es\/wp-json\/wp\/v2\/articles"}],"about":[{"href":"https:\/\/graziamagazine.com\/es\/wp-json\/wp\/v2\/types\/articles"}],"author":[{"embeddable":true,"href":"https:\/\/graziamagazine.com\/es\/wp-json\/wp\/v2\/users\/11653"}],"wp:featuredmedia":[{"embeddable":true,"href":"https:\/\/graziamagazine.com\/es\/wp-json\/wp\/v2\/media\/179817"}],"wp:attachment":[{"href":"https:\/\/graziamagazine.com\/es\/wp-json\/wp\/v2\/media?parent=179816"}],"wp:term":[{"taxonomy":"category","embeddable":true,"href":"https:\/\/graziamagazine.com\/es\/wp-json\/wp\/v2\/categories?post=179816"}],"curies":[{"name":"wp","href":"https:\/\/api.w.org\/{rel}","templated":true}]}}