{"id":179701,"date":"2024-10-16T09:00:02","date_gmt":"2024-10-16T07:00:02","guid":{"rendered":"https:\/\/graziamagazine.com\/es\/?post_type=articles&#038;p=179701"},"modified":"2024-10-16T01:20:15","modified_gmt":"2024-10-15T23:20:15","slug":"este-es-el-serum-favorito-de-dua-lipa","status":"publish","type":"articles","link":"https:\/\/graziamagazine.com\/es\/articles\/este-es-el-serum-favorito-de-dua-lipa\/","title":{"rendered":"Este es el s\u00e9rum favorito de Dua Lipa"},"content":{"rendered":"<p><strong data-olk-copy-source=\"MessageBody\">Dua Lipa<\/strong>\u00a0se ha convertido no solo en uno de los grandes referentes en el mundo de la m\u00fasica, sino tambi\u00e9n por su estilo, y ahora por\u00a0<strong>compartir a trav\u00e9s de su blog\u00a0<\/strong><a href=\"https:\/\/tracking.launchmetrics.com\/?ref=LhQAAI1_glpm2R4IVG3jDU9OTh0I0liuAQAAAPMVCvMOpiq7LUw3eHMd0cvrX3i1QhpNNbd0q0lQhvSvY1P3-x8zydRbS5U32keJs036Ggr-NZxY2W87xJMe9xRWws3VxXFeYJvMjqqlmVSJZzg6Be4qL3GvI2v9QCOb7wbpsjVJBxTyJFhq_8CHKbCOXKBGWSA44A8O_UEStHjOKueEMbTCQO5LwCI60JNIwAyKIdfCJmE2pqcC19-xjCNHcb5UE27-VD-kqJGRVpj9XhD-gFw72bRqoJENVmOUAt50-JxhvP4DahXN3bY8dR8\" target=\"_blank\" rel=\"noopener noreferrer\" data-auth=\"NotApplicable\" data-linkindex=\"1\" target=\"_blank\"><strong>Service 95<\/strong><\/a><strong>\u00a0los\u00a0infalibles de belleza que siempre lleva en su neceser de viaje\u00a0<\/strong>para conseguir una piel con\u00a0<em>glow\u00a0<\/em>sin esfuerzo.<\/p>\n<p><strong>Service 95<\/strong>, es la newsletter semanal y gratuita de\u00a0<strong>Dua Lipa,\u00a0<\/strong>nombrada as\u00ed por su fecha de nacimiento y sus ganas de brindarle un servicio a sus fans. En esta ocasi\u00f3n la cantante brit\u00e1nica ha contado cu\u00e1les son sus 5 productos imprescindibles a la hora de viajar, entre los que se encuentra el\u00a0<strong>S\u00e9rum Hydra-Cool de\u00a0<\/strong><a href=\"https:\/\/tracking.launchmetrics.com\/?ref=LhQAAIMiUliFf4c0y9Hncs92FHf4m8v9AQAAAPMVCvMOpiq7LUw3eHMd0cvrX3i1QhpNNbd0q0lQhvSvY1P3-x8zydRbS5U32keJs036Ggr-NZxY2W87xJMe9xRWws3VxXFeYJvMjqqlmVSJkCLZEETeH91Bz1YJaekZz4ew69IXAYoVK9AlcDdxlQOvByyZ2u76dgWJXHE99UvdHK0Rw9Zfh0CYdKLJNemnpeiFLr-R7Kj_XpszpsNHTCcnDhIUiHMaiOoQQ1hbmLzo\" target=\"_blank\" rel=\"noopener noreferrer\" data-auth=\"NotApplicable\" data-linkindex=\"2\" target=\"_blank\"><strong>iS CLINICAL<\/strong><\/a><strong>\u00a0<\/strong>por su peque\u00f1o tama\u00f1o y por su efecto calmante, hidratante y protector si viajas a un clima m\u00e1s c\u00e1lido. Adem\u00e1s, este producto se caracteriza<strong>\u00a0<\/strong>por ayudar a reponer los efectos deshidratantes de los viajes en avi\u00f3n.<\/p>\n<p>\u201c<em>Dise\u00f1ado para todo tipo de pieles, el\u00a0<strong>S\u00e9rum Hydra-Cool de iS CLINICAL<\/strong>\u00a0es un poderoso tratamiento antioxidante que hidrata, rejuvenece y calma tu piel. Por eso se ha convertido en el favorito de muchas celebrities. Gran parte de su \u00e9xito se debe a que\u00a0<strong>contiene un 25% de \u00e1cido hialur\u00f3nico<\/strong>, un excelente agente hidratante que adem\u00e1s de nutrir la piel en profundidad, ayuda a \u201crellenar\u201d las l\u00edneas finas de expresi\u00f3n y las arrugas. Adem\u00e1s, la\u00a0<strong>vitamina B5<\/strong>\u00a0y la\u00a0<strong>centella asi\u00e1tica<\/strong>, tiene acci\u00f3n antioxidante que ayuda a combatir los signos del envejecimiento prematuro<\/em>.\u201d<strong>\u00a0&#8211; explica Aura Serr\u00e1s, directora de iS CLINICAL Espa\u00f1a.<\/strong><\/p>\n<h3><strong data-olk-copy-source=\"MessageBody\">Hydra-Cool S\u00e9rum<\/strong><strong>\u00a0de iS CLINICAL<\/strong><\/h3>\n<p>Se trata de una\u00a0<strong>f\u00f3rmula refrescante y antioxidante\u00a0<\/strong>que combina ingredientes bot\u00e1nicos con bio-nutrientes esenciales para mantener la piel bien hidratada. Como contiene \u00e1cido hialur\u00f3nico\u00a0<strong>ayuda a rejuvenecer el rostro<\/strong>, minimizando la apariencia de las l\u00edneas de expresi\u00f3n y las arrugas.<\/p>\n<p><img loading=\"lazy\" decoding=\"async\" class=\"aligncenter wp-image-179731 size-full\" src=\"https:\/\/graziamagazine.com\/es\/wp-content\/uploads\/sites\/12\/2024\/10\/hcs_30ml_1_1-e1729034336440.png\" alt=\"\" width=\"473\" height=\"471\" srcset=\"https:\/\/graziamagazine.com\/es\/wp-content\/uploads\/sites\/12\/2024\/10\/hcs_30ml_1_1-e1729034336440.png 473w, https:\/\/graziamagazine.com\/es\/wp-content\/uploads\/sites\/12\/2024\/10\/hcs_30ml_1_1-e1729034336440-300x300.png 300w, https:\/\/graziamagazine.com\/es\/wp-content\/uploads\/sites\/12\/2024\/10\/hcs_30ml_1_1-e1729034336440-150x150.png 150w, https:\/\/graziamagazine.com\/es\/wp-content\/uploads\/sites\/12\/2024\/10\/hcs_30ml_1_1-e1729034336440-400x398.png 400w, https:\/\/graziamagazine.com\/es\/wp-content\/uploads\/sites\/12\/2024\/10\/hcs_30ml_1_1-e1729034336440-155x154.png 155w\" sizes=\"(max-width: 473px) 100vw, 473px\" \/><\/p>\n<p>Su uso habitual tambi\u00e9n ayuda a unificar el tono de la piel, a la vez que ilumina el rostro gracias a su contenido en extracto de setas. Adem\u00e1s,\u00a0<strong>el S\u00e9rum Hydra-Cool de iS CLINICAL<\/strong> refresca y calma la piel, lo que lo convierte en un buen aliado para tratar las pieles secas, irritadas o quemadas. Sus beneficios:<\/p>\n<ul>\n<li><span data-olk-copy-source=\"MessageBody\">Revitaliza la piel envejecida.<\/span><\/li>\n<li>Protege la piel de las agresiones del entorno.<\/li>\n<li>Ayuda a aclarar las manchas de la piel.<\/li>\n<li>Est\u00e1 libre de parabenos.<\/li>\n<\/ul>\n<p>El consejo de experto que nos han dado, es que mezcles 1-2 gotas de s\u00e9rum con tu base de maquillaje antes de aplicarla para conseguir un brillo de pel\u00edcula.<\/p>\n<p><span data-olk-copy-source=\"MessageBody\">De venta en<\/span>\u00a0<a href=\"https:\/\/tracking.launchmetrics.com\/?ref=LhQAAIMiUliFf4c0y9Hncs92FHf4m8v9AQAAAPMVCvMOpiq7LUw3eHMd0cvrX3i1QhpNNbd0q0lQhvSvY1P3-x8zydRbS5U32keJs036Ggr-NZxY2W87xJMe9xRWws3VxXFeYJvMjqqlmVSJkCLZEETeH91Bz1YJaekZz4ew69IXAYoVK9AlcDdxlQOvByyZ2u76dgWJXHE99UvdHK0Rw9Zfh0CYdKLJNemnpeiFLr-R7Kj_XpszpsNHTCcnDhIUiHMaiOoQQ1hbmLzo\" target=\"_blank\" rel=\"noopener noreferrer\" data-auth=\"NotApplicable\" data-linkindex=\"3\" target=\"_blank\">isclinical.com.es<\/a>, su precio es de 78 euros.<\/p>\n<p><em>*Im\u00e1genes: Redes Sociales y cortes\u00eda<\/em><\/p>\n","protected":false},"author":11653,"featured_media":179730,"template":"","format":"standard","categories":[13],"acf":[],"yoast_head":"<!-- This site is optimized with the Yoast SEO Premium plugin v18.5 (Yoast SEO v20.4) - https:\/\/yoast.com\/wordpress\/plugins\/seo\/ -->\n<title>Este es el s\u00e9rum favorito de Dua Lipa | Grazia<\/title>\n<meta name=\"description\" content=\"Dua Lipa\u00a0se ha convertido no solo en uno de los grandes referentes en el mundo de la m\u00fasica, sino tambi\u00e9n por su estilo, y ahora por\u00a0compartir a trav\u00e9s de\" \/>\n<meta name=\"robots\" content=\"index, follow, max-snippet:-1, max-image-preview:large, max-video-preview:-1\" \/>\n<link rel=\"canonical\" href=\"https:\/\/graziamagazine.com\/es\/articles\/este-es-el-serum-favorito-de-dua-lipa\/\" \/>\n<meta property=\"og:locale\" content=\"es_ES\" \/>\n<meta property=\"og:type\" content=\"article\" \/>\n<meta property=\"og:title\" content=\"Este es el s\u00e9rum favorito de Dua Lipa\" \/>\n<meta property=\"og:description\" content=\"Dua Lipa\u00a0se ha convertido no solo en uno de los grandes referentes en el mundo de la m\u00fasica, sino tambi\u00e9n por su estilo, y ahora por\u00a0compartir a trav\u00e9s de\" \/>\n<meta property=\"og:url\" content=\"https:\/\/graziamagazine.com\/es\/articles\/este-es-el-serum-favorito-de-dua-lipa\/\" \/>\n<meta property=\"og:site_name\" content=\"Grazia\" \/>\n<meta property=\"article:modified_time\" content=\"2024-10-15T23:20:15+00:00\" \/>\n<meta property=\"og:image\" content=\"https:\/\/graziamagazine.com\/es\/wp-content\/uploads\/sites\/12\/2024\/10\/tajnihal-e1729034257487.jpg\" \/>\n\t<meta property=\"og:image:width\" content=\"1391\" \/>\n\t<meta property=\"og:image:height\" content=\"1145\" \/>\n\t<meta property=\"og:image:type\" content=\"image\/jpeg\" \/>\n<meta name=\"twitter:card\" content=\"summary_large_image\" \/>\n<meta name=\"twitter:label1\" content=\"Est. reading time\" \/>\n\t<meta name=\"twitter:data1\" content=\"3 minutos\" \/>\n<script type=\"application\/ld+json\" class=\"yoast-schema-graph\">{\"@context\":\"https:\/\/schema.org\",\"@graph\":[{\"@type\":\"WebPage\",\"@id\":\"https:\/\/graziamagazine.com\/es\/articles\/este-es-el-serum-favorito-de-dua-lipa\/\",\"url\":\"https:\/\/graziamagazine.com\/es\/articles\/este-es-el-serum-favorito-de-dua-lipa\/\",\"name\":\"Este es el s\u00e9rum favorito de Dua Lipa | Grazia\",\"isPartOf\":{\"@id\":\"https:\/\/graziamagazine.com\/es\/#website\"},\"datePublished\":\"2024-10-16T07:00:02+00:00\",\"dateModified\":\"2024-10-15T23:20:15+00:00\",\"description\":\"Dua Lipa\u00a0se ha convertido no solo en uno de los grandes referentes en el mundo de la m\u00fasica, sino tambi\u00e9n por su estilo, y ahora por\u00a0compartir a trav\u00e9s de\",\"breadcrumb\":{\"@id\":\"https:\/\/graziamagazine.com\/es\/articles\/este-es-el-serum-favorito-de-dua-lipa\/#breadcrumb\"},\"inLanguage\":\"es\",\"potentialAction\":[{\"@type\":\"ReadAction\",\"target\":[\"https:\/\/graziamagazine.com\/es\/articles\/este-es-el-serum-favorito-de-dua-lipa\/\"]}]},{\"@type\":\"BreadcrumbList\",\"@id\":\"https:\/\/graziamagazine.com\/es\/articles\/este-es-el-serum-favorito-de-dua-lipa\/#breadcrumb\",\"itemListElement\":[{\"@type\":\"ListItem\",\"position\":1,\"name\":\"Portada\",\"item\":\"https:\/\/graziamagazine.com\/es\/\"},{\"@type\":\"ListItem\",\"position\":2,\"name\":\"Este es el s\u00e9rum favorito de Dua Lipa\"}]},{\"@type\":\"WebSite\",\"@id\":\"https:\/\/graziamagazine.com\/es\/#website\",\"url\":\"https:\/\/graziamagazine.com\/es\/\",\"name\":\"Grazia\",\"description\":\"Moda, belleza, celebrities, estilo de vida...\",\"potentialAction\":[{\"@type\":\"SearchAction\",\"target\":{\"@type\":\"EntryPoint\",\"urlTemplate\":\"https:\/\/graziamagazine.com\/es\/?s={search_term_string}\"},\"query-input\":\"required name=search_term_string\"}],\"inLanguage\":\"es\"}]}<\/script>\n<!-- \/ Yoast SEO Premium plugin. -->","yoast_head_json":{"title":"Este es el s\u00e9rum favorito de Dua Lipa | Grazia","description":"Dua Lipa\u00a0se ha convertido no solo en uno de los grandes referentes en el mundo de la m\u00fasica, sino tambi\u00e9n por su estilo, y ahora por\u00a0compartir a trav\u00e9s de","robots":{"index":"index","follow":"follow","max-snippet":"max-snippet:-1","max-image-preview":"max-image-preview:large","max-video-preview":"max-video-preview:-1"},"canonical":"https:\/\/graziamagazine.com\/es\/articles\/este-es-el-serum-favorito-de-dua-lipa\/","og_locale":"es_ES","og_type":"article","og_title":"Este es el s\u00e9rum favorito de Dua Lipa","og_description":"Dua Lipa\u00a0se ha convertido no solo en uno de los grandes referentes en el mundo de la m\u00fasica, sino tambi\u00e9n por su estilo, y ahora por\u00a0compartir a trav\u00e9s de","og_url":"https:\/\/graziamagazine.com\/es\/articles\/este-es-el-serum-favorito-de-dua-lipa\/","og_site_name":"Grazia","article_modified_time":"2024-10-15T23:20:15+00:00","og_image":[{"width":1391,"height":1145,"url":"https:\/\/graziamagazine.com\/es\/wp-content\/uploads\/sites\/12\/2024\/10\/tajnihal-e1729034257487.jpg","type":"image\/jpeg"}],"twitter_card":"summary_large_image","twitter_misc":{"Est. reading time":"3 minutos"},"schema":{"@context":"https:\/\/schema.org","@graph":[{"@type":"WebPage","@id":"https:\/\/graziamagazine.com\/es\/articles\/este-es-el-serum-favorito-de-dua-lipa\/","url":"https:\/\/graziamagazine.com\/es\/articles\/este-es-el-serum-favorito-de-dua-lipa\/","name":"Este es el s\u00e9rum favorito de Dua Lipa | Grazia","isPartOf":{"@id":"https:\/\/graziamagazine.com\/es\/#website"},"datePublished":"2024-10-16T07:00:02+00:00","dateModified":"2024-10-15T23:20:15+00:00","description":"Dua Lipa\u00a0se ha convertido no solo en uno de los grandes referentes en el mundo de la m\u00fasica, sino tambi\u00e9n por su estilo, y ahora por\u00a0compartir a trav\u00e9s de","breadcrumb":{"@id":"https:\/\/graziamagazine.com\/es\/articles\/este-es-el-serum-favorito-de-dua-lipa\/#breadcrumb"},"inLanguage":"es","potentialAction":[{"@type":"ReadAction","target":["https:\/\/graziamagazine.com\/es\/articles\/este-es-el-serum-favorito-de-dua-lipa\/"]}]},{"@type":"BreadcrumbList","@id":"https:\/\/graziamagazine.com\/es\/articles\/este-es-el-serum-favorito-de-dua-lipa\/#breadcrumb","itemListElement":[{"@type":"ListItem","position":1,"name":"Portada","item":"https:\/\/graziamagazine.com\/es\/"},{"@type":"ListItem","position":2,"name":"Este es el s\u00e9rum favorito de Dua Lipa"}]},{"@type":"WebSite","@id":"https:\/\/graziamagazine.com\/es\/#website","url":"https:\/\/graziamagazine.com\/es\/","name":"Grazia","description":"Moda, belleza, celebrities, estilo de vida...","potentialAction":[{"@type":"SearchAction","target":{"@type":"EntryPoint","urlTemplate":"https:\/\/graziamagazine.com\/es\/?s={search_term_string}"},"query-input":"required name=search_term_string"}],"inLanguage":"es"}]}},"jetpack_sharing_enabled":true,"distributor_meta":false,"distributor_terms":false,"distributor_media":false,"distributor_original_site_name":"Grazia","distributor_original_site_url":"https:\/\/graziamagazine.com\/es","push-errors":false,"_links":{"self":[{"href":"https:\/\/graziamagazine.com\/es\/wp-json\/wp\/v2\/articles\/179701"}],"collection":[{"href":"https:\/\/graziamagazine.com\/es\/wp-json\/wp\/v2\/articles"}],"about":[{"href":"https:\/\/graziamagazine.com\/es\/wp-json\/wp\/v2\/types\/articles"}],"author":[{"embeddable":true,"href":"https:\/\/graziamagazine.com\/es\/wp-json\/wp\/v2\/users\/11653"}],"wp:featuredmedia":[{"embeddable":true,"href":"https:\/\/graziamagazine.com\/es\/wp-json\/wp\/v2\/media\/179730"}],"wp:attachment":[{"href":"https:\/\/graziamagazine.com\/es\/wp-json\/wp\/v2\/media?parent=179701"}],"wp:term":[{"taxonomy":"category","embeddable":true,"href":"https:\/\/graziamagazine.com\/es\/wp-json\/wp\/v2\/categories?post=179701"}],"curies":[{"name":"wp","href":"https:\/\/api.w.org\/{rel}","templated":true}]}}