{"id":179698,"date":"2024-10-16T12:00:58","date_gmt":"2024-10-16T10:00:58","guid":{"rendered":"https:\/\/graziamagazine.com\/es\/?post_type=articles&#038;p=179698"},"modified":"2024-10-16T09:18:08","modified_gmt":"2024-10-16T07:18:08","slug":"sigrid-nunez-habla-cambio-radical-pedro-almodovar-hizo-habitacion-de-al-lado","status":"publish","type":"articles","link":"https:\/\/graziamagazine.com\/es\/articles\/sigrid-nunez-habla-cambio-radical-pedro-almodovar-hizo-habitacion-de-al-lado\/","title":{"rendered":"Sigrid Nunez habla sobre el \u201ccambio radical\u201d que Pedro Almod\u00f3var hizo en \u2018La habitaci\u00f3n de al lado\u2019"},"content":{"rendered":"<p class=\"p1\">La escritora <strong>Sigrid Nunez<\/strong> revel\u00f3 que <strong>Pedro Almod\u00f3var<\/strong> hizo un \u201ccambio radical\u201d al final de la pel\u00edcula <em><strong>La habitaci\u00f3n de al lado<\/strong><\/em>, la cual est\u00e1 inspirada en su libro publicado en 2020, <em><strong>Cu\u00e1l es tu tormento<\/strong><\/em>. Adem\u00e1s, asegur\u00f3 en entrevista con <em>El Mundo<\/em>, que \u201cno le pareci\u00f3 mal\u201d.<\/p>\n<p class=\"p1\">\u201cS\u00f3lo he visto la pel\u00edcula una vez, hace dos semanas en una sala de proyecci\u00f3n, y me encant\u00f3. Es diferente, claro. Especialmente porque Pedro cambi\u00f3 radicalmente el final, lo que me sorprendi\u00f3, pero no me pareci\u00f3 mal\u201d, comparti\u00f3.<\/p>\n<figure id=\"attachment_142361\" class=\"wp-caption alignnone\" style=\"width: 570px\" aria-describedby=\"caption-attachment-142361\"><img loading=\"lazy\" decoding=\"async\" class=\"wp-image-142361 size-full\" src=\"https:\/\/graziamagazine.com\/mx\/wp-content\/uploads\/sites\/13\/2024\/10\/Captura-de-Pantalla-2024-10-07-a-las-13.13.33.png\" alt=\"\" width=\"570\" height=\"854\" \/><\/figure>\n<p class=\"p1\">La escritora tambi\u00e9n habl\u00f3 sobre c\u00f3mo el productor espa\u00f1ol se interes\u00f3 en su novela, la cual ayud\u00f3 a que la pel\u00edcula que fue estrenada en el <strong>Festival de Cine de Venecia<\/strong>, fuera premiada con el <strong>Le\u00f3n de Oro de Venecia<\/strong>.<span class=\"Apple-converted-space\">\u00a0<\/span><\/p>\n<p class=\"p1\">\u201cUn d\u00eda fui al cine a ver <strong><i>Madres paralelas<\/i><\/strong>. Al regresar a casa, revis\u00e9 mi correo electr\u00f3nico y hab\u00eda un mensaje de uno de sus productores diciendo que Pedro estaba interesado en comprar los derechos de mi libro. Y pens\u00e9: \u201c\u00a1Oh!\u201d. Porque ha sido uno de mis artistas favoritos durante mucho tiempo\u201d, agreg\u00f3.<\/p>\n<p><img loading=\"lazy\" decoding=\"async\" class=\"aligncenter size-full wp-image-179720\" src=\"https:\/\/graziamagazine.com\/es\/wp-content\/uploads\/sites\/12\/2024\/10\/La_habitaciaon_de_al_lado-118477284-large.jpg\" alt=\"\" width=\"1525\" height=\"1200\" srcset=\"https:\/\/graziamagazine.com\/es\/wp-content\/uploads\/sites\/12\/2024\/10\/La_habitaciaon_de_al_lado-118477284-large.jpg 1525w, https:\/\/graziamagazine.com\/es\/wp-content\/uploads\/sites\/12\/2024\/10\/La_habitaciaon_de_al_lado-118477284-large-300x236.jpg 300w, https:\/\/graziamagazine.com\/es\/wp-content\/uploads\/sites\/12\/2024\/10\/La_habitaciaon_de_al_lado-118477284-large-1024x806.jpg 1024w, https:\/\/graziamagazine.com\/es\/wp-content\/uploads\/sites\/12\/2024\/10\/La_habitaciaon_de_al_lado-118477284-large-768x604.jpg 768w, https:\/\/graziamagazine.com\/es\/wp-content\/uploads\/sites\/12\/2024\/10\/La_habitaciaon_de_al_lado-118477284-large-400x315.jpg 400w, https:\/\/graziamagazine.com\/es\/wp-content\/uploads\/sites\/12\/2024\/10\/La_habitaciaon_de_al_lado-118477284-large-155x122.jpg 155w\" sizes=\"(max-width: 1525px) 100vw, 1525px\" \/><\/p>\n<p class=\"p1\">La escritora tambi\u00e9n revel\u00f3 que quiso mantenerse al margen en el rodaje de la pel\u00edcula, pues confiaba en el trabajo que Pedro es capaz de lograr, adem\u00e1s de saber que probablemente habr\u00edan cambios, sin que esto significara sacrificar la esencia de su novela.<span class=\"Apple-converted-space\">\u00a0<\/span><\/p>\n<p class=\"p1\">\u201cDespu\u00e9s comprend\u00ed lo que \u00e9l vio en mi obra: la relaci\u00f3n entre las mujeres y esas obsesiones suyas sobre el envejecimiento, la enfermedad, la muerte, la p\u00e9rdida, el duelo. Visit\u00e9 el set durante el \u00faltimo d\u00eda de rodaje en Nueva York y fue maravilloso, pero nunca le\u00ed el guion ni ped\u00ed hacerlo. De vez en cuando recib\u00eda un correo electr\u00f3nico con una peque\u00f1a pregunta, y la respond\u00eda, pero no quer\u00eda intervenir en absoluto. Sab\u00eda que har\u00eda cambios\u201d, comparti\u00f3.<\/p>\n<p><img loading=\"lazy\" decoding=\"async\" class=\"aligncenter size-full wp-image-179721\" src=\"https:\/\/graziamagazine.com\/es\/wp-content\/uploads\/sites\/12\/2024\/10\/c9137374-09dc-4e4b-8743-99ec413e686d_alta-libre-aspect-ratio_default_0.jpg\" alt=\"\" width=\"1200\" height=\"818\" srcset=\"https:\/\/graziamagazine.com\/es\/wp-content\/uploads\/sites\/12\/2024\/10\/c9137374-09dc-4e4b-8743-99ec413e686d_alta-libre-aspect-ratio_default_0.jpg 1200w, https:\/\/graziamagazine.com\/es\/wp-content\/uploads\/sites\/12\/2024\/10\/c9137374-09dc-4e4b-8743-99ec413e686d_alta-libre-aspect-ratio_default_0-300x205.jpg 300w, https:\/\/graziamagazine.com\/es\/wp-content\/uploads\/sites\/12\/2024\/10\/c9137374-09dc-4e4b-8743-99ec413e686d_alta-libre-aspect-ratio_default_0-1024x698.jpg 1024w, https:\/\/graziamagazine.com\/es\/wp-content\/uploads\/sites\/12\/2024\/10\/c9137374-09dc-4e4b-8743-99ec413e686d_alta-libre-aspect-ratio_default_0-768x524.jpg 768w, https:\/\/graziamagazine.com\/es\/wp-content\/uploads\/sites\/12\/2024\/10\/c9137374-09dc-4e4b-8743-99ec413e686d_alta-libre-aspect-ratio_default_0-400x273.jpg 400w, https:\/\/graziamagazine.com\/es\/wp-content\/uploads\/sites\/12\/2024\/10\/c9137374-09dc-4e4b-8743-99ec413e686d_alta-libre-aspect-ratio_default_0-155x106.jpg 155w\" sizes=\"(max-width: 1200px) 100vw, 1200px\" \/><\/p>\n<p class=\"p1\">Sigrid Nunez es una destacada escritora estadounidense que ha escrito grandes novelas entre las que se encuentran <em><strong>A Feather on the Breath of God<\/strong><\/em>, <em><strong>The Last of Her Kind<\/strong><\/em>\u00a0y\u00a0<em><strong>Salvation City<\/strong><\/em>, adem\u00e1s de sus grandes \u00e9xitos <em><strong>Cu\u00e1l es tu tormento<\/strong><\/em> y <em><strong>Los Vulnerables<\/strong><\/em>, su m\u00e1s reciente novela.<\/p>\n","protected":false},"author":16349,"featured_media":179718,"template":"","format":"standard","categories":[2971],"acf":{"banner":null},"yoast_head":"<!-- This site is optimized with the Yoast SEO Premium plugin v18.5 (Yoast SEO v20.4) - https:\/\/yoast.com\/wordpress\/plugins\/seo\/ -->\n<title>El \u201ccambio radical\u201d que Almod\u00f3var hizo en \u2018La habitaci\u00f3n de al lado\u2019<\/title>\n<meta name=\"description\" content=\"La escritora opina sobre la modificaci\u00f3n que hizo el productor espa\u00f1ol en la adaptaci\u00f3n de su libro en el que se inspir\u00f3 la pel\u00edcula.\" \/>\n<meta name=\"robots\" content=\"index, follow, max-snippet:-1, max-image-preview:large, max-video-preview:-1\" \/>\n<link rel=\"canonical\" href=\"https:\/\/graziamagazine.com\/es\/articles\/sigrid-nunez-habla-cambio-radical-pedro-almodovar-hizo-habitacion-de-al-lado\/\" \/>\n<meta property=\"og:locale\" content=\"es_ES\" \/>\n<meta property=\"og:type\" content=\"article\" \/>\n<meta property=\"og:title\" content=\"Sigrid Nunez habla sobre el \u201ccambio radical\u201d que Pedro Almod\u00f3var hizo en \u2018La habitaci\u00f3n de al lado\u2019\" \/>\n<meta property=\"og:description\" content=\"La escritora opina sobre la modificaci\u00f3n que hizo el productor espa\u00f1ol en la adaptaci\u00f3n de su libro en el que se inspir\u00f3 la pel\u00edcula.\" \/>\n<meta property=\"og:url\" content=\"https:\/\/graziamagazine.com\/es\/articles\/sigrid-nunez-habla-cambio-radical-pedro-almodovar-hizo-habitacion-de-al-lado\/\" \/>\n<meta property=\"og:site_name\" content=\"Grazia\" \/>\n<meta property=\"article:modified_time\" content=\"2024-10-16T07:18:08+00:00\" \/>\n<meta property=\"og:image\" content=\"https:\/\/graziamagazine.com\/es\/wp-content\/uploads\/sites\/12\/2024\/10\/14f6d924-2b07-44fe-19cc-e713a733ba91-e1706179113429.jpeg\" \/>\n\t<meta property=\"og:image:width\" content=\"1417\" \/>\n\t<meta property=\"og:image:height\" content=\"797\" \/>\n\t<meta property=\"og:image:type\" content=\"image\/jpeg\" \/>\n<meta name=\"twitter:card\" content=\"summary_large_image\" \/>\n<meta name=\"twitter:label1\" content=\"Est. reading time\" \/>\n\t<meta name=\"twitter:data1\" content=\"3 minutos\" \/>\n<script type=\"application\/ld+json\" class=\"yoast-schema-graph\">{\"@context\":\"https:\/\/schema.org\",\"@graph\":[{\"@type\":\"WebPage\",\"@id\":\"https:\/\/graziamagazine.com\/es\/articles\/sigrid-nunez-habla-cambio-radical-pedro-almodovar-hizo-habitacion-de-al-lado\/\",\"url\":\"https:\/\/graziamagazine.com\/es\/articles\/sigrid-nunez-habla-cambio-radical-pedro-almodovar-hizo-habitacion-de-al-lado\/\",\"name\":\"El \u201ccambio radical\u201d que Almod\u00f3var hizo en \u2018La habitaci\u00f3n de al lado\u2019\",\"isPartOf\":{\"@id\":\"https:\/\/graziamagazine.com\/es\/#website\"},\"datePublished\":\"2024-10-16T10:00:58+00:00\",\"dateModified\":\"2024-10-16T07:18:08+00:00\",\"description\":\"La escritora opina sobre la modificaci\u00f3n que hizo el productor espa\u00f1ol en la adaptaci\u00f3n de su libro en el que se inspir\u00f3 la pel\u00edcula.\",\"breadcrumb\":{\"@id\":\"https:\/\/graziamagazine.com\/es\/articles\/sigrid-nunez-habla-cambio-radical-pedro-almodovar-hizo-habitacion-de-al-lado\/#breadcrumb\"},\"inLanguage\":\"es\",\"potentialAction\":[{\"@type\":\"ReadAction\",\"target\":[\"https:\/\/graziamagazine.com\/es\/articles\/sigrid-nunez-habla-cambio-radical-pedro-almodovar-hizo-habitacion-de-al-lado\/\"]}]},{\"@type\":\"BreadcrumbList\",\"@id\":\"https:\/\/graziamagazine.com\/es\/articles\/sigrid-nunez-habla-cambio-radical-pedro-almodovar-hizo-habitacion-de-al-lado\/#breadcrumb\",\"itemListElement\":[{\"@type\":\"ListItem\",\"position\":1,\"name\":\"Portada\",\"item\":\"https:\/\/graziamagazine.com\/es\/\"},{\"@type\":\"ListItem\",\"position\":2,\"name\":\"Sigrid Nunez habla sobre el \u201ccambio radical\u201d que Pedro Almod\u00f3var hizo en \u2018La habitaci\u00f3n de al lado\u2019\"}]},{\"@type\":\"WebSite\",\"@id\":\"https:\/\/graziamagazine.com\/es\/#website\",\"url\":\"https:\/\/graziamagazine.com\/es\/\",\"name\":\"Grazia\",\"description\":\"Moda, belleza, celebrities, estilo de vida...\",\"potentialAction\":[{\"@type\":\"SearchAction\",\"target\":{\"@type\":\"EntryPoint\",\"urlTemplate\":\"https:\/\/graziamagazine.com\/es\/?s={search_term_string}\"},\"query-input\":\"required name=search_term_string\"}],\"inLanguage\":\"es\"}]}<\/script>\n<!-- \/ Yoast SEO Premium plugin. -->","yoast_head_json":{"title":"El \u201ccambio radical\u201d que Almod\u00f3var hizo en \u2018La habitaci\u00f3n de al lado\u2019","description":"La escritora opina sobre la modificaci\u00f3n que hizo el productor espa\u00f1ol en la adaptaci\u00f3n de su libro en el que se inspir\u00f3 la pel\u00edcula.","robots":{"index":"index","follow":"follow","max-snippet":"max-snippet:-1","max-image-preview":"max-image-preview:large","max-video-preview":"max-video-preview:-1"},"canonical":"https:\/\/graziamagazine.com\/es\/articles\/sigrid-nunez-habla-cambio-radical-pedro-almodovar-hizo-habitacion-de-al-lado\/","og_locale":"es_ES","og_type":"article","og_title":"Sigrid Nunez habla sobre el \u201ccambio radical\u201d que Pedro Almod\u00f3var hizo en \u2018La habitaci\u00f3n de al lado\u2019","og_description":"La escritora opina sobre la modificaci\u00f3n que hizo el productor espa\u00f1ol en la adaptaci\u00f3n de su libro en el que se inspir\u00f3 la pel\u00edcula.","og_url":"https:\/\/graziamagazine.com\/es\/articles\/sigrid-nunez-habla-cambio-radical-pedro-almodovar-hizo-habitacion-de-al-lado\/","og_site_name":"Grazia","article_modified_time":"2024-10-16T07:18:08+00:00","og_image":[{"width":1417,"height":797,"url":"https:\/\/graziamagazine.com\/es\/wp-content\/uploads\/sites\/12\/2024\/10\/14f6d924-2b07-44fe-19cc-e713a733ba91-e1706179113429.jpeg","type":"image\/jpeg"}],"twitter_card":"summary_large_image","twitter_misc":{"Est. reading time":"3 minutos"},"schema":{"@context":"https:\/\/schema.org","@graph":[{"@type":"WebPage","@id":"https:\/\/graziamagazine.com\/es\/articles\/sigrid-nunez-habla-cambio-radical-pedro-almodovar-hizo-habitacion-de-al-lado\/","url":"https:\/\/graziamagazine.com\/es\/articles\/sigrid-nunez-habla-cambio-radical-pedro-almodovar-hizo-habitacion-de-al-lado\/","name":"El \u201ccambio radical\u201d que Almod\u00f3var hizo en \u2018La habitaci\u00f3n de al lado\u2019","isPartOf":{"@id":"https:\/\/graziamagazine.com\/es\/#website"},"datePublished":"2024-10-16T10:00:58+00:00","dateModified":"2024-10-16T07:18:08+00:00","description":"La escritora opina sobre la modificaci\u00f3n que hizo el productor espa\u00f1ol en la adaptaci\u00f3n de su libro en el que se inspir\u00f3 la pel\u00edcula.","breadcrumb":{"@id":"https:\/\/graziamagazine.com\/es\/articles\/sigrid-nunez-habla-cambio-radical-pedro-almodovar-hizo-habitacion-de-al-lado\/#breadcrumb"},"inLanguage":"es","potentialAction":[{"@type":"ReadAction","target":["https:\/\/graziamagazine.com\/es\/articles\/sigrid-nunez-habla-cambio-radical-pedro-almodovar-hizo-habitacion-de-al-lado\/"]}]},{"@type":"BreadcrumbList","@id":"https:\/\/graziamagazine.com\/es\/articles\/sigrid-nunez-habla-cambio-radical-pedro-almodovar-hizo-habitacion-de-al-lado\/#breadcrumb","itemListElement":[{"@type":"ListItem","position":1,"name":"Portada","item":"https:\/\/graziamagazine.com\/es\/"},{"@type":"ListItem","position":2,"name":"Sigrid Nunez habla sobre el \u201ccambio radical\u201d que Pedro Almod\u00f3var hizo en \u2018La habitaci\u00f3n de al lado\u2019"}]},{"@type":"WebSite","@id":"https:\/\/graziamagazine.com\/es\/#website","url":"https:\/\/graziamagazine.com\/es\/","name":"Grazia","description":"Moda, belleza, celebrities, estilo de vida...","potentialAction":[{"@type":"SearchAction","target":{"@type":"EntryPoint","urlTemplate":"https:\/\/graziamagazine.com\/es\/?s={search_term_string}"},"query-input":"required name=search_term_string"}],"inLanguage":"es"}]}},"jetpack_sharing_enabled":true,"distributor_meta":false,"distributor_terms":false,"distributor_media":false,"distributor_original_site_name":"Grazia","distributor_original_site_url":"https:\/\/graziamagazine.com\/es","push-errors":false,"_links":{"self":[{"href":"https:\/\/graziamagazine.com\/es\/wp-json\/wp\/v2\/articles\/179698"}],"collection":[{"href":"https:\/\/graziamagazine.com\/es\/wp-json\/wp\/v2\/articles"}],"about":[{"href":"https:\/\/graziamagazine.com\/es\/wp-json\/wp\/v2\/types\/articles"}],"author":[{"embeddable":true,"href":"https:\/\/graziamagazine.com\/es\/wp-json\/wp\/v2\/users\/16349"}],"wp:featuredmedia":[{"embeddable":true,"href":"https:\/\/graziamagazine.com\/es\/wp-json\/wp\/v2\/media\/179718"}],"wp:attachment":[{"href":"https:\/\/graziamagazine.com\/es\/wp-json\/wp\/v2\/media?parent=179698"}],"wp:term":[{"taxonomy":"category","embeddable":true,"href":"https:\/\/graziamagazine.com\/es\/wp-json\/wp\/v2\/categories?post=179698"}],"curies":[{"name":"wp","href":"https:\/\/api.w.org\/{rel}","templated":true}]}}