{"id":179634,"date":"2024-10-14T11:52:55","date_gmt":"2024-10-14T09:52:55","guid":{"rendered":"https:\/\/graziamagazine.com\/es\/?post_type=articles&#038;p=179634"},"modified":"2024-10-14T11:52:55","modified_gmt":"2024-10-14T09:52:55","slug":"el-serum-de-pestanas-2-en-1-para-un-efecto-wow-inmediato","status":"publish","type":"articles","link":"https:\/\/graziamagazine.com\/es\/articles\/el-serum-de-pestanas-2-en-1-para-un-efecto-wow-inmediato\/","title":{"rendered":"El s\u00e9rum de pesta\u00f1as 2 en 1 para un efecto WOW inmediato"},"content":{"rendered":"<p>Las pesta\u00f1as son un elemento clave en la belleza del rostro. Adem\u00e1s, protegen del sudor, de la suciedad o del sol. Por eso, es clave cuidarlas con productos espec\u00edficos.<\/p>\n<p>Para ello\u00a0Vitry, la firma experta en manicura, pedicura y cuidado personal desde 1795,\u00a0propone cuidar las pesta\u00f1as con un producto \u00fanico:\u00a0<strong>TONI\u2019CILS PRO EXPERT<\/strong>, un gel de tratamiento transparente 2 en 1 que las embellece de forma inmediata y favorece su crecimiento en 8 semanas.<\/p>\n<p>Adem\u00e1s de su completa f\u00f3rmula, posee un\u00a0aplicador doble\u00a0que incluye un pincel y un cepillo, ideal para facilitar su aplicaci\u00f3n en pesta\u00f1as finas y escasas. De la misma forma,\u00a0se puede utilizar de dos formas diferentes para conseguir resultados inmediatos y a largo plazo.<\/p>\n<h3>Un s\u00e9rum con dos efectos y dos: tratamiento y efecto wow<\/h3>\n<p>Por un lado se puede utilizar <strong>como base de la m\u00e1scara de pesta\u00f1as<\/strong> para conseguir multiplicar el efecto de volumen (se incrementa hasta un 32%) y longitud (aumento hasta de 39%) de forma inmediata. Por otro, tambi\u00e9n puede utilizarse <strong>como\u00a0tratamiento de d\u00eda y noche<\/strong>: aplicando tres capas espesas de la ra\u00edz de las pesta\u00f1as a las puntas consigue, a partir de 8 semanas de uso: Ralentizar la ca\u00edda de las pesta\u00f1as, fortalecer la pesta\u00f1a existente y promover el crecimiento de nuevas pesta\u00f1as.<\/p>\n<p><b><strong><img loading=\"lazy\" decoding=\"async\" class=\"aligncenter size-full wp-image-179635\" src=\"https:\/\/graziamagazine.com\/es\/wp-content\/uploads\/sites\/12\/2024\/10\/5e1d2433-ba72-2f0d-40b7-1d083ea4cbee-scaled.jpg\" alt=\"\" width=\"2560\" height=\"1828\" srcset=\"https:\/\/graziamagazine.com\/es\/wp-content\/uploads\/sites\/12\/2024\/10\/5e1d2433-ba72-2f0d-40b7-1d083ea4cbee-scaled.jpg 2560w, https:\/\/graziamagazine.com\/es\/wp-content\/uploads\/sites\/12\/2024\/10\/5e1d2433-ba72-2f0d-40b7-1d083ea4cbee-300x214.jpg 300w, https:\/\/graziamagazine.com\/es\/wp-content\/uploads\/sites\/12\/2024\/10\/5e1d2433-ba72-2f0d-40b7-1d083ea4cbee-1024x731.jpg 1024w, https:\/\/graziamagazine.com\/es\/wp-content\/uploads\/sites\/12\/2024\/10\/5e1d2433-ba72-2f0d-40b7-1d083ea4cbee-768x548.jpg 768w, https:\/\/graziamagazine.com\/es\/wp-content\/uploads\/sites\/12\/2024\/10\/5e1d2433-ba72-2f0d-40b7-1d083ea4cbee-1536x1097.jpg 1536w, https:\/\/graziamagazine.com\/es\/wp-content\/uploads\/sites\/12\/2024\/10\/5e1d2433-ba72-2f0d-40b7-1d083ea4cbee-2048x1463.jpg 2048w, https:\/\/graziamagazine.com\/es\/wp-content\/uploads\/sites\/12\/2024\/10\/5e1d2433-ba72-2f0d-40b7-1d083ea4cbee-400x286.jpg 400w, https:\/\/graziamagazine.com\/es\/wp-content\/uploads\/sites\/12\/2024\/10\/5e1d2433-ba72-2f0d-40b7-1d083ea4cbee-155x111.jpg 155w\" sizes=\"(max-width: 2560px) 100vw, 2560px\" \/><\/strong><\/b><\/p>\n<h3><b><strong>\u00bfC\u00f3mo<\/strong><\/b> lo<b><strong> consigue?\u00a0<\/strong><\/b><\/h3>\n<p>Todo esto es gracias a una f\u00f3rmula que combina pantenol (que mejora el crecimiento), biotinol trip\u00e9tido 1 (que estimula los tejidos del bulbo piloso), extracto de flor de tr\u00e9bol rojo (fortalece, alarga y densifica las pesta\u00f1as), p\u00e9ptidos de origen matricial (fortalecen la ra\u00edz de las pesta\u00f1as) y un pol\u00edmero concentrado al 5% , unilash, que consigue un efecto envolvente inmediato en las pesta\u00f1as.<\/p>\n<p><img loading=\"lazy\" decoding=\"async\" class=\"aligncenter size-full wp-image-179637\" src=\"https:\/\/graziamagazine.com\/es\/wp-content\/uploads\/sites\/12\/2024\/10\/fae96615-5fad-8c7f-3bcc-be64578df70d-scaled.jpg\" alt=\"\" width=\"2560\" height=\"2120\" srcset=\"https:\/\/graziamagazine.com\/es\/wp-content\/uploads\/sites\/12\/2024\/10\/fae96615-5fad-8c7f-3bcc-be64578df70d-scaled.jpg 2560w, https:\/\/graziamagazine.com\/es\/wp-content\/uploads\/sites\/12\/2024\/10\/fae96615-5fad-8c7f-3bcc-be64578df70d-300x248.jpg 300w, https:\/\/graziamagazine.com\/es\/wp-content\/uploads\/sites\/12\/2024\/10\/fae96615-5fad-8c7f-3bcc-be64578df70d-1024x848.jpg 1024w, https:\/\/graziamagazine.com\/es\/wp-content\/uploads\/sites\/12\/2024\/10\/fae96615-5fad-8c7f-3bcc-be64578df70d-768x636.jpg 768w, https:\/\/graziamagazine.com\/es\/wp-content\/uploads\/sites\/12\/2024\/10\/fae96615-5fad-8c7f-3bcc-be64578df70d-1536x1272.jpg 1536w, https:\/\/graziamagazine.com\/es\/wp-content\/uploads\/sites\/12\/2024\/10\/fae96615-5fad-8c7f-3bcc-be64578df70d-2048x1696.jpg 2048w, https:\/\/graziamagazine.com\/es\/wp-content\/uploads\/sites\/12\/2024\/10\/fae96615-5fad-8c7f-3bcc-be64578df70d-400x331.jpg 400w, https:\/\/graziamagazine.com\/es\/wp-content\/uploads\/sites\/12\/2024\/10\/fae96615-5fad-8c7f-3bcc-be64578df70d-155x128.jpg 155w\" sizes=\"(max-width: 2560px) 100vw, 2560px\" \/><\/p>\n<p class=\"x_MsoNormal\">Lo que nos gusta tambi\u00e9n, adem\u00e1s del efecto que consigue, es que es hipoalerg\u00e9nico, est\u00e1 probado bajo control dermatol\u00f3gico y oftalmol\u00f3gico y es apto para ojos sensibles y usuarios con lentillas. De venta exclusiva en farmacias, parafarmacias y la parafarmacia de El Corte Ingl\u00e9s, su precio recomendado es de 45,90 euros.<\/p>\n<p><em>*Im\u00e1genes: cortes\u00eda\u00a0<\/em><\/p>\n","protected":false},"author":11653,"featured_media":179636,"template":"","format":"standard","categories":[7],"acf":[],"yoast_head":"<!-- This site is optimized with the Yoast SEO Premium plugin v18.5 (Yoast SEO v20.4) - https:\/\/yoast.com\/wordpress\/plugins\/seo\/ -->\n<title>El s\u00e9rum de pesta\u00f1as 2 en 1 para un efecto WOW inmediato<\/title>\n<meta name=\"description\" content=\"Posee un\u00a0aplicador doble\u00a0que incluye un pincel y un cepillo, ideal para facilitar su aplicaci\u00f3n en pesta\u00f1as finas y escasas.\" \/>\n<meta name=\"robots\" content=\"index, follow, max-snippet:-1, max-image-preview:large, max-video-preview:-1\" \/>\n<link rel=\"canonical\" href=\"https:\/\/graziamagazine.com\/es\/articles\/el-serum-de-pestanas-2-en-1-para-un-efecto-wow-inmediato\/\" \/>\n<meta property=\"og:locale\" content=\"es_ES\" \/>\n<meta property=\"og:type\" content=\"article\" \/>\n<meta property=\"og:title\" content=\"El s\u00e9rum de pesta\u00f1as 2 en 1 para un efecto WOW inmediato\" \/>\n<meta property=\"og:description\" content=\"Posee un\u00a0aplicador doble\u00a0que incluye un pincel y un cepillo, ideal para facilitar su aplicaci\u00f3n en pesta\u00f1as finas y escasas.\" \/>\n<meta property=\"og:url\" content=\"https:\/\/graziamagazine.com\/es\/articles\/el-serum-de-pestanas-2-en-1-para-un-efecto-wow-inmediato\/\" \/>\n<meta property=\"og:site_name\" content=\"Grazia\" \/>\n<meta property=\"og:image\" content=\"https:\/\/graziamagazine.com\/es\/wp-content\/uploads\/sites\/12\/2024\/10\/380fcb04-884f-1569-b245-5e35a6060973-scaled.jpg\" \/>\n\t<meta property=\"og:image:width\" content=\"2560\" \/>\n\t<meta property=\"og:image:height\" content=\"1828\" \/>\n\t<meta property=\"og:image:type\" content=\"image\/jpeg\" \/>\n<meta name=\"twitter:card\" content=\"summary_large_image\" \/>\n<meta name=\"twitter:label1\" content=\"Est. reading time\" \/>\n\t<meta name=\"twitter:data1\" content=\"2 minutos\" \/>\n<script type=\"application\/ld+json\" class=\"yoast-schema-graph\">{\"@context\":\"https:\/\/schema.org\",\"@graph\":[{\"@type\":\"WebPage\",\"@id\":\"https:\/\/graziamagazine.com\/es\/articles\/el-serum-de-pestanas-2-en-1-para-un-efecto-wow-inmediato\/\",\"url\":\"https:\/\/graziamagazine.com\/es\/articles\/el-serum-de-pestanas-2-en-1-para-un-efecto-wow-inmediato\/\",\"name\":\"El s\u00e9rum de pesta\u00f1as 2 en 1 para un efecto WOW inmediato\",\"isPartOf\":{\"@id\":\"https:\/\/graziamagazine.com\/es\/#website\"},\"datePublished\":\"2024-10-14T09:52:55+00:00\",\"dateModified\":\"2024-10-14T09:52:55+00:00\",\"description\":\"Posee un\u00a0aplicador doble\u00a0que incluye un pincel y un cepillo, ideal para facilitar su aplicaci\u00f3n en pesta\u00f1as finas y escasas.\",\"breadcrumb\":{\"@id\":\"https:\/\/graziamagazine.com\/es\/articles\/el-serum-de-pestanas-2-en-1-para-un-efecto-wow-inmediato\/#breadcrumb\"},\"inLanguage\":\"es\",\"potentialAction\":[{\"@type\":\"ReadAction\",\"target\":[\"https:\/\/graziamagazine.com\/es\/articles\/el-serum-de-pestanas-2-en-1-para-un-efecto-wow-inmediato\/\"]}]},{\"@type\":\"BreadcrumbList\",\"@id\":\"https:\/\/graziamagazine.com\/es\/articles\/el-serum-de-pestanas-2-en-1-para-un-efecto-wow-inmediato\/#breadcrumb\",\"itemListElement\":[{\"@type\":\"ListItem\",\"position\":1,\"name\":\"Portada\",\"item\":\"https:\/\/graziamagazine.com\/es\/\"},{\"@type\":\"ListItem\",\"position\":2,\"name\":\"El s\u00e9rum de pesta\u00f1as 2 en 1 para un efecto WOW inmediato\"}]},{\"@type\":\"WebSite\",\"@id\":\"https:\/\/graziamagazine.com\/es\/#website\",\"url\":\"https:\/\/graziamagazine.com\/es\/\",\"name\":\"Grazia\",\"description\":\"Moda, belleza, celebrities, estilo de vida...\",\"potentialAction\":[{\"@type\":\"SearchAction\",\"target\":{\"@type\":\"EntryPoint\",\"urlTemplate\":\"https:\/\/graziamagazine.com\/es\/?s={search_term_string}\"},\"query-input\":\"required name=search_term_string\"}],\"inLanguage\":\"es\"}]}<\/script>\n<!-- \/ Yoast SEO Premium plugin. -->","yoast_head_json":{"title":"El s\u00e9rum de pesta\u00f1as 2 en 1 para un efecto WOW inmediato","description":"Posee un\u00a0aplicador doble\u00a0que incluye un pincel y un cepillo, ideal para facilitar su aplicaci\u00f3n en pesta\u00f1as finas y escasas.","robots":{"index":"index","follow":"follow","max-snippet":"max-snippet:-1","max-image-preview":"max-image-preview:large","max-video-preview":"max-video-preview:-1"},"canonical":"https:\/\/graziamagazine.com\/es\/articles\/el-serum-de-pestanas-2-en-1-para-un-efecto-wow-inmediato\/","og_locale":"es_ES","og_type":"article","og_title":"El s\u00e9rum de pesta\u00f1as 2 en 1 para un efecto WOW inmediato","og_description":"Posee un\u00a0aplicador doble\u00a0que incluye un pincel y un cepillo, ideal para facilitar su aplicaci\u00f3n en pesta\u00f1as finas y escasas.","og_url":"https:\/\/graziamagazine.com\/es\/articles\/el-serum-de-pestanas-2-en-1-para-un-efecto-wow-inmediato\/","og_site_name":"Grazia","og_image":[{"width":2560,"height":1828,"url":"https:\/\/graziamagazine.com\/es\/wp-content\/uploads\/sites\/12\/2024\/10\/380fcb04-884f-1569-b245-5e35a6060973-scaled.jpg","type":"image\/jpeg"}],"twitter_card":"summary_large_image","twitter_misc":{"Est. reading time":"2 minutos"},"schema":{"@context":"https:\/\/schema.org","@graph":[{"@type":"WebPage","@id":"https:\/\/graziamagazine.com\/es\/articles\/el-serum-de-pestanas-2-en-1-para-un-efecto-wow-inmediato\/","url":"https:\/\/graziamagazine.com\/es\/articles\/el-serum-de-pestanas-2-en-1-para-un-efecto-wow-inmediato\/","name":"El s\u00e9rum de pesta\u00f1as 2 en 1 para un efecto WOW inmediato","isPartOf":{"@id":"https:\/\/graziamagazine.com\/es\/#website"},"datePublished":"2024-10-14T09:52:55+00:00","dateModified":"2024-10-14T09:52:55+00:00","description":"Posee un\u00a0aplicador doble\u00a0que incluye un pincel y un cepillo, ideal para facilitar su aplicaci\u00f3n en pesta\u00f1as finas y escasas.","breadcrumb":{"@id":"https:\/\/graziamagazine.com\/es\/articles\/el-serum-de-pestanas-2-en-1-para-un-efecto-wow-inmediato\/#breadcrumb"},"inLanguage":"es","potentialAction":[{"@type":"ReadAction","target":["https:\/\/graziamagazine.com\/es\/articles\/el-serum-de-pestanas-2-en-1-para-un-efecto-wow-inmediato\/"]}]},{"@type":"BreadcrumbList","@id":"https:\/\/graziamagazine.com\/es\/articles\/el-serum-de-pestanas-2-en-1-para-un-efecto-wow-inmediato\/#breadcrumb","itemListElement":[{"@type":"ListItem","position":1,"name":"Portada","item":"https:\/\/graziamagazine.com\/es\/"},{"@type":"ListItem","position":2,"name":"El s\u00e9rum de pesta\u00f1as 2 en 1 para un efecto WOW inmediato"}]},{"@type":"WebSite","@id":"https:\/\/graziamagazine.com\/es\/#website","url":"https:\/\/graziamagazine.com\/es\/","name":"Grazia","description":"Moda, belleza, celebrities, estilo de vida...","potentialAction":[{"@type":"SearchAction","target":{"@type":"EntryPoint","urlTemplate":"https:\/\/graziamagazine.com\/es\/?s={search_term_string}"},"query-input":"required name=search_term_string"}],"inLanguage":"es"}]}},"jetpack_sharing_enabled":true,"distributor_meta":false,"distributor_terms":false,"distributor_media":false,"distributor_original_site_name":"Grazia","distributor_original_site_url":"https:\/\/graziamagazine.com\/es","push-errors":false,"_links":{"self":[{"href":"https:\/\/graziamagazine.com\/es\/wp-json\/wp\/v2\/articles\/179634"}],"collection":[{"href":"https:\/\/graziamagazine.com\/es\/wp-json\/wp\/v2\/articles"}],"about":[{"href":"https:\/\/graziamagazine.com\/es\/wp-json\/wp\/v2\/types\/articles"}],"author":[{"embeddable":true,"href":"https:\/\/graziamagazine.com\/es\/wp-json\/wp\/v2\/users\/11653"}],"wp:featuredmedia":[{"embeddable":true,"href":"https:\/\/graziamagazine.com\/es\/wp-json\/wp\/v2\/media\/179636"}],"wp:attachment":[{"href":"https:\/\/graziamagazine.com\/es\/wp-json\/wp\/v2\/media?parent=179634"}],"wp:term":[{"taxonomy":"category","embeddable":true,"href":"https:\/\/graziamagazine.com\/es\/wp-json\/wp\/v2\/categories?post=179634"}],"curies":[{"name":"wp","href":"https:\/\/api.w.org\/{rel}","templated":true}]}}