{"id":179465,"date":"2024-10-08T14:58:04","date_gmt":"2024-10-08T12:58:04","guid":{"rendered":"https:\/\/graziamagazine.com\/es\/?post_type=articles&#038;p=179465"},"modified":"2024-10-09T21:07:46","modified_gmt":"2024-10-09T19:07:46","slug":"el-estilo-de-sabrina-carpenter-en-su-gira","status":"publish","type":"articles","link":"https:\/\/graziamagazine.com\/es\/articles\/el-estilo-de-sabrina-carpenter-en-su-gira\/","title":{"rendered":"El estilo de Sabrina Carpenter en su gira"},"content":{"rendered":"<p>Sabrina Carpenter inicia su espect\u00e1culo con su tema \u201cTaste\u201d, cautivando al p\u00fablico con una entrada explosiva.<\/p>\n<p>El escenario recrea una casa de los a\u00f1os 70, equipada con elementos futuristas como escaleras flotantes y c\u00e1psulas pregrabadas que evocan la est\u00e9tica de programas ic\u00f3nicos como <strong>Bewitched<\/strong>. La artista aparece corriendo, envuelta en una toalla, lo que crea una atm\u00f3sfera de sorpresa e intriga.<\/p>\n<h3>Comienzo Deslumbrante: El Look de Taste<\/h3>\n<figure id=\"attachment_142348\" class=\"wp-caption alignnone\" style=\"width: 819px\" aria-describedby=\"caption-attachment-142348\"><img loading=\"lazy\" decoding=\"async\" class=\"size-large wp-image-142348\" src=\"https:\/\/graziamagazine.com\/mx\/wp-content\/uploads\/sites\/13\/2024\/10\/Captura-de-Pantalla-2024-10-07-a-las-10.22.31-819x1024.png\" alt=\"Comienzo Deslumbrante: El Look de Taste\" width=\"819\" height=\"1024\" \/><\/figure>\n<p>Al quitarse la toalla, revela un impresionante <strong>bodysuit rosa<\/strong> decorado con cristales, dise\u00f1ado por <strong>Victoria\u2019s Secret<\/strong>, que cuenta con 150,000 cristales aplicados a mano.<\/p>\n<p>Este atuendo audaz, complementado con medias \u201ctatuadas\u201d con la frase \u201cTaste Me\u201d y un babydoll de malla adornado con flores, marca el tono provocativo del espect\u00e1culo. Para finalizar el look, opta por unos <strong>tacones de sat\u00e9n blanco<\/strong>, que a\u00f1aden un toque de sofisticaci\u00f3n.<\/p>\n<h3>Encanto Nocturno: Sabrina After Dark<\/h3>\n<figure id=\"attachment_142346\" class=\"wp-caption alignnone\" style=\"width: 811px\" aria-describedby=\"caption-attachment-142346\"><img loading=\"lazy\" decoding=\"async\" class=\"size-large wp-image-142346\" src=\"https:\/\/graziamagazine.com\/mx\/wp-content\/uploads\/sites\/13\/2024\/10\/Captura-de-Pantalla-2024-10-07-a-las-10.22.16-811x1024.png\" alt=\"Comienzo Deslumbrante: El Look de Taste\" width=\"811\" height=\"1024\" \/><\/figure>\n<p>El siguiente segmento de la gira, titulado <strong>Sabrina After Dark<\/strong>, se desarrolla con una atm\u00f3sfera rom\u00e1ntica y sofisticada, ambientada entre los rascacielos de Nueva York.<\/p>\n<p>En este escenario, Sabrina brilla con un vestido de dos piezas dise\u00f1ado por <strong>Ludovic de Saint Sernin<\/strong>. Este atuendo, que destaca por su malla de cristales Swarovski, cuenta con una falda larga removible que revela una falda m\u00e1s corta, a\u00f1adiendo un elemento de sorpresa y dinamismo al vestuario.<\/p>\n<p>Las botas de plataforma personalizadas creadas por <strong>Michael Schmidt<\/strong>, adornadas con cristales y un coraz\u00f3n azul, complementan perfectamente este look.<\/p>\n<p>Este calzado no solo es una declaraci\u00f3n de estilo, sino que tambi\u00e9n resalta la personalidad vibrante de Sabrina en el escenario. Un detalle encantador es su forma de despertar a sus bailarines con una taza de caf\u00e9 personalizada con el nombre de la ciudad en la que se presenta, creando una conexi\u00f3n especial con el p\u00fablico.<\/p>\n<h3>Elegancia y Plumas en Feather<\/h3>\n<figure id=\"attachment_142350\" class=\"wp-caption alignnone\" style=\"width: 827px\" aria-describedby=\"caption-attachment-142350\"><img loading=\"lazy\" decoding=\"async\" class=\"size-large wp-image-142350\" src=\"https:\/\/graziamagazine.com\/mx\/wp-content\/uploads\/sites\/13\/2024\/10\/Captura-de-Pantalla-2024-10-07-a-las-10.31.04-827x1024.png\" alt=\"Comienzo Deslumbrante: El Look de Taste\" width=\"827\" height=\"1024\" \/><\/figure>\n<p>En el segmento dedicado a \u201cFeather\u201d, Sabrina emerge en un <strong>catsuit de encaje bordado<\/strong>, acompa\u00f1ado de una estola de plumas que a\u00f1ade un toque dram\u00e1tico y glamuroso.<\/p>\n<p>Este conjunto, dise\u00f1ado a medida por <strong>Patou<\/strong>, muestra el estilo distintivo de la firma, conocida por su reinvenci\u00f3n de la moda desde la era dorada del tenis en los a\u00f1os 20.<\/p>\n<p>Sabrina complementa este look con una gabardina negra y, en ocasiones, guantes largos a juego, realzando a\u00fan m\u00e1s su presencia esc\u00e9nica.<\/p>\n<h3>Un Viaje Fashionista<\/h3>\n<figure id=\"attachment_142347\" class=\"wp-caption alignnone\" style=\"width: 866px\" aria-describedby=\"caption-attachment-142347\"><img loading=\"lazy\" decoding=\"async\" class=\"size-large wp-image-142347\" src=\"https:\/\/graziamagazine.com\/mx\/wp-content\/uploads\/sites\/13\/2024\/10\/Captura-de-Pantalla-2024-10-07-a-las-10.22.25-866x1024.png\" alt=\"Comienzo Deslumbrante: El Look de Taste\" width=\"866\" height=\"1024\" \/><\/figure>\n<p>A medida que avanza su gira, Sabrina Carpenter contin\u00faa sorprendiendo a sus seguidores con su visi\u00f3n \u00fanica de la moda y su capacidad para reinventar el estilo en el escenario.<\/p>\n<p>Con la influencia de artistas como <strong>Taylor Swift<\/strong>, su tour promete ser un viaje lleno de glamour, creatividad y sorpresas visuales que dejar\u00e1n una huella imborrable en la moda musical contempor\u00e1nea.<\/p>\n<p><em>*Im\u00e1genes: Getty Images y Redes Sociales<\/em><\/p>\n","protected":false},"author":16349,"featured_media":179466,"template":"","format":"standard","categories":[13,1],"acf":[],"yoast_head":"<!-- This site is optimized with the Yoast SEO Premium plugin v18.5 (Yoast SEO v20.4) - https:\/\/yoast.com\/wordpress\/plugins\/seo\/ -->\n<title>El estilo de Sabrina Carpenter en su gira<\/title>\n<meta name=\"description\" content=\"Los looks impactantes de Sabrina Carpenter en su nueva gira fusionan la elegancia moderna con un toque de nostalgia retro.\" \/>\n<meta name=\"robots\" content=\"index, follow, max-snippet:-1, max-image-preview:large, max-video-preview:-1\" \/>\n<link rel=\"canonical\" href=\"https:\/\/graziamagazine.com\/es\/articles\/el-estilo-de-sabrina-carpenter-en-su-gira\/\" \/>\n<meta property=\"og:locale\" content=\"es_ES\" \/>\n<meta property=\"og:type\" content=\"article\" \/>\n<meta property=\"og:title\" content=\"El estilo de Sabrina Carpenter en su gira\" \/>\n<meta property=\"og:description\" content=\"Los looks impactantes de Sabrina Carpenter en su nueva gira fusionan la elegancia moderna con un toque de nostalgia retro.\" \/>\n<meta property=\"og:url\" content=\"https:\/\/graziamagazine.com\/es\/articles\/el-estilo-de-sabrina-carpenter-en-su-gira\/\" \/>\n<meta property=\"og:site_name\" content=\"Grazia\" \/>\n<meta property=\"article:modified_time\" content=\"2024-10-09T19:07:46+00:00\" \/>\n<meta property=\"og:image\" content=\"https:\/\/graziamagazine.com\/es\/wp-content\/uploads\/sites\/12\/2024\/10\/SabrinaCarpenterlooksexylenceriaazul-079395b483a8499c802cc7dcdcf86e2a-e1728318338694.jpg\" \/>\n\t<meta property=\"og:image:width\" content=\"1500\" \/>\n\t<meta property=\"og:image:height\" content=\"907\" \/>\n\t<meta property=\"og:image:type\" content=\"image\/jpeg\" \/>\n<meta name=\"twitter:card\" content=\"summary_large_image\" \/>\n<meta name=\"twitter:label1\" content=\"Est. reading time\" \/>\n\t<meta name=\"twitter:data1\" content=\"3 minutos\" \/>\n<script type=\"application\/ld+json\" class=\"yoast-schema-graph\">{\"@context\":\"https:\/\/schema.org\",\"@graph\":[{\"@type\":\"WebPage\",\"@id\":\"https:\/\/graziamagazine.com\/es\/articles\/el-estilo-de-sabrina-carpenter-en-su-gira\/\",\"url\":\"https:\/\/graziamagazine.com\/es\/articles\/el-estilo-de-sabrina-carpenter-en-su-gira\/\",\"name\":\"El estilo de Sabrina Carpenter en su gira\",\"isPartOf\":{\"@id\":\"https:\/\/graziamagazine.com\/es\/#website\"},\"datePublished\":\"2024-10-08T12:58:04+00:00\",\"dateModified\":\"2024-10-09T19:07:46+00:00\",\"description\":\"Los looks impactantes de Sabrina Carpenter en su nueva gira fusionan la elegancia moderna con un toque de nostalgia retro.\",\"breadcrumb\":{\"@id\":\"https:\/\/graziamagazine.com\/es\/articles\/el-estilo-de-sabrina-carpenter-en-su-gira\/#breadcrumb\"},\"inLanguage\":\"es\",\"potentialAction\":[{\"@type\":\"ReadAction\",\"target\":[\"https:\/\/graziamagazine.com\/es\/articles\/el-estilo-de-sabrina-carpenter-en-su-gira\/\"]}]},{\"@type\":\"BreadcrumbList\",\"@id\":\"https:\/\/graziamagazine.com\/es\/articles\/el-estilo-de-sabrina-carpenter-en-su-gira\/#breadcrumb\",\"itemListElement\":[{\"@type\":\"ListItem\",\"position\":1,\"name\":\"Portada\",\"item\":\"https:\/\/graziamagazine.com\/es\/\"},{\"@type\":\"ListItem\",\"position\":2,\"name\":\"El estilo de Sabrina Carpenter en su gira\"}]},{\"@type\":\"WebSite\",\"@id\":\"https:\/\/graziamagazine.com\/es\/#website\",\"url\":\"https:\/\/graziamagazine.com\/es\/\",\"name\":\"Grazia\",\"description\":\"Moda, belleza, celebrities, estilo de vida...\",\"potentialAction\":[{\"@type\":\"SearchAction\",\"target\":{\"@type\":\"EntryPoint\",\"urlTemplate\":\"https:\/\/graziamagazine.com\/es\/?s={search_term_string}\"},\"query-input\":\"required name=search_term_string\"}],\"inLanguage\":\"es\"}]}<\/script>\n<!-- \/ Yoast SEO Premium plugin. -->","yoast_head_json":{"title":"El estilo de Sabrina Carpenter en su gira","description":"Los looks impactantes de Sabrina Carpenter en su nueva gira fusionan la elegancia moderna con un toque de nostalgia retro.","robots":{"index":"index","follow":"follow","max-snippet":"max-snippet:-1","max-image-preview":"max-image-preview:large","max-video-preview":"max-video-preview:-1"},"canonical":"https:\/\/graziamagazine.com\/es\/articles\/el-estilo-de-sabrina-carpenter-en-su-gira\/","og_locale":"es_ES","og_type":"article","og_title":"El estilo de Sabrina Carpenter en su gira","og_description":"Los looks impactantes de Sabrina Carpenter en su nueva gira fusionan la elegancia moderna con un toque de nostalgia retro.","og_url":"https:\/\/graziamagazine.com\/es\/articles\/el-estilo-de-sabrina-carpenter-en-su-gira\/","og_site_name":"Grazia","article_modified_time":"2024-10-09T19:07:46+00:00","og_image":[{"width":1500,"height":907,"url":"https:\/\/graziamagazine.com\/es\/wp-content\/uploads\/sites\/12\/2024\/10\/SabrinaCarpenterlooksexylenceriaazul-079395b483a8499c802cc7dcdcf86e2a-e1728318338694.jpg","type":"image\/jpeg"}],"twitter_card":"summary_large_image","twitter_misc":{"Est. reading time":"3 minutos"},"schema":{"@context":"https:\/\/schema.org","@graph":[{"@type":"WebPage","@id":"https:\/\/graziamagazine.com\/es\/articles\/el-estilo-de-sabrina-carpenter-en-su-gira\/","url":"https:\/\/graziamagazine.com\/es\/articles\/el-estilo-de-sabrina-carpenter-en-su-gira\/","name":"El estilo de Sabrina Carpenter en su gira","isPartOf":{"@id":"https:\/\/graziamagazine.com\/es\/#website"},"datePublished":"2024-10-08T12:58:04+00:00","dateModified":"2024-10-09T19:07:46+00:00","description":"Los looks impactantes de Sabrina Carpenter en su nueva gira fusionan la elegancia moderna con un toque de nostalgia retro.","breadcrumb":{"@id":"https:\/\/graziamagazine.com\/es\/articles\/el-estilo-de-sabrina-carpenter-en-su-gira\/#breadcrumb"},"inLanguage":"es","potentialAction":[{"@type":"ReadAction","target":["https:\/\/graziamagazine.com\/es\/articles\/el-estilo-de-sabrina-carpenter-en-su-gira\/"]}]},{"@type":"BreadcrumbList","@id":"https:\/\/graziamagazine.com\/es\/articles\/el-estilo-de-sabrina-carpenter-en-su-gira\/#breadcrumb","itemListElement":[{"@type":"ListItem","position":1,"name":"Portada","item":"https:\/\/graziamagazine.com\/es\/"},{"@type":"ListItem","position":2,"name":"El estilo de Sabrina Carpenter en su gira"}]},{"@type":"WebSite","@id":"https:\/\/graziamagazine.com\/es\/#website","url":"https:\/\/graziamagazine.com\/es\/","name":"Grazia","description":"Moda, belleza, celebrities, estilo de vida...","potentialAction":[{"@type":"SearchAction","target":{"@type":"EntryPoint","urlTemplate":"https:\/\/graziamagazine.com\/es\/?s={search_term_string}"},"query-input":"required name=search_term_string"}],"inLanguage":"es"}]}},"jetpack_sharing_enabled":true,"distributor_meta":false,"distributor_terms":false,"distributor_media":false,"distributor_original_site_name":"Grazia","distributor_original_site_url":"https:\/\/graziamagazine.com\/es","push-errors":false,"_links":{"self":[{"href":"https:\/\/graziamagazine.com\/es\/wp-json\/wp\/v2\/articles\/179465"}],"collection":[{"href":"https:\/\/graziamagazine.com\/es\/wp-json\/wp\/v2\/articles"}],"about":[{"href":"https:\/\/graziamagazine.com\/es\/wp-json\/wp\/v2\/types\/articles"}],"author":[{"embeddable":true,"href":"https:\/\/graziamagazine.com\/es\/wp-json\/wp\/v2\/users\/16349"}],"wp:featuredmedia":[{"embeddable":true,"href":"https:\/\/graziamagazine.com\/es\/wp-json\/wp\/v2\/media\/179466"}],"wp:attachment":[{"href":"https:\/\/graziamagazine.com\/es\/wp-json\/wp\/v2\/media?parent=179465"}],"wp:term":[{"taxonomy":"category","embeddable":true,"href":"https:\/\/graziamagazine.com\/es\/wp-json\/wp\/v2\/categories?post=179465"}],"curies":[{"name":"wp","href":"https:\/\/api.w.org\/{rel}","templated":true}]}}