{"id":179385,"date":"2024-10-03T10:32:54","date_gmt":"2024-10-03T08:32:54","guid":{"rendered":"https:\/\/graziamagazine.com\/es\/?post_type=articles&#038;p=179385"},"modified":"2024-10-03T10:32:54","modified_gmt":"2024-10-03T08:32:54","slug":"celine-apuesta-al-futuro-con-michael-rider","status":"publish","type":"articles","link":"https:\/\/graziamagazine.com\/es\/articles\/celine-apuesta-al-futuro-con-michael-rider\/","title":{"rendered":"Michael Rider es el nuevo director creativo de Celine"},"content":{"rendered":"<p>La casa de moda francesa <strong>Celine<\/strong> ha anunciado la llegada de <strong>Michael Rider<\/strong> como su nuevo director creativo, sucediendo a Hedi Slimane, a partir de principios de 2025.<\/p>\n<p>Este nombramiento marca el regreso de Rider a la firma, tras haber sido director de dise\u00f1o de pr\u00eat-\u00e0-porter durante una d\u00e9cada bajo la direcci\u00f3n de<strong> Phoebe Philo. <\/strong><\/p>\n<p>Con su vasta experiencia en el mundo de la moda, Rider tomar\u00e1 las riendas creativas de todas las colecciones de la marca, incluyendo ropa para mujeres y hombres, marroquiner\u00eda y alta costura.<\/p>\n<figure id=\"attachment_142207\" class=\"wp-caption alignnone\" style=\"width: 809px\" aria-describedby=\"caption-attachment-142207\"><img loading=\"lazy\" decoding=\"async\" class=\"size-large wp-image-142207\" src=\"https:\/\/graziamagazine.com\/mx\/wp-content\/uploads\/sites\/13\/2024\/10\/Captura-de-Pantalla-2024-10-02-a-las-15.48.54-809x1024.png\" alt=\"Celine apuesta al futuro con Michael Rider\" width=\"809\" height=\"1024\" \/><figcaption id=\"caption-attachment-142207\" class=\"wp-caption-text\">Celine apuesta al futuro con Michael Rider<\/figcaption><\/figure>\n<p>Severine Merle, CEO de Celine, destac\u00f3 el entusiasmo por este regreso. \u201cLa visi\u00f3n y talento de Michael, junto con su genuina conexi\u00f3n con el legado de Celine, lo hacen la elecci\u00f3n ideal para continuar el \u00e9xito de la maison\u201d.<\/p>\n<blockquote><p>Rider, quien dej\u00f3 su cargo como director creativo de Polo Ralph Lauren en mayo de este a\u00f1o, expres\u00f3 su emoci\u00f3n: \u201cCeline es una maison con valores cercanos a mi coraz\u00f3n y una rica herencia sobre la cual construir. Es un honor volver y dar forma a su futuro\u201d.<\/p>\n<figure id=\"attachment_142208\" class=\"wp-caption alignnone\" style=\"width: 683px\" aria-describedby=\"caption-attachment-142208\"><img loading=\"lazy\" decoding=\"async\" class=\"size-large wp-image-142208\" src=\"https:\/\/graziamagazine.com\/mx\/wp-content\/uploads\/sites\/13\/2024\/10\/CELINE_WOM_WIN24_LA_COLLECTION_DE_L_ARC_DE_TRIOMPHE_LOOK_23_WEB-683x1024.jpg\" alt=\"Celine apuesta al futuro con Michael Rider\" width=\"683\" height=\"1024\" \/><figcaption id=\"caption-attachment-142208\" class=\"wp-caption-text\">Celine apuesta al futuro con Michael Rider<\/figcaption><\/figure>\n<\/blockquote>\n<p>La trayectoria de Michael Rider en la industria lo convierte en una figura clave para liderar el nuevo cap\u00edtulo de Celine.<\/p>\n<p>Antes de su paso por <strong>Ralph Lauren<\/strong>, Rider trabaj\u00f3 con el reconocido dise\u00f1ador <strong>Nicolas Ghesqui\u00e8re en Balenciaga<\/strong>, y m\u00e1s tarde se convirti\u00f3 en un pilar creativo en Celine, donde colabor\u00f3 estrechamente con Philo durante uno de los periodos m\u00e1s influyentes de la marca. Su retorno no solo celebra sus logros pasados, sino que promete una evoluci\u00f3n fresca y din\u00e1mica en la maison.<\/p>\n<p>Aunque a\u00fan no se ha anunciado cu\u00e1ndo presentar\u00e1 su primera colecci\u00f3n, la expectativa en torno a su nombramiento es alta. Rider llega a Celine en un momento clave, con la tarea de mantener el equilibrio entre la rica tradici\u00f3n de la firma y las demandas de la moda contempor\u00e1nea.<\/p>\n<figure id=\"attachment_142209\" class=\"wp-caption alignnone\" style=\"width: 1024px\" aria-describedby=\"caption-attachment-142209\"><img loading=\"lazy\" decoding=\"async\" class=\"size-large wp-image-142209\" src=\"https:\/\/graziamagazine.com\/mx\/wp-content\/uploads\/sites\/13\/2024\/10\/hedi-slimane-celine-1024x1024.jpg\" alt=\"Celine apuesta al futuro con Michael Rider\" width=\"1024\" height=\"1024\" \/><figcaption id=\"caption-attachment-142209\" class=\"wp-caption-text\">Celine apuesta al futuro con Michael Rider<\/figcaption><\/figure>\n<p>Su capacidad para fusionar lo cl\u00e1sico con lo moderno ha sido su sello distintivo, y bajo su liderazgo, se espera que Celine contin\u00fae siendo una fuerza influyente en la moda global.<\/p>\n<p>La pr\u00f3xima etapa para Celine promete innovaciones emocionantes, con un enfoque en el legado y un futuro lleno de creatividad bajo la direcci\u00f3n de Michael Rider.<\/p>\n<p><em><strong>*IMAGEN: Google Images<\/strong><\/em><\/p>\n","protected":false},"author":16349,"featured_media":179390,"template":"","format":"standard","categories":[2971,1],"acf":{"banner":null},"yoast_head":"<!-- This site is optimized with the Yoast SEO Premium plugin v18.5 (Yoast SEO v20.4) - https:\/\/yoast.com\/wordpress\/plugins\/seo\/ -->\n<title>Michael Rider es el nuevo director creativo de Celine<\/title>\n<meta name=\"description\" content=\"Una nueva era creativa comienza en 2025 con un dise\u00f1ador que regresa a su casa para renovar la visi\u00f3n de la marca.\" \/>\n<meta name=\"robots\" content=\"index, follow, max-snippet:-1, max-image-preview:large, max-video-preview:-1\" \/>\n<link rel=\"canonical\" href=\"https:\/\/graziamagazine.com\/es\/articles\/celine-apuesta-al-futuro-con-michael-rider\/\" \/>\n<meta property=\"og:locale\" content=\"es_ES\" \/>\n<meta property=\"og:type\" content=\"article\" \/>\n<meta property=\"og:title\" content=\"Michael Rider es el nuevo director creativo de Celine\" \/>\n<meta property=\"og:description\" content=\"Una nueva era creativa comienza en 2025 con un dise\u00f1ador que regresa a su casa para renovar la visi\u00f3n de la marca.\" \/>\n<meta property=\"og:url\" content=\"https:\/\/graziamagazine.com\/es\/articles\/celine-apuesta-al-futuro-con-michael-rider\/\" \/>\n<meta property=\"og:site_name\" content=\"Grazia\" \/>\n<meta property=\"og:image\" content=\"https:\/\/graziamagazine.com\/es\/wp-content\/uploads\/sites\/12\/2024\/10\/Captura-de-Pantalla-2024-10-02-a-las-15.49.04.png\" \/>\n\t<meta property=\"og:image:width\" content=\"1948\" \/>\n\t<meta property=\"og:image:height\" content=\"1084\" \/>\n\t<meta property=\"og:image:type\" content=\"image\/png\" \/>\n<meta name=\"twitter:card\" content=\"summary_large_image\" \/>\n<meta name=\"twitter:label1\" content=\"Est. reading time\" \/>\n\t<meta name=\"twitter:data1\" content=\"3 minutos\" \/>\n<script type=\"application\/ld+json\" class=\"yoast-schema-graph\">{\"@context\":\"https:\/\/schema.org\",\"@graph\":[{\"@type\":\"WebPage\",\"@id\":\"https:\/\/graziamagazine.com\/es\/articles\/celine-apuesta-al-futuro-con-michael-rider\/\",\"url\":\"https:\/\/graziamagazine.com\/es\/articles\/celine-apuesta-al-futuro-con-michael-rider\/\",\"name\":\"Michael Rider es el nuevo director creativo de Celine\",\"isPartOf\":{\"@id\":\"https:\/\/graziamagazine.com\/es\/#website\"},\"datePublished\":\"2024-10-03T08:32:54+00:00\",\"dateModified\":\"2024-10-03T08:32:54+00:00\",\"description\":\"Una nueva era creativa comienza en 2025 con un dise\u00f1ador que regresa a su casa para renovar la visi\u00f3n de la marca.\",\"breadcrumb\":{\"@id\":\"https:\/\/graziamagazine.com\/es\/articles\/celine-apuesta-al-futuro-con-michael-rider\/#breadcrumb\"},\"inLanguage\":\"es\",\"potentialAction\":[{\"@type\":\"ReadAction\",\"target\":[\"https:\/\/graziamagazine.com\/es\/articles\/celine-apuesta-al-futuro-con-michael-rider\/\"]}]},{\"@type\":\"BreadcrumbList\",\"@id\":\"https:\/\/graziamagazine.com\/es\/articles\/celine-apuesta-al-futuro-con-michael-rider\/#breadcrumb\",\"itemListElement\":[{\"@type\":\"ListItem\",\"position\":1,\"name\":\"Portada\",\"item\":\"https:\/\/graziamagazine.com\/es\/\"},{\"@type\":\"ListItem\",\"position\":2,\"name\":\"Michael Rider es el nuevo director creativo de Celine\"}]},{\"@type\":\"WebSite\",\"@id\":\"https:\/\/graziamagazine.com\/es\/#website\",\"url\":\"https:\/\/graziamagazine.com\/es\/\",\"name\":\"Grazia\",\"description\":\"Moda, belleza, celebrities, estilo de vida...\",\"potentialAction\":[{\"@type\":\"SearchAction\",\"target\":{\"@type\":\"EntryPoint\",\"urlTemplate\":\"https:\/\/graziamagazine.com\/es\/?s={search_term_string}\"},\"query-input\":\"required name=search_term_string\"}],\"inLanguage\":\"es\"}]}<\/script>\n<!-- \/ Yoast SEO Premium plugin. -->","yoast_head_json":{"title":"Michael Rider es el nuevo director creativo de Celine","description":"Una nueva era creativa comienza en 2025 con un dise\u00f1ador que regresa a su casa para renovar la visi\u00f3n de la marca.","robots":{"index":"index","follow":"follow","max-snippet":"max-snippet:-1","max-image-preview":"max-image-preview:large","max-video-preview":"max-video-preview:-1"},"canonical":"https:\/\/graziamagazine.com\/es\/articles\/celine-apuesta-al-futuro-con-michael-rider\/","og_locale":"es_ES","og_type":"article","og_title":"Michael Rider es el nuevo director creativo de Celine","og_description":"Una nueva era creativa comienza en 2025 con un dise\u00f1ador que regresa a su casa para renovar la visi\u00f3n de la marca.","og_url":"https:\/\/graziamagazine.com\/es\/articles\/celine-apuesta-al-futuro-con-michael-rider\/","og_site_name":"Grazia","og_image":[{"width":1948,"height":1084,"url":"https:\/\/graziamagazine.com\/es\/wp-content\/uploads\/sites\/12\/2024\/10\/Captura-de-Pantalla-2024-10-02-a-las-15.49.04.png","type":"image\/png"}],"twitter_card":"summary_large_image","twitter_misc":{"Est. reading time":"3 minutos"},"schema":{"@context":"https:\/\/schema.org","@graph":[{"@type":"WebPage","@id":"https:\/\/graziamagazine.com\/es\/articles\/celine-apuesta-al-futuro-con-michael-rider\/","url":"https:\/\/graziamagazine.com\/es\/articles\/celine-apuesta-al-futuro-con-michael-rider\/","name":"Michael Rider es el nuevo director creativo de Celine","isPartOf":{"@id":"https:\/\/graziamagazine.com\/es\/#website"},"datePublished":"2024-10-03T08:32:54+00:00","dateModified":"2024-10-03T08:32:54+00:00","description":"Una nueva era creativa comienza en 2025 con un dise\u00f1ador que regresa a su casa para renovar la visi\u00f3n de la marca.","breadcrumb":{"@id":"https:\/\/graziamagazine.com\/es\/articles\/celine-apuesta-al-futuro-con-michael-rider\/#breadcrumb"},"inLanguage":"es","potentialAction":[{"@type":"ReadAction","target":["https:\/\/graziamagazine.com\/es\/articles\/celine-apuesta-al-futuro-con-michael-rider\/"]}]},{"@type":"BreadcrumbList","@id":"https:\/\/graziamagazine.com\/es\/articles\/celine-apuesta-al-futuro-con-michael-rider\/#breadcrumb","itemListElement":[{"@type":"ListItem","position":1,"name":"Portada","item":"https:\/\/graziamagazine.com\/es\/"},{"@type":"ListItem","position":2,"name":"Michael Rider es el nuevo director creativo de Celine"}]},{"@type":"WebSite","@id":"https:\/\/graziamagazine.com\/es\/#website","url":"https:\/\/graziamagazine.com\/es\/","name":"Grazia","description":"Moda, belleza, celebrities, estilo de vida...","potentialAction":[{"@type":"SearchAction","target":{"@type":"EntryPoint","urlTemplate":"https:\/\/graziamagazine.com\/es\/?s={search_term_string}"},"query-input":"required name=search_term_string"}],"inLanguage":"es"}]}},"jetpack_sharing_enabled":true,"distributor_meta":false,"distributor_terms":false,"distributor_media":false,"distributor_original_site_name":"Grazia","distributor_original_site_url":"https:\/\/graziamagazine.com\/es","push-errors":false,"_links":{"self":[{"href":"https:\/\/graziamagazine.com\/es\/wp-json\/wp\/v2\/articles\/179385"}],"collection":[{"href":"https:\/\/graziamagazine.com\/es\/wp-json\/wp\/v2\/articles"}],"about":[{"href":"https:\/\/graziamagazine.com\/es\/wp-json\/wp\/v2\/types\/articles"}],"author":[{"embeddable":true,"href":"https:\/\/graziamagazine.com\/es\/wp-json\/wp\/v2\/users\/16349"}],"wp:featuredmedia":[{"embeddable":true,"href":"https:\/\/graziamagazine.com\/es\/wp-json\/wp\/v2\/media\/179390"}],"wp:attachment":[{"href":"https:\/\/graziamagazine.com\/es\/wp-json\/wp\/v2\/media?parent=179385"}],"wp:term":[{"taxonomy":"category","embeddable":true,"href":"https:\/\/graziamagazine.com\/es\/wp-json\/wp\/v2\/categories?post=179385"}],"curies":[{"name":"wp","href":"https:\/\/api.w.org\/{rel}","templated":true}]}}