{"id":179347,"date":"2024-10-02T09:24:51","date_gmt":"2024-10-02T07:24:51","guid":{"rendered":"https:\/\/graziamagazine.com\/es\/?post_type=articles&#038;p=179347"},"modified":"2024-10-02T09:24:51","modified_gmt":"2024-10-02T07:24:51","slug":"pfw-chanel-regresa-al-grand-palais-con-su-coleccion-primavera-verano-2025","status":"publish","type":"articles","link":"https:\/\/graziamagazine.com\/es\/articles\/pfw-chanel-regresa-al-grand-palais-con-su-coleccion-primavera-verano-2025\/","title":{"rendered":"PFW: Chanel regresa al Grand Palais con su colecci\u00f3n primavera-verano 2025"},"content":{"rendered":"<p><strong>Chanel<\/strong> volvi\u00f3 a su emblem\u00e1tico escenario en el <strong>Grand Palais<\/strong> por primera vez en cuatro a\u00f1os, recibiendo a una multitud de clientes y amantes de la moda bajo su recientemente renovado techo de cristal.<\/p>\n<p>La luz del sol iluminaba el lugar, creando un ambiente vibrante en el que los asistentes disfrutaban de la ocasi\u00f3n, tomando selfies y elogiando los atuendos de los dem\u00e1s. Sin embargo, a pesar del j\u00fabilo, el vac\u00edo dejado por la <strong>ausencia de un director creativo<\/strong> gener\u00f3 una oleada de especulaciones en la industria.<\/p>\n<div class=\"content-gallery\">\n<div class=\"gallery-placeholder\">\n<div class=\"spinner\"><\/div>\n<\/div>\n<p>&nbsp;<\/p>\n<div id=\"gallery-1\" class=\"gallery galleryid- gallery-columns- gallery-size-\">\n<figure class=\"gallery-item\">\n<div class=\"gallery-icon landscape\"><img loading=\"lazy\" decoding=\"async\" class=\"lazy\" src=\"https:\/\/graziamagazine.com\/mx\/wp-content\/uploads\/sites\/13\/2024\/09\/Captura-de-Pantalla-2024-10-01-a-las-11.56.57.png\" alt=\"\" width=\"736\" height=\"1118\" \/><\/div>\n<\/figure>\n<figure class=\"gallery-item\">\n<div class=\"gallery-icon landscape\"><img loading=\"lazy\" decoding=\"async\" class=\"lazy\" src=\"https:\/\/graziamagazine.com\/mx\/wp-content\/uploads\/sites\/13\/2024\/09\/Captura-de-Pantalla-2024-10-01-a-las-11.57.03.png\" alt=\"\" width=\"736\" height=\"1118\" \/><\/div>\n<\/figure>\n<figure class=\"gallery-item\">\n<div class=\"gallery-icon landscape\"><img loading=\"lazy\" decoding=\"async\" class=\"lazy\" src=\"https:\/\/graziamagazine.com\/mx\/wp-content\/uploads\/sites\/13\/2024\/09\/Captura-de-Pantalla-2024-10-01-a-las-11.57.08.png\" alt=\"\" width=\"736\" height=\"1118\" \/><\/div>\n<\/figure>\n<figure class=\"gallery-item\">\n<div class=\"gallery-icon landscape\"><img loading=\"lazy\" decoding=\"async\" class=\"lazy\" src=\"https:\/\/graziamagazine.com\/mx\/wp-content\/uploads\/sites\/13\/2024\/09\/Captura-de-Pantalla-2024-10-01-a-las-11.57.14.png\" alt=\"\" width=\"736\" height=\"1118\" \/><\/div>\n<\/figure>\n<figure class=\"gallery-item\">\n<div class=\"gallery-icon landscape\"><img loading=\"lazy\" decoding=\"async\" class=\"lazy\" src=\"https:\/\/graziamagazine.com\/mx\/wp-content\/uploads\/sites\/13\/2024\/09\/Captura-de-Pantalla-2024-10-01-a-las-11.57.30.png\" alt=\"\" width=\"628\" height=\"924\" \/><\/div>\n<\/figure>\n<figure class=\"gallery-item\">\n<div class=\"gallery-icon landscape\"><img loading=\"lazy\" decoding=\"async\" class=\"lazy\" src=\"https:\/\/graziamagazine.com\/mx\/wp-content\/uploads\/sites\/13\/2024\/09\/Captura-de-Pantalla-2024-10-01-a-las-11.57.32.png\" alt=\"\" width=\"628\" height=\"924\" \/><\/div>\n<\/figure>\n<figure class=\"gallery-item\">\n<div class=\"gallery-icon landscape\"><img loading=\"lazy\" decoding=\"async\" class=\"lazy\" src=\"https:\/\/graziamagazine.com\/mx\/wp-content\/uploads\/sites\/13\/2024\/09\/Captura-de-Pantalla-2024-10-01-a-las-11.57.33.png\" alt=\"\" width=\"628\" height=\"924\" \/><\/div>\n<\/figure>\n<figure class=\"gallery-item\">\n<div class=\"gallery-icon landscape\"><img loading=\"lazy\" decoding=\"async\" class=\"lazy\" src=\"https:\/\/graziamagazine.com\/mx\/wp-content\/uploads\/sites\/13\/2024\/09\/Captura-de-Pantalla-2024-10-01-a-las-11.57.34.png\" alt=\"\" width=\"628\" height=\"924\" \/><\/div>\n<\/figure>\n<figure class=\"gallery-item\">\n<div class=\"gallery-icon landscape\"><img loading=\"lazy\" decoding=\"async\" class=\"lazy\" src=\"https:\/\/graziamagazine.com\/mx\/wp-content\/uploads\/sites\/13\/2024\/10\/Captura-de-Pantalla-2024-10-01-a-las-11.57.36.png\" alt=\"\" width=\"628\" height=\"924\" \/><\/div>\n<\/figure>\n<figure class=\"gallery-item\">\n<div class=\"gallery-icon landscape\"><img loading=\"lazy\" decoding=\"async\" class=\"lazy\" src=\"https:\/\/graziamagazine.com\/mx\/wp-content\/uploads\/sites\/13\/2024\/10\/Captura-de-Pantalla-2024-10-01-a-las-11.57.38.png\" alt=\"\" width=\"628\" height=\"924\" \/><\/div>\n<\/figure>\n<\/div>\n<\/div>\n<p>\u00bfQui\u00e9n asumir\u00e1 el cargo? Las opiniones son diversas, desde la necesidad de un talento de marketing hasta el deseo de contar con una mujer en el puesto.<\/p>\n<p>Para esta colecci\u00f3n de primavera, el equipo creativo de Chanel se inspir\u00f3 directamente en la arquitectura del Grand Palais. Las piezas m\u00e1s destacadas se confeccionaron a mano, reflejando los patrones del impresionante trabajo en hierro y acero del edificio.<\/p>\n<div class=\"content-gallery\">\n<div class=\"gallery-placeholder\">\n<div class=\"spinner\"><\/div>\n<\/div>\n<p>&nbsp;<\/p>\n<div id=\"gallery-2\" class=\"gallery galleryid- gallery-columns- gallery-size-\">\n<figure class=\"gallery-item\">\n<div class=\"gallery-icon landscape\"><img loading=\"lazy\" decoding=\"async\" class=\"lazy\" src=\"https:\/\/graziamagazine.com\/mx\/wp-content\/uploads\/sites\/13\/2024\/10\/Captura-de-Pantalla-2024-10-01-a-las-11.57.43.png\" alt=\"\" width=\"628\" height=\"924\" \/><\/div>\n<\/figure>\n<figure class=\"gallery-item\">\n<div class=\"gallery-icon landscape\"><img loading=\"lazy\" decoding=\"async\" class=\"lazy\" src=\"https:\/\/graziamagazine.com\/mx\/wp-content\/uploads\/sites\/13\/2024\/10\/Captura-de-Pantalla-2024-10-01-a-las-11.57.44.png\" alt=\"\" width=\"628\" height=\"924\" \/><\/div>\n<\/figure>\n<figure class=\"gallery-item\">\n<div class=\"gallery-icon landscape\"><img loading=\"lazy\" decoding=\"async\" class=\"lazy\" src=\"https:\/\/graziamagazine.com\/mx\/wp-content\/uploads\/sites\/13\/2024\/10\/Captura-de-Pantalla-2024-10-01-a-las-11.57.48.png\" alt=\"\" width=\"628\" height=\"924\" \/><\/div>\n<\/figure>\n<figure class=\"gallery-item\">\n<div class=\"gallery-icon landscape\"><img loading=\"lazy\" decoding=\"async\" class=\"lazy\" src=\"https:\/\/graziamagazine.com\/mx\/wp-content\/uploads\/sites\/13\/2024\/10\/Captura-de-Pantalla-2024-10-01-a-las-11.57.50.png\" alt=\"\" width=\"628\" height=\"924\" \/><\/div>\n<\/figure>\n<figure class=\"gallery-item\">\n<div class=\"gallery-icon landscape\"><img loading=\"lazy\" decoding=\"async\" class=\"lazy\" src=\"https:\/\/graziamagazine.com\/mx\/wp-content\/uploads\/sites\/13\/2024\/10\/Captura-de-Pantalla-2024-10-01-a-las-11.57.51.png\" alt=\"\" width=\"628\" height=\"924\" \/><\/div>\n<\/figure>\n<figure class=\"gallery-item\">\n<div class=\"gallery-icon landscape\"><img loading=\"lazy\" decoding=\"async\" class=\"lazy\" src=\"https:\/\/graziamagazine.com\/mx\/wp-content\/uploads\/sites\/13\/2024\/10\/Captura-de-Pantalla-2024-10-01-a-las-11.57.52.png\" alt=\"\" width=\"628\" height=\"924\" \/><\/div>\n<\/figure>\n<figure class=\"gallery-item\">\n<div class=\"gallery-icon landscape\"><img loading=\"lazy\" decoding=\"async\" class=\"lazy\" src=\"https:\/\/graziamagazine.com\/mx\/wp-content\/uploads\/sites\/13\/2024\/10\/Captura-de-Pantalla-2024-10-01-a-las-11.57.55.png\" alt=\"\" width=\"628\" height=\"924\" \/><\/div>\n<\/figure>\n<figure class=\"gallery-item\">\n<div class=\"gallery-icon landscape\"><img loading=\"lazy\" decoding=\"async\" class=\"lazy\" src=\"https:\/\/graziamagazine.com\/mx\/wp-content\/uploads\/sites\/13\/2024\/10\/Captura-de-Pantalla-2024-10-01-a-las-11.57.56.png\" alt=\"\" width=\"628\" height=\"924\" \/><\/div>\n<\/figure>\n<figure class=\"gallery-item\">\n<div class=\"gallery-icon landscape\"><img loading=\"lazy\" decoding=\"async\" class=\"lazy\" src=\"https:\/\/graziamagazine.com\/mx\/wp-content\/uploads\/sites\/13\/2024\/10\/Captura-de-Pantalla-2024-10-01-a-las-11.57.57.png\" alt=\"\" width=\"628\" height=\"924\" \/><\/div>\n<\/figure>\n<figure class=\"gallery-item\">\n<div class=\"gallery-icon landscape\"><img loading=\"lazy\" decoding=\"async\" class=\"lazy\" src=\"https:\/\/graziamagazine.com\/mx\/wp-content\/uploads\/sites\/13\/2024\/10\/Captura-de-Pantalla-2024-10-01-a-las-11.58.01.png\" alt=\"\" width=\"628\" height=\"924\" \/><\/div>\n<\/figure>\n<\/div>\n<\/div>\n<p>La <strong>ligereza y la efervescencia<\/strong> fueron los conceptos que guiaron la creaci\u00f3n de la colecci\u00f3n, logrados a trav\u00e9s de faldas con aberturas que dejaban ver las piernas, cuellos formados por capas de<strong> suaves plumas, capas de gasa<\/strong> que fluyen con el viento y <strong>zapatos de plataforma<\/strong> que aportaban un toque juvenil a los looks.<\/p>\n<p>Un elemento llamativo de la pasarela fue una enorme jaula de p\u00e1jaros, que evocaba un c\u00e9lebre comercial de Chanel dirigido por <strong>Jean Paul Goude<\/strong> y protagonizado por <strong>Vanessa Paradis en 1991.<\/strong><\/p>\n<div class=\"content-gallery\">\n<div class=\"gallery-placeholder\">\n<div class=\"spinner\"><\/div>\n<\/div>\n<p>&nbsp;<\/p>\n<div id=\"gallery-3\" class=\"gallery galleryid- gallery-columns- gallery-size-\">\n<figure class=\"gallery-item\">\n<div class=\"gallery-icon landscape\"><img loading=\"lazy\" decoding=\"async\" class=\"lazy\" src=\"https:\/\/graziamagazine.com\/mx\/wp-content\/uploads\/sites\/13\/2024\/10\/Captura-de-Pantalla-2024-10-01-a-las-11.58.02.png\" alt=\"\" width=\"628\" height=\"924\" \/><\/div>\n<\/figure>\n<figure class=\"gallery-item\">\n<div class=\"gallery-icon landscape\"><img loading=\"lazy\" decoding=\"async\" class=\"lazy\" src=\"https:\/\/graziamagazine.com\/mx\/wp-content\/uploads\/sites\/13\/2024\/10\/Captura-de-Pantalla-2024-10-01-a-las-11.58.04.png\" alt=\"\" width=\"628\" height=\"924\" \/><\/div>\n<\/figure>\n<figure class=\"gallery-item\">\n<div class=\"gallery-icon landscape\"><img loading=\"lazy\" decoding=\"async\" class=\"lazy\" src=\"https:\/\/graziamagazine.com\/mx\/wp-content\/uploads\/sites\/13\/2024\/10\/Captura-de-Pantalla-2024-10-01-a-las-11.58.07.png\" alt=\"\" width=\"628\" height=\"924\" \/><\/div>\n<\/figure>\n<figure class=\"gallery-item\">\n<div class=\"gallery-icon landscape\"><img loading=\"lazy\" decoding=\"async\" class=\"lazy\" src=\"https:\/\/graziamagazine.com\/mx\/wp-content\/uploads\/sites\/13\/2024\/10\/Captura-de-Pantalla-2024-10-01-a-las-11.58.11.png\" alt=\"\" width=\"628\" height=\"924\" \/><\/div>\n<\/figure>\n<figure class=\"gallery-item\">\n<div class=\"gallery-icon landscape\"><img loading=\"lazy\" decoding=\"async\" class=\"lazy\" src=\"https:\/\/graziamagazine.com\/mx\/wp-content\/uploads\/sites\/13\/2024\/10\/Captura-de-Pantalla-2024-10-01-a-las-11.58.12.png\" alt=\"\" width=\"628\" height=\"924\" \/><\/div>\n<\/figure>\n<figure class=\"gallery-item\">\n<div class=\"gallery-icon landscape\"><img loading=\"lazy\" decoding=\"async\" class=\"lazy\" src=\"https:\/\/graziamagazine.com\/mx\/wp-content\/uploads\/sites\/13\/2024\/10\/Captura-de-Pantalla-2024-10-01-a-las-11.58.18.png\" alt=\"\" width=\"628\" height=\"924\" \/><\/div>\n<\/figure>\n<figure class=\"gallery-item\">\n<div class=\"gallery-icon landscape\"><img loading=\"lazy\" decoding=\"async\" class=\"lazy\" src=\"https:\/\/graziamagazine.com\/mx\/wp-content\/uploads\/sites\/13\/2024\/10\/Captura-de-Pantalla-2024-10-01-a-las-11.58.19.png\" alt=\"\" width=\"628\" height=\"924\" \/><\/div>\n<\/figure>\n<figure class=\"gallery-item\">\n<div class=\"gallery-icon landscape\"><img loading=\"lazy\" decoding=\"async\" class=\"lazy\" src=\"https:\/\/graziamagazine.com\/mx\/wp-content\/uploads\/sites\/13\/2024\/10\/Captura-de-Pantalla-2024-10-01-a-las-11.58.25.png\" alt=\"\" width=\"628\" height=\"924\" \/><\/div>\n<\/figure>\n<figure class=\"gallery-item\">\n<div class=\"gallery-icon landscape\"><img loading=\"lazy\" decoding=\"async\" class=\"lazy\" src=\"https:\/\/graziamagazine.com\/mx\/wp-content\/uploads\/sites\/13\/2024\/10\/Captura-de-Pantalla-2024-10-01-a-las-11.58.26.png\" alt=\"\" width=\"628\" height=\"924\" \/><\/div>\n<\/figure>\n<figure class=\"gallery-item\">\n<div class=\"gallery-icon landscape\"><img loading=\"lazy\" decoding=\"async\" class=\"lazy\" src=\"https:\/\/graziamagazine.com\/mx\/wp-content\/uploads\/sites\/13\/2024\/10\/Captura-de-Pantalla-2024-10-01-a-las-11.58.29.png\" alt=\"\" width=\"628\" height=\"924\" \/><\/div>\n<\/figure>\n<\/div>\n<\/div>\n<p>Las modelos transitaban entre los barrotes, una representaci\u00f3n visual del legado de la casa y su evoluci\u00f3n a lo largo de los a\u00f1os. Adem\u00e1s, el equipo creativo introdujo innovaciones en la ic\u00f3nica tela de tweed de la marca, utilizando tonos pastel y reemplazando el cl\u00e1sico traje de falda por uno de pantalones cortos.<\/p>\n<p>Tambi\u00e9n sorprendieron con una chaqueta de denim negro y jeans adornados con brillantes lentejuelas negras, capturando la esencia de las j\u00f3venes que trabajan en la <strong>\u201caccesorizaci\u00f3n\u201d<\/strong> del taller.<\/p>\n<div class=\"content-gallery\">\n<div class=\"gallery-placeholder\">\n<div class=\"spinner\"><\/div>\n<\/div>\n<p>&nbsp;<\/p>\n<div id=\"gallery-4\" class=\"gallery galleryid- gallery-columns- gallery-size-\">\n<figure class=\"gallery-item\">\n<div class=\"gallery-icon landscape\"><img loading=\"lazy\" decoding=\"async\" class=\"lazy\" src=\"https:\/\/graziamagazine.com\/mx\/wp-content\/uploads\/sites\/13\/2024\/10\/Captura-de-Pantalla-2024-10-01-a-las-11.58.31.png\" alt=\"\" width=\"628\" height=\"924\" \/><\/div>\n<\/figure>\n<figure class=\"gallery-item\">\n<div class=\"gallery-icon landscape\"><img loading=\"lazy\" decoding=\"async\" class=\"lazy\" src=\"https:\/\/graziamagazine.com\/mx\/wp-content\/uploads\/sites\/13\/2024\/10\/Captura-de-Pantalla-2024-10-01-a-las-11.58.32.png\" alt=\"\" width=\"628\" height=\"924\" \/><\/div>\n<\/figure>\n<figure class=\"gallery-item\">\n<div class=\"gallery-icon landscape\"><img loading=\"lazy\" decoding=\"async\" class=\"lazy\" src=\"https:\/\/graziamagazine.com\/mx\/wp-content\/uploads\/sites\/13\/2024\/10\/Captura-de-Pantalla-2024-10-01-a-las-11.58.35.png\" alt=\"\" width=\"628\" height=\"924\" \/><\/div>\n<\/figure>\n<figure class=\"gallery-item\">\n<div class=\"gallery-icon landscape\"><img loading=\"lazy\" decoding=\"async\" class=\"lazy\" src=\"https:\/\/graziamagazine.com\/mx\/wp-content\/uploads\/sites\/13\/2024\/10\/Captura-de-Pantalla-2024-10-01-a-las-11.58.40.png\" alt=\"\" width=\"628\" height=\"924\" \/><\/div>\n<\/figure>\n<figure class=\"gallery-item\">\n<div class=\"gallery-icon landscape\"><img loading=\"lazy\" decoding=\"async\" class=\"lazy\" src=\"https:\/\/graziamagazine.com\/mx\/wp-content\/uploads\/sites\/13\/2024\/10\/Captura-de-Pantalla-2024-10-01-a-las-11.58.41.png\" alt=\"\" width=\"628\" height=\"924\" \/><\/div>\n<\/figure>\n<figure class=\"gallery-item\">\n<div class=\"gallery-icon landscape\"><img loading=\"lazy\" decoding=\"async\" class=\"lazy\" src=\"https:\/\/graziamagazine.com\/mx\/wp-content\/uploads\/sites\/13\/2024\/10\/Captura-de-Pantalla-2024-10-01-a-las-11.58.48.png\" alt=\"\" width=\"628\" height=\"924\" \/><\/div>\n<\/figure>\n<figure class=\"gallery-item\">\n<div class=\"gallery-icon landscape\"><img loading=\"lazy\" decoding=\"async\" class=\"lazy\" src=\"https:\/\/graziamagazine.com\/mx\/wp-content\/uploads\/sites\/13\/2024\/10\/Captura-de-Pantalla-2024-10-01-a-las-11.58.52.png\" alt=\"\" width=\"628\" height=\"924\" \/><\/div>\n<\/figure>\n<figure class=\"gallery-item\">\n<div class=\"gallery-icon landscape\"><img loading=\"lazy\" decoding=\"async\" class=\"lazy\" src=\"https:\/\/graziamagazine.com\/mx\/wp-content\/uploads\/sites\/13\/2024\/10\/Captura-de-Pantalla-2024-10-01-a-las-11.58.54.png\" alt=\"\" width=\"628\" height=\"924\" \/><\/div>\n<\/figure>\n<\/div>\n<\/div>\n<p>La colecci\u00f3n primavera-verano 2025 de Chanel es una oda a la libertad, la delicadeza y el movimiento. Con capas de gasa, faldas abiertas y pantalones fluidos, cada pieza celebra la esencia de una mujer moderna que busca la ligereza en su vestuario.<\/p>\n<p>El desfile no solo present\u00f3 moda, sino un mensaje de emancipaci\u00f3n y estilo que contin\u00faa resonando en el legado de Gabrielle Chanel. As\u00ed, Chanel reafirma su posici\u00f3n en el mundo de la moda, innovando y celebrando su rica historia al mismo tiempo.<\/p>\n<p><em>*Im\u00e1genes: cortes\u00eda\u00a0<\/em><\/p>\n","protected":false},"author":16349,"featured_media":179348,"template":"","format":"standard","categories":[1],"acf":[],"yoast_head":"<!-- This site is optimized with the Yoast SEO Premium plugin v18.5 (Yoast SEO v20.4) - https:\/\/yoast.com\/wordpress\/plugins\/seo\/ -->\n<title>PFW: Chanel regresa al Grand Palais con su colecci\u00f3n SS 2025<\/title>\n<meta name=\"description\" content=\"En el Grand Palais, la nueva colecci\u00f3n de Chanel celebra la ligereza y la modernidad con un gui\u00f1o a la historia de la casa.\" \/>\n<meta name=\"robots\" content=\"index, follow, max-snippet:-1, max-image-preview:large, max-video-preview:-1\" \/>\n<link rel=\"canonical\" href=\"https:\/\/graziamagazine.com\/es\/articles\/pfw-chanel-regresa-al-grand-palais-con-su-coleccion-primavera-verano-2025\/\" \/>\n<meta property=\"og:locale\" content=\"es_ES\" \/>\n<meta property=\"og:type\" content=\"article\" \/>\n<meta property=\"og:title\" content=\"PFW: Chanel regresa al Grand Palais con su colecci\u00f3n primavera-verano 2025\" \/>\n<meta property=\"og:description\" content=\"En el Grand Palais, la nueva colecci\u00f3n de Chanel celebra la ligereza y la modernidad con un gui\u00f1o a la historia de la casa.\" \/>\n<meta property=\"og:url\" content=\"https:\/\/graziamagazine.com\/es\/articles\/pfw-chanel-regresa-al-grand-palais-con-su-coleccion-primavera-verano-2025\/\" \/>\n<meta property=\"og:site_name\" content=\"Grazia\" \/>\n<meta property=\"og:image\" content=\"https:\/\/graziamagazine.com\/es\/wp-content\/uploads\/sites\/12\/2024\/10\/chanel_ss-2025-rtw-collection_show-finale_copyright-chanel-1-LD-e1727806194207.jpg\" \/>\n\t<meta property=\"og:image:width\" content=\"1498\" \/>\n\t<meta property=\"og:image:height\" content=\"1094\" \/>\n\t<meta property=\"og:image:type\" content=\"image\/jpeg\" \/>\n<meta name=\"twitter:card\" content=\"summary_large_image\" \/>\n<meta name=\"twitter:label1\" content=\"Est. reading time\" \/>\n\t<meta name=\"twitter:data1\" content=\"10 minutos\" \/>\n<script type=\"application\/ld+json\" class=\"yoast-schema-graph\">{\"@context\":\"https:\/\/schema.org\",\"@graph\":[{\"@type\":\"WebPage\",\"@id\":\"https:\/\/graziamagazine.com\/es\/articles\/pfw-chanel-regresa-al-grand-palais-con-su-coleccion-primavera-verano-2025\/\",\"url\":\"https:\/\/graziamagazine.com\/es\/articles\/pfw-chanel-regresa-al-grand-palais-con-su-coleccion-primavera-verano-2025\/\",\"name\":\"PFW: Chanel regresa al Grand Palais con su colecci\u00f3n SS 2025\",\"isPartOf\":{\"@id\":\"https:\/\/graziamagazine.com\/es\/#website\"},\"datePublished\":\"2024-10-02T07:24:51+00:00\",\"dateModified\":\"2024-10-02T07:24:51+00:00\",\"description\":\"En el Grand Palais, la nueva colecci\u00f3n de Chanel celebra la ligereza y la modernidad con un gui\u00f1o a la historia de la casa.\",\"breadcrumb\":{\"@id\":\"https:\/\/graziamagazine.com\/es\/articles\/pfw-chanel-regresa-al-grand-palais-con-su-coleccion-primavera-verano-2025\/#breadcrumb\"},\"inLanguage\":\"es\",\"potentialAction\":[{\"@type\":\"ReadAction\",\"target\":[\"https:\/\/graziamagazine.com\/es\/articles\/pfw-chanel-regresa-al-grand-palais-con-su-coleccion-primavera-verano-2025\/\"]}]},{\"@type\":\"BreadcrumbList\",\"@id\":\"https:\/\/graziamagazine.com\/es\/articles\/pfw-chanel-regresa-al-grand-palais-con-su-coleccion-primavera-verano-2025\/#breadcrumb\",\"itemListElement\":[{\"@type\":\"ListItem\",\"position\":1,\"name\":\"Portada\",\"item\":\"https:\/\/graziamagazine.com\/es\/\"},{\"@type\":\"ListItem\",\"position\":2,\"name\":\"PFW: Chanel regresa al Grand Palais con su colecci\u00f3n primavera-verano 2025\"}]},{\"@type\":\"WebSite\",\"@id\":\"https:\/\/graziamagazine.com\/es\/#website\",\"url\":\"https:\/\/graziamagazine.com\/es\/\",\"name\":\"Grazia\",\"description\":\"Moda, belleza, celebrities, estilo de vida...\",\"potentialAction\":[{\"@type\":\"SearchAction\",\"target\":{\"@type\":\"EntryPoint\",\"urlTemplate\":\"https:\/\/graziamagazine.com\/es\/?s={search_term_string}\"},\"query-input\":\"required name=search_term_string\"}],\"inLanguage\":\"es\"}]}<\/script>\n<!-- \/ Yoast SEO Premium plugin. -->","yoast_head_json":{"title":"PFW: Chanel regresa al Grand Palais con su colecci\u00f3n SS 2025","description":"En el Grand Palais, la nueva colecci\u00f3n de Chanel celebra la ligereza y la modernidad con un gui\u00f1o a la historia de la casa.","robots":{"index":"index","follow":"follow","max-snippet":"max-snippet:-1","max-image-preview":"max-image-preview:large","max-video-preview":"max-video-preview:-1"},"canonical":"https:\/\/graziamagazine.com\/es\/articles\/pfw-chanel-regresa-al-grand-palais-con-su-coleccion-primavera-verano-2025\/","og_locale":"es_ES","og_type":"article","og_title":"PFW: Chanel regresa al Grand Palais con su colecci\u00f3n primavera-verano 2025","og_description":"En el Grand Palais, la nueva colecci\u00f3n de Chanel celebra la ligereza y la modernidad con un gui\u00f1o a la historia de la casa.","og_url":"https:\/\/graziamagazine.com\/es\/articles\/pfw-chanel-regresa-al-grand-palais-con-su-coleccion-primavera-verano-2025\/","og_site_name":"Grazia","og_image":[{"width":1498,"height":1094,"url":"https:\/\/graziamagazine.com\/es\/wp-content\/uploads\/sites\/12\/2024\/10\/chanel_ss-2025-rtw-collection_show-finale_copyright-chanel-1-LD-e1727806194207.jpg","type":"image\/jpeg"}],"twitter_card":"summary_large_image","twitter_misc":{"Est. reading time":"10 minutos"},"schema":{"@context":"https:\/\/schema.org","@graph":[{"@type":"WebPage","@id":"https:\/\/graziamagazine.com\/es\/articles\/pfw-chanel-regresa-al-grand-palais-con-su-coleccion-primavera-verano-2025\/","url":"https:\/\/graziamagazine.com\/es\/articles\/pfw-chanel-regresa-al-grand-palais-con-su-coleccion-primavera-verano-2025\/","name":"PFW: Chanel regresa al Grand Palais con su colecci\u00f3n SS 2025","isPartOf":{"@id":"https:\/\/graziamagazine.com\/es\/#website"},"datePublished":"2024-10-02T07:24:51+00:00","dateModified":"2024-10-02T07:24:51+00:00","description":"En el Grand Palais, la nueva colecci\u00f3n de Chanel celebra la ligereza y la modernidad con un gui\u00f1o a la historia de la casa.","breadcrumb":{"@id":"https:\/\/graziamagazine.com\/es\/articles\/pfw-chanel-regresa-al-grand-palais-con-su-coleccion-primavera-verano-2025\/#breadcrumb"},"inLanguage":"es","potentialAction":[{"@type":"ReadAction","target":["https:\/\/graziamagazine.com\/es\/articles\/pfw-chanel-regresa-al-grand-palais-con-su-coleccion-primavera-verano-2025\/"]}]},{"@type":"BreadcrumbList","@id":"https:\/\/graziamagazine.com\/es\/articles\/pfw-chanel-regresa-al-grand-palais-con-su-coleccion-primavera-verano-2025\/#breadcrumb","itemListElement":[{"@type":"ListItem","position":1,"name":"Portada","item":"https:\/\/graziamagazine.com\/es\/"},{"@type":"ListItem","position":2,"name":"PFW: Chanel regresa al Grand Palais con su colecci\u00f3n primavera-verano 2025"}]},{"@type":"WebSite","@id":"https:\/\/graziamagazine.com\/es\/#website","url":"https:\/\/graziamagazine.com\/es\/","name":"Grazia","description":"Moda, belleza, celebrities, estilo de vida...","potentialAction":[{"@type":"SearchAction","target":{"@type":"EntryPoint","urlTemplate":"https:\/\/graziamagazine.com\/es\/?s={search_term_string}"},"query-input":"required name=search_term_string"}],"inLanguage":"es"}]}},"jetpack_sharing_enabled":true,"distributor_meta":false,"distributor_terms":false,"distributor_media":false,"distributor_original_site_name":"Grazia","distributor_original_site_url":"https:\/\/graziamagazine.com\/es","push-errors":false,"_links":{"self":[{"href":"https:\/\/graziamagazine.com\/es\/wp-json\/wp\/v2\/articles\/179347"}],"collection":[{"href":"https:\/\/graziamagazine.com\/es\/wp-json\/wp\/v2\/articles"}],"about":[{"href":"https:\/\/graziamagazine.com\/es\/wp-json\/wp\/v2\/types\/articles"}],"author":[{"embeddable":true,"href":"https:\/\/graziamagazine.com\/es\/wp-json\/wp\/v2\/users\/16349"}],"wp:featuredmedia":[{"embeddable":true,"href":"https:\/\/graziamagazine.com\/es\/wp-json\/wp\/v2\/media\/179348"}],"wp:attachment":[{"href":"https:\/\/graziamagazine.com\/es\/wp-json\/wp\/v2\/media?parent=179347"}],"wp:term":[{"taxonomy":"category","embeddable":true,"href":"https:\/\/graziamagazine.com\/es\/wp-json\/wp\/v2\/categories?post=179347"}],"curies":[{"name":"wp","href":"https:\/\/api.w.org\/{rel}","templated":true}]}}