{"id":179334,"date":"2024-10-01T12:11:19","date_gmt":"2024-10-01T10:11:19","guid":{"rendered":"https:\/\/graziamagazine.com\/es\/?post_type=articles&#038;p=179334"},"modified":"2024-10-01T12:11:19","modified_gmt":"2024-10-01T10:11:19","slug":"oteyza-premio-de-cultura-de-la-comunidad-de-madrid","status":"publish","type":"articles","link":"https:\/\/graziamagazine.com\/es\/articles\/oteyza-premio-de-cultura-de-la-comunidad-de-madrid\/","title":{"rendered":"Oteyza, Premio de Cultura de la Comunidad de Madrid"},"content":{"rendered":"<p class=\"x_MsoNormal\">La firma de moda masculina\u00a0<b><span class=\"markd053rmqbs\" data-markjs=\"true\" data-ogac=\"\" data-ogab=\"\" data-ogsc=\"\" data-ogsb=\"\">OTEYZA<\/span><\/b>, fundada por Paul Garc\u00eda de\u00a0<span class=\"markd053rmqbs\" data-markjs=\"true\" data-ogac=\"\" data-ogab=\"\" data-ogsc=\"\" data-ogsb=\"\">Oteyza<\/span>\u00a0y Caterina Pa\u00f1eda, recogi\u00f3 ayer el\u00a0<b>Premio de Cultura de la Comunidad de Madrid en la categor\u00eda de Moda<\/b>. La ceremonia, presidida por Isabel D\u00edaz Ayuso, presidenta de la Comunidad de Madrid, tuvo lugar en el Teatro Auditorio de San Lorenzo de El Escorial.<\/p>\n<p class=\"x_MsoNormal\">Este reconocimiento, de car\u00e1cter honor\u00edfico y sin dotaci\u00f3n econ\u00f3mica, se concede a personalidades, instituciones o entidades cuya labor haya incidido de manera relevante en la realidad sociocultural de la regi\u00f3n. As\u00ed lo destac\u00f3 Mariano de Paco, consejero de Cultura, Turismo y Deporte de la Comunidad de Madrid, durante la reuni\u00f3n del Consejo de Gobierno del pasado 25 de septiembre, fecha en la que se dieron a conocer los quince galardonados de esta edici\u00f3n.<\/p>\n<p><img loading=\"lazy\" decoding=\"async\" class=\"aligncenter size-full wp-image-179338\" src=\"https:\/\/graziamagazine.com\/es\/wp-content\/uploads\/sites\/12\/2024\/10\/oteyzaofficial.jpg\" alt=\"\" width=\"1440\" height=\"1800\" srcset=\"https:\/\/graziamagazine.com\/es\/wp-content\/uploads\/sites\/12\/2024\/10\/oteyzaofficial.jpg 1440w, https:\/\/graziamagazine.com\/es\/wp-content\/uploads\/sites\/12\/2024\/10\/oteyzaofficial-240x300.jpg 240w, https:\/\/graziamagazine.com\/es\/wp-content\/uploads\/sites\/12\/2024\/10\/oteyzaofficial-819x1024.jpg 819w, https:\/\/graziamagazine.com\/es\/wp-content\/uploads\/sites\/12\/2024\/10\/oteyzaofficial-768x960.jpg 768w, https:\/\/graziamagazine.com\/es\/wp-content\/uploads\/sites\/12\/2024\/10\/oteyzaofficial-1229x1536.jpg 1229w, https:\/\/graziamagazine.com\/es\/wp-content\/uploads\/sites\/12\/2024\/10\/oteyzaofficial-400x500.jpg 400w, https:\/\/graziamagazine.com\/es\/wp-content\/uploads\/sites\/12\/2024\/10\/oteyzaofficial-155x194.jpg 155w\" sizes=\"(max-width: 1440px) 100vw, 1440px\" \/><\/p>\n<p class=\"x_MsoNormal\">\u201cEstamos muy felices de recibir este premio tan prestigioso rodeados de estos grand\u00edsimos artistas a los que tanto admiramos. Es un privilegio y un honor que hoy se vea reconocida toda la creatividad, fuerza y sensibilidad que hemos puesto en romper los paradigmas y en abrir nuevos caminos de valor a la moda espa\u00f1ola. Tenemos que seguir avanzando para posicionarla donde se merece, en lo m\u00e1s alto del panorama internacional\u201d,\u00a0<b>han declarado Paul Garc\u00eda de\u00a0<span class=\"markd053rmqbs\" data-markjs=\"true\" data-ogac=\"\" data-ogab=\"\" data-ogsc=\"\" data-ogsb=\"\">Oteyza<\/span>\u00a0y Caterina Pa\u00f1eda.<\/b><\/p>\n<p class=\"x_MsoNormal\">\u201cSin lugar a duda, este es un reconocimiento merecido, porque, por un lado, Catalina y Paul han logrado, con t\u00e9cnicas de sastrer\u00eda tradicional, construir un lenguaje contempor\u00e1neo y rompedor, pero, adem\u00e1s, con su espect\u00e1culo\u00a0<i>Merina<\/i>, han ampliado los l\u00edmites de la moda\u201d,\u00a0<b>a\u00f1ade Pepa Bueno, directora ejecutiva de la Asociaci\u00f3n Creadores de Moda de Espa\u00f1a (ACME), de la que\u00a0<span class=\"markd053rmqbs\" data-markjs=\"true\" data-ogac=\"\" data-ogab=\"\" data-ogsc=\"\" data-ogsb=\"\">OTEYZA<\/span>\u00a0es miembro desde 2017.<\/b><\/p>\n<p><img loading=\"lazy\" decoding=\"async\" class=\"aligncenter size-full wp-image-179337\" src=\"https:\/\/graziamagazine.com\/es\/wp-content\/uploads\/sites\/12\/2024\/10\/oteyzaofficial-1.jpg\" alt=\"\" width=\"1350\" height=\"1687\" srcset=\"https:\/\/graziamagazine.com\/es\/wp-content\/uploads\/sites\/12\/2024\/10\/oteyzaofficial-1.jpg 1350w, https:\/\/graziamagazine.com\/es\/wp-content\/uploads\/sites\/12\/2024\/10\/oteyzaofficial-1-240x300.jpg 240w, https:\/\/graziamagazine.com\/es\/wp-content\/uploads\/sites\/12\/2024\/10\/oteyzaofficial-1-819x1024.jpg 819w, https:\/\/graziamagazine.com\/es\/wp-content\/uploads\/sites\/12\/2024\/10\/oteyzaofficial-1-768x960.jpg 768w, https:\/\/graziamagazine.com\/es\/wp-content\/uploads\/sites\/12\/2024\/10\/oteyzaofficial-1-1229x1536.jpg 1229w, https:\/\/graziamagazine.com\/es\/wp-content\/uploads\/sites\/12\/2024\/10\/oteyzaofficial-1-400x500.jpg 400w, https:\/\/graziamagazine.com\/es\/wp-content\/uploads\/sites\/12\/2024\/10\/oteyzaofficial-1-155x194.jpg 155w\" sizes=\"(max-width: 1350px) 100vw, 1350px\" \/><\/p>\n<p class=\"x_MsoNormal\">Este a\u00f1o la marca ha atravesado de forma pionera una nueva frontera, la que separa la moda de las artes esc\u00e9nicas, creando el espect\u00e1culo\u00a0<i>Merina<\/i>, un homenaje a la lana merina a trav\u00e9s de la disrupci\u00f3n de los c\u00f3digos de la m\u00fasica electr\u00f3nica, la danza y la moda. Una obra que han creado, dirigido y producido, constituy\u00e9ndose en una entidad art\u00edstica, y por la que obtuvieron seis nominaciones en los Premios Max de 2023 y una en la primera edici\u00f3n de los Premios Academia de la Moda Espa\u00f1ola como Mejor Presentaci\u00f3n.<\/p>\n<p class=\"x_MsoNormal\">Fundada en 2011,\u00a0<span class=\"markd053rmqbs\" data-markjs=\"true\" data-ogac=\"\" data-ogab=\"\" data-ogsc=\"\" data-ogsb=\"\">OTEYZA<\/span>\u00a0se caracteriza por desafiar los c\u00e1nones cl\u00e1sicos del vestir masculino fusionando vanguardia y tradici\u00f3n. Desde su tienda y taller en Madrid desarrollan todo un universo creativo el cual presentan cada temporada dentro de la Semana de la Moda de Madrid y en el calendario oficial de la Paris Fashion Week.<\/p>\n<p class=\"x_MsoNormal\">A lo largo de su trayectoria\u00a0<span class=\"markd053rmqbs\" data-markjs=\"true\" data-ogac=\"\" data-ogab=\"\" data-ogsc=\"\" data-ogsb=\"\">OTEYZA<\/span>\u00a0ha recibido otros destacados reconocimientos, entre ellos, el Premio Nacional de Moda 2019, Premio Madrid Capital de Moda 2021 o el Premio The New York Times Fashion 2020.<\/p>\n<p><img loading=\"lazy\" decoding=\"async\" class=\"aligncenter size-full wp-image-179336\" src=\"https:\/\/graziamagazine.com\/es\/wp-content\/uploads\/sites\/12\/2024\/10\/oteyzaofficial-2.jpg\" alt=\"\" width=\"1440\" height=\"1800\" srcset=\"https:\/\/graziamagazine.com\/es\/wp-content\/uploads\/sites\/12\/2024\/10\/oteyzaofficial-2.jpg 1440w, https:\/\/graziamagazine.com\/es\/wp-content\/uploads\/sites\/12\/2024\/10\/oteyzaofficial-2-240x300.jpg 240w, https:\/\/graziamagazine.com\/es\/wp-content\/uploads\/sites\/12\/2024\/10\/oteyzaofficial-2-819x1024.jpg 819w, https:\/\/graziamagazine.com\/es\/wp-content\/uploads\/sites\/12\/2024\/10\/oteyzaofficial-2-768x960.jpg 768w, https:\/\/graziamagazine.com\/es\/wp-content\/uploads\/sites\/12\/2024\/10\/oteyzaofficial-2-1229x1536.jpg 1229w, https:\/\/graziamagazine.com\/es\/wp-content\/uploads\/sites\/12\/2024\/10\/oteyzaofficial-2-400x500.jpg 400w, https:\/\/graziamagazine.com\/es\/wp-content\/uploads\/sites\/12\/2024\/10\/oteyzaofficial-2-155x194.jpg 155w\" sizes=\"(max-width: 1440px) 100vw, 1440px\" \/><\/p>\n<p class=\"x_MsoNormal\">Entre los 15 creadores galardonados en los XXII Premios de Cultura de la Comunidad de Madrid se encuentran tambi\u00e9n nombres como Gemma Cuervo, David Bisbal, Dabiz Mu\u00f1oz, el bailaor Eduardo Guerrero o la Fundaci\u00f3n Loewe.<\/p>\n<p><em>*Im\u00e1genes: Instagram y cortes\u00eda<\/em><\/p>\n","protected":false},"author":11653,"featured_media":179335,"template":"","format":"standard","categories":[2971,1],"acf":{"banner":null},"yoast_head":"<!-- This site is optimized with the Yoast SEO Premium plugin v18.5 (Yoast SEO v20.4) - https:\/\/yoast.com\/wordpress\/plugins\/seo\/ -->\n<title>Oteyza, Premio de Cultura de la Comunidad de Madrid<\/title>\n<meta name=\"description\" content=\"La firma, fundada en 2011, se ha alzado con este galard\u00f3n en la categor\u00eda de Moda por desafiar los paradigmas del vestir.\" \/>\n<meta name=\"robots\" content=\"index, follow, max-snippet:-1, max-image-preview:large, max-video-preview:-1\" \/>\n<link rel=\"canonical\" href=\"https:\/\/graziamagazine.com\/es\/articles\/oteyza-premio-de-cultura-de-la-comunidad-de-madrid\/\" \/>\n<meta property=\"og:locale\" content=\"es_ES\" \/>\n<meta property=\"og:type\" content=\"article\" \/>\n<meta property=\"og:title\" content=\"Oteyza, Premio de Cultura de la Comunidad de Madrid\" \/>\n<meta property=\"og:description\" content=\"La firma, fundada en 2011, se ha alzado con este galard\u00f3n en la categor\u00eda de Moda por desafiar los paradigmas del vestir.\" \/>\n<meta property=\"og:url\" content=\"https:\/\/graziamagazine.com\/es\/articles\/oteyza-premio-de-cultura-de-la-comunidad-de-madrid\/\" \/>\n<meta property=\"og:site_name\" content=\"Grazia\" \/>\n<meta property=\"og:image\" content=\"https:\/\/graziamagazine.com\/es\/wp-content\/uploads\/sites\/12\/2024\/10\/image005.jpg\" \/>\n\t<meta property=\"og:image:width\" content=\"2048\" \/>\n\t<meta property=\"og:image:height\" content=\"1365\" \/>\n\t<meta property=\"og:image:type\" content=\"image\/jpeg\" \/>\n<meta name=\"twitter:card\" content=\"summary_large_image\" \/>\n<meta name=\"twitter:label1\" content=\"Est. reading time\" \/>\n\t<meta name=\"twitter:data1\" content=\"3 minutos\" \/>\n<script type=\"application\/ld+json\" class=\"yoast-schema-graph\">{\"@context\":\"https:\/\/schema.org\",\"@graph\":[{\"@type\":\"WebPage\",\"@id\":\"https:\/\/graziamagazine.com\/es\/articles\/oteyza-premio-de-cultura-de-la-comunidad-de-madrid\/\",\"url\":\"https:\/\/graziamagazine.com\/es\/articles\/oteyza-premio-de-cultura-de-la-comunidad-de-madrid\/\",\"name\":\"Oteyza, Premio de Cultura de la Comunidad de Madrid\",\"isPartOf\":{\"@id\":\"https:\/\/graziamagazine.com\/es\/#website\"},\"datePublished\":\"2024-10-01T10:11:19+00:00\",\"dateModified\":\"2024-10-01T10:11:19+00:00\",\"description\":\"La firma, fundada en 2011, se ha alzado con este galard\u00f3n en la categor\u00eda de Moda por desafiar los paradigmas del vestir.\",\"breadcrumb\":{\"@id\":\"https:\/\/graziamagazine.com\/es\/articles\/oteyza-premio-de-cultura-de-la-comunidad-de-madrid\/#breadcrumb\"},\"inLanguage\":\"es\",\"potentialAction\":[{\"@type\":\"ReadAction\",\"target\":[\"https:\/\/graziamagazine.com\/es\/articles\/oteyza-premio-de-cultura-de-la-comunidad-de-madrid\/\"]}]},{\"@type\":\"BreadcrumbList\",\"@id\":\"https:\/\/graziamagazine.com\/es\/articles\/oteyza-premio-de-cultura-de-la-comunidad-de-madrid\/#breadcrumb\",\"itemListElement\":[{\"@type\":\"ListItem\",\"position\":1,\"name\":\"Portada\",\"item\":\"https:\/\/graziamagazine.com\/es\/\"},{\"@type\":\"ListItem\",\"position\":2,\"name\":\"Oteyza, Premio de Cultura de la Comunidad de Madrid\"}]},{\"@type\":\"WebSite\",\"@id\":\"https:\/\/graziamagazine.com\/es\/#website\",\"url\":\"https:\/\/graziamagazine.com\/es\/\",\"name\":\"Grazia\",\"description\":\"Moda, belleza, celebrities, estilo de vida...\",\"potentialAction\":[{\"@type\":\"SearchAction\",\"target\":{\"@type\":\"EntryPoint\",\"urlTemplate\":\"https:\/\/graziamagazine.com\/es\/?s={search_term_string}\"},\"query-input\":\"required name=search_term_string\"}],\"inLanguage\":\"es\"}]}<\/script>\n<!-- \/ Yoast SEO Premium plugin. -->","yoast_head_json":{"title":"Oteyza, Premio de Cultura de la Comunidad de Madrid","description":"La firma, fundada en 2011, se ha alzado con este galard\u00f3n en la categor\u00eda de Moda por desafiar los paradigmas del vestir.","robots":{"index":"index","follow":"follow","max-snippet":"max-snippet:-1","max-image-preview":"max-image-preview:large","max-video-preview":"max-video-preview:-1"},"canonical":"https:\/\/graziamagazine.com\/es\/articles\/oteyza-premio-de-cultura-de-la-comunidad-de-madrid\/","og_locale":"es_ES","og_type":"article","og_title":"Oteyza, Premio de Cultura de la Comunidad de Madrid","og_description":"La firma, fundada en 2011, se ha alzado con este galard\u00f3n en la categor\u00eda de Moda por desafiar los paradigmas del vestir.","og_url":"https:\/\/graziamagazine.com\/es\/articles\/oteyza-premio-de-cultura-de-la-comunidad-de-madrid\/","og_site_name":"Grazia","og_image":[{"width":2048,"height":1365,"url":"https:\/\/graziamagazine.com\/es\/wp-content\/uploads\/sites\/12\/2024\/10\/image005.jpg","type":"image\/jpeg"}],"twitter_card":"summary_large_image","twitter_misc":{"Est. reading time":"3 minutos"},"schema":{"@context":"https:\/\/schema.org","@graph":[{"@type":"WebPage","@id":"https:\/\/graziamagazine.com\/es\/articles\/oteyza-premio-de-cultura-de-la-comunidad-de-madrid\/","url":"https:\/\/graziamagazine.com\/es\/articles\/oteyza-premio-de-cultura-de-la-comunidad-de-madrid\/","name":"Oteyza, Premio de Cultura de la Comunidad de Madrid","isPartOf":{"@id":"https:\/\/graziamagazine.com\/es\/#website"},"datePublished":"2024-10-01T10:11:19+00:00","dateModified":"2024-10-01T10:11:19+00:00","description":"La firma, fundada en 2011, se ha alzado con este galard\u00f3n en la categor\u00eda de Moda por desafiar los paradigmas del vestir.","breadcrumb":{"@id":"https:\/\/graziamagazine.com\/es\/articles\/oteyza-premio-de-cultura-de-la-comunidad-de-madrid\/#breadcrumb"},"inLanguage":"es","potentialAction":[{"@type":"ReadAction","target":["https:\/\/graziamagazine.com\/es\/articles\/oteyza-premio-de-cultura-de-la-comunidad-de-madrid\/"]}]},{"@type":"BreadcrumbList","@id":"https:\/\/graziamagazine.com\/es\/articles\/oteyza-premio-de-cultura-de-la-comunidad-de-madrid\/#breadcrumb","itemListElement":[{"@type":"ListItem","position":1,"name":"Portada","item":"https:\/\/graziamagazine.com\/es\/"},{"@type":"ListItem","position":2,"name":"Oteyza, Premio de Cultura de la Comunidad de Madrid"}]},{"@type":"WebSite","@id":"https:\/\/graziamagazine.com\/es\/#website","url":"https:\/\/graziamagazine.com\/es\/","name":"Grazia","description":"Moda, belleza, celebrities, estilo de vida...","potentialAction":[{"@type":"SearchAction","target":{"@type":"EntryPoint","urlTemplate":"https:\/\/graziamagazine.com\/es\/?s={search_term_string}"},"query-input":"required name=search_term_string"}],"inLanguage":"es"}]}},"jetpack_sharing_enabled":true,"distributor_meta":false,"distributor_terms":false,"distributor_media":false,"distributor_original_site_name":"Grazia","distributor_original_site_url":"https:\/\/graziamagazine.com\/es","push-errors":false,"_links":{"self":[{"href":"https:\/\/graziamagazine.com\/es\/wp-json\/wp\/v2\/articles\/179334"}],"collection":[{"href":"https:\/\/graziamagazine.com\/es\/wp-json\/wp\/v2\/articles"}],"about":[{"href":"https:\/\/graziamagazine.com\/es\/wp-json\/wp\/v2\/types\/articles"}],"author":[{"embeddable":true,"href":"https:\/\/graziamagazine.com\/es\/wp-json\/wp\/v2\/users\/11653"}],"wp:featuredmedia":[{"embeddable":true,"href":"https:\/\/graziamagazine.com\/es\/wp-json\/wp\/v2\/media\/179335"}],"wp:attachment":[{"href":"https:\/\/graziamagazine.com\/es\/wp-json\/wp\/v2\/media?parent=179334"}],"wp:term":[{"taxonomy":"category","embeddable":true,"href":"https:\/\/graziamagazine.com\/es\/wp-json\/wp\/v2\/categories?post=179334"}],"curies":[{"name":"wp","href":"https:\/\/api.w.org\/{rel}","templated":true}]}}