{"id":179252,"date":"2024-09-27T12:09:20","date_gmt":"2024-09-27T10:09:20","guid":{"rendered":"https:\/\/graziamagazine.com\/es\/?post_type=articles&#038;p=179252"},"modified":"2024-09-27T12:26:06","modified_gmt":"2024-09-27T10:26:06","slug":"ya-esta-aqui-la-coleccion-stefano-pilati-x-zara","status":"publish","type":"articles","link":"https:\/\/graziamagazine.com\/es\/articles\/ya-esta-aqui-la-coleccion-stefano-pilati-x-zara\/","title":{"rendered":"Ya est\u00e1 aqu\u00ed la colecci\u00f3n Stefano Pilati x Zara"},"content":{"rendered":"<p>Lo personal, lo \u00edntimo y lo real. Una expresi\u00f3n de libertad. La perfecci\u00f3n de un estilo. En una colaboraci\u00f3n especial para Zara, el dise\u00f1ador Stefano Pilati crea una extensa colecci\u00f3n de pr\u00eat-\u00e0-porter y accesorios. Propuestas para hombre y mujer que exponen y ampl\u00edan su firma est\u00e9tica, presentadas por primera vez bajo su propio nombre.<\/p>\n<p><img loading=\"lazy\" decoding=\"async\" class=\"aligncenter size-full wp-image-179256\" src=\"https:\/\/graziamagazine.com\/es\/wp-content\/uploads\/sites\/12\/2024\/09\/SME_24015_0030_068_v1_04_QC-copia-scaled.jpeg\" alt=\"\" width=\"1900\" height=\"2560\" srcset=\"https:\/\/graziamagazine.com\/es\/wp-content\/uploads\/sites\/12\/2024\/09\/SME_24015_0030_068_v1_04_QC-copia-scaled.jpeg 1900w, https:\/\/graziamagazine.com\/es\/wp-content\/uploads\/sites\/12\/2024\/09\/SME_24015_0030_068_v1_04_QC-copia-223x300.jpeg 223w, https:\/\/graziamagazine.com\/es\/wp-content\/uploads\/sites\/12\/2024\/09\/SME_24015_0030_068_v1_04_QC-copia-760x1024.jpeg 760w, https:\/\/graziamagazine.com\/es\/wp-content\/uploads\/sites\/12\/2024\/09\/SME_24015_0030_068_v1_04_QC-copia-768x1035.jpeg 768w, https:\/\/graziamagazine.com\/es\/wp-content\/uploads\/sites\/12\/2024\/09\/SME_24015_0030_068_v1_04_QC-copia-1140x1536.jpeg 1140w, https:\/\/graziamagazine.com\/es\/wp-content\/uploads\/sites\/12\/2024\/09\/SME_24015_0030_068_v1_04_QC-copia-1520x2048.jpeg 1520w, https:\/\/graziamagazine.com\/es\/wp-content\/uploads\/sites\/12\/2024\/09\/SME_24015_0030_068_v1_04_QC-copia-400x539.jpeg 400w, https:\/\/graziamagazine.com\/es\/wp-content\/uploads\/sites\/12\/2024\/09\/SME_24015_0030_068_v1_04_QC-copia-155x209.jpeg 155w\" sizes=\"(max-width: 1900px) 100vw, 1900px\" \/><\/p>\n<p>Celebrando cuatro d\u00e9cadas de creatividad, esta primera colecci\u00f3n hom\u00f3nima se inspira en el distintivo sentido del estilo de Pilati como individuo y como dise\u00f1ador, traduciendo su singular expresi\u00f3n de la elegancia a trav\u00e9s de una multitud de categor\u00edas. Parad\u00f3jicamente oportuna y atemporal, esta colecci\u00f3n destila la esencia de la filosof\u00eda de dise\u00f1o de Stefano Pilati, su lenguaje.<\/p>\n<p><img loading=\"lazy\" decoding=\"async\" class=\"aligncenter size-full wp-image-179255\" src=\"https:\/\/graziamagazine.com\/es\/wp-content\/uploads\/sites\/12\/2024\/09\/SME_24015_0020_050_v1_04_QC-copia-scaled.jpeg\" alt=\"\" width=\"1861\" height=\"2560\" srcset=\"https:\/\/graziamagazine.com\/es\/wp-content\/uploads\/sites\/12\/2024\/09\/SME_24015_0020_050_v1_04_QC-copia-scaled.jpeg 1861w, https:\/\/graziamagazine.com\/es\/wp-content\/uploads\/sites\/12\/2024\/09\/SME_24015_0020_050_v1_04_QC-copia-218x300.jpeg 218w, https:\/\/graziamagazine.com\/es\/wp-content\/uploads\/sites\/12\/2024\/09\/SME_24015_0020_050_v1_04_QC-copia-744x1024.jpeg 744w, https:\/\/graziamagazine.com\/es\/wp-content\/uploads\/sites\/12\/2024\/09\/SME_24015_0020_050_v1_04_QC-copia-768x1056.jpeg 768w, https:\/\/graziamagazine.com\/es\/wp-content\/uploads\/sites\/12\/2024\/09\/SME_24015_0020_050_v1_04_QC-copia-1117x1536.jpeg 1117w, https:\/\/graziamagazine.com\/es\/wp-content\/uploads\/sites\/12\/2024\/09\/SME_24015_0020_050_v1_04_QC-copia-1489x2048.jpeg 1489w, https:\/\/graziamagazine.com\/es\/wp-content\/uploads\/sites\/12\/2024\/09\/SME_24015_0020_050_v1_04_QC-copia-400x550.jpeg 400w, https:\/\/graziamagazine.com\/es\/wp-content\/uploads\/sites\/12\/2024\/09\/SME_24015_0020_050_v1_04_QC-copia-155x213.jpeg 155w\" sizes=\"(max-width: 1861px) 100vw, 1861px\" \/><\/p>\n<p>Una sensualidad tranquila se expone a trav\u00e9s de la sastrer\u00eda y la fluidez, mientras que su enfoque en la silueta, la fabricaci\u00f3n y el corte, dan lugar a piezas con una aspiraci\u00f3n de ser eternas. Las transgresiones permiten desafiar las reglas del vestir: el crep\u00e9 suaviza el traje, las propuestas de noche se deslizan hacia el d\u00eda.<\/p>\n<p><img loading=\"lazy\" decoding=\"async\" class=\"aligncenter size-full wp-image-179254\" src=\"https:\/\/graziamagazine.com\/es\/wp-content\/uploads\/sites\/12\/2024\/09\/SME_24015_0010_243_v1_04_QC-copia-scaled.jpeg\" alt=\"\" width=\"1871\" height=\"2560\" srcset=\"https:\/\/graziamagazine.com\/es\/wp-content\/uploads\/sites\/12\/2024\/09\/SME_24015_0010_243_v1_04_QC-copia-scaled.jpeg 1871w, https:\/\/graziamagazine.com\/es\/wp-content\/uploads\/sites\/12\/2024\/09\/SME_24015_0010_243_v1_04_QC-copia-219x300.jpeg 219w, https:\/\/graziamagazine.com\/es\/wp-content\/uploads\/sites\/12\/2024\/09\/SME_24015_0010_243_v1_04_QC-copia-749x1024.jpeg 749w, https:\/\/graziamagazine.com\/es\/wp-content\/uploads\/sites\/12\/2024\/09\/SME_24015_0010_243_v1_04_QC-copia-768x1051.jpeg 768w, https:\/\/graziamagazine.com\/es\/wp-content\/uploads\/sites\/12\/2024\/09\/SME_24015_0010_243_v1_04_QC-copia-1123x1536.jpeg 1123w, https:\/\/graziamagazine.com\/es\/wp-content\/uploads\/sites\/12\/2024\/09\/SME_24015_0010_243_v1_04_QC-copia-1497x2048.jpeg 1497w, https:\/\/graziamagazine.com\/es\/wp-content\/uploads\/sites\/12\/2024\/09\/SME_24015_0010_243_v1_04_QC-copia-400x547.jpeg 400w, https:\/\/graziamagazine.com\/es\/wp-content\/uploads\/sites\/12\/2024\/09\/SME_24015_0010_243_v1_04_QC-copia-155x212.jpeg 155w\" sizes=\"(max-width: 1871px) 100vw, 1871px\" \/><\/p>\n<p>El c\u00edrculo, s\u00edmbolo sin principio ni fin, es un leitmotiv que se repite en los accesorios, las joyas y la decoraci\u00f3n con tachuelas. M\u00e1s que un cambio de actitud se trata de ampliar los l\u00edmites del concepto moderno del vestir, de una libertad de comportamiento.<\/p>\n<p><img loading=\"lazy\" decoding=\"async\" class=\"aligncenter size-full wp-image-179257\" src=\"https:\/\/graziamagazine.com\/es\/wp-content\/uploads\/sites\/12\/2024\/09\/SME_24015_0050_138_v1_04_QC-copia-scaled.jpeg\" alt=\"\" width=\"1861\" height=\"2560\" srcset=\"https:\/\/graziamagazine.com\/es\/wp-content\/uploads\/sites\/12\/2024\/09\/SME_24015_0050_138_v1_04_QC-copia-scaled.jpeg 1861w, https:\/\/graziamagazine.com\/es\/wp-content\/uploads\/sites\/12\/2024\/09\/SME_24015_0050_138_v1_04_QC-copia-218x300.jpeg 218w, https:\/\/graziamagazine.com\/es\/wp-content\/uploads\/sites\/12\/2024\/09\/SME_24015_0050_138_v1_04_QC-copia-744x1024.jpeg 744w, https:\/\/graziamagazine.com\/es\/wp-content\/uploads\/sites\/12\/2024\/09\/SME_24015_0050_138_v1_04_QC-copia-768x1056.jpeg 768w, https:\/\/graziamagazine.com\/es\/wp-content\/uploads\/sites\/12\/2024\/09\/SME_24015_0050_138_v1_04_QC-copia-1117x1536.jpeg 1117w, https:\/\/graziamagazine.com\/es\/wp-content\/uploads\/sites\/12\/2024\/09\/SME_24015_0050_138_v1_04_QC-copia-1489x2048.jpeg 1489w, https:\/\/graziamagazine.com\/es\/wp-content\/uploads\/sites\/12\/2024\/09\/SME_24015_0050_138_v1_04_QC-copia-400x550.jpeg 400w, https:\/\/graziamagazine.com\/es\/wp-content\/uploads\/sites\/12\/2024\/09\/SME_24015_0050_138_v1_04_QC-copia-155x213.jpeg 155w\" sizes=\"(max-width: 1861px) 100vw, 1861px\" \/><\/p>\n<p>El lenguaje \u00fanico que ha definido el trabajo de Pilati a lo largo de su carrera est\u00e1 presente en esta colecci\u00f3n, combinado con el esp\u00edritu universal Zara, siempre en defensa del poder del buen dise\u00f1o para todos. La colecci\u00f3n Stefano Pilati x Zara se lanza de manera global el 3 de octubre, con una campa\u00f1a fotografiada en Nueva York por Steven Meisel, en la que aparece el propio Stefano Pilati junto a la supermodelo Gisele B\u00fcndchen.<\/p>\n<p>En esta galer\u00eda puedes ver alguna de las prendas que llegar\u00e1n a las tiendas el pr\u00f3ximo 3 de octubre.<\/p>\n<div class=\"content-gallery\"><div class=\"gallery-placeholder\"><div class=\"spinner\"><\/div><\/div><span class=\"gallery-pagination\"><\/span><div id=\"gallery-1\" class=\"gallery galleryid-179252 gallery-columns- gallery-size-\"><figure class=\"gallery-item\"><div class=\"gallery-icon landscape\"><img loading=\"lazy\" decoding=\"async\" width=\"1707\" height=\"2560\" src=\"https:\/\/graziamagazine.com\/es\/wp-content\/uploads\/sites\/12\/2024\/09\/SKO_24041_ZARA_STEFANO_01_023_R3_sRGB150-scaled.jpg\" class=\"lazy\" alt=\"\" srcset=\"https:\/\/graziamagazine.com\/es\/wp-content\/uploads\/sites\/12\/2024\/09\/SKO_24041_ZARA_STEFANO_01_023_R3_sRGB150-scaled.jpg 1707w, https:\/\/graziamagazine.com\/es\/wp-content\/uploads\/sites\/12\/2024\/09\/SKO_24041_ZARA_STEFANO_01_023_R3_sRGB150-200x300.jpg 200w, https:\/\/graziamagazine.com\/es\/wp-content\/uploads\/sites\/12\/2024\/09\/SKO_24041_ZARA_STEFANO_01_023_R3_sRGB150-683x1024.jpg 683w, https:\/\/graziamagazine.com\/es\/wp-content\/uploads\/sites\/12\/2024\/09\/SKO_24041_ZARA_STEFANO_01_023_R3_sRGB150-768x1152.jpg 768w, https:\/\/graziamagazine.com\/es\/wp-content\/uploads\/sites\/12\/2024\/09\/SKO_24041_ZARA_STEFANO_01_023_R3_sRGB150-1024x1536.jpg 1024w, https:\/\/graziamagazine.com\/es\/wp-content\/uploads\/sites\/12\/2024\/09\/SKO_24041_ZARA_STEFANO_01_023_R3_sRGB150-1365x2048.jpg 1365w, https:\/\/graziamagazine.com\/es\/wp-content\/uploads\/sites\/12\/2024\/09\/SKO_24041_ZARA_STEFANO_01_023_R3_sRGB150-400x600.jpg 400w, https:\/\/graziamagazine.com\/es\/wp-content\/uploads\/sites\/12\/2024\/09\/SKO_24041_ZARA_STEFANO_01_023_R3_sRGB150-143x215.jpg 143w\" sizes=\"(max-width: 1707px) 100vw, 1707px\" \/><\/div><\/figure><figure class=\"gallery-item\"><div class=\"gallery-icon landscape\"><img loading=\"lazy\" decoding=\"async\" width=\"1706\" height=\"2560\" src=\"https:\/\/graziamagazine.com\/es\/wp-content\/uploads\/sites\/12\/2024\/09\/SKO_24041_ZARA_STEFANO_02_005_R3_sRGB150-scaled.jpg\" class=\"lazy\" alt=\"\" srcset=\"https:\/\/graziamagazine.com\/es\/wp-content\/uploads\/sites\/12\/2024\/09\/SKO_24041_ZARA_STEFANO_02_005_R3_sRGB150-scaled.jpg 1706w, https:\/\/graziamagazine.com\/es\/wp-content\/uploads\/sites\/12\/2024\/09\/SKO_24041_ZARA_STEFANO_02_005_R3_sRGB150-200x300.jpg 200w, https:\/\/graziamagazine.com\/es\/wp-content\/uploads\/sites\/12\/2024\/09\/SKO_24041_ZARA_STEFANO_02_005_R3_sRGB150-682x1024.jpg 682w, https:\/\/graziamagazine.com\/es\/wp-content\/uploads\/sites\/12\/2024\/09\/SKO_24041_ZARA_STEFANO_02_005_R3_sRGB150-768x1152.jpg 768w, https:\/\/graziamagazine.com\/es\/wp-content\/uploads\/sites\/12\/2024\/09\/SKO_24041_ZARA_STEFANO_02_005_R3_sRGB150-1024x1536.jpg 1024w, https:\/\/graziamagazine.com\/es\/wp-content\/uploads\/sites\/12\/2024\/09\/SKO_24041_ZARA_STEFANO_02_005_R3_sRGB150-1365x2048.jpg 1365w, https:\/\/graziamagazine.com\/es\/wp-content\/uploads\/sites\/12\/2024\/09\/SKO_24041_ZARA_STEFANO_02_005_R3_sRGB150-400x600.jpg 400w, https:\/\/graziamagazine.com\/es\/wp-content\/uploads\/sites\/12\/2024\/09\/SKO_24041_ZARA_STEFANO_02_005_R3_sRGB150-143x215.jpg 143w\" sizes=\"(max-width: 1706px) 100vw, 1706px\" \/><\/div><\/figure><figure class=\"gallery-item\"><div class=\"gallery-icon landscape\"><img loading=\"lazy\" decoding=\"async\" width=\"1707\" height=\"2560\" src=\"https:\/\/graziamagazine.com\/es\/wp-content\/uploads\/sites\/12\/2024\/09\/SKO_24041_ZARA_STEFANO_03_028_R3_sRGB150-scaled.jpg\" class=\"lazy\" alt=\"\" srcset=\"https:\/\/graziamagazine.com\/es\/wp-content\/uploads\/sites\/12\/2024\/09\/SKO_24041_ZARA_STEFANO_03_028_R3_sRGB150-scaled.jpg 1707w, https:\/\/graziamagazine.com\/es\/wp-content\/uploads\/sites\/12\/2024\/09\/SKO_24041_ZARA_STEFANO_03_028_R3_sRGB150-200x300.jpg 200w, https:\/\/graziamagazine.com\/es\/wp-content\/uploads\/sites\/12\/2024\/09\/SKO_24041_ZARA_STEFANO_03_028_R3_sRGB150-683x1024.jpg 683w, https:\/\/graziamagazine.com\/es\/wp-content\/uploads\/sites\/12\/2024\/09\/SKO_24041_ZARA_STEFANO_03_028_R3_sRGB150-768x1152.jpg 768w, https:\/\/graziamagazine.com\/es\/wp-content\/uploads\/sites\/12\/2024\/09\/SKO_24041_ZARA_STEFANO_03_028_R3_sRGB150-1024x1536.jpg 1024w, https:\/\/graziamagazine.com\/es\/wp-content\/uploads\/sites\/12\/2024\/09\/SKO_24041_ZARA_STEFANO_03_028_R3_sRGB150-1365x2048.jpg 1365w, https:\/\/graziamagazine.com\/es\/wp-content\/uploads\/sites\/12\/2024\/09\/SKO_24041_ZARA_STEFANO_03_028_R3_sRGB150-400x600.jpg 400w, https:\/\/graziamagazine.com\/es\/wp-content\/uploads\/sites\/12\/2024\/09\/SKO_24041_ZARA_STEFANO_03_028_R3_sRGB150-143x215.jpg 143w\" sizes=\"(max-width: 1707px) 100vw, 1707px\" \/><\/div><\/figure><figure class=\"gallery-item\"><div class=\"gallery-icon landscape\"><img loading=\"lazy\" decoding=\"async\" width=\"1707\" height=\"2560\" src=\"https:\/\/graziamagazine.com\/es\/wp-content\/uploads\/sites\/12\/2024\/09\/SKO_24041_ZARA_STEFANO_05_010_R3_sRGB150-scaled.jpg\" class=\"lazy\" alt=\"\" srcset=\"https:\/\/graziamagazine.com\/es\/wp-content\/uploads\/sites\/12\/2024\/09\/SKO_24041_ZARA_STEFANO_05_010_R3_sRGB150-scaled.jpg 1707w, https:\/\/graziamagazine.com\/es\/wp-content\/uploads\/sites\/12\/2024\/09\/SKO_24041_ZARA_STEFANO_05_010_R3_sRGB150-200x300.jpg 200w, https:\/\/graziamagazine.com\/es\/wp-content\/uploads\/sites\/12\/2024\/09\/SKO_24041_ZARA_STEFANO_05_010_R3_sRGB150-683x1024.jpg 683w, https:\/\/graziamagazine.com\/es\/wp-content\/uploads\/sites\/12\/2024\/09\/SKO_24041_ZARA_STEFANO_05_010_R3_sRGB150-768x1152.jpg 768w, https:\/\/graziamagazine.com\/es\/wp-content\/uploads\/sites\/12\/2024\/09\/SKO_24041_ZARA_STEFANO_05_010_R3_sRGB150-1024x1536.jpg 1024w, https:\/\/graziamagazine.com\/es\/wp-content\/uploads\/sites\/12\/2024\/09\/SKO_24041_ZARA_STEFANO_05_010_R3_sRGB150-1365x2048.jpg 1365w, https:\/\/graziamagazine.com\/es\/wp-content\/uploads\/sites\/12\/2024\/09\/SKO_24041_ZARA_STEFANO_05_010_R3_sRGB150-400x600.jpg 400w, https:\/\/graziamagazine.com\/es\/wp-content\/uploads\/sites\/12\/2024\/09\/SKO_24041_ZARA_STEFANO_05_010_R3_sRGB150-143x215.jpg 143w\" sizes=\"(max-width: 1707px) 100vw, 1707px\" \/><\/div><\/figure><figure class=\"gallery-item\"><div class=\"gallery-icon landscape\"><img loading=\"lazy\" decoding=\"async\" width=\"1707\" height=\"2560\" src=\"https:\/\/graziamagazine.com\/es\/wp-content\/uploads\/sites\/12\/2024\/09\/SKO_24041_ZARA_STEFANO_07_022_R3_sRGB150-scaled.jpg\" class=\"lazy\" alt=\"\" srcset=\"https:\/\/graziamagazine.com\/es\/wp-content\/uploads\/sites\/12\/2024\/09\/SKO_24041_ZARA_STEFANO_07_022_R3_sRGB150-scaled.jpg 1707w, https:\/\/graziamagazine.com\/es\/wp-content\/uploads\/sites\/12\/2024\/09\/SKO_24041_ZARA_STEFANO_07_022_R3_sRGB150-200x300.jpg 200w, https:\/\/graziamagazine.com\/es\/wp-content\/uploads\/sites\/12\/2024\/09\/SKO_24041_ZARA_STEFANO_07_022_R3_sRGB150-683x1024.jpg 683w, https:\/\/graziamagazine.com\/es\/wp-content\/uploads\/sites\/12\/2024\/09\/SKO_24041_ZARA_STEFANO_07_022_R3_sRGB150-768x1152.jpg 768w, https:\/\/graziamagazine.com\/es\/wp-content\/uploads\/sites\/12\/2024\/09\/SKO_24041_ZARA_STEFANO_07_022_R3_sRGB150-1024x1536.jpg 1024w, https:\/\/graziamagazine.com\/es\/wp-content\/uploads\/sites\/12\/2024\/09\/SKO_24041_ZARA_STEFANO_07_022_R3_sRGB150-1365x2048.jpg 1365w, https:\/\/graziamagazine.com\/es\/wp-content\/uploads\/sites\/12\/2024\/09\/SKO_24041_ZARA_STEFANO_07_022_R3_sRGB150-400x600.jpg 400w, https:\/\/graziamagazine.com\/es\/wp-content\/uploads\/sites\/12\/2024\/09\/SKO_24041_ZARA_STEFANO_07_022_R3_sRGB150-143x215.jpg 143w\" sizes=\"(max-width: 1707px) 100vw, 1707px\" \/><\/div><\/figure><figure class=\"gallery-item\"><div class=\"gallery-icon landscape\"><img loading=\"lazy\" decoding=\"async\" width=\"1707\" height=\"2560\" src=\"https:\/\/graziamagazine.com\/es\/wp-content\/uploads\/sites\/12\/2024\/09\/SKO_24041_ZARA_STEFANO_12_020_R3_sRGB150-scaled.jpg\" class=\"lazy\" alt=\"\" srcset=\"https:\/\/graziamagazine.com\/es\/wp-content\/uploads\/sites\/12\/2024\/09\/SKO_24041_ZARA_STEFANO_12_020_R3_sRGB150-scaled.jpg 1707w, https:\/\/graziamagazine.com\/es\/wp-content\/uploads\/sites\/12\/2024\/09\/SKO_24041_ZARA_STEFANO_12_020_R3_sRGB150-200x300.jpg 200w, https:\/\/graziamagazine.com\/es\/wp-content\/uploads\/sites\/12\/2024\/09\/SKO_24041_ZARA_STEFANO_12_020_R3_sRGB150-683x1024.jpg 683w, https:\/\/graziamagazine.com\/es\/wp-content\/uploads\/sites\/12\/2024\/09\/SKO_24041_ZARA_STEFANO_12_020_R3_sRGB150-768x1152.jpg 768w, https:\/\/graziamagazine.com\/es\/wp-content\/uploads\/sites\/12\/2024\/09\/SKO_24041_ZARA_STEFANO_12_020_R3_sRGB150-1024x1536.jpg 1024w, https:\/\/graziamagazine.com\/es\/wp-content\/uploads\/sites\/12\/2024\/09\/SKO_24041_ZARA_STEFANO_12_020_R3_sRGB150-1365x2048.jpg 1365w, https:\/\/graziamagazine.com\/es\/wp-content\/uploads\/sites\/12\/2024\/09\/SKO_24041_ZARA_STEFANO_12_020_R3_sRGB150-400x600.jpg 400w, https:\/\/graziamagazine.com\/es\/wp-content\/uploads\/sites\/12\/2024\/09\/SKO_24041_ZARA_STEFANO_12_020_R3_sRGB150-143x215.jpg 143w\" sizes=\"(max-width: 1707px) 100vw, 1707px\" \/><\/div><\/figure><figure class=\"gallery-item\"><div class=\"gallery-icon landscape\"><img loading=\"lazy\" decoding=\"async\" width=\"1712\" height=\"2560\" src=\"https:\/\/graziamagazine.com\/es\/wp-content\/uploads\/sites\/12\/2024\/09\/SKO_24041_ZARA_STEFANO_15_013_R3_sRGB150-scaled.jpg\" class=\"lazy\" alt=\"\" srcset=\"https:\/\/graziamagazine.com\/es\/wp-content\/uploads\/sites\/12\/2024\/09\/SKO_24041_ZARA_STEFANO_15_013_R3_sRGB150-scaled.jpg 1712w, https:\/\/graziamagazine.com\/es\/wp-content\/uploads\/sites\/12\/2024\/09\/SKO_24041_ZARA_STEFANO_15_013_R3_sRGB150-201x300.jpg 201w, https:\/\/graziamagazine.com\/es\/wp-content\/uploads\/sites\/12\/2024\/09\/SKO_24041_ZARA_STEFANO_15_013_R3_sRGB150-685x1024.jpg 685w, https:\/\/graziamagazine.com\/es\/wp-content\/uploads\/sites\/12\/2024\/09\/SKO_24041_ZARA_STEFANO_15_013_R3_sRGB150-768x1148.jpg 768w, https:\/\/graziamagazine.com\/es\/wp-content\/uploads\/sites\/12\/2024\/09\/SKO_24041_ZARA_STEFANO_15_013_R3_sRGB150-1027x1536.jpg 1027w, https:\/\/graziamagazine.com\/es\/wp-content\/uploads\/sites\/12\/2024\/09\/SKO_24041_ZARA_STEFANO_15_013_R3_sRGB150-1370x2048.jpg 1370w, https:\/\/graziamagazine.com\/es\/wp-content\/uploads\/sites\/12\/2024\/09\/SKO_24041_ZARA_STEFANO_15_013_R3_sRGB150-400x598.jpg 400w, https:\/\/graziamagazine.com\/es\/wp-content\/uploads\/sites\/12\/2024\/09\/SKO_24041_ZARA_STEFANO_15_013_R3_sRGB150-144x215.jpg 144w\" sizes=\"(max-width: 1712px) 100vw, 1712px\" \/><\/div><\/figure><\/div><\/div>\n<p>&nbsp;<\/p>\n<p><em>*Im\u00e1genes: cortes\u00eda<\/em><\/p>\n","protected":false},"author":11653,"featured_media":179253,"template":"","format":"standard","categories":[2971,1],"acf":{"banner":null},"yoast_head":"<!-- This site is optimized with the Yoast SEO Premium plugin v18.5 (Yoast SEO v20.4) - https:\/\/yoast.com\/wordpress\/plugins\/seo\/ -->\n<title>Ya est\u00e1 aqu\u00ed la colecci\u00f3n Stefano Pilati x Zara<\/title>\n<meta name=\"description\" content=\"La supermodelo Gisele B\u00fcndchen protagoniza esta nueva c\u00e1psula de Zara fotografiada por Steven Meisel centrada en la sastrer\u00eda.\" \/>\n<meta name=\"robots\" content=\"index, follow, max-snippet:-1, max-image-preview:large, max-video-preview:-1\" \/>\n<link rel=\"canonical\" href=\"https:\/\/graziamagazine.com\/es\/articles\/ya-esta-aqui-la-coleccion-stefano-pilati-x-zara\/\" \/>\n<meta property=\"og:locale\" content=\"es_ES\" \/>\n<meta property=\"og:type\" content=\"article\" \/>\n<meta property=\"og:title\" content=\"Ya est\u00e1 aqu\u00ed la colecci\u00f3n Stefano Pilati x Zara\" \/>\n<meta property=\"og:description\" content=\"La supermodelo Gisele B\u00fcndchen protagoniza esta nueva c\u00e1psula de Zara fotografiada por Steven Meisel centrada en la sastrer\u00eda.\" \/>\n<meta property=\"og:url\" content=\"https:\/\/graziamagazine.com\/es\/articles\/ya-esta-aqui-la-coleccion-stefano-pilati-x-zara\/\" \/>\n<meta property=\"og:site_name\" content=\"Grazia\" \/>\n<meta property=\"article:modified_time\" content=\"2024-09-27T10:26:06+00:00\" \/>\n<meta property=\"og:image\" content=\"https:\/\/graziamagazine.com\/es\/wp-content\/uploads\/sites\/12\/2024\/09\/SME_24015_0080_060_v1_04_QC-copia-scaled-e1727431481177.jpeg\" \/>\n\t<meta property=\"og:image:width\" content=\"1770\" \/>\n\t<meta property=\"og:image:height\" content=\"1467\" \/>\n\t<meta property=\"og:image:type\" content=\"image\/jpeg\" \/>\n<meta name=\"twitter:card\" content=\"summary_large_image\" \/>\n<meta name=\"twitter:label1\" content=\"Est. reading time\" \/>\n\t<meta name=\"twitter:data1\" content=\"3 minutos\" \/>\n<script type=\"application\/ld+json\" class=\"yoast-schema-graph\">{\"@context\":\"https:\/\/schema.org\",\"@graph\":[{\"@type\":\"WebPage\",\"@id\":\"https:\/\/graziamagazine.com\/es\/articles\/ya-esta-aqui-la-coleccion-stefano-pilati-x-zara\/\",\"url\":\"https:\/\/graziamagazine.com\/es\/articles\/ya-esta-aqui-la-coleccion-stefano-pilati-x-zara\/\",\"name\":\"Ya est\u00e1 aqu\u00ed la colecci\u00f3n Stefano Pilati x Zara\",\"isPartOf\":{\"@id\":\"https:\/\/graziamagazine.com\/es\/#website\"},\"datePublished\":\"2024-09-27T10:09:20+00:00\",\"dateModified\":\"2024-09-27T10:26:06+00:00\",\"description\":\"La supermodelo Gisele B\u00fcndchen protagoniza esta nueva c\u00e1psula de Zara fotografiada por Steven Meisel centrada en la sastrer\u00eda.\",\"breadcrumb\":{\"@id\":\"https:\/\/graziamagazine.com\/es\/articles\/ya-esta-aqui-la-coleccion-stefano-pilati-x-zara\/#breadcrumb\"},\"inLanguage\":\"es\",\"potentialAction\":[{\"@type\":\"ReadAction\",\"target\":[\"https:\/\/graziamagazine.com\/es\/articles\/ya-esta-aqui-la-coleccion-stefano-pilati-x-zara\/\"]}]},{\"@type\":\"BreadcrumbList\",\"@id\":\"https:\/\/graziamagazine.com\/es\/articles\/ya-esta-aqui-la-coleccion-stefano-pilati-x-zara\/#breadcrumb\",\"itemListElement\":[{\"@type\":\"ListItem\",\"position\":1,\"name\":\"Portada\",\"item\":\"https:\/\/graziamagazine.com\/es\/\"},{\"@type\":\"ListItem\",\"position\":2,\"name\":\"Ya est\u00e1 aqu\u00ed la colecci\u00f3n Stefano Pilati x Zara\"}]},{\"@type\":\"WebSite\",\"@id\":\"https:\/\/graziamagazine.com\/es\/#website\",\"url\":\"https:\/\/graziamagazine.com\/es\/\",\"name\":\"Grazia\",\"description\":\"Moda, belleza, celebrities, estilo de vida...\",\"potentialAction\":[{\"@type\":\"SearchAction\",\"target\":{\"@type\":\"EntryPoint\",\"urlTemplate\":\"https:\/\/graziamagazine.com\/es\/?s={search_term_string}\"},\"query-input\":\"required name=search_term_string\"}],\"inLanguage\":\"es\"}]}<\/script>\n<!-- \/ Yoast SEO Premium plugin. -->","yoast_head_json":{"title":"Ya est\u00e1 aqu\u00ed la colecci\u00f3n Stefano Pilati x Zara","description":"La supermodelo Gisele B\u00fcndchen protagoniza esta nueva c\u00e1psula de Zara fotografiada por Steven Meisel centrada en la sastrer\u00eda.","robots":{"index":"index","follow":"follow","max-snippet":"max-snippet:-1","max-image-preview":"max-image-preview:large","max-video-preview":"max-video-preview:-1"},"canonical":"https:\/\/graziamagazine.com\/es\/articles\/ya-esta-aqui-la-coleccion-stefano-pilati-x-zara\/","og_locale":"es_ES","og_type":"article","og_title":"Ya est\u00e1 aqu\u00ed la colecci\u00f3n Stefano Pilati x Zara","og_description":"La supermodelo Gisele B\u00fcndchen protagoniza esta nueva c\u00e1psula de Zara fotografiada por Steven Meisel centrada en la sastrer\u00eda.","og_url":"https:\/\/graziamagazine.com\/es\/articles\/ya-esta-aqui-la-coleccion-stefano-pilati-x-zara\/","og_site_name":"Grazia","article_modified_time":"2024-09-27T10:26:06+00:00","og_image":[{"width":1770,"height":1467,"url":"https:\/\/graziamagazine.com\/es\/wp-content\/uploads\/sites\/12\/2024\/09\/SME_24015_0080_060_v1_04_QC-copia-scaled-e1727431481177.jpeg","type":"image\/jpeg"}],"twitter_card":"summary_large_image","twitter_misc":{"Est. reading time":"3 minutos"},"schema":{"@context":"https:\/\/schema.org","@graph":[{"@type":"WebPage","@id":"https:\/\/graziamagazine.com\/es\/articles\/ya-esta-aqui-la-coleccion-stefano-pilati-x-zara\/","url":"https:\/\/graziamagazine.com\/es\/articles\/ya-esta-aqui-la-coleccion-stefano-pilati-x-zara\/","name":"Ya est\u00e1 aqu\u00ed la colecci\u00f3n Stefano Pilati x Zara","isPartOf":{"@id":"https:\/\/graziamagazine.com\/es\/#website"},"datePublished":"2024-09-27T10:09:20+00:00","dateModified":"2024-09-27T10:26:06+00:00","description":"La supermodelo Gisele B\u00fcndchen protagoniza esta nueva c\u00e1psula de Zara fotografiada por Steven Meisel centrada en la sastrer\u00eda.","breadcrumb":{"@id":"https:\/\/graziamagazine.com\/es\/articles\/ya-esta-aqui-la-coleccion-stefano-pilati-x-zara\/#breadcrumb"},"inLanguage":"es","potentialAction":[{"@type":"ReadAction","target":["https:\/\/graziamagazine.com\/es\/articles\/ya-esta-aqui-la-coleccion-stefano-pilati-x-zara\/"]}]},{"@type":"BreadcrumbList","@id":"https:\/\/graziamagazine.com\/es\/articles\/ya-esta-aqui-la-coleccion-stefano-pilati-x-zara\/#breadcrumb","itemListElement":[{"@type":"ListItem","position":1,"name":"Portada","item":"https:\/\/graziamagazine.com\/es\/"},{"@type":"ListItem","position":2,"name":"Ya est\u00e1 aqu\u00ed la colecci\u00f3n Stefano Pilati x Zara"}]},{"@type":"WebSite","@id":"https:\/\/graziamagazine.com\/es\/#website","url":"https:\/\/graziamagazine.com\/es\/","name":"Grazia","description":"Moda, belleza, celebrities, estilo de vida...","potentialAction":[{"@type":"SearchAction","target":{"@type":"EntryPoint","urlTemplate":"https:\/\/graziamagazine.com\/es\/?s={search_term_string}"},"query-input":"required name=search_term_string"}],"inLanguage":"es"}]}},"jetpack_sharing_enabled":true,"distributor_meta":false,"distributor_terms":false,"distributor_media":false,"distributor_original_site_name":"Grazia","distributor_original_site_url":"https:\/\/graziamagazine.com\/es","push-errors":false,"_links":{"self":[{"href":"https:\/\/graziamagazine.com\/es\/wp-json\/wp\/v2\/articles\/179252"}],"collection":[{"href":"https:\/\/graziamagazine.com\/es\/wp-json\/wp\/v2\/articles"}],"about":[{"href":"https:\/\/graziamagazine.com\/es\/wp-json\/wp\/v2\/types\/articles"}],"author":[{"embeddable":true,"href":"https:\/\/graziamagazine.com\/es\/wp-json\/wp\/v2\/users\/11653"}],"wp:featuredmedia":[{"embeddable":true,"href":"https:\/\/graziamagazine.com\/es\/wp-json\/wp\/v2\/media\/179253"}],"wp:attachment":[{"href":"https:\/\/graziamagazine.com\/es\/wp-json\/wp\/v2\/media?parent=179252"}],"wp:term":[{"taxonomy":"category","embeddable":true,"href":"https:\/\/graziamagazine.com\/es\/wp-json\/wp\/v2\/categories?post=179252"}],"curies":[{"name":"wp","href":"https:\/\/api.w.org\/{rel}","templated":true}]}}